{"id":1753,"date":"2017-03-24T08:13:35","date_gmt":"2017-03-24T08:13:35","guid":{"rendered":"https:\/\/blogs.dlapiper.com\/regulatory-ita\/?p=1753"},"modified":"2019-10-25T10:45:02","modified_gmt":"2019-10-25T10:45:02","slug":"la-legge-lombarda-sul-recupero-di-vani-seminterrati","status":"publish","type":"post","link":"https:\/\/blogs.dlapiper.com\/regulatory-ita\/2017\/03\/24\/la-legge-lombarda-sul-recupero-di-vani-seminterrati\/","title":{"rendered":"La legge lombarda sul recupero di vani seminterrati"},"content":{"rendered":"<p>In Lombardia sar\u00e0 possibile recuperare vani e locali seminterrati ad uso residenziale, terziario o commerciale.<\/p>\n<p>\u00c8 quanto prevede la legge regionale n. 7\/2017 che si innesta sul solco della politica lombarda di contenimento di consumo di suolo, avviata con la LR 31\/2014 (Disposizioni per la riduzione del consumo di suolo e per la riqualificazione del suolo degradato).<\/p>\n<p>I vani seminterrati che potranno essere oggetto di recupero sono, secondo la legge in commento, quelli che si trovano a una quota inferiore, anche solo in parte, a quella del terreno e il cui soffitto si trova, anche solo in parte, a una quota superiore rispetto al terreno posto in aderenza all&#8217;edificio.<\/p>\n<p><strong>Condizioni: <\/strong>Per poter recuperare vani e locali seminterrati, \u00e8 richiesto il rispetto delle seguenti condizioni:<\/p>\n<ol>\n<li>I vani seminterrati devono essere legittimamente autorizzati alla data di entrata in vigore della legge;<\/li>\n<li>Gli edifici in cui questi sono collocati devono essere serviti dalle opere di urbanizzazione primaria;<\/li>\n<li>Le opere di recupero dei vani in questione devono rispettare la normativa igienico-sanitaria (a tal proposito, la LR 7\/2017 precisa uno dei requisiti igienico-sanitari da rispettare, indicando che l&#8217;altezza interna dei locali destinati alla permanenza di persone non pu\u00f2 essere inferiore a 2,40 m).<\/li>\n<\/ol>\n<p><strong>Titoli edilizi. <\/strong>Il recupero dei vani e locali seminterrati pu\u00f2 avvenire senza opere o con interventi edilizi, fermo restando che in questo caso occorrer\u00e0 premunirsi del necessario titolo abilitativo edilizio. Nel caso di recupero senza opere, invece, baster\u00e0 inviare una preventiva comunicazione al Comune<\/p>\n<p>Se gli interventi di recupero comportano l&#8217;incremento del carico urbanistico esistente, poi, sar\u00e0 necessario dimostrare la disponibilit\u00e0 di aree per servizi e attrezzature pubblici secondo le disposizioni comunali, o in caso di impossibilit\u00e0 di tale reperimento, sar\u00e0 consentita la monetizzazione.<\/p>\n<p><strong>Vincolo di destinazione. <\/strong>Una volta avvenuto l&#8217;intervento di recupero dei vani seminterrati, i volumi edilizi cos\u00ec recuperati non potranno essere oggetto di successivo mutamento di destinazione d&#8217;uso per dieci anni successivi al conseguimento dell&#8217;agibilit\u00e0.<\/p>\n<p><strong>Disposizioni particolari per le strutture ricettive. <\/strong>La LR 7\/2017 poi prevede disposizioni speciali per le strutture ricettive &#8211; alberghiere, stabilendo che ai fini del calcolo della SLP non sono computati i locali tecnici, i vani ascensori, i vani scala, i corridoi ai piani delle camere, i portici e le logge. Resta per\u00f2 in capo ai comuni l&#8217;obbligo di adeguare i propri PGT a tali disposizioni entro centoventi giorni dall&#8217;entrata in vigore della legge.<\/p>\n<p><strong>Esclusione di aree comunali. <\/strong> \u00c8 facolt\u00e0 dei Comuni disporre l&#8217;esclusione di parti del territorio dall&#8217;applicazione della legge sul recupero dei locali seminterrati. Per far ci\u00f2, per\u00f2, \u00e8 necessaria una delibera di Consiglio comunale da adottarsi entro il termine perentorio di centoventi giorni dall&#8217;entrata in vigore della legge.<\/p>\n<p>Non sar\u00e0 in ogni caso possibile procedere con il recupero dei vani seminterrati che insistono in parti di territorio per cui sussistono limitazioni derivanti da situazioni di contaminazione ovvero da operazioni di bonifiche in corso o gi\u00e0 effettuate o in presenza di fenomeni idrogeologici che possono determinare situazioni di rischio nell&#8217;utilizzo di spazi seminterrati.<\/p>\n<p>&nbsp;<\/p>\n","protected":false},"excerpt":{"rendered":"<p>In Lombardia sar\u00e0 possibile recuperare vani e locali seminterrati ad uso residenziale, terziario o commerciale. \u00c8 quanto prevede la legge regionale n. 7\/2017 che si innesta sul solco della politica lombarda di contenimento di consumo di suolo, avviata con la LR 31\/2014 (Disposizioni per la riduzione del consumo di suolo e per la riqualificazione del [&hellip;]<\/p>\n","protected":false},"author":138,"featured_media":0,"comment_status":"closed","ping_status":"open","sticky":false,"template":"","format":"standard","meta":{"_s2mail":"yes","site-sidebar-layout":"default","site-content-layout":"default","ast-site-content-layout":"default","site-content-style":"default","site-sidebar-style":"default","ast-global-header-display":"","ast-banner-title-visibility":"","ast-main-header-display":"","ast-hfb-above-header-display":"","ast-hfb-below-header-display":"","ast-hfb-mobile-header-display":"","site-post-title":"","ast-breadcrumbs-content":"","ast-featured-img":"","footer-sml-layout":"","theme-transparent-header-meta":"default","adv-header-id-meta":"","stick-header-meta":"","header-above-stick-meta":"","header-main-stick-meta":"","header-below-stick-meta":"","astra-migrate-meta-layouts":"default","ast-page-background-enabled":"default","ast-page-background-meta":{"desktop":{"background-color":"","background-image":"","background-repeat":"repeat","background-position":"center center","background-size":"auto","background-attachment":"scroll","background-type":"","background-media":"","overlay-type":"","overlay-color":"","overlay-opacity":"","overlay-gradient":""},"tablet":{"background-color":"","background-image":"","background-repeat":"repeat","background-position":"center center","background-size":"auto","background-attachment":"scroll","background-type":"","background-media":"","overlay-type":"","overlay-color":"","overlay-opacity":"","overlay-gradient":""},"mobile":{"background-color":"","background-image":"","background-repeat":"repeat","background-position":"center center","background-size":"auto","background-attachment":"scroll","background-type":"","background-media":"","overlay-type":"","overlay-color":"","overlay-opacity":"","overlay-gradient":""}},"ast-content-background-meta":{"desktop":{"background-color":"var(--ast-global-color-5)","background-image":"","background-repeat":"repeat","background-position":"center center","background-size":"auto","background-attachment":"scroll","background-type":"","background-media":"","overlay-type":"","overlay-color":"","overlay-opacity":"","overlay-gradient":""},"tablet":{"background-color":"var(--ast-global-color-5)","background-image":"","background-repeat":"repeat","background-position":"center center","background-size":"auto","background-attachment":"scroll","background-type":"","background-media":"","overlay-type":"","overlay-color":"","overlay-opacity":"","overlay-gradient":""},"mobile":{"background-color":"var(--ast-global-color-5)","background-image":"","background-repeat":"repeat","background-position":"center center","background-size":"auto","background-attachment":"scroll","background-type":"","background-media":"","overlay-type":"","overlay-color":"","overlay-opacity":"","overlay-gradient":""}},"footnotes":""},"categories":[1,37],"tags":[115,341,340,362,361],"class_list":["post-1753","post","type-post","status-publish","format-standard","hentry","category-ded","category-diritto-urbanistico","tag-lombardia","tag-lr-122005","tag-lr-312014","tag-lr-72017","tag-recupero-dei-seminterrati"],"_links":{"self":[{"href":"https:\/\/blogs.dlapiper.com\/regulatory-ita\/wp-json\/wp\/v2\/posts\/1753","targetHints":{"allow":["GET"]}}],"collection":[{"href":"https:\/\/blogs.dlapiper.com\/regulatory-ita\/wp-json\/wp\/v2\/posts"}],"about":[{"href":"https:\/\/blogs.dlapiper.com\/regulatory-ita\/wp-json\/wp\/v2\/types\/post"}],"author":[{"embeddable":true,"href":"https:\/\/blogs.dlapiper.com\/regulatory-ita\/wp-json\/wp\/v2\/users\/138"}],"replies":[{"embeddable":true,"href":"https:\/\/blogs.dlapiper.com\/regulatory-ita\/wp-json\/wp\/v2\/comments?post=1753"}],"version-history":[{"count":0,"href":"https:\/\/blogs.dlapiper.com\/regulatory-ita\/wp-json\/wp\/v2\/posts\/1753\/revisions"}],"wp:attachment":[{"href":"https:\/\/blogs.dlapiper.com\/regulatory-ita\/wp-json\/wp\/v2\/media?parent=1753"}],"wp:term":[{"taxonomy":"category","embeddable":true,"href":"https:\/\/blogs.dlapiper.com\/regulatory-ita\/wp-json\/wp\/v2\/categories?post=1753"},{"taxonomy":"post_tag","embeddable":true,"href":"https:\/\/blogs.dlapiper.com\/regulatory-ita\/wp-json\/wp\/v2\/tags?post=1753"}],"curies":[{"name":"wp","href":"https:\/\/api.w.org\/{rel}","templated":true}]}}