{"id":7351,"date":"2026-03-13T10:28:02","date_gmt":"2026-03-13T09:28:02","guid":{"rendered":"https:\/\/blogs.dlapiper.com\/advocatus\/?p=7351"},"modified":"2026-03-13T12:57:46","modified_gmt":"2026-03-13T11:57:46","slug":"atrendezodo-eroviszonyok-a-zold-energia-atmenetben-merre-tart-az-ma-piac-es-a-regio-befektetesi-terkepe","status":"publish","type":"post","link":"https:\/\/blogs.dlapiper.com\/advocatus\/2026\/03\/atrendezodo-eroviszonyok-a-zold-energia-atmenetben-merre-tart-az-ma-piac-es-a-regio-befektetesi-terkepe\/","title":{"rendered":"\u00c1trendez\u0151d\u0151 er\u0151viszonyok a z\u00f6ld energia \u00e1tmenetben: merre tart az M&amp;A\u2011piac \u00e9s a r\u00e9gi\u00f3 befektet\u00e9si t\u00e9rk\u00e9pe?"},"content":{"rendered":"\t\t<div data-elementor-type=\"wp-post\" data-elementor-id=\"7351\" class=\"elementor elementor-7351\" data-elementor-post-type=\"post\">\n\t\t\t\t\t\t<section class=\"elementor-section elementor-top-section elementor-element elementor-element-895cbcb elementor-section-boxed elementor-section-height-default elementor-section-height-default\" data-id=\"895cbcb\" data-element_type=\"section\">\n\t\t\t\t\t\t<div class=\"elementor-container elementor-column-gap-default\">\n\t\t\t\t\t<div class=\"elementor-column elementor-col-100 elementor-top-column elementor-element elementor-element-d738783\" data-id=\"d738783\" data-element_type=\"column\">\n\t\t\t<div class=\"elementor-widget-wrap elementor-element-populated\">\n\t\t\t\t\t\t<div class=\"elementor-element elementor-element-1666040 elementor-widget elementor-widget-spacer\" data-id=\"1666040\" data-element_type=\"widget\" data-widget_type=\"spacer.default\">\n\t\t\t\t<div class=\"elementor-widget-container\">\n\t\t\t\t\t\t\t<div class=\"elementor-spacer\">\n\t\t\t<div class=\"elementor-spacer-inner\"><\/div>\n\t\t<\/div>\n\t\t\t\t\t\t<\/div>\n\t\t\t\t<\/div>\n\t\t\t\t\t<\/div>\n\t\t<\/div>\n\t\t\t\t\t<\/div>\n\t\t<\/section>\n\t\t\t\t<section class=\"elementor-section elementor-top-section elementor-element elementor-element-a55e926 elementor-section-boxed elementor-section-height-default elementor-section-height-default\" data-id=\"a55e926\" data-element_type=\"section\">\n\t\t\t\t\t\t<div class=\"elementor-container elementor-column-gap-default\">\n\t\t\t\t\t<div class=\"elementor-column elementor-col-66 elementor-top-column elementor-element elementor-element-2446a34\" data-id=\"2446a34\" data-element_type=\"column\">\n\t\t\t<div class=\"elementor-widget-wrap elementor-element-populated\">\n\t\t\t\t\t\t<div class=\"elementor-element elementor-element-a4e1ee8 elementor-widget elementor-widget-text-editor\" data-id=\"a4e1ee8\" data-element_type=\"widget\" data-widget_type=\"text-editor.default\">\n\t\t\t\t<div class=\"elementor-widget-container\">\n\t\t\t\t\t\t\t\t\t<h5><strong>A z\u00f6ld energia \u00e1tmenet k\u00f6r\u00fcli v\u00e1llalatfelv\u00e1s\u00e1rl\u00e1si \u00e9s befektet\u00e9si k\u00f6rnyezet 2025-ben l\u00e1tv\u00e1nyos \u00e1talakul\u00e1son ment kereszt\u00fcl, mik\u00f6zben a kelet\u2011k\u00f6z\u00e9p\u2011eur\u00f3pai energia \u00e1gazat saj\u00e1tos lehet\u0151s\u00e9gekkel \u00e9s kih\u00edv\u00e1sokkal szembes\u00fclt. A DLA Piper 2026-os energia \u00e1tmeneti M&amp;A jelent\u00e9se (Energy Transition M&amp;A Report 2026*) szerint a glob\u00e1lis tranzakci\u00f3s dinamika egyszerre mutatott visszaes\u00e9st \u00e9s er\u0151s\u00f6d\u00e9st: b\u00e1r a megk\u00f6t\u00f6tt \u00fcgyletek sz\u00e1ma mintegy 15 sz\u00e1zal\u00e9kkal cs\u00f6kkent, a teljes \u00fcgyleti \u00e9rt\u00e9k t\u00f6bb mint 20 sz\u00e1zal\u00e9kkal n\u0151tt, el\u00e9rve a 599 milli\u00e1rd doll\u00e1rt. A befektet\u0151k f\u00f3kusza egy\u00e9rtelm\u0171en a nagyobb, strat\u00e9giai jelent\u0151s\u00e9g\u0171, magas min\u0151s\u00e9g\u0171 eszk\u00f6z\u00f6k fel\u00e9 tol\u00f3dott el, amelyek hossz\u00fa t\u00e1v\u00fa stabilit\u00e1st \u00e9s kisz\u00e1m\u00edthat\u00f3s\u00e1got k\u00edn\u00e1lnak a makrogazdas\u00e1gi volatilit\u00e1s k\u00f6zepette.<\/strong><\/h5>\t\t\t\t\t\t\t\t<\/div>\n\t\t\t\t<\/div>\n\t\t\t\t\t<\/div>\n\t\t<\/div>\n\t\t\t\t<div class=\"elementor-column elementor-col-33 elementor-top-column elementor-element elementor-element-9f601ea\" data-id=\"9f601ea\" data-element_type=\"column\">\n\t\t\t<div class=\"elementor-widget-wrap elementor-element-populated\">\n\t\t\t\t\t\t<div class=\"elementor-element elementor-element-b9780cd elementor-cta--layout-image-above elementor-cta--skin-classic elementor-animated-content elementor-bg-transform elementor-bg-transform-zoom-in elementor-widget elementor-widget-call-to-action\" data-id=\"b9780cd\" data-element_type=\"widget\" data-widget_type=\"call-to-action.default\">\n\t\t\t\t<div class=\"elementor-widget-container\">\n\t\t\t\t\t\t\t<a class=\"elementor-cta\" href=\"https:\/\/blogs.dlapiper.com\/advocatus\/files\/2026\/03\/dla-piper-energy-transition-ma-report-2026.pdf\" target=\"_blank\">\n\t\t\t\t\t<div class=\"elementor-cta__bg-wrapper\">\n\t\t\t\t<div class=\"elementor-cta__bg elementor-bg\" style=\"background-image: url(https:\/\/blogs.dlapiper.com\/advocatus\/files\/2022\/01\/Afd-FB-4-1024x538.jpg);\" role=\"img\" aria-label=\"contact\"><\/div>\n\t\t\t\t<div class=\"elementor-cta__bg-overlay\"><\/div>\n\t\t\t<\/div>\n\t\t\t\t\t\t\t<div class=\"elementor-cta__content\">\n\t\t\t\t\n\t\t\t\t\t\t\t\t\t<h4 class=\"elementor-cta__title elementor-cta__content-item elementor-content-item\">\n\t\t\t\t\t\tEnergy Transition M&amp;A Report 2026\t\t\t\t\t<\/h4>\n\t\t\t\t\n\t\t\t\t\t\t\t\t\t<div class=\"elementor-cta__description elementor-cta__content-item elementor-content-item\">\n\t\t\t\t\t\tA r\u00e9szletek megismer\u00e9s\u00e9hez t\u00f6ltse le a riportot!\t\t\t\t\t<\/div>\n\t\t\t\t\n\t\t\t\t\t\t\t\t\t<div class=\"elementor-cta__button-wrapper elementor-cta__content-item elementor-content-item \">\n\t\t\t\t\t<span class=\"elementor-cta__button elementor-button elementor-size-\">\n\t\t\t\t\t\tLet\u00f6lt\u00e9s &gt;&gt;\t\t\t\t\t<\/span>\n\t\t\t\t\t<\/div>\n\t\t\t\t\t\t\t<\/div>\n\t\t\t\t\t\t<\/a>\n\t\t\t\t\t\t<\/div>\n\t\t\t\t<\/div>\n\t\t\t\t\t<\/div>\n\t\t<\/div>\n\t\t\t\t\t<\/div>\n\t\t<\/section>\n\t\t\t\t<section class=\"elementor-section elementor-top-section elementor-element elementor-element-d0d64b8 elementor-section-boxed elementor-section-height-default elementor-section-height-default\" data-id=\"d0d64b8\" data-element_type=\"section\">\n\t\t\t\t\t\t<div class=\"elementor-container elementor-column-gap-default\">\n\t\t\t\t\t<div class=\"elementor-column elementor-col-100 elementor-top-column elementor-element elementor-element-8b4b83e\" data-id=\"8b4b83e\" data-element_type=\"column\">\n\t\t\t<div class=\"elementor-widget-wrap elementor-element-populated\">\n\t\t\t\t\t\t<div class=\"elementor-element elementor-element-9f240fb elementor-widget elementor-widget-text-editor\" data-id=\"9f240fb\" data-element_type=\"widget\" data-widget_type=\"text-editor.default\">\n\t\t\t\t<div class=\"elementor-widget-container\">\n\t\t\t\t\t\t\t\t\t<p>A jelent\u00e9s kiemeli, hogy 2025-ben a cross-border tranzakci\u00f3k \u00e9rt\u00e9ke is sz\u00e1mottev\u0151en b\u0151v\u00fclt, k\u00fcl\u00f6n\u00f6sen azokon a piacokon, amelyek a befektet\u0151k sz\u00e1m\u00e1ra ell\u00e1t\u00e1sbiztons\u00e1got, kritikus technol\u00f3gi\u00e1khoz val\u00f3 hozz\u00e1f\u00e9r\u00e9st \u00e9s \u00e1tl\u00e1that\u00f3 szab\u00e1lyoz\u00e1st biztos\u00edtanak. Ezzel p\u00e1rhuzamosan a belf\u00f6ldi M&amp;A-tev\u00e9kenys\u00e9g glob\u00e1lisan t\u00f6bb mint \u00f6t\u00f6d\u00e9vel visszaesett, ami tov\u00e1bb er\u0151s\u00edti a nemzetk\u00f6zi t\u0151kebefektet\u00e9sek el\u0151ret\u00f6r\u00e9s\u00e9t a kulcsfontoss\u00e1g\u00fa energetikai infrastrukt\u00far\u00e1kban.<\/p><p>Az energia\u00e1tmeneti \u00e9rt\u00e9kl\u00e1nc eg\u00e9sz\u00e9ben 38 sz\u00e1zal\u00e9kos \u00e9rt\u00e9kn\u00f6veked\u00e9s ment v\u00e9gbe 2025-ben, ami jelzi, hogy a befektet\u0151k egyre ink\u00e1bb a rendszerstabilit\u00e1st \u00e9s a hossz\u00fa t\u00e1v\u00fa dekarboniz\u00e1ci\u00f3t szolg\u00e1l\u00f3 ter\u00fcletekre koncentr\u00e1lnak. A meg\u00fajul\u00f3energia\u2011tranzakci\u00f3k volumene ezzel szemben cs\u00f6kkent, \u00e9s az e\u2011mobilit\u00e1si szegmenshez kapcsol\u00f3d\u00f3 \u00fcgyletek \u00e9rt\u00e9ke k\u00f6zel 40 sz\u00e1zal\u00e9kkal esett vissza. A legsikeresebb al\u00e1gazat egy\u00e9rtelm\u0171en a villamos energia t\u00e1rol\u00e1s lett: a tranzakci\u00f3sz\u00e1m 17 sz\u00e1zal\u00e9kkal n\u0151tt, \u00e9s a megk\u00e9rdezettek 90 sz\u00e1zal\u00e9ka az energiat\u00e1rol\u00e1si technol\u00f3gi\u00e1kat jel\u00f6lte meg els\u0151 sz\u00e1m\u00fa befektet\u00e9si priorit\u00e1sk\u00e9nt. Az energiat\u00e1rol\u00e1s ezzel az eddigi t\u00e1mogat\u00f3 szerepb\u0151l a villamosenergia\u2011ipar egyik befektet\u00e9si f\u00f3kusz\u00e1v\u00e1 v\u00e1lt.<\/p><p>Ezek a glob\u00e1lis trendek \u00e9rdemben \u00e9rintik a kelet\u2011k\u00f6z\u00e9p\u2011eur\u00f3pai r\u00e9gi\u00f3 befektet\u00e9si \u00e9s ipar\u00e1gi kil\u00e1t\u00e1sait is. A r\u00e9gi\u00f3 energiapiaca a k\u00f6zelm\u00faltban egyfel\u0151l jelent\u0151s moderniz\u00e1ci\u00f3s k\u00e9nyszerrel, m\u00e1sfel\u0151l kiemelked\u0151 n\u00f6veked\u00e9si potenci\u00e1llal szembes\u00fclt. A r\u00e9gi\u00f3s orsz\u00e1goknak a k\u00f6vetkez\u0151 \u00e9vekben egyszerre kell reag\u00e1lniuk az infrastrukt\u00fara\u2011fejleszt\u00e9si ig\u00e9nyekre, a meg\u00fajul\u00f3energia\u2011kapacit\u00e1sok b\u0151v\u00edt\u00e9s\u00e9re, az ell\u00e1t\u00e1sbiztons\u00e1g er\u0151s\u00edt\u00e9s\u00e9re, valamint a h\u00e1l\u00f3zati rugalmass\u00e1g \u00e9s energiat\u00e1rol\u00e1si k\u00e9pess\u00e9gek n\u00f6vel\u00e9s\u00e9re. Ezek a kih\u00edv\u00e1sok ugyanakkor jelent\u0151s befektet\u00e9si lehet\u0151s\u00e9geket is teremtenek azon szerepl\u0151k sz\u00e1m\u00e1ra, akik id\u0151ben \u00e9s megfelel\u0151 strat\u00e9giai szeml\u00e9lettel kapcsol\u00f3dnak be a piac mozg\u00e1saiba.<\/p><p>A CEE t\u00e9rs\u00e9gben k\u00fcl\u00f6n\u00f6sen nagy hangs\u00falyt kap a k\u00f6zc\u00e9l\u00fa h\u00e1l\u00f3zati infrastrukt\u00fara fejleszt\u00e9se, hiszen a villamosenergia\u2011rendszer el\u00f6reged\u0151 eszk\u00f6z\u00e1llom\u00e1nya \u00e9s a h\u00e1l\u00f3zati kapacit\u00e1s korl\u00e1tok komoly akad\u00e1lyt jelentenek a meg\u00fajul\u00f3\u2011beruh\u00e1z\u00e1sok tov\u00e1bbi integr\u00e1ci\u00f3ja el\u0151tt. A glob\u00e1lis M&amp;A\u2011jelent\u00e9sben bemutatott trendek \u2013 a nagyobb l\u00e9pt\u00e9k\u0171, hossz\u00fa t\u00e1v\u00fa befektet\u00e9sek el\u0151t\u00e9rbe ker\u00fcl\u00e9se \u2013 itt is relev\u00e1nsak: a CEE r\u00e9gi\u00f3 orsz\u00e1gai egyre ink\u00e1bb olyan befektet\u0151ket keresnek, akik nem r\u00f6vid t\u00e1v\u00fa p\u00e9nz\u00fcgyi eredm\u00e9nyeket, hanem rendszerben val\u00f3 gondolkod\u00e1st \u00e9s m\u00e9lyebb elk\u00f6telez\u0151d\u00e9st hoznak.<\/p><p>Az energiat\u00e1rol\u00e1s \u2013 mint glob\u00e1lisan is legdinamikusabban n\u00f6vekv\u0151 szegmens \u2013 a r\u00e9gi\u00f3nkban is kulcster\u00fclett\u00e9 v\u00e1lt. A villamosenergia-rendszer rugalmass\u00e1g\u00e1nak n\u00f6vel\u00e9se, a meg\u00fajul\u00f3k kiegyens\u00falyoz\u00e1sa, valamint a fogyaszt\u00f3i \u00e9s ipari ig\u00e9nyek v\u00e1ltoz\u00e1sa olyan \u00faj piacokat nyit meg, amelyekre jelent\u0151s nemzetk\u00f6zi t\u0151kebefektet\u00e9sek \u00e9rkezhetnek. Az energiat\u00e1rol\u00e1si \u00e9s ko-lok\u00e1ci\u00f3s projektek jelenleg k\u00fcl\u00f6n\u00f6sen vonz\u00f3ak a befektet\u0151k sz\u00e1m\u00e1ra, mivel hossz\u00fa t\u00e1v\u00fa, kisz\u00e1m\u00edthat\u00f3 hozamot k\u00edn\u00e1lnak, mik\u00f6zben megfelelnek a fenntarthat\u00f3s\u00e1gi elv\u00e1r\u00e1soknak \u00e9s az eur\u00f3pai uni\u00f3s szab\u00e1lyoz\u00e1si kereteknek. <\/p>\t\t\t\t\t\t\t\t<\/div>\n\t\t\t\t<\/div>\n\t\t\t\t\t<\/div>\n\t\t<\/div>\n\t\t\t\t\t<\/div>\n\t\t<\/section>\n\t\t\t\t<section class=\"elementor-section elementor-top-section elementor-element elementor-element-adb4dc9 elementor-section-boxed elementor-section-height-default elementor-section-height-default\" data-id=\"adb4dc9\" data-element_type=\"section\">\n\t\t\t\t\t\t<div class=\"elementor-container elementor-column-gap-default\">\n\t\t\t\t\t<div class=\"elementor-column elementor-col-100 elementor-top-column elementor-element elementor-element-afa3cd9\" data-id=\"afa3cd9\" data-element_type=\"column\">\n\t\t\t<div class=\"elementor-widget-wrap elementor-element-populated\">\n\t\t\t\t\t\t<div class=\"elementor-element elementor-element-f72914c elementor-widget elementor-widget-text-editor\" data-id=\"f72914c\" data-element_type=\"widget\" data-widget_type=\"text-editor.default\">\n\t\t\t\t<div class=\"elementor-widget-container\">\n\t\t\t\t\t\t\t\t\t<p>\u00d6sszess\u00e9g\u00e9ben a 2026-os \u00e9vre vonatkoz\u00f3 kil\u00e1t\u00e1sok egyszerre t\u00fckr\u00f6zik a glob\u00e1lis energia\u00e1tmenet struktur\u00e1lis \u00e1talakul\u00e1s\u00e1t \u00e9s a kelet\u2011k\u00f6z\u00e9p\u2011eur\u00f3pai t\u00e9rs\u00e9g el\u0151tt \u00e1ll\u00f3 kih\u00edv\u00e1sokat. A befektet\u0151k egyre ink\u00e1bb a min\u0151s\u00e9g, a strat\u00e9giai illeszked\u00e9s \u00e9s a rendszerstabilit\u00e1s szempontjai szerint hoznak d\u00f6nt\u00e9seket, mik\u00f6zben a r\u00e9gi\u00f3 energetikai infrastrukt\u00far\u00e1ja, h\u00e1l\u00f3zatfejleszt\u00e9sei \u00e9s energiat\u00e1rol\u00e1si projektjei egyre hangs\u00falyosabb szerepet kapnak a nemzetk\u00f6zi befektet\u00e9sek piac\u00e1n. A k\u00f6vetkez\u0151 \u00e9vek meghat\u00e1roz\u00f3 k\u00e9rd\u00e9se az lesz, hogy a r\u00e9gi\u00f3s orsz\u00e1gok mennyire tudj\u00e1k alak\u00edtani a saj\u00e1t energiapolitik\u00e1jukat, szab\u00e1lyoz\u00e1si k\u00f6rnyezet\u00fcket \u00e9s beruh\u00e1z\u00e1si strat\u00e9gi\u00e1ikat annak \u00e9rdek\u00e9ben, hogy a glob\u00e1lis M&amp;A-trendekb\u0151l a lehet\u0151 legt\u00f6bbet profit\u00e1ljanak.<\/p>\t\t\t\t\t\t\t\t<\/div>\n\t\t\t\t<\/div>\n\t\t\t\t\t<\/div>\n\t\t<\/div>\n\t\t\t\t\t<\/div>\n\t\t<\/section>\n\t\t\t\t<section class=\"elementor-section elementor-top-section elementor-element elementor-element-cc5f41b elementor-section-boxed elementor-section-height-default elementor-section-height-default\" data-id=\"cc5f41b\" data-element_type=\"section\">\n\t\t\t\t\t\t<div class=\"elementor-container elementor-column-gap-default\">\n\t\t\t\t\t<div class=\"elementor-column elementor-col-100 elementor-top-column elementor-element elementor-element-e011d2e\" data-id=\"e011d2e\" data-element_type=\"column\">\n\t\t\t<div class=\"elementor-widget-wrap elementor-element-populated\">\n\t\t\t\t\t\t<div class=\"elementor-element elementor-element-13aa8db elementor-widget elementor-widget-text-editor\" data-id=\"13aa8db\" data-element_type=\"widget\" data-widget_type=\"text-editor.default\">\n\t\t\t\t<div class=\"elementor-widget-container\">\n\t\t\t\t\t\t\t\t\t<h6><em>* A DLA Piper Energy Transition M&amp;A Report 2026 r\u00e9szletes elemz\u00e9st ad arr\u00f3l, hogy a t\u0151ke hogyan \u00e1ramlik az energia\u00e1tmenet teljes \u00e9rt\u00e9kl\u00e1nc\u00e1n kereszt\u00fcl \u2013 \u00e9s mindez mit jelent a piaci szerepl\u0151k sz\u00e1m\u00e1ra. A t\u00f6bb mint 4 400 tranzakci\u00f3 elemz\u00e9s\u00e9re, valamint a DLA Piper energia- \u00e9s infrastrukt\u00fara jogi szak\u00e9rt\u0151inek glob\u00e1lis tapasztalataira \u00e9p\u00edtve a jelent\u00e9s \u00e1tfog\u00f3 k\u00e9pet ad az \u00fczleti aktivit\u00e1sr\u00f3l a meg\u00fajul\u00f3 energia, az energiai infrastrukt\u00fara, a kritikus \u00e1sv\u00e1nyi anyagok, az energiat\u00e1rol\u00e1s \u00e9s az e<\/em><em>\u2011<\/em><em>mobilit<\/em><em>\u00e1<\/em><em>s ter<\/em><em>\u00fc<\/em><em>let\u00e9n. <br \/><br \/>A teljes riport <\/em><a href=\"https:\/\/www.dlapiper.com\/en\/insights\/publications\/2026\/02\/energy-transition-m-a-outlook-2026\"><em>ITT<\/em><\/a><em> el\u00e9rhet\u0151.<\/em><\/h6>\t\t\t\t\t\t\t\t<\/div>\n\t\t\t\t<\/div>\n\t\t\t\t\t<\/div>\n\t\t<\/div>\n\t\t\t\t\t<\/div>\n\t\t<\/section>\n\t\t\t\t<section class=\"elementor-section elementor-top-section elementor-element elementor-element-c301cf7 elementor-section-boxed elementor-section-height-default elementor-section-height-default\" data-id=\"c301cf7\" data-element_type=\"section\">\n\t\t\t\t\t\t<div class=\"elementor-container elementor-column-gap-default\">\n\t\t\t\t\t<div class=\"elementor-column elementor-col-50 elementor-top-column elementor-element elementor-element-a7f1590\" data-id=\"a7f1590\" data-element_type=\"column\">\n\t\t\t<div class=\"elementor-widget-wrap elementor-element-populated\">\n\t\t\t\t\t\t<div class=\"elementor-element elementor-element-4e2d205 elementor-flip-box--direction-left elementor-flip-box--effect-flip elementor-widget elementor-widget-global elementor-global-2885 elementor-widget-flip-box\" data-id=\"4e2d205\" data-element_type=\"widget\" data-widget_type=\"flip-box.default\">\n\t\t\t\t<div class=\"elementor-widget-container\">\n\t\t\t\t\t\t\t<div class=\"elementor-flip-box\" tabindex=\"0\">\n\t\t\t<div class=\"elementor-flip-box__layer elementor-flip-box__front\">\n\t\t\t\t<div class=\"elementor-flip-box__layer__overlay\">\n\t\t\t\t\t<div class=\"elementor-flip-box__layer__inner\">\n\t\t\t\t\t\t\t\t\t\t\t\t\t<div class=\"elementor-flip-box__image\">\n\t\t\t\t\t\t\t\t<img decoding=\"async\" src=\"https:\/\/blogs.dlapiper.com\/advocatus\/files\/elementor\/thumbs\/SimonG_2-r3173lau4xsgmjngo3shxqb6f36fs24b5wpku4xw8g.png\" title=\"Simon G\u00e1bor\" alt=\"Simon G\u00e1bor\" loading=\"lazy\" \/>\t\t\t\t\t\t\t<\/div>\n\t\t\t\t\t\t\n\t\t\t\t\t\t\t\t\t\t\t\t\t<h3 class=\"elementor-flip-box__layer__title\">\n\t\t\t\t\t\t\t\tSimon G\u00e1bor\t\t\t\t\t\t\t<\/h3>\n\t\t\t\t\t\t\n\t\t\t\t\t\t\t\t\t\t\t\t\t<div class=\"elementor-flip-box__layer__description\">\n\t\t\t\t\t\t\t\tPartner, <p>Energia \u00e9s Beszerz\u00e9sek szakter\u00fclet csoportvezet\u0151\t\t\t\t\t\t\t<\/div>\n\t\t\t\t\t\t\t\t\t\t\t<\/div>\n\t\t\t\t<\/div>\n\t\t\t<\/div>\n\t\t\t<div class=\"elementor-flip-box__layer elementor-flip-box__back\">\n\t\t\t<div class=\"elementor-flip-box__layer__overlay\">\n\t\t\t\t<div class=\"elementor-flip-box__layer__inner\">\n\t\t\t\t\t\t\t\t\t\t\t<h3 class=\"elementor-flip-box__layer__title\">\n\t\t\t\t\t\t\tSimon G\u00e1bor\t\t\t\t\t\t<\/h3>\n\t\t\t\t\t\n\t\t\t\t\t\t\t\t\t\t\t<div class=\"elementor-flip-box__layer__description\">\n\t\t\t\t\t\t\tG\u00e1bor a DLA Piper Hungary energiajogi \u00e9s a beszerz\u00e9si szakter\u00fcletek vezet\u0151je. Jelent\u0151s tapasztalatokat szerzett az energiaipar szab\u00e1lyoz\u00e1si k\u00e9rd\u00e9seiben \u00e9s kereskedelmi gyakorlat\u00e1ban, rendszeresen ad jogi tan\u00e1csot t\u00f6bbek k\u00f6z\u00f6tt energiakeresked\u0151knek, er\u0151m\u0171vi t\u00e1rsas\u00e1goknak, energetikai berendez\u00e9s gy\u00e1rt\u00f3knak, \u00e9s rendszer\u00fczemeltet\u0151knek.\n\t\t\t\t\t\t<\/div>\n\t\t\t\t\t\n\t\t\t\t\t\t\t\t\t\t\t<a class=\"elementor-flip-box__button elementor-button elementor-size-xs\" href=\"mailto:gabor.simon@dlapiper.com\">\n\t\t\t\t\t\t\tE-mailt k\u00fcld\u00f6k\t\t\t\t\t\t<\/a>\n\t\t\t\t\t\t\t\t<\/div>\n\t\t<\/div>\n\t\t<\/div>\n\t\t<\/div>\n\t\t\t\t\t\t<\/div>\n\t\t\t\t<\/div>\n\t\t\t\t\t<\/div>\n\t\t<\/div>\n\t\t\t\t<div class=\"elementor-column elementor-col-50 elementor-top-column elementor-element elementor-element-b37ca14\" data-id=\"b37ca14\" data-element_type=\"column\">\n\t\t\t<div class=\"elementor-widget-wrap\">\n\t\t\t\t\t\t\t<\/div>\n\t\t<\/div>\n\t\t\t\t\t<\/div>\n\t\t<\/section>\n\t\t\t\t<section class=\"elementor-section elementor-top-section elementor-element elementor-element-91f0f83 elementor-section-boxed elementor-section-height-default elementor-section-height-default\" data-id=\"91f0f83\" data-element_type=\"section\">\n\t\t\t\t\t\t<div class=\"elementor-container elementor-column-gap-default\">\n\t\t\t\t\t<div class=\"elementor-column elementor-col-100 elementor-top-column elementor-element elementor-element-6c90dcd\" data-id=\"6c90dcd\" data-element_type=\"column\">\n\t\t\t<div class=\"elementor-widget-wrap elementor-element-populated\">\n\t\t\t\t\t\t<div class=\"elementor-element elementor-element-f598154 elementor-widget elementor-widget-spacer\" data-id=\"f598154\" data-element_type=\"widget\" data-widget_type=\"spacer.default\">\n\t\t\t\t<div class=\"elementor-widget-container\">\n\t\t\t\t\t\t\t<div class=\"elementor-spacer\">\n\t\t\t<div class=\"elementor-spacer-inner\"><\/div>\n\t\t<\/div>\n\t\t\t\t\t\t<\/div>\n\t\t\t\t<\/div>\n\t\t\t\t\t<\/div>\n\t\t<\/div>\n\t\t\t\t\t<\/div>\n\t\t<\/section>\n\t\t\t\t<section class=\"elementor-section elementor-top-section elementor-element elementor-element-2e9a6ce0 elementor-section-boxed elementor-section-height-default elementor-section-height-default\" data-id=\"2e9a6ce0\" data-element_type=\"section\">\n\t\t\t\t\t\t<div class=\"elementor-container elementor-column-gap-default\">\n\t\t\t\t\t<div class=\"elementor-column elementor-col-50 elementor-top-column elementor-element elementor-element-12da645c\" data-id=\"12da645c\" data-element_type=\"column\">\n\t\t\t<div class=\"elementor-widget-wrap elementor-element-populated\">\n\t\t\t\t\t\t<div class=\"elementor-element elementor-element-4b959419 elementor-cta--valign-middle elementor-cta--skin-cover elementor-animated-content elementor-widget elementor-widget-call-to-action\" data-id=\"4b959419\" data-element_type=\"widget\" data-widget_type=\"call-to-action.default\">\n\t\t\t\t<div class=\"elementor-widget-container\">\n\t\t\t\t\t\t\t<div class=\"elementor-cta\">\n\t\t\t\t\t<div class=\"elementor-cta__bg-wrapper\">\n\t\t\t\t<div class=\"elementor-cta__bg elementor-bg\" style=\"background-image: url(https:\/\/blogs.dlapiper.com\/advocatus\/files\/2025\/08\/advstringdla-1024x576.png);\" role=\"img\" aria-label=\"advstringdla\"><\/div>\n\t\t\t\t<div class=\"elementor-cta__bg-overlay\"><\/div>\n\t\t\t<\/div>\n\t\t\t\t\t\t\t<div class=\"elementor-cta__content\">\n\t\t\t\t\t\t\t\t\t<div class=\"elementor-content-item elementor-cta__content-item elementor-icon-wrapper elementor-cta__icon elementor-view-default elementor-animated-item--grow\">\n\t\t\t\t\t\t<div class=\"elementor-icon\">\n\t\t\t\t\t\t\t<i aria-hidden=\"true\" class=\"fas fa-bell\"><\/i>\t\t\t\t\t\t<\/div>\n\t\t\t\t\t<\/div>\n\t\t\t\t\n\t\t\t\t\n\t\t\t\t\t\t\t\t\t<div class=\"elementor-cta__description elementor-cta__content-item elementor-content-item elementor-animated-item--grow\">\n\t\t\t\t\t\t<b>K\u00e9rd\u00e9se van? Keressen minket bizalommal!<\/b>\t\t\t\t\t<\/div>\n\t\t\t\t\n\t\t\t\t\t\t\t\t\t<div class=\"elementor-cta__button-wrapper elementor-cta__content-item elementor-content-item elementor-animated-item--grow\">\n\t\t\t\t\t<a class=\"elementor-cta__button elementor-button elementor-size-xs\" href=\"mailto:hungary@dlapiper.com\" target=\"_blank\">\n\t\t\t\t\t\tKapcsolatfelv\u00e9tel\t\t\t\t\t<\/a>\n\t\t\t\t\t<\/div>\n\t\t\t\t\t\t\t<\/div>\n\t\t\t\t\t\t<\/div>\n\t\t\t\t\t\t<\/div>\n\t\t\t\t<\/div>\n\t\t\t\t\t<\/div>\n\t\t<\/div>\n\t\t\t\t<div class=\"elementor-column elementor-col-50 elementor-top-column elementor-element elementor-element-25d3b001\" data-id=\"25d3b001\" data-element_type=\"column\">\n\t\t\t<div class=\"elementor-widget-wrap elementor-element-populated\">\n\t\t\t\t\t\t<div class=\"elementor-element elementor-element-13dc6483 elementor-cta--valign-middle elementor-cta--skin-cover elementor-animated-content elementor-widget elementor-widget-call-to-action\" data-id=\"13dc6483\" data-element_type=\"widget\" data-widget_type=\"call-to-action.default\">\n\t\t\t\t<div class=\"elementor-widget-container\">\n\t\t\t\t\t\t\t<div class=\"elementor-cta\">\n\t\t\t\t\t<div class=\"elementor-cta__bg-wrapper\">\n\t\t\t\t<div class=\"elementor-cta__bg elementor-bg\" style=\"background-image: url(https:\/\/blogs.dlapiper.com\/advocatus\/files\/2025\/08\/advstringdla-1024x576.png);\" role=\"img\" aria-label=\"advstringdla\"><\/div>\n\t\t\t\t<div class=\"elementor-cta__bg-overlay\"><\/div>\n\t\t\t<\/div>\n\t\t\t\t\t\t\t<div class=\"elementor-cta__content\">\n\t\t\t\t\t\t\t\t\t<div class=\"elementor-content-item elementor-cta__content-item elementor-icon-wrapper elementor-cta__icon elementor-view-default elementor-animated-item--grow\">\n\t\t\t\t\t\t<div class=\"elementor-icon\">\n\t\t\t\t\t\t\t<i aria-hidden=\"true\" class=\"fab fa-linkedin\"><\/i>\t\t\t\t\t\t<\/div>\n\t\t\t\t\t<\/div>\n\t\t\t\t\n\t\t\t\t\n\t\t\t\t\t\t\t\t\t<div class=\"elementor-cta__description elementor-cta__content-item elementor-content-item elementor-animated-item--grow\">\n\t\t\t\t\t\t<b>K\u00f6vesse LinkedIn oldalunkat!<\/b>\t\t\t\t\t<\/div>\n\t\t\t\t\n\t\t\t\t\t\t\t\t\t<div class=\"elementor-cta__button-wrapper elementor-cta__content-item elementor-content-item elementor-animated-item--grow\">\n\t\t\t\t\t<a class=\"elementor-cta__button elementor-button elementor-size-xs\" href=\"https:\/\/www.linkedin.com\/showcase\/dla-piper-hungary\/posts\/?feedView=all\" target=\"_blank\">\n\t\t\t\t\t\tDLA Piper Hungary\t\t\t\t\t<\/a>\n\t\t\t\t\t<\/div>\n\t\t\t\t\t\t\t<\/div>\n\t\t\t\t\t\t<\/div>\n\t\t\t\t\t\t<\/div>\n\t\t\t\t<\/div>\n\t\t\t\t\t<\/div>\n\t\t<\/div>\n\t\t\t\t\t<\/div>\n\t\t<\/section>\n\t\t\t\t<section class=\"elementor-section elementor-top-section elementor-element elementor-element-93fb0bd elementor-section-boxed elementor-section-height-default elementor-section-height-default\" data-id=\"93fb0bd\" data-element_type=\"section\">\n\t\t\t\t\t\t<div class=\"elementor-container elementor-column-gap-default\">\n\t\t\t\t\t<div class=\"elementor-column elementor-col-100 elementor-top-column elementor-element elementor-element-660da25\" data-id=\"660da25\" data-element_type=\"column\">\n\t\t\t<div class=\"elementor-widget-wrap elementor-element-populated\">\n\t\t\t\t\t\t<div class=\"elementor-element elementor-element-7965807 elementor-widget elementor-widget-spacer\" data-id=\"7965807\" data-element_type=\"widget\" data-widget_type=\"spacer.default\">\n\t\t\t\t<div class=\"elementor-widget-container\">\n\t\t\t\t\t\t\t<div class=\"elementor-spacer\">\n\t\t\t<div class=\"elementor-spacer-inner\"><\/div>\n\t\t<\/div>\n\t\t\t\t\t\t<\/div>\n\t\t\t\t<\/div>\n\t\t\t\t\t<\/div>\n\t\t<\/div>\n\t\t\t\t\t<\/div>\n\t\t<\/section>\n\t\t\t\t<section class=\"elementor-section elementor-top-section elementor-element elementor-element-541254b elementor-section-boxed elementor-section-height-default elementor-section-height-default\" data-id=\"541254b\" data-element_type=\"section\">\n\t\t\t\t\t\t<div class=\"elementor-container elementor-column-gap-default\">\n\t\t\t\t\t<div class=\"elementor-column elementor-col-100 elementor-top-column elementor-element elementor-element-2055659\" data-id=\"2055659\" data-element_type=\"column\">\n\t\t\t<div class=\"elementor-widget-wrap elementor-element-populated\">\n\t\t\t\t\t\t<div class=\"elementor-element elementor-element-de6f8ac elementor-widget elementor-widget-text-editor\" data-id=\"de6f8ac\" data-element_type=\"widget\" data-widget_type=\"text-editor.default\">\n\t\t\t\t<div class=\"elementor-widget-container\">\n\t\t\t\t\t\t\t\t\t<h4><strong>Legfrissebb cikkeink energetika t\u00e9m\u00e1ban<\/strong><\/h4>\t\t\t\t\t\t\t\t<\/div>\n\t\t\t\t<\/div>\n\t\t\t\t\t<\/div>\n\t\t<\/div>\n\t\t\t\t\t<\/div>\n\t\t<\/section>\n\t\t\t\t<section class=\"elementor-section elementor-top-section elementor-element elementor-element-82877c3 elementor-section-boxed elementor-section-height-default elementor-section-height-default\" data-id=\"82877c3\" data-element_type=\"section\">\n\t\t\t\t\t\t<div class=\"elementor-container elementor-column-gap-default\">\n\t\t\t\t\t<div class=\"elementor-column elementor-col-100 elementor-top-column elementor-element elementor-element-c914d1b\" data-id=\"c914d1b\" data-element_type=\"column\">\n\t\t\t<div class=\"elementor-widget-wrap elementor-element-populated\">\n\t\t\t\t\t\t<div class=\"elementor-element elementor-element-bf7682e elementor-grid-3 elementor-grid-tablet-2 elementor-grid-mobile-1 elementor-posts--thumbnail-top elementor-posts--show-avatar elementor-card-shadow-yes elementor-posts__hover-gradient elementor-widget elementor-widget-posts\" data-id=\"bf7682e\" data-element_type=\"widget\" data-settings=\"{&quot;cards_columns&quot;:&quot;3&quot;,&quot;cards_columns_tablet&quot;:&quot;2&quot;,&quot;cards_columns_mobile&quot;:&quot;1&quot;,&quot;cards_row_gap&quot;:{&quot;unit&quot;:&quot;px&quot;,&quot;size&quot;:35,&quot;sizes&quot;:[]},&quot;cards_row_gap_tablet&quot;:{&quot;unit&quot;:&quot;px&quot;,&quot;size&quot;:&quot;&quot;,&quot;sizes&quot;:[]},&quot;cards_row_gap_mobile&quot;:{&quot;unit&quot;:&quot;px&quot;,&quot;size&quot;:&quot;&quot;,&quot;sizes&quot;:[]}}\" data-widget_type=\"posts.cards\">\n\t\t\t\t<div class=\"elementor-widget-container\">\n\t\t\t\t\t\t\t<div class=\"elementor-posts-container elementor-posts elementor-posts--skin-cards elementor-grid\" role=\"list\">\n\t\t\t\t<article class=\"elementor-post elementor-grid-item post-7351 post type-post status-publish format-standard has-post-thumbnail hentry category-energetika tag-befektetes tag-energiaatmenet tag-energiatarolas tag-energy-transition-ma-report tag-ma tag-megujuloenergia tag-riport\" role=\"listitem\">\n\t\t\t<div class=\"elementor-post__card\">\n\t\t\t\t<a class=\"elementor-post__thumbnail__link\" href=\"https:\/\/blogs.dlapiper.com\/advocatus\/2026\/03\/atrendezodo-eroviszonyok-a-zold-energia-atmenetben-merre-tart-az-ma-piac-es-a-regio-befektetesi-terkepe\/\" tabindex=\"-1\" ><div class=\"elementor-post__thumbnail\"><img fetchpriority=\"high\" decoding=\"async\" width=\"1200\" height=\"300\" src=\"https:\/\/blogs.dlapiper.com\/advocatus\/files\/2026\/03\/energy-adv.png\" class=\"attachment-full size-full wp-image-7354\" alt=\"energy-adv\" srcset=\"https:\/\/blogs.dlapiper.com\/advocatus\/files\/2026\/03\/energy-adv.png 1200w, https:\/\/blogs.dlapiper.com\/advocatus\/files\/2026\/03\/energy-adv-300x75.png 300w, https:\/\/blogs.dlapiper.com\/advocatus\/files\/2026\/03\/energy-adv-1024x256.png 1024w, https:\/\/blogs.dlapiper.com\/advocatus\/files\/2026\/03\/energy-adv-768x192.png 768w\" sizes=\"(max-width: 1200px) 100vw, 1200px\" \/><\/div><\/a>\n\t\t\t\t<div class=\"elementor-post__badge\">Energetika | Energy<\/div>\n\t\t\t\t<div class=\"elementor-post__avatar\">\n\t\t\t\t\t<\/div>\n\t\t\t\t<div class=\"elementor-post__text\">\n\t\t\t\t<h3 class=\"elementor-post__title\">\n\t\t\t<a href=\"https:\/\/blogs.dlapiper.com\/advocatus\/2026\/03\/atrendezodo-eroviszonyok-a-zold-energia-atmenetben-merre-tart-az-ma-piac-es-a-regio-befektetesi-terkepe\/\" >\n\t\t\t\t\u00c1trendez\u0151d\u0151 er\u0151viszonyok a z\u00f6ld energia \u00e1tmenetben: merre tart az M&amp;A\u2011piac \u00e9s a r\u00e9gi\u00f3 befektet\u00e9si t\u00e9rk\u00e9pe?\t\t\t<\/a>\n\t\t<\/h3>\n\t\t\t\t<div class=\"elementor-post__excerpt\">\n\t\t\t<p>A DLA Piper 2026-os energia \u00e1tmeneti M&#038;A jelent\u00e9se (Energy Transition M&#038;A Report 2026*) szerint a glob\u00e1lis tranzakci\u00f3s dinamika egyszerre mutatott visszaes\u00e9st \u00e9s er\u0151s\u00f6d\u00e9st.<\/p>\n\t\t<\/div>\n\t\t\n\t\t<a class=\"elementor-post__read-more\" href=\"https:\/\/blogs.dlapiper.com\/advocatus\/2026\/03\/atrendezodo-eroviszonyok-a-zold-energia-atmenetben-merre-tart-az-ma-piac-es-a-regio-befektetesi-terkepe\/\" aria-label=\"Read more about \u00c1trendez\u0151d\u0151 er\u0151viszonyok a z\u00f6ld energia \u00e1tmenetben: merre tart az M&amp;A\u2011piac \u00e9s a r\u00e9gi\u00f3 befektet\u00e9si t\u00e9rk\u00e9pe?\" tabindex=\"-1\" >\n\t\t\tTov\u00e1bb \u00bb\t\t<\/a>\n\n\t\t\t\t<\/div>\n\t\t\t\t<div class=\"elementor-post__meta-data\">\n\t\t\t\t\t<span class=\"elementor-post-author\">\n\t\t\tDLA Piper\t\t<\/span>\n\t\t\t\t<span class=\"elementor-post-date\">\n\t\t\t2026-03-13\t\t<\/span>\n\t\t\t\t<\/div>\n\t\t\t\t\t<\/div>\n\t\t<\/article>\n\t\t\t\t<article class=\"elementor-post elementor-grid-item post-7263 post type-post status-publish format-standard has-post-thumbnail hentry category-energetika tag-bess tag-co-location tag-energy tag-market-trends tag-pv\" role=\"listitem\">\n\t\t\t<div class=\"elementor-post__card\">\n\t\t\t\t<a class=\"elementor-post__thumbnail__link\" href=\"https:\/\/blogs.dlapiper.com\/advocatus\/2025\/12\/how-can-co-location-help-with-network-access\/\" tabindex=\"-1\" ><div class=\"elementor-post__thumbnail\"><img decoding=\"async\" width=\"1200\" height=\"300\" src=\"https:\/\/blogs.dlapiper.com\/advocatus\/files\/2025\/12\/adv_fejlec.png\" class=\"attachment-full size-full wp-image-7260\" alt=\"adv_fejlec\" srcset=\"https:\/\/blogs.dlapiper.com\/advocatus\/files\/2025\/12\/adv_fejlec.png 1200w, https:\/\/blogs.dlapiper.com\/advocatus\/files\/2025\/12\/adv_fejlec-300x75.png 300w, https:\/\/blogs.dlapiper.com\/advocatus\/files\/2025\/12\/adv_fejlec-1024x256.png 1024w, https:\/\/blogs.dlapiper.com\/advocatus\/files\/2025\/12\/adv_fejlec-768x192.png 768w\" sizes=\"(max-width: 1200px) 100vw, 1200px\" \/><\/div><\/a>\n\t\t\t\t<div class=\"elementor-post__badge\">Energetika | Energy<\/div>\n\t\t\t\t<div class=\"elementor-post__avatar\">\n\t\t\t\t\t<\/div>\n\t\t\t\t<div class=\"elementor-post__text\">\n\t\t\t\t<h3 class=\"elementor-post__title\">\n\t\t\t<a href=\"https:\/\/blogs.dlapiper.com\/advocatus\/2025\/12\/how-can-co-location-help-with-network-access\/\" >\n\t\t\t\tHow can co-location help with network access?\t\t\t<\/a>\n\t\t<\/h3>\n\t\t\t\t<div class=\"elementor-post__excerpt\">\n\t\t\t<p>G\u00e1bor Simon, head of the energy practice at DLA Piper Hungary, summarizes the key trends, regulatory frameworks, and open issues.<\/p>\n\t\t<\/div>\n\t\t\n\t\t<a class=\"elementor-post__read-more\" href=\"https:\/\/blogs.dlapiper.com\/advocatus\/2025\/12\/how-can-co-location-help-with-network-access\/\" aria-label=\"Read more about How can co-location help with network access?\" tabindex=\"-1\" >\n\t\t\tTov\u00e1bb \u00bb\t\t<\/a>\n\n\t\t\t\t<\/div>\n\t\t\t\t<div class=\"elementor-post__meta-data\">\n\t\t\t\t\t<span class=\"elementor-post-author\">\n\t\t\tSimon G\u00e1bor\t\t<\/span>\n\t\t\t\t<span class=\"elementor-post-date\">\n\t\t\t2025-12-03\t\t<\/span>\n\t\t\t\t<\/div>\n\t\t\t\t\t<\/div>\n\t\t<\/article>\n\t\t\t\t<article class=\"elementor-post elementor-grid-item post-7258 post type-post status-publish format-standard has-post-thumbnail hentry category-energetika tag-bess tag-halozati-szukosseg tag-kolokacio tag-piaci-trendek tag-pv\" role=\"listitem\">\n\t\t\t<div class=\"elementor-post__card\">\n\t\t\t\t<a class=\"elementor-post__thumbnail__link\" href=\"https:\/\/blogs.dlapiper.com\/advocatus\/2025\/12\/hogyan-segithet-a-kolokacio-a-halozathoz-valo-hozzaferesben\/\" tabindex=\"-1\" ><div class=\"elementor-post__thumbnail\"><img decoding=\"async\" width=\"1200\" height=\"300\" src=\"https:\/\/blogs.dlapiper.com\/advocatus\/files\/2025\/12\/adv_fejlec.png\" class=\"attachment-full size-full wp-image-7260\" alt=\"adv_fejlec\" srcset=\"https:\/\/blogs.dlapiper.com\/advocatus\/files\/2025\/12\/adv_fejlec.png 1200w, https:\/\/blogs.dlapiper.com\/advocatus\/files\/2025\/12\/adv_fejlec-300x75.png 300w, https:\/\/blogs.dlapiper.com\/advocatus\/files\/2025\/12\/adv_fejlec-1024x256.png 1024w, https:\/\/blogs.dlapiper.com\/advocatus\/files\/2025\/12\/adv_fejlec-768x192.png 768w\" sizes=\"(max-width: 1200px) 100vw, 1200px\" \/><\/div><\/a>\n\t\t\t\t<div class=\"elementor-post__badge\">Energetika | Energy<\/div>\n\t\t\t\t<div class=\"elementor-post__avatar\">\n\t\t\t\t\t<\/div>\n\t\t\t\t<div class=\"elementor-post__text\">\n\t\t\t\t<h3 class=\"elementor-post__title\">\n\t\t\t<a href=\"https:\/\/blogs.dlapiper.com\/advocatus\/2025\/12\/hogyan-segithet-a-kolokacio-a-halozathoz-valo-hozzaferesben\/\" >\n\t\t\t\tHogyan seg\u00edthet a kolok\u00e1ci\u00f3 a h\u00e1l\u00f3zathoz val\u00f3 hozz\u00e1f\u00e9r\u00e9sben?\t\t\t<\/a>\n\t\t<\/h3>\n\t\t\t\t<div class=\"elementor-post__excerpt\">\n\t\t\t<p>A h\u00e1l\u00f3zati kapacit\u00e1sok sz\u0171k\u00f6ss\u00e9g\u00e9re tekintettel a hazai villamos energia szektorban egyre nagyobb kih\u00edv\u00e1st jelent az egyre n\u00f6vekv\u0151 volumen\u0171 id\u0151j\u00e1r\u00e1sf\u00fcgg\u0151 termel\u00e9s \u00e9s villamos energia t\u00e1rol\u00f3k rendszerbe integr\u00e1l\u00e1sa. A kolok\u00e1ci\u00f3s modellek megjelen\u00e9se \u00faj lehet\u0151s\u00e9geket k\u00edn\u00e1l a piaci szerepl\u0151k sz\u00e1m\u00e1ra, ugyanakkor sz\u00e1mos jogi \u00e9s finansz\u00edroz\u00e1si k\u00e9rd\u00e9st vet fel. <\/p>\n\t\t<\/div>\n\t\t\n\t\t<a class=\"elementor-post__read-more\" href=\"https:\/\/blogs.dlapiper.com\/advocatus\/2025\/12\/hogyan-segithet-a-kolokacio-a-halozathoz-valo-hozzaferesben\/\" aria-label=\"Read more about Hogyan seg\u00edthet a kolok\u00e1ci\u00f3 a h\u00e1l\u00f3zathoz val\u00f3 hozz\u00e1f\u00e9r\u00e9sben?\" tabindex=\"-1\" >\n\t\t\tTov\u00e1bb \u00bb\t\t<\/a>\n\n\t\t\t\t<\/div>\n\t\t\t\t<div class=\"elementor-post__meta-data\">\n\t\t\t\t\t<span class=\"elementor-post-author\">\n\t\t\tSimon G\u00e1bor\t\t<\/span>\n\t\t\t\t<span class=\"elementor-post-date\">\n\t\t\t2025-12-02\t\t<\/span>\n\t\t\t\t<\/div>\n\t\t\t\t\t<\/div>\n\t\t<\/article>\n\t\t\t\t<\/div>\n\t\t\n\t\t\t\t\t\t<\/div>\n\t\t\t\t<\/div>\n\t\t\t\t\t<\/div>\n\t\t<\/div>\n\t\t\t\t\t<\/div>\n\t\t<\/section>\n\t\t\t\t<\/div>\n\t\t","protected":false},"excerpt":{"rendered":"<p>A DLA Piper 2026-os energia \u00e1tmeneti M&#038;A jelent\u00e9se (Energy Transition M&#038;A Report 2026*) szerint a glob\u00e1lis tranzakci\u00f3s dinamika egyszerre mutatott visszaes\u00e9st \u00e9s er\u0151s\u00f6d\u00e9st.<\/p>\n","protected":false},"author":1,"featured_media":7354,"comment_status":"closed","ping_status":"closed","sticky":false,"template":"","format":"standard","meta":{"site-sidebar-layout":"default","site-content-layout":"","ast-site-content-layout":"default","site-content-style":"default","site-sidebar-style":"default","ast-global-header-display":"","ast-banner-title-visibility":"","ast-main-header-display":"","ast-hfb-above-header-display":"","ast-hfb-below-header-display":"","ast-hfb-mobile-header-display":"","site-post-title":"","ast-breadcrumbs-content":"","ast-featured-img":"","footer-sml-layout":"","theme-transparent-header-meta":"","adv-header-id-meta":"","stick-header-meta":"","header-above-stick-meta":"","header-main-stick-meta":"","header-below-stick-meta":"","astra-migrate-meta-layouts":"set","ast-page-background-enabled":"default","ast-page-background-meta":{"desktop":{"background-color":"","background-image":"","background-repeat":"repeat","background-position":"center center","background-size":"auto","background-attachment":"scroll","background-type":"","background-media":"","overlay-type":"","overlay-color":"","overlay-opacity":"","overlay-gradient":""},"tablet":{"background-color":"","background-image":"","background-repeat":"repeat","background-position":"center center","background-size":"auto","background-attachment":"scroll","background-type":"","background-media":"","overlay-type":"","overlay-color":"","overlay-opacity":"","overlay-gradient":""},"mobile":{"background-color":"","background-image":"","background-repeat":"repeat","background-position":"center center","background-size":"auto","background-attachment":"scroll","background-type":"","background-media":"","overlay-type":"","overlay-color":"","overlay-opacity":"","overlay-gradient":""}},"ast-content-background-meta":{"desktop":{"background-color":"var(--ast-global-color-5)","background-image":"","background-repeat":"repeat","background-position":"center center","background-size":"auto","background-attachment":"scroll","background-type":"","background-media":"","overlay-type":"","overlay-color":"","overlay-opacity":"","overlay-gradient":""},"tablet":{"background-color":"var(--ast-global-color-5)","background-image":"","background-repeat":"repeat","background-position":"center center","background-size":"auto","background-attachment":"scroll","background-type":"","background-media":"","overlay-type":"","overlay-color":"","overlay-opacity":"","overlay-gradient":""},"mobile":{"background-color":"var(--ast-global-color-5)","background-image":"","background-repeat":"repeat","background-position":"center center","background-size":"auto","background-attachment":"scroll","background-type":"","background-media":"","overlay-type":"","overlay-color":"","overlay-opacity":"","overlay-gradient":""}},"footnotes":""},"categories":[385],"tags":[501,1670,1343,1672,1422,1671,1512],"coauthors":[705],"class_list":["post-7351","post","type-post","status-publish","format-standard","has-post-thumbnail","hentry","category-energetika","tag-befektetes","tag-energiaatmenet","tag-energiatarolas","tag-energy-transition-ma-report","tag-ma","tag-megujuloenergia","tag-riport"],"yoast_head":"<!-- This site is optimized with the Yoast SEO plugin v26.1 - https:\/\/yoast.com\/wordpress\/plugins\/seo\/ -->\n<title>Merre tart az M&amp;A\u2011piac \u00e9s a r\u00e9gi\u00f3 befektet\u00e9si t\u00e9rk\u00e9pe? | DLA Piper<\/title>\n<meta name=\"description\" content=\"A DLA Piper 2026-os energia \u00e1tmeneti M&amp;A jelent\u00e9se szerint a glob\u00e1lis tranzakci\u00f3s dinamika egyszerre mutatott visszaes\u00e9st \u00e9s er\u0151s\u00f6d\u00e9st.\" \/>\n<meta name=\"robots\" content=\"index, follow, max-snippet:-1, max-image-preview:large, max-video-preview:-1\" \/>\n<link rel=\"canonical\" href=\"https:\/\/blogs.dlapiper.com\/advocatus\/2026\/03\/atrendezodo-eroviszonyok-a-zold-energia-atmenetben-merre-tart-az-ma-piac-es-a-regio-befektetesi-terkepe\/\" \/>\n<meta property=\"og:locale\" content=\"en_GB\" \/>\n<meta property=\"og:type\" content=\"article\" \/>\n<meta property=\"og:title\" content=\"Merre tart az M&amp;A\u2011piac \u00e9s a r\u00e9gi\u00f3 befektet\u00e9si t\u00e9rk\u00e9pe? | DLA Piper\" \/>\n<meta property=\"og:description\" content=\"A DLA Piper 2026-os energia \u00e1tmeneti M&amp;A jelent\u00e9se szerint a glob\u00e1lis tranzakci\u00f3s dinamika egyszerre mutatott visszaes\u00e9st \u00e9s er\u0151s\u00f6d\u00e9st.\" \/>\n<meta property=\"og:url\" content=\"https:\/\/blogs.dlapiper.com\/advocatus\/2026\/03\/atrendezodo-eroviszonyok-a-zold-energia-atmenetben-merre-tart-az-ma-piac-es-a-regio-befektetesi-terkepe\/\" \/>\n<meta property=\"og:site_name\" content=\"Advocatus\" \/>\n<meta property=\"article:published_time\" content=\"2026-03-13T09:28:02+00:00\" \/>\n<meta property=\"article:modified_time\" content=\"2026-03-13T11:57:46+00:00\" \/>\n<meta property=\"og:image\" content=\"https:\/\/blogs.dlapiper.com\/advocatus\/files\/2026\/03\/energy-adv.png\" \/>\n\t<meta property=\"og:image:width\" content=\"1200\" \/>\n\t<meta property=\"og:image:height\" content=\"300\" \/>\n\t<meta property=\"og:image:type\" content=\"image\/png\" \/>\n<meta name=\"author\" content=\"Simon G\u00e1bor\" \/>\n<meta name=\"twitter:card\" content=\"summary_large_image\" \/>\n<meta name=\"twitter:label1\" content=\"Written by\" \/>\n\t<meta name=\"twitter:data1\" content=\"Simon G\u00e1bor\" \/>\n\t<meta name=\"twitter:label2\" content=\"Estimated reading time\" \/>\n\t<meta name=\"twitter:data2\" content=\"4 minutes\" \/>\n<script type=\"application\/ld+json\" class=\"yoast-schema-graph\">{\"@context\":\"https:\/\/schema.org\",\"@graph\":[{\"@type\":\"Article\",\"@id\":\"https:\/\/blogs.dlapiper.com\/advocatus\/2026\/03\/atrendezodo-eroviszonyok-a-zold-energia-atmenetben-merre-tart-az-ma-piac-es-a-regio-befektetesi-terkepe\/#article\",\"isPartOf\":{\"@id\":\"https:\/\/blogs.dlapiper.com\/advocatus\/2026\/03\/atrendezodo-eroviszonyok-a-zold-energia-atmenetben-merre-tart-az-ma-piac-es-a-regio-befektetesi-terkepe\/\"},\"author\":{\"name\":\"DLA Piper\",\"@id\":\"https:\/\/blogs.dlapiper.com\/advocatus\/#\/schema\/person\/e4f1320bd6f7e07fbf942762d3bd3206\"},\"headline\":\"\u00c1trendez\u0151d\u0151 er\u0151viszonyok a z\u00f6ld energia \u00e1tmenetben: merre tart az M&amp;A\u2011piac \u00e9s a r\u00e9gi\u00f3 befektet\u00e9si t\u00e9rk\u00e9pe?\",\"datePublished\":\"2026-03-13T09:28:02+00:00\",\"dateModified\":\"2026-03-13T11:57:46+00:00\",\"mainEntityOfPage\":{\"@id\":\"https:\/\/blogs.dlapiper.com\/advocatus\/2026\/03\/atrendezodo-eroviszonyok-a-zold-energia-atmenetben-merre-tart-az-ma-piac-es-a-regio-befektetesi-terkepe\/\"},\"wordCount\":1210,\"publisher\":{\"@id\":\"https:\/\/blogs.dlapiper.com\/advocatus\/#organization\"},\"image\":{\"@id\":\"https:\/\/blogs.dlapiper.com\/advocatus\/2026\/03\/atrendezodo-eroviszonyok-a-zold-energia-atmenetben-merre-tart-az-ma-piac-es-a-regio-befektetesi-terkepe\/#primaryimage\"},\"thumbnailUrl\":\"https:\/\/blogs.dlapiper.com\/advocatus\/files\/2026\/03\/energy-adv.png\",\"keywords\":[\"befektet\u00e9s\",\"energia\u00e1tmenet\",\"energiat\u00e1rol\u00e1s\",\"Energy Transition M&amp;A Report\",\"M&amp;A\",\"meg\u00fajul\u00f3energia\",\"riport\"],\"articleSection\":[\"Energetika | Energy\"],\"inLanguage\":\"en-GB\"},{\"@type\":\"WebPage\",\"@id\":\"https:\/\/blogs.dlapiper.com\/advocatus\/2026\/03\/atrendezodo-eroviszonyok-a-zold-energia-atmenetben-merre-tart-az-ma-piac-es-a-regio-befektetesi-terkepe\/\",\"url\":\"https:\/\/blogs.dlapiper.com\/advocatus\/2026\/03\/atrendezodo-eroviszonyok-a-zold-energia-atmenetben-merre-tart-az-ma-piac-es-a-regio-befektetesi-terkepe\/\",\"name\":\"Merre tart az M&A\u2011piac \u00e9s a r\u00e9gi\u00f3 befektet\u00e9si t\u00e9rk\u00e9pe? | DLA Piper\",\"isPartOf\":{\"@id\":\"https:\/\/blogs.dlapiper.com\/advocatus\/#website\"},\"primaryImageOfPage\":{\"@id\":\"https:\/\/blogs.dlapiper.com\/advocatus\/2026\/03\/atrendezodo-eroviszonyok-a-zold-energia-atmenetben-merre-tart-az-ma-piac-es-a-regio-befektetesi-terkepe\/#primaryimage\"},\"image\":{\"@id\":\"https:\/\/blogs.dlapiper.com\/advocatus\/2026\/03\/atrendezodo-eroviszonyok-a-zold-energia-atmenetben-merre-tart-az-ma-piac-es-a-regio-befektetesi-terkepe\/#primaryimage\"},\"thumbnailUrl\":\"https:\/\/blogs.dlapiper.com\/advocatus\/files\/2026\/03\/energy-adv.png\",\"datePublished\":\"2026-03-13T09:28:02+00:00\",\"dateModified\":\"2026-03-13T11:57:46+00:00\",\"description\":\"A DLA Piper 2026-os energia \u00e1tmeneti M&A jelent\u00e9se szerint a glob\u00e1lis tranzakci\u00f3s dinamika egyszerre mutatott visszaes\u00e9st \u00e9s er\u0151s\u00f6d\u00e9st.\",\"breadcrumb\":{\"@id\":\"https:\/\/blogs.dlapiper.com\/advocatus\/2026\/03\/atrendezodo-eroviszonyok-a-zold-energia-atmenetben-merre-tart-az-ma-piac-es-a-regio-befektetesi-terkepe\/#breadcrumb\"},\"inLanguage\":\"en-GB\",\"potentialAction\":[{\"@type\":\"ReadAction\",\"target\":[\"https:\/\/blogs.dlapiper.com\/advocatus\/2026\/03\/atrendezodo-eroviszonyok-a-zold-energia-atmenetben-merre-tart-az-ma-piac-es-a-regio-befektetesi-terkepe\/\"]}]},{\"@type\":\"ImageObject\",\"inLanguage\":\"en-GB\",\"@id\":\"https:\/\/blogs.dlapiper.com\/advocatus\/2026\/03\/atrendezodo-eroviszonyok-a-zold-energia-atmenetben-merre-tart-az-ma-piac-es-a-regio-befektetesi-terkepe\/#primaryimage\",\"url\":\"https:\/\/blogs.dlapiper.com\/advocatus\/files\/2026\/03\/energy-adv.png\",\"contentUrl\":\"https:\/\/blogs.dlapiper.com\/advocatus\/files\/2026\/03\/energy-adv.png\",\"width\":1200,\"height\":300,\"caption\":\"energy-adv\"},{\"@type\":\"BreadcrumbList\",\"@id\":\"https:\/\/blogs.dlapiper.com\/advocatus\/2026\/03\/atrendezodo-eroviszonyok-a-zold-energia-atmenetben-merre-tart-az-ma-piac-es-a-regio-befektetesi-terkepe\/#breadcrumb\",\"itemListElement\":[{\"@type\":\"ListItem\",\"position\":1,\"name\":\"Home\",\"item\":\"https:\/\/blogs.dlapiper.com\/advocatus\/\"},{\"@type\":\"ListItem\",\"position\":2,\"name\":\"\u00c1trendez\u0151d\u0151 er\u0151viszonyok a z\u00f6ld energia \u00e1tmenetben: merre tart az M&amp;A\u2011piac \u00e9s a r\u00e9gi\u00f3 befektet\u00e9si t\u00e9rk\u00e9pe?\"}]},{\"@type\":\"WebSite\",\"@id\":\"https:\/\/blogs.dlapiper.com\/advocatus\/#website\",\"url\":\"https:\/\/blogs.dlapiper.com\/advocatus\/\",\"name\":\"Advocatus\",\"description\":\"A DLA Piper Jogi Blogja\",\"publisher\":{\"@id\":\"https:\/\/blogs.dlapiper.com\/advocatus\/#organization\"},\"potentialAction\":[{\"@type\":\"SearchAction\",\"target\":{\"@type\":\"EntryPoint\",\"urlTemplate\":\"https:\/\/blogs.dlapiper.com\/advocatus\/?s={search_term_string}\"},\"query-input\":{\"@type\":\"PropertyValueSpecification\",\"valueRequired\":true,\"valueName\":\"search_term_string\"}}],\"inLanguage\":\"en-GB\"},{\"@type\":\"Organization\",\"@id\":\"https:\/\/blogs.dlapiper.com\/advocatus\/#organization\",\"name\":\"Advocatus\",\"url\":\"https:\/\/blogs.dlapiper.com\/advocatus\/\",\"logo\":{\"@type\":\"ImageObject\",\"inLanguage\":\"en-GB\",\"@id\":\"https:\/\/blogs.dlapiper.com\/advocatus\/#\/schema\/logo\/image\/\",\"url\":\"https:\/\/blogs.dlapiper.com\/advocatus\/files\/2019\/06\/cropped-logo-144-1.png\",\"contentUrl\":\"https:\/\/blogs.dlapiper.com\/advocatus\/files\/2019\/06\/cropped-logo-144-1.png\",\"width\":223,\"height\":130,\"caption\":\"Advocatus\"},\"image\":{\"@id\":\"https:\/\/blogs.dlapiper.com\/advocatus\/#\/schema\/logo\/image\/\"},\"sameAs\":[\"https:\/\/www.linkedin.com\/showcase\/dla-piper-hungary\/\"]},{\"@type\":\"Person\",\"@id\":\"https:\/\/blogs.dlapiper.com\/advocatus\/#\/schema\/person\/e4f1320bd6f7e07fbf942762d3bd3206\",\"name\":\"DLA Piper\",\"url\":\"https:\/\/blogs.dlapiper.com\/advocatus\/author\/blogadmin\/\"}]}<\/script>\n<!-- \/ Yoast SEO plugin. -->","yoast_head_json":{"title":"Merre tart az M&A\u2011piac \u00e9s a r\u00e9gi\u00f3 befektet\u00e9si t\u00e9rk\u00e9pe? | DLA Piper","description":"A DLA Piper 2026-os energia \u00e1tmeneti M&A jelent\u00e9se szerint a glob\u00e1lis tranzakci\u00f3s dinamika egyszerre mutatott visszaes\u00e9st \u00e9s er\u0151s\u00f6d\u00e9st.","robots":{"index":"index","follow":"follow","max-snippet":"max-snippet:-1","max-image-preview":"max-image-preview:large","max-video-preview":"max-video-preview:-1"},"canonical":"https:\/\/blogs.dlapiper.com\/advocatus\/2026\/03\/atrendezodo-eroviszonyok-a-zold-energia-atmenetben-merre-tart-az-ma-piac-es-a-regio-befektetesi-terkepe\/","og_locale":"en_GB","og_type":"article","og_title":"Merre tart az M&A\u2011piac \u00e9s a r\u00e9gi\u00f3 befektet\u00e9si t\u00e9rk\u00e9pe? | DLA Piper","og_description":"A DLA Piper 2026-os energia \u00e1tmeneti M&A jelent\u00e9se szerint a glob\u00e1lis tranzakci\u00f3s dinamika egyszerre mutatott visszaes\u00e9st \u00e9s er\u0151s\u00f6d\u00e9st.","og_url":"https:\/\/blogs.dlapiper.com\/advocatus\/2026\/03\/atrendezodo-eroviszonyok-a-zold-energia-atmenetben-merre-tart-az-ma-piac-es-a-regio-befektetesi-terkepe\/","og_site_name":"Advocatus","article_published_time":"2026-03-13T09:28:02+00:00","article_modified_time":"2026-03-13T11:57:46+00:00","og_image":[{"width":1200,"height":300,"url":"https:\/\/blogs.dlapiper.com\/advocatus\/files\/2026\/03\/energy-adv.png","type":"image\/png"}],"author":"Simon G\u00e1bor","twitter_card":"summary_large_image","twitter_misc":{"Written by":"Simon G\u00e1bor","Estimated reading time":"4 minutes"},"schema":{"@context":"https:\/\/schema.org","@graph":[{"@type":"Article","@id":"https:\/\/blogs.dlapiper.com\/advocatus\/2026\/03\/atrendezodo-eroviszonyok-a-zold-energia-atmenetben-merre-tart-az-ma-piac-es-a-regio-befektetesi-terkepe\/#article","isPartOf":{"@id":"https:\/\/blogs.dlapiper.com\/advocatus\/2026\/03\/atrendezodo-eroviszonyok-a-zold-energia-atmenetben-merre-tart-az-ma-piac-es-a-regio-befektetesi-terkepe\/"},"author":{"name":"DLA Piper","@id":"https:\/\/blogs.dlapiper.com\/advocatus\/#\/schema\/person\/e4f1320bd6f7e07fbf942762d3bd3206"},"headline":"\u00c1trendez\u0151d\u0151 er\u0151viszonyok a z\u00f6ld energia \u00e1tmenetben: merre tart az M&amp;A\u2011piac \u00e9s a r\u00e9gi\u00f3 befektet\u00e9si t\u00e9rk\u00e9pe?","datePublished":"2026-03-13T09:28:02+00:00","dateModified":"2026-03-13T11:57:46+00:00","mainEntityOfPage":{"@id":"https:\/\/blogs.dlapiper.com\/advocatus\/2026\/03\/atrendezodo-eroviszonyok-a-zold-energia-atmenetben-merre-tart-az-ma-piac-es-a-regio-befektetesi-terkepe\/"},"wordCount":1210,"publisher":{"@id":"https:\/\/blogs.dlapiper.com\/advocatus\/#organization"},"image":{"@id":"https:\/\/blogs.dlapiper.com\/advocatus\/2026\/03\/atrendezodo-eroviszonyok-a-zold-energia-atmenetben-merre-tart-az-ma-piac-es-a-regio-befektetesi-terkepe\/#primaryimage"},"thumbnailUrl":"https:\/\/blogs.dlapiper.com\/advocatus\/files\/2026\/03\/energy-adv.png","keywords":["befektet\u00e9s","energia\u00e1tmenet","energiat\u00e1rol\u00e1s","Energy Transition M&amp;A Report","M&amp;A","meg\u00fajul\u00f3energia","riport"],"articleSection":["Energetika | Energy"],"inLanguage":"en-GB"},{"@type":"WebPage","@id":"https:\/\/blogs.dlapiper.com\/advocatus\/2026\/03\/atrendezodo-eroviszonyok-a-zold-energia-atmenetben-merre-tart-az-ma-piac-es-a-regio-befektetesi-terkepe\/","url":"https:\/\/blogs.dlapiper.com\/advocatus\/2026\/03\/atrendezodo-eroviszonyok-a-zold-energia-atmenetben-merre-tart-az-ma-piac-es-a-regio-befektetesi-terkepe\/","name":"Merre tart az M&A\u2011piac \u00e9s a r\u00e9gi\u00f3 befektet\u00e9si t\u00e9rk\u00e9pe? | DLA Piper","isPartOf":{"@id":"https:\/\/blogs.dlapiper.com\/advocatus\/#website"},"primaryImageOfPage":{"@id":"https:\/\/blogs.dlapiper.com\/advocatus\/2026\/03\/atrendezodo-eroviszonyok-a-zold-energia-atmenetben-merre-tart-az-ma-piac-es-a-regio-befektetesi-terkepe\/#primaryimage"},"image":{"@id":"https:\/\/blogs.dlapiper.com\/advocatus\/2026\/03\/atrendezodo-eroviszonyok-a-zold-energia-atmenetben-merre-tart-az-ma-piac-es-a-regio-befektetesi-terkepe\/#primaryimage"},"thumbnailUrl":"https:\/\/blogs.dlapiper.com\/advocatus\/files\/2026\/03\/energy-adv.png","datePublished":"2026-03-13T09:28:02+00:00","dateModified":"2026-03-13T11:57:46+00:00","description":"A DLA Piper 2026-os energia \u00e1tmeneti M&A jelent\u00e9se szerint a glob\u00e1lis tranzakci\u00f3s dinamika egyszerre mutatott visszaes\u00e9st \u00e9s er\u0151s\u00f6d\u00e9st.","breadcrumb":{"@id":"https:\/\/blogs.dlapiper.com\/advocatus\/2026\/03\/atrendezodo-eroviszonyok-a-zold-energia-atmenetben-merre-tart-az-ma-piac-es-a-regio-befektetesi-terkepe\/#breadcrumb"},"inLanguage":"en-GB","potentialAction":[{"@type":"ReadAction","target":["https:\/\/blogs.dlapiper.com\/advocatus\/2026\/03\/atrendezodo-eroviszonyok-a-zold-energia-atmenetben-merre-tart-az-ma-piac-es-a-regio-befektetesi-terkepe\/"]}]},{"@type":"ImageObject","inLanguage":"en-GB","@id":"https:\/\/blogs.dlapiper.com\/advocatus\/2026\/03\/atrendezodo-eroviszonyok-a-zold-energia-atmenetben-merre-tart-az-ma-piac-es-a-regio-befektetesi-terkepe\/#primaryimage","url":"https:\/\/blogs.dlapiper.com\/advocatus\/files\/2026\/03\/energy-adv.png","contentUrl":"https:\/\/blogs.dlapiper.com\/advocatus\/files\/2026\/03\/energy-adv.png","width":1200,"height":300,"caption":"energy-adv"},{"@type":"BreadcrumbList","@id":"https:\/\/blogs.dlapiper.com\/advocatus\/2026\/03\/atrendezodo-eroviszonyok-a-zold-energia-atmenetben-merre-tart-az-ma-piac-es-a-regio-befektetesi-terkepe\/#breadcrumb","itemListElement":[{"@type":"ListItem","position":1,"name":"Home","item":"https:\/\/blogs.dlapiper.com\/advocatus\/"},{"@type":"ListItem","position":2,"name":"\u00c1trendez\u0151d\u0151 er\u0151viszonyok a z\u00f6ld energia \u00e1tmenetben: merre tart az M&amp;A\u2011piac \u00e9s a r\u00e9gi\u00f3 befektet\u00e9si t\u00e9rk\u00e9pe?"}]},{"@type":"WebSite","@id":"https:\/\/blogs.dlapiper.com\/advocatus\/#website","url":"https:\/\/blogs.dlapiper.com\/advocatus\/","name":"Advocatus","description":"A DLA Piper Jogi Blogja","publisher":{"@id":"https:\/\/blogs.dlapiper.com\/advocatus\/#organization"},"potentialAction":[{"@type":"SearchAction","target":{"@type":"EntryPoint","urlTemplate":"https:\/\/blogs.dlapiper.com\/advocatus\/?s={search_term_string}"},"query-input":{"@type":"PropertyValueSpecification","valueRequired":true,"valueName":"search_term_string"}}],"inLanguage":"en-GB"},{"@type":"Organization","@id":"https:\/\/blogs.dlapiper.com\/advocatus\/#organization","name":"Advocatus","url":"https:\/\/blogs.dlapiper.com\/advocatus\/","logo":{"@type":"ImageObject","inLanguage":"en-GB","@id":"https:\/\/blogs.dlapiper.com\/advocatus\/#\/schema\/logo\/image\/","url":"https:\/\/blogs.dlapiper.com\/advocatus\/files\/2019\/06\/cropped-logo-144-1.png","contentUrl":"https:\/\/blogs.dlapiper.com\/advocatus\/files\/2019\/06\/cropped-logo-144-1.png","width":223,"height":130,"caption":"Advocatus"},"image":{"@id":"https:\/\/blogs.dlapiper.com\/advocatus\/#\/schema\/logo\/image\/"},"sameAs":["https:\/\/www.linkedin.com\/showcase\/dla-piper-hungary\/"]},{"@type":"Person","@id":"https:\/\/blogs.dlapiper.com\/advocatus\/#\/schema\/person\/e4f1320bd6f7e07fbf942762d3bd3206","name":"DLA Piper","url":"https:\/\/blogs.dlapiper.com\/advocatus\/author\/blogadmin\/"}]}},"_links":{"self":[{"href":"https:\/\/blogs.dlapiper.com\/advocatus\/wp-json\/wp\/v2\/posts\/7351","targetHints":{"allow":["GET"]}}],"collection":[{"href":"https:\/\/blogs.dlapiper.com\/advocatus\/wp-json\/wp\/v2\/posts"}],"about":[{"href":"https:\/\/blogs.dlapiper.com\/advocatus\/wp-json\/wp\/v2\/types\/post"}],"author":[{"embeddable":true,"href":"https:\/\/blogs.dlapiper.com\/advocatus\/wp-json\/wp\/v2\/users\/1"}],"replies":[{"embeddable":true,"href":"https:\/\/blogs.dlapiper.com\/advocatus\/wp-json\/wp\/v2\/comments?post=7351"}],"version-history":[{"count":0,"href":"https:\/\/blogs.dlapiper.com\/advocatus\/wp-json\/wp\/v2\/posts\/7351\/revisions"}],"wp:featuredmedia":[{"embeddable":true,"href":"https:\/\/blogs.dlapiper.com\/advocatus\/wp-json\/wp\/v2\/media\/7354"}],"wp:attachment":[{"href":"https:\/\/blogs.dlapiper.com\/advocatus\/wp-json\/wp\/v2\/media?parent=7351"}],"wp:term":[{"taxonomy":"category","embeddable":true,"href":"https:\/\/blogs.dlapiper.com\/advocatus\/wp-json\/wp\/v2\/categories?post=7351"},{"taxonomy":"post_tag","embeddable":true,"href":"https:\/\/blogs.dlapiper.com\/advocatus\/wp-json\/wp\/v2\/tags?post=7351"},{"taxonomy":"author","embeddable":true,"href":"https:\/\/blogs.dlapiper.com\/advocatus\/wp-json\/wp\/v2\/coauthors?post=7351"}],"curies":[{"name":"wp","href":"https:\/\/api.w.org\/{rel}","templated":true}]}}