{"id":5197,"date":"2025-03-24T16:00:46","date_gmt":"2025-03-24T15:00:46","guid":{"rendered":"https:\/\/blogs.dlapiper.com\/advocatus\/?p=5197"},"modified":"2025-03-25T09:09:21","modified_gmt":"2025-03-25T08:09:21","slug":"ismet-valtozhat-az-esg-torveny-a-magyar-vallalkozasok-is-mentesulhetnek-az-esg-jelentesteteli-kotelezettsegek-alol","status":"publish","type":"post","link":"https:\/\/blogs.dlapiper.com\/advocatus\/2025\/03\/ismet-valtozhat-az-esg-torveny-a-magyar-vallalkozasok-is-mentesulhetnek-az-esg-jelentesteteli-kotelezettsegek-alol\/","title":{"rendered":"Ism\u00e9t v\u00e1ltozhat az ESG t\u00f6rv\u00e9ny \u2013 a magyar v\u00e1llalkoz\u00e1sok is mentes\u00fclhetnek az ESG jelent\u00e9st\u00e9teli k\u00f6telezetts\u00e9gek al\u00f3l"},"content":{"rendered":"\t\t<div data-elementor-type=\"wp-post\" data-elementor-id=\"5197\" class=\"elementor elementor-5197\" data-elementor-post-type=\"post\">\n\t\t\t\t\t\t<section class=\"elementor-section elementor-top-section elementor-element elementor-element-bbd6d77 elementor-section-boxed elementor-section-height-default elementor-section-height-default\" data-id=\"bbd6d77\" data-element_type=\"section\">\n\t\t\t\t\t\t<div class=\"elementor-container elementor-column-gap-default\">\n\t\t\t\t\t<div class=\"elementor-column elementor-col-100 elementor-top-column elementor-element elementor-element-d478c4a\" data-id=\"d478c4a\" data-element_type=\"column\">\n\t\t\t<div class=\"elementor-widget-wrap elementor-element-populated\">\n\t\t\t\t\t\t<div class=\"elementor-element elementor-element-204a31b elementor-widget elementor-widget-spacer\" data-id=\"204a31b\" data-element_type=\"widget\" data-widget_type=\"spacer.default\">\n\t\t\t\t<div class=\"elementor-widget-container\">\n\t\t\t\t\t\t\t<div class=\"elementor-spacer\">\n\t\t\t<div class=\"elementor-spacer-inner\"><\/div>\n\t\t<\/div>\n\t\t\t\t\t\t<\/div>\n\t\t\t\t<\/div>\n\t\t\t\t\t<\/div>\n\t\t<\/div>\n\t\t\t\t\t<\/div>\n\t\t<\/section>\n\t\t\t\t<section class=\"elementor-section elementor-top-section elementor-element elementor-element-2e31318 elementor-section-boxed elementor-section-height-default elementor-section-height-default\" data-id=\"2e31318\" data-element_type=\"section\">\n\t\t\t\t\t\t<div class=\"elementor-container elementor-column-gap-default\">\n\t\t\t\t\t<div class=\"elementor-column elementor-col-100 elementor-top-column elementor-element elementor-element-49c6f68\" data-id=\"49c6f68\" data-element_type=\"column\">\n\t\t\t<div class=\"elementor-widget-wrap elementor-element-populated\">\n\t\t\t\t\t\t<div class=\"elementor-element elementor-element-8a3c148 elementor-widget elementor-widget-text-editor\" data-id=\"8a3c148\" data-element_type=\"widget\" data-widget_type=\"text-editor.default\">\n\t\t\t\t<div class=\"elementor-widget-container\">\n\t\t\t\t\t\t\t\t\t<h5><strong>A m\u00falt h\u00e9t v\u00e9g\u00e9n megjelent a Nemzetgazdas\u00e1gi Miniszt\u00e9rium \u00e9s az SZTFH \u00e1ltal jegyzett javaslat a 2023. \u00e9vi CVIII. t\u00f6rv\u00e9ny, azaz az ESG t\u00f6rv\u00e9ny \u00fajabb m\u00f3dos\u00edt\u00e1s\u00e1r\u00f3l. A Miniszt\u00e9rium k\u00f6zlem\u00e9nye szerint a javaslat a Magyar Kereskedelmi \u00e9s Iparkamara kezdem\u00e9nyez\u00e9s\u00e9re sz\u00fcletett, annak \u00e9rdek\u00e9ben, hogy az uni\u00f3s jelent\u00e9st\u00e9tellel egy\u00e9bk\u00e9nt is terhelt v\u00e1llalkoz\u00e1sok mentes\u00fcljenek a magyar adminisztr\u00e1ci\u00f3s t\u00f6bbletfeladatok al\u00f3l. A javasolt m\u00f3dos\u00edt\u00e1sok f\u0151k\u00e9nt az ESG t\u00f6rv\u00e9ny szem\u00e9lyi \u00e9s id\u0151beli hat\u00e1ly\u00e1t, valamint az ESG tan\u00fas\u00edt\u00f3kra \u00e9s ESG tan\u00fas\u00edt\u00e1sra vonatkoz\u00f3 szab\u00e1lyokat \u00e9rinti.<\/strong><\/h5>\t\t\t\t\t\t\t\t<\/div>\n\t\t\t\t<\/div>\n\t\t\t\t\t<\/div>\n\t\t<\/div>\n\t\t\t\t\t<\/div>\n\t\t<\/section>\n\t\t\t\t<section class=\"elementor-section elementor-top-section elementor-element elementor-element-648e174 elementor-section-boxed elementor-section-height-default elementor-section-height-default\" data-id=\"648e174\" data-element_type=\"section\">\n\t\t\t\t\t\t<div class=\"elementor-container elementor-column-gap-default\">\n\t\t\t\t\t<div class=\"elementor-column elementor-col-100 elementor-top-column elementor-element elementor-element-dfcb446\" data-id=\"dfcb446\" data-element_type=\"column\">\n\t\t\t<div class=\"elementor-widget-wrap elementor-element-populated\">\n\t\t\t\t\t\t<div class=\"elementor-element elementor-element-1afee60 elementor-widget elementor-widget-text-editor\" data-id=\"1afee60\" data-element_type=\"widget\" data-widget_type=\"text-editor.default\">\n\t\t\t\t<div class=\"elementor-widget-container\">\n\t\t\t\t\t\t\t\t\t<h5><strong>M\u00f3dos\u00edt\u00e1sok a szem\u00e9lyi hat\u00e1lyban \u2013 kit k\u00f6telez az ESG t\u00f6rv\u00e9ny<\/strong><\/h5>\t\t\t\t\t\t\t\t<\/div>\n\t\t\t\t<\/div>\n\t\t\t\t\t<\/div>\n\t\t<\/div>\n\t\t\t\t\t<\/div>\n\t\t<\/section>\n\t\t\t\t<section class=\"elementor-section elementor-top-section elementor-element elementor-element-e8658f5 elementor-section-boxed elementor-section-height-default elementor-section-height-default\" data-id=\"e8658f5\" data-element_type=\"section\">\n\t\t\t\t\t\t<div class=\"elementor-container elementor-column-gap-default\">\n\t\t\t\t\t<div class=\"elementor-column elementor-col-100 elementor-top-column elementor-element elementor-element-9a8c9cd\" data-id=\"9a8c9cd\" data-element_type=\"column\">\n\t\t\t<div class=\"elementor-widget-wrap elementor-element-populated\">\n\t\t\t\t\t\t<div class=\"elementor-element elementor-element-a2797ba elementor-widget elementor-widget-text-editor\" data-id=\"a2797ba\" data-element_type=\"widget\" data-widget_type=\"text-editor.default\">\n\t\t\t\t<div class=\"elementor-widget-container\">\n\t\t\t\t\t\t\t\t\t<p>Az ESG t\u00f6rv\u00e9ny eredeti sz\u00f6vege a fenntarthat\u00f3s\u00e1gi c\u00e9l\u00fa \u00e1tvil\u00e1g\u00edt\u00e1si k\u00f6telezetts\u00e9g alkalmaz\u00e1s\u00e1t mindk\u00e9t nagyv\u00e1llalati kateg\u00f3ri\u00e1ban az el\u0151z\u0151 \u00fczleti \u00e9v adatai (m\u00e9rlegf\u0151\u00f6sszeg, \u00e1rbev\u00e9tel, alkalmazottak l\u00e9tsz\u00e1ma) alapj\u00e1n, bizonyos hat\u00e1r\u00e9rt\u00e9kek el\u00e9r\u00e9se eset\u00e9n rendelte el. Tov\u00e1bb\u00e1 meghat\u00e1rozta, hogy az els\u0151 kateg\u00f3ri\u00e1ba es\u0151 nagyv\u00e1llalkoz\u00e1sokat 2024. \u00fczleti \u00e9vt\u0151l, a m\u00e1sodik kateg\u00f3ri\u00e1ba tartoz\u00f3 nagyv\u00e1llalkoz\u00e1sokat 2025. \u00fczleti \u00e9vt\u0151l terhelik a t\u00f6rv\u00e9nyi k\u00f6telezetts\u00e9gek.<\/p><p>\u00a0A tavalyi \u00e9v v\u00e9gi m\u00f3dos\u00edt\u00e1ssal az els\u0151 nagyv\u00e1llalati kateg\u00f3ri\u00e1ba tartoz\u00f3 nagyv\u00e1llalkoz\u00e1sok eset\u00e9n a vizsg\u00e1lt id\u0151szak megv\u00e1ltozott: a megel\u0151z\u0151 \u00fczleti \u00e9v helyett a megel\u0151z\u0151 k\u00e9t \u00fczleti \u00e9v adatainak kell el\u00e9rnie a meghat\u00e1rozott hat\u00e1r\u00e9rt\u00e9keket.<\/p><p>A jelenlegi javaslat a m\u00e1sodik nagyv\u00e1llalati kateg\u00f3ri\u00e1ban, azaz a 2025. \u00fczleti \u00e9vt\u0151l k\u00f6telezett nagyv\u00e1llalatok eset\u00e9n is el\u0151\u00edrn\u00e1 a <strong>k\u00e9t \u00fczleti \u00e9v<\/strong> figyelembev\u00e9tel\u00e9t, valamint az alkalmazand\u00f3 mutat\u00f3- \u00e9s hat\u00e1r\u00e9rt\u00e9keket is m\u00f3dos\u00edtan\u00e1. \u00a0A <strong>kor\u00e1bbi hat\u00e1r\u00e9rt\u00e9kek <\/strong>\u2013 10 milli\u00e1rd forint m\u00e9rlegf\u0151\u00f6sszeg, 20 milli\u00e1rd forint \u00e1rbev\u00e9tel, 250 f\u0151 foglalkoztatott \u2013<strong> helyett a mindenkor a gazdas\u00e1gfejleszt\u00e9s\u00e9rt felel\u0151s miniszter \u00e1ltal meghat\u00e1rozott mutat\u00f3- \u00e9s hat\u00e1r\u00e9rt\u00e9keket kellene vizsg\u00e1lni annak meg\u00e1llap\u00edt\u00e1sa sor\u00e1n, hogy az ESG t\u00f6rv\u00e9ny szerinti k\u00f6telezetts\u00e9gek alkalmazand\u00f3ak-e egy adott v\u00e1llalkoz\u00e1sra<\/strong>.<\/p><p>\u00a0A fentiek mellett l\u00e9nyeges v\u00e1ltoz\u00e1st jelentene, hogy a kor\u00e1bbiakkal ellent\u00e9tben <strong>a k\u00f6z\u00e9rdekl\u0151d\u00e9sre sz\u00e1mot tart\u00f3 kis- \u00e9s k\u00f6z\u00e9pv\u00e1llalkoz\u00e1sok<\/strong> a m\u00f3dos\u00edt\u00e1s elfogad\u00e1sa eset\u00e9n \u2013 k\u00f6zvetlen k\u00f6telezettk\u00e9nt \u2013 <strong>kiker\u00fcln\u00e9nek a t\u00f6rv\u00e9ny hat\u00e1lya al\u00f3l<\/strong>, \u0151ket az ESG t\u00f6rv\u00e9ny szerinti adatszolg\u00e1ltat\u00e1si k\u00f6telezetts\u00e9gek a tov\u00e1bbiakban csak, mint a k\u00f6zvetlen k\u00f6telezett nagyv\u00e1llalkoz\u00e1sok sz\u00e1ll\u00edt\u00f3it terhelhetn\u00e9k.<\/p>\t\t\t\t\t\t\t\t<\/div>\n\t\t\t\t<\/div>\n\t\t\t\t\t<\/div>\n\t\t<\/div>\n\t\t\t\t\t<\/div>\n\t\t<\/section>\n\t\t\t\t<section class=\"elementor-section elementor-top-section elementor-element elementor-element-22b99aa elementor-section-boxed elementor-section-height-default elementor-section-height-default\" data-id=\"22b99aa\" data-element_type=\"section\">\n\t\t\t\t\t\t<div class=\"elementor-container elementor-column-gap-default\">\n\t\t\t\t\t<div class=\"elementor-column elementor-col-100 elementor-top-column elementor-element elementor-element-3c95457\" data-id=\"3c95457\" data-element_type=\"column\">\n\t\t\t<div class=\"elementor-widget-wrap elementor-element-populated\">\n\t\t\t\t\t\t<div class=\"elementor-element elementor-element-1669d4f elementor-widget elementor-widget-text-editor\" data-id=\"1669d4f\" data-element_type=\"widget\" data-widget_type=\"text-editor.default\">\n\t\t\t\t<div class=\"elementor-widget-container\">\n\t\t\t\t\t\t\t\t\t<h5><strong>V\u00e1ltoz\u00e1sok a t\u00f6rv\u00e9nyi k\u00f6telezetts\u00e9gek id\u0151beli hat\u00e1ly\u00e1ban<\/strong><\/h5>\t\t\t\t\t\t\t\t<\/div>\n\t\t\t\t<\/div>\n\t\t\t\t\t<\/div>\n\t\t<\/div>\n\t\t\t\t\t<\/div>\n\t\t<\/section>\n\t\t\t\t<section class=\"elementor-section elementor-top-section elementor-element elementor-element-1c0385f elementor-section-boxed elementor-section-height-default elementor-section-height-default\" data-id=\"1c0385f\" data-element_type=\"section\">\n\t\t\t\t\t\t<div class=\"elementor-container elementor-column-gap-default\">\n\t\t\t\t\t<div class=\"elementor-column elementor-col-100 elementor-top-column elementor-element elementor-element-ff3bbc5\" data-id=\"ff3bbc5\" data-element_type=\"column\">\n\t\t\t<div class=\"elementor-widget-wrap elementor-element-populated\">\n\t\t\t\t\t\t<div class=\"elementor-element elementor-element-4f8b531 elementor-widget elementor-widget-text-editor\" data-id=\"4f8b531\" data-element_type=\"widget\" data-widget_type=\"text-editor.default\">\n\t\t\t\t<div class=\"elementor-widget-container\">\n\t\t\t\t\t\t\t\t\t<ol start=\"2025\"><li><em>janu\u00e1r 1-t\u0151l k\u00f6telezett nagyv\u00e1llalkoz\u00e1sokra vonatkoz\u00f3 szab\u00e1lyok<\/em><\/li><\/ol><p>A jelenlegi sz\u00f6veg szerint a nagyv\u00e1llalkoz\u00e1sok a fenntarthat\u00f3s\u00e1gi c\u00e9l\u00fa \u00e1tvil\u00e1g\u00edt\u00e1sra vonatkoz\u00f3 k\u00f6telezetts\u00e9geiket el\u0151sz\u00f6r a 2025. \u00fczleti \u00e9vben alkalmazz\u00e1k, \u00e9s a 2025. \u00e9vre vonatkoz\u00f3 ESG besz\u00e1mol\u00f3jukat 2026-ban k\u00e9sz\u00edtik el.<\/p><p>A fenti rendelkez\u00e9s a javaslat szerint teljes eg\u00e9sz\u00e9ben t\u00f6rl\u00e9sre ker\u00fclne. Ennek megfelel\u0151en a m\u00f3dos\u00edt\u00e1st k\u00f6vet\u0151en a k\u00f6telezetts\u00e9gek az adott nagyv\u00e1llalkoz\u00e1st att\u00f3l az id\u0151pontt\u00f3l terhelik, amikor az egym\u00e1st k\u00f6vet\u0151 m\u00e1sodik \u00e9vben el\u00e9rik a gazdas\u00e1gfejleszt\u00e9s\u00e9rt felel\u0151s miniszter \u00e1ltal el\u0151\u00edrt hat\u00e1r\u00e9rt\u00e9keket.<\/p>\t\t\t\t\t\t\t\t<\/div>\n\t\t\t\t<\/div>\n\t\t\t\t\t<\/div>\n\t\t<\/div>\n\t\t\t\t\t<\/div>\n\t\t<\/section>\n\t\t\t\t<section class=\"elementor-section elementor-top-section elementor-element elementor-element-438a894 elementor-section-boxed elementor-section-height-default elementor-section-height-default\" data-id=\"438a894\" data-element_type=\"section\">\n\t\t\t\t\t\t<div class=\"elementor-container elementor-column-gap-default\">\n\t\t\t\t\t<div class=\"elementor-column elementor-col-100 elementor-top-column elementor-element elementor-element-b5b67b7\" data-id=\"b5b67b7\" data-element_type=\"column\">\n\t\t\t<div class=\"elementor-widget-wrap elementor-element-populated\">\n\t\t\t\t\t\t<div class=\"elementor-element elementor-element-51382d2 elementor-blockquote--skin-boxed elementor-widget elementor-widget-blockquote\" data-id=\"51382d2\" data-element_type=\"widget\" data-widget_type=\"blockquote.default\">\n\t\t\t\t<div class=\"elementor-widget-container\">\n\t\t\t\t\t\t\t<blockquote class=\"elementor-blockquote\">\n\t\t\t<p class=\"elementor-blockquote__content\">\n\t\t\t\t<i><b>\u00c9rdemes figyelni arra, hogy a javaslat nem egy\u00e9rtelm\u0171en a k\u00f6telezetts\u00e9gek teljes\u00edt\u00e9s\u00e9nek hat\u00e1ly\u00e1t m\u00f3dos\u00edtja, \u00edgy a javaslat nem minden nagyv\u00e1llalkoz\u00e1sra jelenti teh\u00e1t egy\u00e9rtelm\u0171en a k\u00f6telezetts\u00e9gek hat\u00e1lybal\u00e9p\u00e9s\u00e9nek elhalaszt\u00e1s\u00e1t. Ez\u00e9rt is fontos, hogy a nagyv\u00e1llalkoz\u00e1sok a m\u00f3dos\u00edt\u00f3 javaslat elfogad\u00e1sa eset\u00e9n se d\u0151ljenek azonnal h\u00e1tra, hanem az ESG t\u00f6rv\u00e9ny alkalmazhat\u00f3s\u00e1g\u00e1ra vonatkoz\u00f3 vizsg\u00e1latot v\u00e9gezz\u00e9k, v\u00e9geztess\u00e9k el ism\u00e9t <\/b><\/i><span style=\"font-size: 16px;font-style: normal;font-weight: 400\">\u2013<\/span><i> emelte ki Dr\u00e1novits D\u00f3ra.<\/i>\t\t\t<\/p>\n\t\t\t\t\t<\/blockquote>\n\t\t\t\t\t\t<\/div>\n\t\t\t\t<\/div>\n\t\t\t\t\t<\/div>\n\t\t<\/div>\n\t\t\t\t\t<\/div>\n\t\t<\/section>\n\t\t\t\t<section class=\"elementor-section elementor-top-section elementor-element elementor-element-3594982 elementor-section-boxed elementor-section-height-default elementor-section-height-default\" data-id=\"3594982\" data-element_type=\"section\">\n\t\t\t\t\t\t<div class=\"elementor-container elementor-column-gap-default\">\n\t\t\t\t\t<div class=\"elementor-column elementor-col-100 elementor-top-column elementor-element elementor-element-0fc62a5\" data-id=\"0fc62a5\" data-element_type=\"column\">\n\t\t\t<div class=\"elementor-widget-wrap elementor-element-populated\">\n\t\t\t\t\t\t<div class=\"elementor-element elementor-element-264529a elementor-widget elementor-widget-text-editor\" data-id=\"264529a\" data-element_type=\"widget\" data-widget_type=\"text-editor.default\">\n\t\t\t\t<div class=\"elementor-widget-container\">\n\t\t\t\t\t\t\t\t\t<p><em>Mikro-, kis- \u00e9s k\u00f6z\u00e9pv\u00e1llalkoz\u00e1sokra vonatkoz\u00f3 szab\u00e1lyok<\/em><\/p><p>A javaslat alapj\u00e1n az ESG t\u00f6rv\u00e9ny hat\u00e1lya <strong>2027. j\u00fanius 30-ig<\/strong> m\u00e9g annyira sem terjedne ki a kkv-ra \u00e9s mikrov\u00e1llalkoz\u00e1sra, hogy a t\u00f6rv\u00e9ny \u00e1ltal k\u00f6telezettek b\u00e1rmilyen ESG adatot k\u00e9rhetn\u00e9nek t\u0151l\u00fck. Eddig az id\u0151pontig teh\u00e1t<strong> a mikro-, kis- vagy k\u00f6z\u00e9pv\u00e1llalkoz\u00e1snak min\u0151s\u00fcl\u0151 besz\u00e1ll\u00edt\u00f3kt\u00f3l semmilyen ESG adatszolg\u00e1ltat\u00e1s nem k\u00e9rhet\u0151<\/strong>. Ennek megfelel\u0151en a besz\u00e1ll\u00edt\u00f3k \u00e1tvil\u00e1g\u00edt\u00e1s\u00e1ra vonatkoz\u00f3 k\u00f6telezetts\u00e9geinek a tov\u00e1bbra is k\u00f6telezett nagyv\u00e1llalkoz\u00e1sok csak olyan besz\u00e1ll\u00edt\u00f3ik tekintet\u00e9ben tudnak eleget tenni, akik maguk is nagyv\u00e1llalkoz\u00e1snak min\u0151s\u00fclnek. Ezzel gyakorlatilag a t\u00f6rv\u00e9ny eredeti c\u00e9lj\u00e1nak megfelel\u0151 fenntarthat\u00f3s\u00e1gi c\u00e9l\u00fa \u00e1tvil\u00e1g\u00edt\u00e1si k\u00f6telezetts\u00e9geiknek csak a 2028. \u00fczleti \u00e9v tekintet\u00e9ben tudnak majd eleget tenni.<\/p><p>A mikro-, kis- \u00e9s k\u00f6z\u00e9pv\u00e1llalkoz\u00e1s sz\u00e1ll\u00edt\u00f3 szint\u00e9n <strong>nem k\u00f6teles sz\u00e1ll\u00edt\u00f3i k\u00e9rd\u0151\u00edvet kit\u00f6lteni<\/strong> (\u00e9s a megrendel\u0151je nem jogosult ilyen k\u00e9rd\u0151\u00edv kit\u00f6lt\u00e9s\u00e9re k\u00e9rni), <strong>ha<\/strong> <strong>rendelkezik \u00e1llami ESG min\u0151s\u00edt\u00e9ssel<\/strong>. Fontos teh\u00e1t, hogy kiz\u00e1r\u00f3lag a Korm\u00e1nyrendeletben kijel\u00f6lt \u00e1llami ESG min\u0151s\u00edt\u0151 \u00e1ltal ki\u00e1ll\u00edtott min\u0151s\u00edt\u00e9sek felelnek meg ennek a c\u00e9lnak, az \u2013 ak\u00e1r hazai, ak\u00e1r k\u00fclf\u00f6ldi \u2013 ESG min\u0151s\u00edt\u0151k \u00e1ltal ki\u00e1ll\u00edtottak nem.<\/p>\t\t\t\t\t\t\t\t<\/div>\n\t\t\t\t<\/div>\n\t\t\t\t\t<\/div>\n\t\t<\/div>\n\t\t\t\t\t<\/div>\n\t\t<\/section>\n\t\t\t\t<section class=\"elementor-section elementor-top-section elementor-element elementor-element-ce4b49c elementor-section-boxed elementor-section-height-default elementor-section-height-default\" data-id=\"ce4b49c\" data-element_type=\"section\">\n\t\t\t\t\t\t<div class=\"elementor-container elementor-column-gap-default\">\n\t\t\t\t\t<div class=\"elementor-column elementor-col-100 elementor-top-column elementor-element elementor-element-f5af369\" data-id=\"f5af369\" data-element_type=\"column\">\n\t\t\t<div class=\"elementor-widget-wrap elementor-element-populated\">\n\t\t\t\t\t\t<div class=\"elementor-element elementor-element-c23cf01 elementor-widget elementor-widget-image\" data-id=\"c23cf01\" data-element_type=\"widget\" data-widget_type=\"image.default\">\n\t\t\t\t<div class=\"elementor-widget-container\">\n\t\t\t\t\t\t\t\t\t\t\t\t\t\t\t<img fetchpriority=\"high\" decoding=\"async\" width=\"1024\" height=\"275\" src=\"https:\/\/blogs.dlapiper.com\/advocatus\/files\/2025\/03\/esg-cikk-torveny-1024x275.png\" class=\"attachment-large size-large wp-image-5198\" alt=\"esg-cikk-torveny\" srcset=\"https:\/\/blogs.dlapiper.com\/advocatus\/files\/2025\/03\/esg-cikk-torveny-1024x275.png 1024w, https:\/\/blogs.dlapiper.com\/advocatus\/files\/2025\/03\/esg-cikk-torveny-300x81.png 300w, https:\/\/blogs.dlapiper.com\/advocatus\/files\/2025\/03\/esg-cikk-torveny-768x206.png 768w, https:\/\/blogs.dlapiper.com\/advocatus\/files\/2025\/03\/esg-cikk-torveny-1536x412.png 1536w, https:\/\/blogs.dlapiper.com\/advocatus\/files\/2025\/03\/esg-cikk-torveny-2048x550.png 2048w\" sizes=\"(max-width: 1024px) 100vw, 1024px\" \/>\t\t\t\t\t\t\t\t\t\t\t\t\t\t\t<\/div>\n\t\t\t\t<\/div>\n\t\t\t\t\t<\/div>\n\t\t<\/div>\n\t\t\t\t\t<\/div>\n\t\t<\/section>\n\t\t\t\t<section class=\"elementor-section elementor-top-section elementor-element elementor-element-1be73a7 elementor-section-boxed elementor-section-height-default elementor-section-height-default\" data-id=\"1be73a7\" data-element_type=\"section\">\n\t\t\t\t\t\t<div class=\"elementor-container elementor-column-gap-default\">\n\t\t\t\t\t<div class=\"elementor-column elementor-col-100 elementor-top-column elementor-element elementor-element-34924a7\" data-id=\"34924a7\" data-element_type=\"column\">\n\t\t\t<div class=\"elementor-widget-wrap elementor-element-populated\">\n\t\t\t\t\t\t<div class=\"elementor-element elementor-element-949b394 elementor-widget elementor-widget-spacer\" data-id=\"949b394\" data-element_type=\"widget\" data-widget_type=\"spacer.default\">\n\t\t\t\t<div class=\"elementor-widget-container\">\n\t\t\t\t\t\t\t<div class=\"elementor-spacer\">\n\t\t\t<div class=\"elementor-spacer-inner\"><\/div>\n\t\t<\/div>\n\t\t\t\t\t\t<\/div>\n\t\t\t\t<\/div>\n\t\t\t\t\t<\/div>\n\t\t<\/div>\n\t\t\t\t\t<\/div>\n\t\t<\/section>\n\t\t\t\t<section class=\"elementor-section elementor-top-section elementor-element elementor-element-df18f88 elementor-section-boxed elementor-section-height-default elementor-section-height-default\" data-id=\"df18f88\" data-element_type=\"section\">\n\t\t\t\t\t\t<div class=\"elementor-container elementor-column-gap-default\">\n\t\t\t\t\t<div class=\"elementor-column elementor-col-100 elementor-top-column elementor-element elementor-element-48565a0\" data-id=\"48565a0\" data-element_type=\"column\">\n\t\t\t<div class=\"elementor-widget-wrap elementor-element-populated\">\n\t\t\t\t\t\t<div class=\"elementor-element elementor-element-f97aaea elementor-widget elementor-widget-text-editor\" data-id=\"f97aaea\" data-element_type=\"widget\" data-widget_type=\"text-editor.default\">\n\t\t\t\t<div class=\"elementor-widget-container\">\n\t\t\t\t\t\t\t\t\t<h5><strong>Sz\u00e1ll\u00edt\u00f3kkal szemben alkalmazand\u00f3 int\u00e9zked\u00e9sek<\/strong><\/h5>\t\t\t\t\t\t\t\t<\/div>\n\t\t\t\t<\/div>\n\t\t\t\t\t<\/div>\n\t\t<\/div>\n\t\t\t\t\t<\/div>\n\t\t<\/section>\n\t\t\t\t<section class=\"elementor-section elementor-top-section elementor-element elementor-element-a6bc41e elementor-section-boxed elementor-section-height-default elementor-section-height-default\" data-id=\"a6bc41e\" data-element_type=\"section\">\n\t\t\t\t\t\t<div class=\"elementor-container elementor-column-gap-default\">\n\t\t\t\t\t<div class=\"elementor-column elementor-col-100 elementor-top-column elementor-element elementor-element-c6cae73\" data-id=\"c6cae73\" data-element_type=\"column\">\n\t\t\t<div class=\"elementor-widget-wrap elementor-element-populated\">\n\t\t\t\t\t\t<div class=\"elementor-element elementor-element-f6349af elementor-widget elementor-widget-text-editor\" data-id=\"f6349af\" data-element_type=\"widget\" data-widget_type=\"text-editor.default\">\n\t\t\t\t<div class=\"elementor-widget-container\">\n\t\t\t\t\t\t\t\t\t<p>Az ESG t\u00f6rv\u00e9ny el\u0151\u00edrja azokat az eszk\u00f6z\u00f6ket, amiket a v\u00e1llalkoz\u00e1s alkalmazhat vagy alkalmazni k\u00f6teles abban az esetben, ha a k\u00f6zvetlen sz\u00e1ll\u00edt\u00f3j\u00e1n\u00e1l v\u00e1llalati felel\u0151ss\u00e9gv\u00e1llal\u00e1ssal kapcsolatos vagy k\u00f6rnyezetv\u00e9delmi k\u00f6telezetts\u00e9g megs\u00e9rt\u00e9s\u00e9t tapasztalja. A t\u00f6rv\u00e9ny alapj\u00e1n a v\u00e1llalkoz\u00e1s jelenleg \u2013 t\u00f6bbek k\u00f6z\u00f6tt \u2013 k\u00f6teles bizonyos felt\u00e9telek fenn\u00e1ll\u00e1sa eset\u00e9n sz\u00e1ll\u00edt\u00f3j\u00e1val az \u00fczleti kapcsolatot 3 h\u00f3napra felf\u00fcggeszteni vagy s\u00falyosabb esetben megsz\u00fcntetni.<\/p><p>A fentieket a javaslat \u00fagy m\u00f3dos\u00edtan\u00e1, hogy a v\u00e1llalkoz\u00e1s az \u00fczleti kapcsolat felf\u00fcggeszt\u00e9s\u00e9re 30 napra lenne k\u00f6teles, valamint kiker\u00fclne a k\u00f6telez\u0151 int\u00e9zked\u00e9sek k\u00f6z\u00fcl az \u00fczleti kapcsolat megsz\u00fcntet\u00e9se. Ezek a v\u00e1ltoz\u00e1sok term\u00e9szetesen nem z\u00e1rj\u00e1k ki, hogy a v\u00e1llalkoz\u00e1s sz\u00e1ll\u00edt\u00f3ival szemben enn\u00e9l szigor\u00fabb int\u00e9zked\u00e9seket alkalmazzon.<\/p>\t\t\t\t\t\t\t\t<\/div>\n\t\t\t\t<\/div>\n\t\t\t\t\t<\/div>\n\t\t<\/div>\n\t\t\t\t\t<\/div>\n\t\t<\/section>\n\t\t\t\t<section class=\"elementor-section elementor-top-section elementor-element elementor-element-b1cdd39 elementor-section-boxed elementor-section-height-default elementor-section-height-default\" data-id=\"b1cdd39\" data-element_type=\"section\">\n\t\t\t\t\t\t<div class=\"elementor-container elementor-column-gap-default\">\n\t\t\t\t\t<div class=\"elementor-column elementor-col-100 elementor-top-column elementor-element elementor-element-89bfd59\" data-id=\"89bfd59\" data-element_type=\"column\">\n\t\t\t<div class=\"elementor-widget-wrap elementor-element-populated\">\n\t\t\t\t\t\t<div class=\"elementor-element elementor-element-0c17ae6 elementor-widget elementor-widget-text-editor\" data-id=\"0c17ae6\" data-element_type=\"widget\" data-widget_type=\"text-editor.default\">\n\t\t\t\t<div class=\"elementor-widget-container\">\n\t\t\t\t\t\t\t\t\t<h5><strong>ESG besz\u00e1mol\u00f3ra vonatkoz\u00f3 szab\u00e1lyok<\/strong><\/h5>\t\t\t\t\t\t\t\t<\/div>\n\t\t\t\t<\/div>\n\t\t\t\t\t<\/div>\n\t\t<\/div>\n\t\t\t\t\t<\/div>\n\t\t<\/section>\n\t\t\t\t<section class=\"elementor-section elementor-top-section elementor-element elementor-element-a97cdca elementor-section-boxed elementor-section-height-default elementor-section-height-default\" data-id=\"a97cdca\" data-element_type=\"section\">\n\t\t\t\t\t\t<div class=\"elementor-container elementor-column-gap-default\">\n\t\t\t\t\t<div class=\"elementor-column elementor-col-100 elementor-top-column elementor-element elementor-element-d27062e\" data-id=\"d27062e\" data-element_type=\"column\">\n\t\t\t<div class=\"elementor-widget-wrap elementor-element-populated\">\n\t\t\t\t\t\t<div class=\"elementor-element elementor-element-0ac4239 elementor-widget elementor-widget-text-editor\" data-id=\"0ac4239\" data-element_type=\"widget\" data-widget_type=\"text-editor.default\">\n\t\t\t\t<div class=\"elementor-widget-container\">\n\t\t\t\t\t\t\t\t\t<p>A javaslat alapj\u00e1n t\u00f6bb k\u00f6telezetts\u00e9g, illetve azok hat\u00e1lybal\u00e9p\u00e9si id\u0151pontja m\u00f3dosulna. <strong>Megsz\u0171nne az el\u0151audit int\u00e9zm\u00e9nye<\/strong>, \u00e9s az \u00e9rintett v\u00e1llalkoz\u00e1sok a 2027. \u00e9vr\u0151l lenn\u00e9nek k\u00f6telesek az ESG besz\u00e1mol\u00f3t az SZTFH r\u00e9sz\u00e9re beny\u00fajtani, illetve honlapjukon k\u00f6zz\u00e9tenni. Szint\u00e9n eltol\u00f3dna a t\u00e1rsadalmi felel\u0151ss\u00e9gv\u00e1llal\u00e1si strat\u00e9gia els\u0151 k\u00f6zz\u00e9t\u00e9tel\u00e9nek id\u0151pontja.<\/p>\t\t\t\t\t\t\t\t<\/div>\n\t\t\t\t<\/div>\n\t\t\t\t\t<\/div>\n\t\t<\/div>\n\t\t\t\t\t<\/div>\n\t\t<\/section>\n\t\t\t\t<section class=\"elementor-section elementor-top-section elementor-element elementor-element-240c25d elementor-section-boxed elementor-section-height-default elementor-section-height-default\" data-id=\"240c25d\" data-element_type=\"section\">\n\t\t\t\t\t\t<div class=\"elementor-container elementor-column-gap-default\">\n\t\t\t\t\t<div class=\"elementor-column elementor-col-100 elementor-top-column elementor-element elementor-element-5d09f3b\" data-id=\"5d09f3b\" data-element_type=\"column\">\n\t\t\t<div class=\"elementor-widget-wrap elementor-element-populated\">\n\t\t\t\t\t\t<div class=\"elementor-element elementor-element-6533fe4 elementor-widget elementor-widget-image\" data-id=\"6533fe4\" data-element_type=\"widget\" data-widget_type=\"image.default\">\n\t\t\t\t<div class=\"elementor-widget-container\">\n\t\t\t\t\t\t\t\t\t\t\t\t\t\t\t<img decoding=\"async\" width=\"1024\" height=\"360\" src=\"https:\/\/blogs.dlapiper.com\/advocatus\/files\/2025\/03\/esg-cikk-torveny-2-1024x360.png\" class=\"attachment-large size-large wp-image-5199\" alt=\"\" srcset=\"https:\/\/blogs.dlapiper.com\/advocatus\/files\/2025\/03\/esg-cikk-torveny-2-1024x360.png 1024w, https:\/\/blogs.dlapiper.com\/advocatus\/files\/2025\/03\/esg-cikk-torveny-2-300x106.png 300w, https:\/\/blogs.dlapiper.com\/advocatus\/files\/2025\/03\/esg-cikk-torveny-2-768x270.png 768w, https:\/\/blogs.dlapiper.com\/advocatus\/files\/2025\/03\/esg-cikk-torveny-2-1536x540.png 1536w, https:\/\/blogs.dlapiper.com\/advocatus\/files\/2025\/03\/esg-cikk-torveny-2-2048x721.png 2048w\" sizes=\"(max-width: 1024px) 100vw, 1024px\" \/>\t\t\t\t\t\t\t\t\t\t\t\t\t\t\t<\/div>\n\t\t\t\t<\/div>\n\t\t\t\t\t<\/div>\n\t\t<\/div>\n\t\t\t\t\t<\/div>\n\t\t<\/section>\n\t\t\t\t<section class=\"elementor-section elementor-top-section elementor-element elementor-element-6c128fc elementor-section-boxed elementor-section-height-default elementor-section-height-default\" data-id=\"6c128fc\" data-element_type=\"section\">\n\t\t\t\t\t\t<div class=\"elementor-container elementor-column-gap-default\">\n\t\t\t\t\t<div class=\"elementor-column elementor-col-100 elementor-top-column elementor-element elementor-element-aa4e550\" data-id=\"aa4e550\" data-element_type=\"column\">\n\t\t\t<div class=\"elementor-widget-wrap elementor-element-populated\">\n\t\t\t\t\t\t<div class=\"elementor-element elementor-element-9b69ec9 elementor-widget elementor-widget-spacer\" data-id=\"9b69ec9\" data-element_type=\"widget\" data-widget_type=\"spacer.default\">\n\t\t\t\t<div class=\"elementor-widget-container\">\n\t\t\t\t\t\t\t<div class=\"elementor-spacer\">\n\t\t\t<div class=\"elementor-spacer-inner\"><\/div>\n\t\t<\/div>\n\t\t\t\t\t\t<\/div>\n\t\t\t\t<\/div>\n\t\t\t\t\t<\/div>\n\t\t<\/div>\n\t\t\t\t\t<\/div>\n\t\t<\/section>\n\t\t\t\t<section class=\"elementor-section elementor-top-section elementor-element elementor-element-0fc6513 elementor-section-boxed elementor-section-height-default elementor-section-height-default\" data-id=\"0fc6513\" data-element_type=\"section\">\n\t\t\t\t\t\t<div class=\"elementor-container elementor-column-gap-default\">\n\t\t\t\t\t<div class=\"elementor-column elementor-col-100 elementor-top-column elementor-element elementor-element-0f81953\" data-id=\"0f81953\" data-element_type=\"column\">\n\t\t\t<div class=\"elementor-widget-wrap elementor-element-populated\">\n\t\t\t\t\t\t<div class=\"elementor-element elementor-element-cbbc63d elementor-widget elementor-widget-text-editor\" data-id=\"cbbc63d\" data-element_type=\"widget\" data-widget_type=\"text-editor.default\">\n\t\t\t\t<div class=\"elementor-widget-container\">\n\t\t\t\t\t\t\t\t\t<h5><strong>ESG tan\u00fas\u00edt\u00f3k akkredit\u00e1l\u00e1s\u00e1ra vonatkoz\u00f3 \u00faj szab\u00e1lyok<\/strong><\/h5>\t\t\t\t\t\t\t\t<\/div>\n\t\t\t\t<\/div>\n\t\t\t\t\t<\/div>\n\t\t<\/div>\n\t\t\t\t\t<\/div>\n\t\t<\/section>\n\t\t\t\t<section class=\"elementor-section elementor-top-section elementor-element elementor-element-db9dc3f elementor-section-boxed elementor-section-height-default elementor-section-height-default\" data-id=\"db9dc3f\" data-element_type=\"section\">\n\t\t\t\t\t\t<div class=\"elementor-container elementor-column-gap-default\">\n\t\t\t\t\t<div class=\"elementor-column elementor-col-100 elementor-top-column elementor-element elementor-element-f09755c\" data-id=\"f09755c\" data-element_type=\"column\">\n\t\t\t<div class=\"elementor-widget-wrap elementor-element-populated\">\n\t\t\t\t\t\t<div class=\"elementor-element elementor-element-6966dee elementor-widget elementor-widget-text-editor\" data-id=\"6966dee\" data-element_type=\"widget\" data-widget_type=\"text-editor.default\">\n\t\t\t\t<div class=\"elementor-widget-container\">\n\t\t\t\t\t\t\t\t\t<p>A m\u00f3dos\u00edt\u00f3 javaslat alapj\u00e1n az ESG tan\u00fas\u00edt\u00f3kat tov\u00e1bbra is az SZTFH tartan\u00e1 nyilv\u00e1n, akkredit\u00e1ci\u00f3jukat azonban a tov\u00e1bbiakban nem az SZTFH, hanem a nemzeti akkredit\u00e1ci\u00f3s t\u00f6rv\u00e9ny szerint kijel\u00f6lt szem\u00e9ly v\u00e9gzi. Az akkredit\u00e1ci\u00f3s k\u00f6vetelm\u00e9nyek meghat\u00e1roz\u00e1sa tov\u00e1bbra is a Korm\u00e1ny hat\u00e1sk\u00f6r\u00e9be tartozik.<\/p>\t\t\t\t\t\t\t\t<\/div>\n\t\t\t\t<\/div>\n\t\t\t\t\t<\/div>\n\t\t<\/div>\n\t\t\t\t\t<\/div>\n\t\t<\/section>\n\t\t\t\t<section class=\"elementor-section elementor-top-section elementor-element elementor-element-0c541f9 elementor-section-boxed elementor-section-height-default elementor-section-height-default\" data-id=\"0c541f9\" data-element_type=\"section\">\n\t\t\t\t\t\t<div class=\"elementor-container elementor-column-gap-default\">\n\t\t\t\t\t<div class=\"elementor-column elementor-col-100 elementor-top-column elementor-element elementor-element-b40f4ff\" data-id=\"b40f4ff\" data-element_type=\"column\">\n\t\t\t<div class=\"elementor-widget-wrap elementor-element-populated\">\n\t\t\t\t\t\t<div class=\"elementor-element elementor-element-6ad15ec elementor-widget elementor-widget-text-editor\" data-id=\"6ad15ec\" data-element_type=\"widget\" data-widget_type=\"text-editor.default\">\n\t\t\t\t<div class=\"elementor-widget-container\">\n\t\t\t\t\t\t\t\t\t<p><em>Szerz\u0151: Dr\u00e1novits D\u00f3ra<\/em><\/p>\t\t\t\t\t\t\t\t<\/div>\n\t\t\t\t<\/div>\n\t\t\t\t\t<\/div>\n\t\t<\/div>\n\t\t\t\t\t<\/div>\n\t\t<\/section>\n\t\t\t\t<section class=\"elementor-section elementor-top-section elementor-element elementor-element-61ca773 elementor-section-boxed elementor-section-height-default elementor-section-height-default\" data-id=\"61ca773\" data-element_type=\"section\">\n\t\t\t\t\t\t<div class=\"elementor-container elementor-column-gap-default\">\n\t\t\t\t\t<div class=\"elementor-column elementor-col-50 elementor-top-column elementor-element elementor-element-df34a22\" data-id=\"df34a22\" data-element_type=\"column\">\n\t\t\t<div class=\"elementor-widget-wrap elementor-element-populated\">\n\t\t\t\t\t\t<div class=\"elementor-element elementor-element-a9a8535 elementor-flip-box--direction-left elementor-flip-box--effect-flip elementor-widget elementor-widget-global elementor-global-4681 elementor-widget-flip-box\" data-id=\"a9a8535\" data-element_type=\"widget\" data-widget_type=\"flip-box.default\">\n\t\t\t\t<div class=\"elementor-widget-container\">\n\t\t\t\t\t\t\t<div class=\"elementor-flip-box\" tabindex=\"0\">\n\t\t\t<div class=\"elementor-flip-box__layer elementor-flip-box__front\">\n\t\t\t\t<div class=\"elementor-flip-box__layer__overlay\">\n\t\t\t\t\t<div class=\"elementor-flip-box__layer__inner\">\n\t\t\t\t\t\t\t\t\t\t\t\t\t<div class=\"elementor-flip-box__image\">\n\t\t\t\t\t\t\t\t<img decoding=\"async\" src=\"https:\/\/blogs.dlapiper.com\/advocatus\/files\/elementor\/thumbs\/DLA-Piper-Hungary-27-qielb8t8ged6hj3c6cegs567fuuo3fxn79htj99374.png\" title=\"Dr\u00e1novits D\u00f3ra\" alt=\"Dr\u00e1novits D\u00f3ra\" loading=\"lazy\" \/>\t\t\t\t\t\t\t<\/div>\n\t\t\t\t\t\t\n\t\t\t\t\t\t\t\t\t\t\t\t\t<h3 class=\"elementor-flip-box__layer__title\">\n\t\t\t\t\t\t\t\tDr\u00e1novits D\u00f3ra*\t\t\t\t\t\t\t<\/h3>\n\t\t\t\t\t\t\n\t\t\t\t\t\t\t\t\t\t\t\t\t<div class=\"elementor-flip-box__layer__description\">\n\t\t\t\t\t\t\t\tSzenior \u00fcgyv\u00e9d, <p> az ESG szakter\u00fclet szakmai koordin\u00e1tora, <br> Projektfejleszt\u00e9si \u00e9s Restruktur\u00e1l\u00e1si csoport\t\t\t\t\t\t\t<\/div>\n\t\t\t\t\t\t\t\t\t\t\t<\/div>\n\t\t\t\t<\/div>\n\t\t\t<\/div>\n\t\t\t<a class=\"elementor-flip-box__layer elementor-flip-box__back\" href=\"mailto:dora.dranovits@dlapiper.com\">\n\t\t\t<div class=\"elementor-flip-box__layer__overlay\">\n\t\t\t\t<div class=\"elementor-flip-box__layer__inner\">\n\t\t\t\t\t\t\t\t\t\t\t<h3 class=\"elementor-flip-box__layer__title\">\n\t\t\t\t\t\t\tDr\u00e1novits D\u00f3ra\t\t\t\t\t\t<\/h3>\n\t\t\t\t\t\n\t\t\t\t\t\t\t\t\t\t\t<div class=\"elementor-flip-box__layer__description\">\n\t\t\t\t\t\t\tDr\u00e1novits D\u00f3ra t\u00f6bb, mint 15 \u00e9ves tapasztalattal rendelkezik az ingatlanfejleszt\u00e9s \u00e9s infrastrukt\u00fara-beruh\u00e1z\u00e1sok ter\u00fclet\u00e9n, melynek sor\u00e1n a projektek teljes \u00e9lettartam\u00e1ban, a tervez\u00e9st\u0151l az \u00fczemeltet\u00e9sig adott tan\u00e1csot \u00fcgyfeleinek, ide \u00e9rtve a szab\u00e1lyoz\u00e1si, beszerz\u00e9si \u00e9s finansz\u00edroz\u00e1si k\u00e9rd\u00e9seket is. D\u00f3ra szint\u00e9n jelent\u0151s tapasztalattal rendelkezik a strat\u00e9giai d\u00f6nt\u00e9shozatal, compliance \u00fcgyek, valamint a bels\u0151 folyamatok \u00e9s szab\u00e1lyzatok kialak\u00edt\u00e1s\u00e1nak jogi t\u00e1mogat\u00e1s\u00e1ban.\n\n\t\t\t\t\t\t<\/div>\n\t\t\t\t\t\n\t\t\t\t\t\t\t\t\t\t\t<span class=\"elementor-flip-box__button elementor-button elementor-size-xs\">\n\t\t\t\t\t\t\tE-mailt k\u00fcld\u00f6k\t\t\t\t\t\t<\/span>\n\t\t\t\t\t\t\t\t<\/div>\n\t\t<\/div>\n\t\t<\/a>\n\t\t<\/div>\n\t\t\t\t\t\t<\/div>\n\t\t\t\t<\/div>\n\t\t\t\t\t<\/div>\n\t\t<\/div>\n\t\t\t\t<div class=\"elementor-column elementor-col-50 elementor-top-column elementor-element elementor-element-5e14877\" data-id=\"5e14877\" data-element_type=\"column\">\n\t\t\t<div class=\"elementor-widget-wrap\">\n\t\t\t\t\t\t\t<\/div>\n\t\t<\/div>\n\t\t\t\t\t<\/div>\n\t\t<\/section>\n\t\t\t\t<section class=\"elementor-section elementor-top-section elementor-element elementor-element-db085dd elementor-section-boxed elementor-section-height-default elementor-section-height-default\" data-id=\"db085dd\" data-element_type=\"section\">\n\t\t\t\t\t\t<div class=\"elementor-container elementor-column-gap-default\">\n\t\t\t\t\t<div class=\"elementor-column elementor-col-100 elementor-top-column elementor-element elementor-element-ded84cc\" data-id=\"ded84cc\" data-element_type=\"column\">\n\t\t\t<div class=\"elementor-widget-wrap elementor-element-populated\">\n\t\t\t\t\t\t<div class=\"elementor-element elementor-element-76e7da8 elementor-widget elementor-widget-spacer\" data-id=\"76e7da8\" data-element_type=\"widget\" data-widget_type=\"spacer.default\">\n\t\t\t\t<div class=\"elementor-widget-container\">\n\t\t\t\t\t\t\t<div class=\"elementor-spacer\">\n\t\t\t<div class=\"elementor-spacer-inner\"><\/div>\n\t\t<\/div>\n\t\t\t\t\t\t<\/div>\n\t\t\t\t<\/div>\n\t\t\t\t\t<\/div>\n\t\t<\/div>\n\t\t\t\t\t<\/div>\n\t\t<\/section>\n\t\t\t\t<section class=\"elementor-section elementor-top-section elementor-element elementor-element-5fbc6002 elementor-section-height-min-height elementor-section-boxed elementor-section-height-default elementor-section-items-middle\" data-id=\"5fbc6002\" data-element_type=\"section\">\n\t\t\t\t\t\t<div class=\"elementor-container elementor-column-gap-narrow\">\n\t\t\t\t\t<div class=\"elementor-column elementor-col-50 elementor-top-column elementor-element elementor-element-208a0667\" data-id=\"208a0667\" data-element_type=\"column\">\n\t\t\t<div class=\"elementor-widget-wrap elementor-element-populated\">\n\t\t\t\t\t\t<div class=\"elementor-element elementor-element-69262d2e elementor-widget elementor-widget-text-editor\" data-id=\"69262d2e\" data-element_type=\"widget\" data-widget_type=\"text-editor.default\">\n\t\t\t\t<div class=\"elementor-widget-container\">\n\t\t\t\t\t\t\t\t\t<h2 class=\"elementor-heading-title elementor-size-default\" style=\"font-size: 18px;font-style: normal;margin-bottom: 0px;line-height: 1\"><b>K\u00e9rd\u00e9se van? Keressen minket bizalommal!<\/b><\/h2>\t\t\t\t\t\t\t\t<\/div>\n\t\t\t\t<\/div>\n\t\t\t\t<div class=\"elementor-element elementor-element-3d496299 elementor-align-center elementor-widget elementor-widget-button\" data-id=\"3d496299\" data-element_type=\"widget\" data-widget_type=\"button.default\">\n\t\t\t\t<div class=\"elementor-widget-container\">\n\t\t\t\t\t\t\t\t\t<div class=\"elementor-button-wrapper\">\n\t\t\t\t\t<a class=\"elementor-button elementor-button-link elementor-size-sm\" href=\"mailto:hungary@dlapiper.com\">\n\t\t\t\t\t\t<span class=\"elementor-button-content-wrapper\">\n\t\t\t\t\t\t\t\t\t<span class=\"elementor-button-text\">Kapcsolatfelv\u00e9tel<\/span>\n\t\t\t\t\t<\/span>\n\t\t\t\t\t<\/a>\n\t\t\t\t<\/div>\n\t\t\t\t\t\t\t\t<\/div>\n\t\t\t\t<\/div>\n\t\t\t\t\t<\/div>\n\t\t<\/div>\n\t\t\t\t<div class=\"elementor-column elementor-col-50 elementor-top-column elementor-element elementor-element-2175b989\" data-id=\"2175b989\" data-element_type=\"column\">\n\t\t\t<div class=\"elementor-widget-wrap elementor-element-populated\">\n\t\t\t\t\t\t<div class=\"elementor-element elementor-element-6ec1c38f elementor-widget elementor-widget-text-editor\" data-id=\"6ec1c38f\" data-element_type=\"widget\" data-widget_type=\"text-editor.default\">\n\t\t\t\t<div class=\"elementor-widget-container\">\n\t\t\t\t\t\t\t\t\t<h2 class=\"elementor-heading-title elementor-size-default\" style=\"font-size: 18px;font-style: normal;margin-bottom: 0px;line-height: 1\"><b>K\u00f6vesse LinkedIn oldalunkat!<\/b><\/h2>\t\t\t\t\t\t\t\t<\/div>\n\t\t\t\t<\/div>\n\t\t\t\t<div class=\"elementor-element elementor-element-4c5b102d elementor-align-center elementor-widget elementor-widget-button\" data-id=\"4c5b102d\" data-element_type=\"widget\" data-widget_type=\"button.default\">\n\t\t\t\t<div class=\"elementor-widget-container\">\n\t\t\t\t\t\t\t\t\t<div class=\"elementor-button-wrapper\">\n\t\t\t\t\t<a class=\"elementor-button elementor-button-link elementor-size-sm\" href=\"https:\/\/www.linkedin.com\/showcase\/dla-piper-hungary\">\n\t\t\t\t\t\t<span class=\"elementor-button-content-wrapper\">\n\t\t\t\t\t\t\t\t\t<span class=\"elementor-button-text\">DLA Piper Hungary<\/span>\n\t\t\t\t\t<\/span>\n\t\t\t\t\t<\/a>\n\t\t\t\t<\/div>\n\t\t\t\t\t\t\t\t<\/div>\n\t\t\t\t<\/div>\n\t\t\t\t\t<\/div>\n\t\t<\/div>\n\t\t\t\t\t<\/div>\n\t\t<\/section>\n\t\t\t\t<section class=\"elementor-section elementor-top-section elementor-element elementor-element-a3ba2c4 elementor-section-boxed elementor-section-height-default elementor-section-height-default\" data-id=\"a3ba2c4\" data-element_type=\"section\">\n\t\t\t\t\t\t<div class=\"elementor-container elementor-column-gap-default\">\n\t\t\t\t\t<div class=\"elementor-column elementor-col-100 elementor-top-column elementor-element elementor-element-e1b2a86\" data-id=\"e1b2a86\" data-element_type=\"column\">\n\t\t\t<div class=\"elementor-widget-wrap elementor-element-populated\">\n\t\t\t\t\t\t<div class=\"elementor-element elementor-element-39856c8 elementor-widget elementor-widget-spacer\" data-id=\"39856c8\" data-element_type=\"widget\" data-widget_type=\"spacer.default\">\n\t\t\t\t<div class=\"elementor-widget-container\">\n\t\t\t\t\t\t\t<div class=\"elementor-spacer\">\n\t\t\t<div class=\"elementor-spacer-inner\"><\/div>\n\t\t<\/div>\n\t\t\t\t\t\t<\/div>\n\t\t\t\t<\/div>\n\t\t\t\t\t<\/div>\n\t\t<\/div>\n\t\t\t\t\t<\/div>\n\t\t<\/section>\n\t\t\t\t<section class=\"elementor-section elementor-top-section elementor-element elementor-element-86d7b2f elementor-section-boxed elementor-section-height-default elementor-section-height-default\" data-id=\"86d7b2f\" data-element_type=\"section\">\n\t\t\t\t\t\t<div class=\"elementor-container elementor-column-gap-default\">\n\t\t\t\t\t<div class=\"elementor-column elementor-col-100 elementor-top-column elementor-element elementor-element-18de034\" data-id=\"18de034\" data-element_type=\"column\">\n\t\t\t<div class=\"elementor-widget-wrap elementor-element-populated\">\n\t\t\t\t\t\t<div class=\"elementor-element elementor-element-9d6455c elementor-widget elementor-widget-text-editor\" data-id=\"9d6455c\" data-element_type=\"widget\" data-widget_type=\"text-editor.default\">\n\t\t\t\t<div class=\"elementor-widget-container\">\n\t\t\t\t\t\t\t\t\t<h4 style=\"text-align: center\"><strong>Tov\u00e1bbi tartalmaink ESG t\u00e9m\u00e1ban<\/strong><\/h4>\t\t\t\t\t\t\t\t<\/div>\n\t\t\t\t<\/div>\n\t\t\t\t\t<\/div>\n\t\t<\/div>\n\t\t\t\t\t<\/div>\n\t\t<\/section>\n\t\t\t\t<section class=\"elementor-section elementor-top-section elementor-element elementor-element-6454023 elementor-section-boxed elementor-section-height-default elementor-section-height-default\" data-id=\"6454023\" data-element_type=\"section\">\n\t\t\t\t\t\t<div class=\"elementor-container elementor-column-gap-default\">\n\t\t\t\t\t<div class=\"elementor-column elementor-col-100 elementor-top-column elementor-element elementor-element-bf9870f\" data-id=\"bf9870f\" data-element_type=\"column\">\n\t\t\t<div class=\"elementor-widget-wrap elementor-element-populated\">\n\t\t\t\t\t\t<div class=\"elementor-element elementor-element-6670dbb elementor-grid-3 elementor-grid-tablet-2 elementor-grid-mobile-1 elementor-posts--thumbnail-top elementor-posts--show-avatar elementor-card-shadow-yes elementor-posts__hover-gradient elementor-widget elementor-widget-posts\" data-id=\"6670dbb\" data-element_type=\"widget\" data-settings=\"{&quot;cards_columns&quot;:&quot;3&quot;,&quot;cards_columns_tablet&quot;:&quot;2&quot;,&quot;cards_columns_mobile&quot;:&quot;1&quot;,&quot;cards_row_gap&quot;:{&quot;unit&quot;:&quot;px&quot;,&quot;size&quot;:35,&quot;sizes&quot;:[]},&quot;cards_row_gap_tablet&quot;:{&quot;unit&quot;:&quot;px&quot;,&quot;size&quot;:&quot;&quot;,&quot;sizes&quot;:[]},&quot;cards_row_gap_mobile&quot;:{&quot;unit&quot;:&quot;px&quot;,&quot;size&quot;:&quot;&quot;,&quot;sizes&quot;:[]}}\" data-widget_type=\"posts.cards\">\n\t\t\t\t<div class=\"elementor-widget-container\">\n\t\t\t\t\t\t\t<div class=\"elementor-posts-container elementor-posts elementor-posts--skin-cards elementor-grid\" role=\"list\">\n\t\t\t\t<article class=\"elementor-post elementor-grid-item post-5448 post type-post status-publish format-standard has-post-thumbnail hentry category-esg tag-esg-torveny-modositasok\" role=\"listitem\">\n\t\t\t<div class=\"elementor-post__card\">\n\t\t\t\t<a class=\"elementor-post__thumbnail__link\" href=\"https:\/\/blogs.dlapiper.com\/advocatus\/2025\/06\/ujabb-konnyitesek-a-cegek-fenntarthatosagi-jelentesteteli-kotelezettsegeiben-elfogadtak-az-esg-torveny-es-a-szamviteli-torveny-modositasat\/\" tabindex=\"-1\" ><div class=\"elementor-post__thumbnail\"><img decoding=\"async\" width=\"1200\" height=\"300\" src=\"https:\/\/blogs.dlapiper.com\/advocatus\/files\/2025\/03\/esg-torveny.jpg\" class=\"attachment-full size-full wp-image-5203\" alt=\"esg-torveny\" srcset=\"https:\/\/blogs.dlapiper.com\/advocatus\/files\/2025\/03\/esg-torveny.jpg 1200w, https:\/\/blogs.dlapiper.com\/advocatus\/files\/2025\/03\/esg-torveny-300x75.jpg 300w, https:\/\/blogs.dlapiper.com\/advocatus\/files\/2025\/03\/esg-torveny-1024x256.jpg 1024w, https:\/\/blogs.dlapiper.com\/advocatus\/files\/2025\/03\/esg-torveny-768x192.jpg 768w\" sizes=\"(max-width: 1200px) 100vw, 1200px\" \/><\/div><\/a>\n\t\t\t\t<div class=\"elementor-post__badge\">ESG<\/div>\n\t\t\t\t<div class=\"elementor-post__avatar\">\n\t\t\t\t\t<\/div>\n\t\t\t\t<div class=\"elementor-post__text\">\n\t\t\t\t<h3 class=\"elementor-post__title\">\n\t\t\t<a href=\"https:\/\/blogs.dlapiper.com\/advocatus\/2025\/06\/ujabb-konnyitesek-a-cegek-fenntarthatosagi-jelentesteteli-kotelezettsegeiben-elfogadtak-az-esg-torveny-es-a-szamviteli-torveny-modositasat\/\" >\n\t\t\t\t\u00dajabb k\u00f6nny\u00edt\u00e9sek a c\u00e9gek fenntarthat\u00f3s\u00e1gi jelent\u00e9st\u00e9teli k\u00f6telezetts\u00e9geiben &#8211; elfogadt\u00e1k az ESG t\u00f6rv\u00e9ny \u00e9s a sz\u00e1mviteli t\u00f6rv\u00e9ny m\u00f3dos\u00edt\u00e1s\u00e1t\t\t\t<\/a>\n\t\t<\/h3>\n\t\t\t\t<div class=\"elementor-post__excerpt\">\n\t\t\t<p>Megjelent a 2023. \u00e9vi CVIII. t\u00f6rv\u00e9ny, azaz az ESG t\u00f6rv\u00e9ny \u00e9s a sz\u00e1mviteli t\u00f6rv\u00e9ny \u00fajabb m\u00f3dos\u00edt\u00e1sa, ami \u00fajabb k\u00f6nny\u00edt\u00e9seket hoz a hazai v\u00e1llalkoz\u00e1sok fenntarthat\u00f3s\u00e1gi \u00e9s kapcsol\u00f3d\u00f3 jelent\u00e9st\u00e9teli k\u00f6telezetts\u00e9geiben. <\/p>\n\t\t<\/div>\n\t\t\n\t\t<a class=\"elementor-post__read-more\" href=\"https:\/\/blogs.dlapiper.com\/advocatus\/2025\/06\/ujabb-konnyitesek-a-cegek-fenntarthatosagi-jelentesteteli-kotelezettsegeiben-elfogadtak-az-esg-torveny-es-a-szamviteli-torveny-modositasat\/\" aria-label=\"Read more about \u00dajabb k\u00f6nny\u00edt\u00e9sek a c\u00e9gek fenntarthat\u00f3s\u00e1gi jelent\u00e9st\u00e9teli k\u00f6telezetts\u00e9geiben &#8211; elfogadt\u00e1k az ESG t\u00f6rv\u00e9ny \u00e9s a sz\u00e1mviteli t\u00f6rv\u00e9ny m\u00f3dos\u00edt\u00e1s\u00e1t\" tabindex=\"-1\" >\n\t\t\tTov\u00e1bb \u00bb\t\t<\/a>\n\n\t\t\t\t<\/div>\n\t\t\t\t<div class=\"elementor-post__meta-data\">\n\t\t\t\t\t<span class=\"elementor-post-author\">\n\t\t\tDLA Piper\t\t<\/span>\n\t\t\t\t<span class=\"elementor-post-date\">\n\t\t\t2025-06-27\t\t<\/span>\n\t\t\t\t<\/div>\n\t\t\t\t\t<\/div>\n\t\t<\/article>\n\t\t\t\t<article class=\"elementor-post elementor-grid-item post-5197 post type-post status-publish format-standard has-post-thumbnail hentry category-esg tag-esg-jelentesteteli-kotelezettsegek tag-esg-torveny tag-modositasi-javaslat\" role=\"listitem\">\n\t\t\t<div class=\"elementor-post__card\">\n\t\t\t\t<a class=\"elementor-post__thumbnail__link\" href=\"https:\/\/blogs.dlapiper.com\/advocatus\/2025\/03\/ismet-valtozhat-az-esg-torveny-a-magyar-vallalkozasok-is-mentesulhetnek-az-esg-jelentesteteli-kotelezettsegek-alol\/\" tabindex=\"-1\" ><div class=\"elementor-post__thumbnail\"><img decoding=\"async\" width=\"1200\" height=\"300\" src=\"https:\/\/blogs.dlapiper.com\/advocatus\/files\/2025\/03\/esg-torveny.jpg\" class=\"attachment-full size-full wp-image-5203\" alt=\"esg-torveny\" srcset=\"https:\/\/blogs.dlapiper.com\/advocatus\/files\/2025\/03\/esg-torveny.jpg 1200w, https:\/\/blogs.dlapiper.com\/advocatus\/files\/2025\/03\/esg-torveny-300x75.jpg 300w, https:\/\/blogs.dlapiper.com\/advocatus\/files\/2025\/03\/esg-torveny-1024x256.jpg 1024w, https:\/\/blogs.dlapiper.com\/advocatus\/files\/2025\/03\/esg-torveny-768x192.jpg 768w\" sizes=\"(max-width: 1200px) 100vw, 1200px\" \/><\/div><\/a>\n\t\t\t\t<div class=\"elementor-post__badge\">ESG<\/div>\n\t\t\t\t<div class=\"elementor-post__avatar\">\n\t\t\t\t\t<\/div>\n\t\t\t\t<div class=\"elementor-post__text\">\n\t\t\t\t<h3 class=\"elementor-post__title\">\n\t\t\t<a href=\"https:\/\/blogs.dlapiper.com\/advocatus\/2025\/03\/ismet-valtozhat-az-esg-torveny-a-magyar-vallalkozasok-is-mentesulhetnek-az-esg-jelentesteteli-kotelezettsegek-alol\/\" >\n\t\t\t\tIsm\u00e9t v\u00e1ltozhat az ESG t\u00f6rv\u00e9ny \u2013 a magyar v\u00e1llalkoz\u00e1sok is mentes\u00fclhetnek az ESG jelent\u00e9st\u00e9teli k\u00f6telezetts\u00e9gek al\u00f3l\t\t\t<\/a>\n\t\t<\/h3>\n\t\t\t\t<div class=\"elementor-post__excerpt\">\n\t\t\t<p>A m\u00falt h\u00e9t v\u00e9g\u00e9n megjelent a Nemzetgazdas\u00e1gi Miniszt\u00e9rium \u00e9s az SZTFH \u00e1ltal jegyzett javaslat a 2023. \u00e9vi CVIII. t\u00f6rv\u00e9ny, azaz az ESG t\u00f6rv\u00e9ny \u00fajabb m\u00f3dos\u00edt\u00e1s\u00e1r\u00f3l. <\/p>\n\t\t<\/div>\n\t\t\n\t\t<a class=\"elementor-post__read-more\" href=\"https:\/\/blogs.dlapiper.com\/advocatus\/2025\/03\/ismet-valtozhat-az-esg-torveny-a-magyar-vallalkozasok-is-mentesulhetnek-az-esg-jelentesteteli-kotelezettsegek-alol\/\" aria-label=\"Read more about Ism\u00e9t v\u00e1ltozhat az ESG t\u00f6rv\u00e9ny \u2013 a magyar v\u00e1llalkoz\u00e1sok is mentes\u00fclhetnek az ESG jelent\u00e9st\u00e9teli k\u00f6telezetts\u00e9gek al\u00f3l\" tabindex=\"-1\" >\n\t\t\tTov\u00e1bb \u00bb\t\t<\/a>\n\n\t\t\t\t<\/div>\n\t\t\t\t<div class=\"elementor-post__meta-data\">\n\t\t\t\t\t<span class=\"elementor-post-author\">\n\t\t\tDLA Piper\t\t<\/span>\n\t\t\t\t<span class=\"elementor-post-date\">\n\t\t\t2025-03-24\t\t<\/span>\n\t\t\t\t<\/div>\n\t\t\t\t\t<\/div>\n\t\t<\/article>\n\t\t\t\t<article class=\"elementor-post elementor-grid-item post-5166 post type-post status-publish format-standard has-post-thumbnail hentry category-esg tag-cbam tag-csddd tag-csrd tag-javaslatcsomag tag-modositas tag-omnibusz\" role=\"listitem\">\n\t\t\t<div class=\"elementor-post__card\">\n\t\t\t\t<a class=\"elementor-post__thumbnail__link\" href=\"https:\/\/blogs.dlapiper.com\/advocatus\/2025\/03\/omnibusz-reszletesen-a-bizottsag-jelentesteteli-javaslatcsomagjarol\/\" tabindex=\"-1\" ><div class=\"elementor-post__thumbnail\"><img loading=\"lazy\" decoding=\"async\" width=\"1200\" height=\"300\" src=\"https:\/\/blogs.dlapiper.com\/advocatus\/files\/2025\/03\/advocatus-header-43.png\" class=\"attachment-full size-full wp-image-5179\" alt=\"Omnibusz ESG\" srcset=\"https:\/\/blogs.dlapiper.com\/advocatus\/files\/2025\/03\/advocatus-header-43.png 1200w, https:\/\/blogs.dlapiper.com\/advocatus\/files\/2025\/03\/advocatus-header-43-300x75.png 300w, https:\/\/blogs.dlapiper.com\/advocatus\/files\/2025\/03\/advocatus-header-43-1024x256.png 1024w, https:\/\/blogs.dlapiper.com\/advocatus\/files\/2025\/03\/advocatus-header-43-768x192.png 768w\" sizes=\"(max-width: 1200px) 100vw, 1200px\" \/><\/div><\/a>\n\t\t\t\t<div class=\"elementor-post__badge\">ESG<\/div>\n\t\t\t\t<div class=\"elementor-post__avatar\">\n\t\t\t\t\t<\/div>\n\t\t\t\t<div class=\"elementor-post__text\">\n\t\t\t\t<h3 class=\"elementor-post__title\">\n\t\t\t<a href=\"https:\/\/blogs.dlapiper.com\/advocatus\/2025\/03\/omnibusz-reszletesen-a-bizottsag-jelentesteteli-javaslatcsomagjarol\/\" >\n\t\t\t\tOmnibusz \u2013 R\u00e9szletesen a Bizotts\u00e1g jelent\u00e9st\u00e9teli javaslatcsomagj\u00e1r\u00f3l\t\t\t<\/a>\n\t\t<\/h3>\n\t\t\t\t<div class=\"elementor-post__excerpt\">\n\t\t\t<p>Az Eur\u00f3pai Bizotts\u00e1g 2025. febru\u00e1r 26-\u00e1n mutatta be \u00e1tfog\u00f3 javaslat\u00e1t a v\u00e1llalati fenntarthat\u00f3s\u00e1gi jelent\u00e9sr\u0151l sz\u00f3l\u00f3 ir\u00e1nyelv (CSRD), a v\u00e1llalati fenntarthat\u00f3s\u00e1gi \u00e1tvil\u00e1g\u00edt\u00e1si ir\u00e1nyelv (CSDDD) \u00e9s az uni\u00f3s taxon\u00f3miai rendelet m\u00f3dos\u00edt\u00e1s\u00e1ra. <\/p>\n\t\t<\/div>\n\t\t\n\t\t<a class=\"elementor-post__read-more\" href=\"https:\/\/blogs.dlapiper.com\/advocatus\/2025\/03\/omnibusz-reszletesen-a-bizottsag-jelentesteteli-javaslatcsomagjarol\/\" aria-label=\"Read more about Omnibusz \u2013 R\u00e9szletesen a Bizotts\u00e1g jelent\u00e9st\u00e9teli javaslatcsomagj\u00e1r\u00f3l\" tabindex=\"-1\" >\n\t\t\tTov\u00e1bb \u00bb\t\t<\/a>\n\n\t\t\t\t<\/div>\n\t\t\t\t<div class=\"elementor-post__meta-data\">\n\t\t\t\t\t<span class=\"elementor-post-author\">\n\t\t\tDLA Piper\t\t<\/span>\n\t\t\t\t<span class=\"elementor-post-date\">\n\t\t\t2025-03-14\t\t<\/span>\n\t\t\t\t<\/div>\n\t\t\t\t\t<\/div>\n\t\t<\/article>\n\t\t\t\t<\/div>\n\t\t\n\t\t\t\t\t\t<\/div>\n\t\t\t\t<\/div>\n\t\t\t\t\t<\/div>\n\t\t<\/div>\n\t\t\t\t\t<\/div>\n\t\t<\/section>\n\t\t\t\t<\/div>\n\t\t","protected":false},"excerpt":{"rendered":"<p>A m\u00falt h\u00e9t v\u00e9g\u00e9n megjelent a Nemzetgazdas\u00e1gi Miniszt\u00e9rium \u00e9s az SZTFH \u00e1ltal jegyzett javaslat a 2023. \u00e9vi CVIII. t\u00f6rv\u00e9ny, azaz az ESG t\u00f6rv\u00e9ny \u00fajabb m\u00f3dos\u00edt\u00e1s\u00e1r\u00f3l. <\/p>\n","protected":false},"author":1,"featured_media":5203,"comment_status":"closed","ping_status":"closed","sticky":false,"template":"","format":"standard","meta":{"site-sidebar-layout":"default","site-content-layout":"","ast-site-content-layout":"default","site-content-style":"default","site-sidebar-style":"default","ast-global-header-display":"","ast-banner-title-visibility":"","ast-main-header-display":"","ast-hfb-above-header-display":"","ast-hfb-below-header-display":"","ast-hfb-mobile-header-display":"","site-post-title":"","ast-breadcrumbs-content":"","ast-featured-img":"","footer-sml-layout":"","theme-transparent-header-meta":"","adv-header-id-meta":"","stick-header-meta":"","header-above-stick-meta":"","header-main-stick-meta":"","header-below-stick-meta":"","astra-migrate-meta-layouts":"set","ast-page-background-enabled":"default","ast-page-background-meta":{"desktop":{"background-color":"","background-image":"","background-repeat":"repeat","background-position":"center center","background-size":"auto","background-attachment":"scroll","background-type":"","background-media":"","overlay-type":"","overlay-color":"","overlay-opacity":"","overlay-gradient":""},"tablet":{"background-color":"","background-image":"","background-repeat":"repeat","background-position":"center center","background-size":"auto","background-attachment":"scroll","background-type":"","background-media":"","overlay-type":"","overlay-color":"","overlay-opacity":"","overlay-gradient":""},"mobile":{"background-color":"","background-image":"","background-repeat":"repeat","background-position":"center center","background-size":"auto","background-attachment":"scroll","background-type":"","background-media":"","overlay-type":"","overlay-color":"","overlay-opacity":"","overlay-gradient":""}},"ast-content-background-meta":{"desktop":{"background-color":"var(--ast-global-color-5)","background-image":"","background-repeat":"repeat","background-position":"center center","background-size":"auto","background-attachment":"scroll","background-type":"","background-media":"","overlay-type":"","overlay-color":"","overlay-opacity":"","overlay-gradient":""},"tablet":{"background-color":"var(--ast-global-color-5)","background-image":"","background-repeat":"repeat","background-position":"center center","background-size":"auto","background-attachment":"scroll","background-type":"","background-media":"","overlay-type":"","overlay-color":"","overlay-opacity":"","overlay-gradient":""},"mobile":{"background-color":"var(--ast-global-color-5)","background-image":"","background-repeat":"repeat","background-position":"center center","background-size":"auto","background-attachment":"scroll","background-type":"","background-media":"","overlay-type":"","overlay-color":"","overlay-opacity":"","overlay-gradient":""}},"footnotes":""},"categories":[1282],"tags":[1570,1393,1569],"coauthors":[705],"class_list":["post-5197","post","type-post","status-publish","format-standard","has-post-thumbnail","hentry","category-esg","tag-esg-jelentesteteli-kotelezettsegek","tag-esg-torveny","tag-modositasi-javaslat"],"yoast_head":"<!-- This site is optimized with the Yoast SEO plugin v26.1 - https:\/\/yoast.com\/wordpress\/plugins\/seo\/ -->\n<title>Ism\u00e9t v\u00e1ltozhat az ESG t\u00f6rv\u00e9ny \u2013 a magyar v\u00e1llalkoz\u00e1sok is mentes\u00fclhetnek az ESG jelent\u00e9st\u00e9teli k\u00f6telezetts\u00e9gek al\u00f3l<\/title>\n<meta name=\"description\" content=\"A m\u00falt h\u00e9t v\u00e9g\u00e9n megjelent a Nemzetgazdas\u00e1gi Miniszt\u00e9rium \u00e9s az SZTFH \u00e1ltal jegyzett javaslat a 2023. \u00e9vi CVIII. t\u00f6rv\u00e9ny, azaz az ESG t\u00f6rv\u00e9ny \u00fajabb m\u00f3dos\u00edt\u00e1s\u00e1r\u00f3l.\" \/>\n<meta name=\"robots\" content=\"index, follow, max-snippet:-1, max-image-preview:large, max-video-preview:-1\" \/>\n<link rel=\"canonical\" href=\"https:\/\/blogs.dlapiper.com\/advocatus\/2025\/03\/ismet-valtozhat-az-esg-torveny-a-magyar-vallalkozasok-is-mentesulhetnek-az-esg-jelentesteteli-kotelezettsegek-alol\/\" \/>\n<meta property=\"og:locale\" content=\"en_GB\" \/>\n<meta property=\"og:type\" content=\"article\" \/>\n<meta property=\"og:title\" content=\"Ism\u00e9t v\u00e1ltozhat az ESG t\u00f6rv\u00e9ny \u2013 a magyar v\u00e1llalkoz\u00e1sok is mentes\u00fclhetnek az ESG jelent\u00e9st\u00e9teli k\u00f6telezetts\u00e9gek al\u00f3l\" \/>\n<meta property=\"og:description\" content=\"A m\u00falt h\u00e9t v\u00e9g\u00e9n megjelent a Nemzetgazdas\u00e1gi Miniszt\u00e9rium \u00e9s az SZTFH \u00e1ltal jegyzett javaslat a 2023. \u00e9vi CVIII. t\u00f6rv\u00e9ny, azaz az ESG t\u00f6rv\u00e9ny \u00fajabb m\u00f3dos\u00edt\u00e1s\u00e1r\u00f3l.\" \/>\n<meta property=\"og:url\" content=\"https:\/\/blogs.dlapiper.com\/advocatus\/2025\/03\/ismet-valtozhat-az-esg-torveny-a-magyar-vallalkozasok-is-mentesulhetnek-az-esg-jelentesteteli-kotelezettsegek-alol\/\" \/>\n<meta property=\"og:site_name\" content=\"Advocatus\" \/>\n<meta property=\"article:published_time\" content=\"2025-03-24T15:00:46+00:00\" \/>\n<meta property=\"article:modified_time\" content=\"2025-03-25T08:09:21+00:00\" \/>\n<meta property=\"og:image\" content=\"https:\/\/blogs.dlapiper.com\/advocatus\/files\/2025\/03\/esg-torveny.jpg\" \/>\n\t<meta property=\"og:image:width\" content=\"1200\" \/>\n\t<meta property=\"og:image:height\" content=\"300\" \/>\n\t<meta property=\"og:image:type\" content=\"image\/jpeg\" \/>\n<meta name=\"author\" content=\"DLA Piper\" \/>\n<meta name=\"twitter:card\" content=\"summary_large_image\" \/>\n<meta name=\"twitter:label1\" content=\"Written by\" \/>\n\t<meta name=\"twitter:data1\" content=\"DLA Piper\" \/>\n\t<meta name=\"twitter:label2\" content=\"Estimated reading time\" \/>\n\t<meta name=\"twitter:data2\" content=\"5 minutes\" \/>\n<script type=\"application\/ld+json\" class=\"yoast-schema-graph\">{\"@context\":\"https:\/\/schema.org\",\"@graph\":[{\"@type\":\"Article\",\"@id\":\"https:\/\/blogs.dlapiper.com\/advocatus\/2025\/03\/ismet-valtozhat-az-esg-torveny-a-magyar-vallalkozasok-is-mentesulhetnek-az-esg-jelentesteteli-kotelezettsegek-alol\/#article\",\"isPartOf\":{\"@id\":\"https:\/\/blogs.dlapiper.com\/advocatus\/2025\/03\/ismet-valtozhat-az-esg-torveny-a-magyar-vallalkozasok-is-mentesulhetnek-az-esg-jelentesteteli-kotelezettsegek-alol\/\"},\"author\":{\"name\":\"DLA Piper\",\"@id\":\"https:\/\/blogs.dlapiper.com\/advocatus\/#\/schema\/person\/e4f1320bd6f7e07fbf942762d3bd3206\"},\"headline\":\"Ism\u00e9t v\u00e1ltozhat az ESG t\u00f6rv\u00e9ny \u2013 a magyar v\u00e1llalkoz\u00e1sok is mentes\u00fclhetnek az ESG jelent\u00e9st\u00e9teli k\u00f6telezetts\u00e9gek al\u00f3l\",\"datePublished\":\"2025-03-24T15:00:46+00:00\",\"dateModified\":\"2025-03-25T08:09:21+00:00\",\"mainEntityOfPage\":{\"@id\":\"https:\/\/blogs.dlapiper.com\/advocatus\/2025\/03\/ismet-valtozhat-az-esg-torveny-a-magyar-vallalkozasok-is-mentesulhetnek-az-esg-jelentesteteli-kotelezettsegek-alol\/\"},\"wordCount\":1524,\"publisher\":{\"@id\":\"https:\/\/blogs.dlapiper.com\/advocatus\/#organization\"},\"image\":{\"@id\":\"https:\/\/blogs.dlapiper.com\/advocatus\/2025\/03\/ismet-valtozhat-az-esg-torveny-a-magyar-vallalkozasok-is-mentesulhetnek-az-esg-jelentesteteli-kotelezettsegek-alol\/#primaryimage\"},\"thumbnailUrl\":\"https:\/\/blogs.dlapiper.com\/advocatus\/files\/2025\/03\/esg-torveny.jpg\",\"keywords\":[\"ESG jelent\u00e9st\u00e9teli k\u00f6telezetts\u00e9gek\",\"ESG t\u00f6rv\u00e9ny\",\"m\u00f3dos\u00edt\u00e1si javaslat\"],\"articleSection\":[\"ESG\"],\"inLanguage\":\"en-GB\"},{\"@type\":\"WebPage\",\"@id\":\"https:\/\/blogs.dlapiper.com\/advocatus\/2025\/03\/ismet-valtozhat-az-esg-torveny-a-magyar-vallalkozasok-is-mentesulhetnek-az-esg-jelentesteteli-kotelezettsegek-alol\/\",\"url\":\"https:\/\/blogs.dlapiper.com\/advocatus\/2025\/03\/ismet-valtozhat-az-esg-torveny-a-magyar-vallalkozasok-is-mentesulhetnek-az-esg-jelentesteteli-kotelezettsegek-alol\/\",\"name\":\"Ism\u00e9t v\u00e1ltozhat az ESG t\u00f6rv\u00e9ny \u2013 a magyar v\u00e1llalkoz\u00e1sok is mentes\u00fclhetnek az ESG jelent\u00e9st\u00e9teli k\u00f6telezetts\u00e9gek al\u00f3l\",\"isPartOf\":{\"@id\":\"https:\/\/blogs.dlapiper.com\/advocatus\/#website\"},\"primaryImageOfPage\":{\"@id\":\"https:\/\/blogs.dlapiper.com\/advocatus\/2025\/03\/ismet-valtozhat-az-esg-torveny-a-magyar-vallalkozasok-is-mentesulhetnek-az-esg-jelentesteteli-kotelezettsegek-alol\/#primaryimage\"},\"image\":{\"@id\":\"https:\/\/blogs.dlapiper.com\/advocatus\/2025\/03\/ismet-valtozhat-az-esg-torveny-a-magyar-vallalkozasok-is-mentesulhetnek-az-esg-jelentesteteli-kotelezettsegek-alol\/#primaryimage\"},\"thumbnailUrl\":\"https:\/\/blogs.dlapiper.com\/advocatus\/files\/2025\/03\/esg-torveny.jpg\",\"datePublished\":\"2025-03-24T15:00:46+00:00\",\"dateModified\":\"2025-03-25T08:09:21+00:00\",\"description\":\"A m\u00falt h\u00e9t v\u00e9g\u00e9n megjelent a Nemzetgazdas\u00e1gi Miniszt\u00e9rium \u00e9s az SZTFH \u00e1ltal jegyzett javaslat a 2023. \u00e9vi CVIII. t\u00f6rv\u00e9ny, azaz az ESG t\u00f6rv\u00e9ny \u00fajabb m\u00f3dos\u00edt\u00e1s\u00e1r\u00f3l.\",\"breadcrumb\":{\"@id\":\"https:\/\/blogs.dlapiper.com\/advocatus\/2025\/03\/ismet-valtozhat-az-esg-torveny-a-magyar-vallalkozasok-is-mentesulhetnek-az-esg-jelentesteteli-kotelezettsegek-alol\/#breadcrumb\"},\"inLanguage\":\"en-GB\",\"potentialAction\":[{\"@type\":\"ReadAction\",\"target\":[\"https:\/\/blogs.dlapiper.com\/advocatus\/2025\/03\/ismet-valtozhat-az-esg-torveny-a-magyar-vallalkozasok-is-mentesulhetnek-az-esg-jelentesteteli-kotelezettsegek-alol\/\"]}]},{\"@type\":\"ImageObject\",\"inLanguage\":\"en-GB\",\"@id\":\"https:\/\/blogs.dlapiper.com\/advocatus\/2025\/03\/ismet-valtozhat-az-esg-torveny-a-magyar-vallalkozasok-is-mentesulhetnek-az-esg-jelentesteteli-kotelezettsegek-alol\/#primaryimage\",\"url\":\"https:\/\/blogs.dlapiper.com\/advocatus\/files\/2025\/03\/esg-torveny.jpg\",\"contentUrl\":\"https:\/\/blogs.dlapiper.com\/advocatus\/files\/2025\/03\/esg-torveny.jpg\",\"width\":1200,\"height\":300,\"caption\":\"esg-torveny\"},{\"@type\":\"BreadcrumbList\",\"@id\":\"https:\/\/blogs.dlapiper.com\/advocatus\/2025\/03\/ismet-valtozhat-az-esg-torveny-a-magyar-vallalkozasok-is-mentesulhetnek-az-esg-jelentesteteli-kotelezettsegek-alol\/#breadcrumb\",\"itemListElement\":[{\"@type\":\"ListItem\",\"position\":1,\"name\":\"Home\",\"item\":\"https:\/\/blogs.dlapiper.com\/advocatus\/\"},{\"@type\":\"ListItem\",\"position\":2,\"name\":\"Ism\u00e9t v\u00e1ltozhat az ESG t\u00f6rv\u00e9ny \u2013 a magyar v\u00e1llalkoz\u00e1sok is mentes\u00fclhetnek az ESG jelent\u00e9st\u00e9teli k\u00f6telezetts\u00e9gek al\u00f3l\"}]},{\"@type\":\"WebSite\",\"@id\":\"https:\/\/blogs.dlapiper.com\/advocatus\/#website\",\"url\":\"https:\/\/blogs.dlapiper.com\/advocatus\/\",\"name\":\"Advocatus\",\"description\":\"A DLA Piper Jogi Blogja\",\"publisher\":{\"@id\":\"https:\/\/blogs.dlapiper.com\/advocatus\/#organization\"},\"potentialAction\":[{\"@type\":\"SearchAction\",\"target\":{\"@type\":\"EntryPoint\",\"urlTemplate\":\"https:\/\/blogs.dlapiper.com\/advocatus\/?s={search_term_string}\"},\"query-input\":{\"@type\":\"PropertyValueSpecification\",\"valueRequired\":true,\"valueName\":\"search_term_string\"}}],\"inLanguage\":\"en-GB\"},{\"@type\":\"Organization\",\"@id\":\"https:\/\/blogs.dlapiper.com\/advocatus\/#organization\",\"name\":\"Advocatus\",\"url\":\"https:\/\/blogs.dlapiper.com\/advocatus\/\",\"logo\":{\"@type\":\"ImageObject\",\"inLanguage\":\"en-GB\",\"@id\":\"https:\/\/blogs.dlapiper.com\/advocatus\/#\/schema\/logo\/image\/\",\"url\":\"https:\/\/blogs.dlapiper.com\/advocatus\/files\/2019\/06\/cropped-logo-144-1.png\",\"contentUrl\":\"https:\/\/blogs.dlapiper.com\/advocatus\/files\/2019\/06\/cropped-logo-144-1.png\",\"width\":223,\"height\":130,\"caption\":\"Advocatus\"},\"image\":{\"@id\":\"https:\/\/blogs.dlapiper.com\/advocatus\/#\/schema\/logo\/image\/\"},\"sameAs\":[\"https:\/\/www.linkedin.com\/showcase\/dla-piper-hungary\/\"]},{\"@type\":\"Person\",\"@id\":\"https:\/\/blogs.dlapiper.com\/advocatus\/#\/schema\/person\/e4f1320bd6f7e07fbf942762d3bd3206\",\"name\":\"DLA Piper\",\"url\":\"https:\/\/blogs.dlapiper.com\/advocatus\/author\/blogadmin\/\"}]}<\/script>\n<!-- \/ Yoast SEO plugin. -->","yoast_head_json":{"title":"Ism\u00e9t v\u00e1ltozhat az ESG t\u00f6rv\u00e9ny \u2013 a magyar v\u00e1llalkoz\u00e1sok is mentes\u00fclhetnek az ESG jelent\u00e9st\u00e9teli k\u00f6telezetts\u00e9gek al\u00f3l","description":"A m\u00falt h\u00e9t v\u00e9g\u00e9n megjelent a Nemzetgazdas\u00e1gi Miniszt\u00e9rium \u00e9s az SZTFH \u00e1ltal jegyzett javaslat a 2023. \u00e9vi CVIII. t\u00f6rv\u00e9ny, azaz az ESG t\u00f6rv\u00e9ny \u00fajabb m\u00f3dos\u00edt\u00e1s\u00e1r\u00f3l.","robots":{"index":"index","follow":"follow","max-snippet":"max-snippet:-1","max-image-preview":"max-image-preview:large","max-video-preview":"max-video-preview:-1"},"canonical":"https:\/\/blogs.dlapiper.com\/advocatus\/2025\/03\/ismet-valtozhat-az-esg-torveny-a-magyar-vallalkozasok-is-mentesulhetnek-az-esg-jelentesteteli-kotelezettsegek-alol\/","og_locale":"en_GB","og_type":"article","og_title":"Ism\u00e9t v\u00e1ltozhat az ESG t\u00f6rv\u00e9ny \u2013 a magyar v\u00e1llalkoz\u00e1sok is mentes\u00fclhetnek az ESG jelent\u00e9st\u00e9teli k\u00f6telezetts\u00e9gek al\u00f3l","og_description":"A m\u00falt h\u00e9t v\u00e9g\u00e9n megjelent a Nemzetgazdas\u00e1gi Miniszt\u00e9rium \u00e9s az SZTFH \u00e1ltal jegyzett javaslat a 2023. \u00e9vi CVIII. t\u00f6rv\u00e9ny, azaz az ESG t\u00f6rv\u00e9ny \u00fajabb m\u00f3dos\u00edt\u00e1s\u00e1r\u00f3l.","og_url":"https:\/\/blogs.dlapiper.com\/advocatus\/2025\/03\/ismet-valtozhat-az-esg-torveny-a-magyar-vallalkozasok-is-mentesulhetnek-az-esg-jelentesteteli-kotelezettsegek-alol\/","og_site_name":"Advocatus","article_published_time":"2025-03-24T15:00:46+00:00","article_modified_time":"2025-03-25T08:09:21+00:00","og_image":[{"width":1200,"height":300,"url":"https:\/\/blogs.dlapiper.com\/advocatus\/files\/2025\/03\/esg-torveny.jpg","type":"image\/jpeg"}],"author":"DLA Piper","twitter_card":"summary_large_image","twitter_misc":{"Written by":"DLA Piper","Estimated reading time":"5 minutes"},"schema":{"@context":"https:\/\/schema.org","@graph":[{"@type":"Article","@id":"https:\/\/blogs.dlapiper.com\/advocatus\/2025\/03\/ismet-valtozhat-az-esg-torveny-a-magyar-vallalkozasok-is-mentesulhetnek-az-esg-jelentesteteli-kotelezettsegek-alol\/#article","isPartOf":{"@id":"https:\/\/blogs.dlapiper.com\/advocatus\/2025\/03\/ismet-valtozhat-az-esg-torveny-a-magyar-vallalkozasok-is-mentesulhetnek-az-esg-jelentesteteli-kotelezettsegek-alol\/"},"author":{"name":"DLA Piper","@id":"https:\/\/blogs.dlapiper.com\/advocatus\/#\/schema\/person\/e4f1320bd6f7e07fbf942762d3bd3206"},"headline":"Ism\u00e9t v\u00e1ltozhat az ESG t\u00f6rv\u00e9ny \u2013 a magyar v\u00e1llalkoz\u00e1sok is mentes\u00fclhetnek az ESG jelent\u00e9st\u00e9teli k\u00f6telezetts\u00e9gek al\u00f3l","datePublished":"2025-03-24T15:00:46+00:00","dateModified":"2025-03-25T08:09:21+00:00","mainEntityOfPage":{"@id":"https:\/\/blogs.dlapiper.com\/advocatus\/2025\/03\/ismet-valtozhat-az-esg-torveny-a-magyar-vallalkozasok-is-mentesulhetnek-az-esg-jelentesteteli-kotelezettsegek-alol\/"},"wordCount":1524,"publisher":{"@id":"https:\/\/blogs.dlapiper.com\/advocatus\/#organization"},"image":{"@id":"https:\/\/blogs.dlapiper.com\/advocatus\/2025\/03\/ismet-valtozhat-az-esg-torveny-a-magyar-vallalkozasok-is-mentesulhetnek-az-esg-jelentesteteli-kotelezettsegek-alol\/#primaryimage"},"thumbnailUrl":"https:\/\/blogs.dlapiper.com\/advocatus\/files\/2025\/03\/esg-torveny.jpg","keywords":["ESG jelent\u00e9st\u00e9teli k\u00f6telezetts\u00e9gek","ESG t\u00f6rv\u00e9ny","m\u00f3dos\u00edt\u00e1si javaslat"],"articleSection":["ESG"],"inLanguage":"en-GB"},{"@type":"WebPage","@id":"https:\/\/blogs.dlapiper.com\/advocatus\/2025\/03\/ismet-valtozhat-az-esg-torveny-a-magyar-vallalkozasok-is-mentesulhetnek-az-esg-jelentesteteli-kotelezettsegek-alol\/","url":"https:\/\/blogs.dlapiper.com\/advocatus\/2025\/03\/ismet-valtozhat-az-esg-torveny-a-magyar-vallalkozasok-is-mentesulhetnek-az-esg-jelentesteteli-kotelezettsegek-alol\/","name":"Ism\u00e9t v\u00e1ltozhat az ESG t\u00f6rv\u00e9ny \u2013 a magyar v\u00e1llalkoz\u00e1sok is mentes\u00fclhetnek az ESG jelent\u00e9st\u00e9teli k\u00f6telezetts\u00e9gek al\u00f3l","isPartOf":{"@id":"https:\/\/blogs.dlapiper.com\/advocatus\/#website"},"primaryImageOfPage":{"@id":"https:\/\/blogs.dlapiper.com\/advocatus\/2025\/03\/ismet-valtozhat-az-esg-torveny-a-magyar-vallalkozasok-is-mentesulhetnek-az-esg-jelentesteteli-kotelezettsegek-alol\/#primaryimage"},"image":{"@id":"https:\/\/blogs.dlapiper.com\/advocatus\/2025\/03\/ismet-valtozhat-az-esg-torveny-a-magyar-vallalkozasok-is-mentesulhetnek-az-esg-jelentesteteli-kotelezettsegek-alol\/#primaryimage"},"thumbnailUrl":"https:\/\/blogs.dlapiper.com\/advocatus\/files\/2025\/03\/esg-torveny.jpg","datePublished":"2025-03-24T15:00:46+00:00","dateModified":"2025-03-25T08:09:21+00:00","description":"A m\u00falt h\u00e9t v\u00e9g\u00e9n megjelent a Nemzetgazdas\u00e1gi Miniszt\u00e9rium \u00e9s az SZTFH \u00e1ltal jegyzett javaslat a 2023. \u00e9vi CVIII. t\u00f6rv\u00e9ny, azaz az ESG t\u00f6rv\u00e9ny \u00fajabb m\u00f3dos\u00edt\u00e1s\u00e1r\u00f3l.","breadcrumb":{"@id":"https:\/\/blogs.dlapiper.com\/advocatus\/2025\/03\/ismet-valtozhat-az-esg-torveny-a-magyar-vallalkozasok-is-mentesulhetnek-az-esg-jelentesteteli-kotelezettsegek-alol\/#breadcrumb"},"inLanguage":"en-GB","potentialAction":[{"@type":"ReadAction","target":["https:\/\/blogs.dlapiper.com\/advocatus\/2025\/03\/ismet-valtozhat-az-esg-torveny-a-magyar-vallalkozasok-is-mentesulhetnek-az-esg-jelentesteteli-kotelezettsegek-alol\/"]}]},{"@type":"ImageObject","inLanguage":"en-GB","@id":"https:\/\/blogs.dlapiper.com\/advocatus\/2025\/03\/ismet-valtozhat-az-esg-torveny-a-magyar-vallalkozasok-is-mentesulhetnek-az-esg-jelentesteteli-kotelezettsegek-alol\/#primaryimage","url":"https:\/\/blogs.dlapiper.com\/advocatus\/files\/2025\/03\/esg-torveny.jpg","contentUrl":"https:\/\/blogs.dlapiper.com\/advocatus\/files\/2025\/03\/esg-torveny.jpg","width":1200,"height":300,"caption":"esg-torveny"},{"@type":"BreadcrumbList","@id":"https:\/\/blogs.dlapiper.com\/advocatus\/2025\/03\/ismet-valtozhat-az-esg-torveny-a-magyar-vallalkozasok-is-mentesulhetnek-az-esg-jelentesteteli-kotelezettsegek-alol\/#breadcrumb","itemListElement":[{"@type":"ListItem","position":1,"name":"Home","item":"https:\/\/blogs.dlapiper.com\/advocatus\/"},{"@type":"ListItem","position":2,"name":"Ism\u00e9t v\u00e1ltozhat az ESG t\u00f6rv\u00e9ny \u2013 a magyar v\u00e1llalkoz\u00e1sok is mentes\u00fclhetnek az ESG jelent\u00e9st\u00e9teli k\u00f6telezetts\u00e9gek al\u00f3l"}]},{"@type":"WebSite","@id":"https:\/\/blogs.dlapiper.com\/advocatus\/#website","url":"https:\/\/blogs.dlapiper.com\/advocatus\/","name":"Advocatus","description":"A DLA Piper Jogi Blogja","publisher":{"@id":"https:\/\/blogs.dlapiper.com\/advocatus\/#organization"},"potentialAction":[{"@type":"SearchAction","target":{"@type":"EntryPoint","urlTemplate":"https:\/\/blogs.dlapiper.com\/advocatus\/?s={search_term_string}"},"query-input":{"@type":"PropertyValueSpecification","valueRequired":true,"valueName":"search_term_string"}}],"inLanguage":"en-GB"},{"@type":"Organization","@id":"https:\/\/blogs.dlapiper.com\/advocatus\/#organization","name":"Advocatus","url":"https:\/\/blogs.dlapiper.com\/advocatus\/","logo":{"@type":"ImageObject","inLanguage":"en-GB","@id":"https:\/\/blogs.dlapiper.com\/advocatus\/#\/schema\/logo\/image\/","url":"https:\/\/blogs.dlapiper.com\/advocatus\/files\/2019\/06\/cropped-logo-144-1.png","contentUrl":"https:\/\/blogs.dlapiper.com\/advocatus\/files\/2019\/06\/cropped-logo-144-1.png","width":223,"height":130,"caption":"Advocatus"},"image":{"@id":"https:\/\/blogs.dlapiper.com\/advocatus\/#\/schema\/logo\/image\/"},"sameAs":["https:\/\/www.linkedin.com\/showcase\/dla-piper-hungary\/"]},{"@type":"Person","@id":"https:\/\/blogs.dlapiper.com\/advocatus\/#\/schema\/person\/e4f1320bd6f7e07fbf942762d3bd3206","name":"DLA Piper","url":"https:\/\/blogs.dlapiper.com\/advocatus\/author\/blogadmin\/"}]}},"_links":{"self":[{"href":"https:\/\/blogs.dlapiper.com\/advocatus\/wp-json\/wp\/v2\/posts\/5197","targetHints":{"allow":["GET"]}}],"collection":[{"href":"https:\/\/blogs.dlapiper.com\/advocatus\/wp-json\/wp\/v2\/posts"}],"about":[{"href":"https:\/\/blogs.dlapiper.com\/advocatus\/wp-json\/wp\/v2\/types\/post"}],"author":[{"embeddable":true,"href":"https:\/\/blogs.dlapiper.com\/advocatus\/wp-json\/wp\/v2\/users\/1"}],"replies":[{"embeddable":true,"href":"https:\/\/blogs.dlapiper.com\/advocatus\/wp-json\/wp\/v2\/comments?post=5197"}],"version-history":[{"count":0,"href":"https:\/\/blogs.dlapiper.com\/advocatus\/wp-json\/wp\/v2\/posts\/5197\/revisions"}],"wp:featuredmedia":[{"embeddable":true,"href":"https:\/\/blogs.dlapiper.com\/advocatus\/wp-json\/wp\/v2\/media\/5203"}],"wp:attachment":[{"href":"https:\/\/blogs.dlapiper.com\/advocatus\/wp-json\/wp\/v2\/media?parent=5197"}],"wp:term":[{"taxonomy":"category","embeddable":true,"href":"https:\/\/blogs.dlapiper.com\/advocatus\/wp-json\/wp\/v2\/categories?post=5197"},{"taxonomy":"post_tag","embeddable":true,"href":"https:\/\/blogs.dlapiper.com\/advocatus\/wp-json\/wp\/v2\/tags?post=5197"},{"taxonomy":"author","embeddable":true,"href":"https:\/\/blogs.dlapiper.com\/advocatus\/wp-json\/wp\/v2\/coauthors?post=5197"}],"curies":[{"name":"wp","href":"https:\/\/api.w.org\/{rel}","templated":true}]}}