{"id":5063,"date":"2024-12-09T13:31:46","date_gmt":"2024-12-09T12:31:46","guid":{"rendered":"https:\/\/blogs.dlapiper.com\/advocatus\/?p=5063"},"modified":"2024-12-12T15:22:24","modified_gmt":"2024-12-12T14:22:24","slug":"hogyan-tovabb-onvezetes-uj-kozlekedesi-kormanyzati-strategia-nemetorszagban","status":"publish","type":"post","link":"https:\/\/blogs.dlapiper.com\/advocatus\/2024\/12\/hogyan-tovabb-onvezetes-uj-kozlekedesi-kormanyzati-strategia-nemetorszagban\/","title":{"rendered":"Hogyan tov\u00e1bb \u00f6nvezet\u00e9s? \u00daj k\u00f6zleked\u00e9si korm\u00e1nyzati strat\u00e9gia N\u00e9metorsz\u00e1gban"},"content":{"rendered":"\t\t<div data-elementor-type=\"wp-post\" data-elementor-id=\"5063\" class=\"elementor elementor-5063\" data-elementor-post-type=\"post\">\n\t\t\t\t\t\t<section class=\"elementor-section elementor-top-section elementor-element elementor-element-a0f4e3d elementor-section-boxed elementor-section-height-default elementor-section-height-default\" data-id=\"a0f4e3d\" data-element_type=\"section\">\n\t\t\t\t\t\t<div class=\"elementor-container elementor-column-gap-default\">\n\t\t\t\t\t<div class=\"elementor-column elementor-col-100 elementor-top-column elementor-element elementor-element-6242fee\" data-id=\"6242fee\" data-element_type=\"column\">\n\t\t\t<div class=\"elementor-widget-wrap elementor-element-populated\">\n\t\t\t\t\t\t<div class=\"elementor-element elementor-element-9d7d8ce elementor-widget elementor-widget-spacer\" data-id=\"9d7d8ce\" data-element_type=\"widget\" data-widget_type=\"spacer.default\">\n\t\t\t\t<div class=\"elementor-widget-container\">\n\t\t\t\t\t\t\t<div class=\"elementor-spacer\">\n\t\t\t<div class=\"elementor-spacer-inner\"><\/div>\n\t\t<\/div>\n\t\t\t\t\t\t<\/div>\n\t\t\t\t<\/div>\n\t\t\t\t\t<\/div>\n\t\t<\/div>\n\t\t\t\t\t<\/div>\n\t\t<\/section>\n\t\t\t\t<section class=\"elementor-section elementor-top-section elementor-element elementor-element-2180465 elementor-section-boxed elementor-section-height-default elementor-section-height-default\" data-id=\"2180465\" data-element_type=\"section\">\n\t\t\t\t\t\t<div class=\"elementor-container elementor-column-gap-default\">\n\t\t\t\t\t<div class=\"elementor-column elementor-col-100 elementor-top-column elementor-element elementor-element-c6dd4ef\" data-id=\"c6dd4ef\" data-element_type=\"column\">\n\t\t\t<div class=\"elementor-widget-wrap elementor-element-populated\">\n\t\t\t\t\t\t<div class=\"elementor-element elementor-element-ba3ed3e elementor-widget elementor-widget-text-editor\" data-id=\"ba3ed3e\" data-element_type=\"widget\" data-widget_type=\"text-editor.default\">\n\t\t\t\t<div class=\"elementor-widget-container\">\n\t\t\t\t\t\t\t\t\t<h5><strong>Az eur\u00f3pai j\u00e1rm\u0171gy\u00e1rt\u00e1s \u00e9lt m\u00e1r meg szebb napokat. Roml\u00f3 \u00fczleti hangulatr\u00f3l, a gazdas\u00e1gi k\u00f6rnyezet bizonytalans\u00e1gair\u00f3l sz\u00f3lnak a h\u00edrek, v\u00e1ls\u00e1gr\u00f3l sz\u00f3l\u00f3 elemz\u00e9sekkel van tele a sajt\u00f3.\nEbben a helyzetben milyen ir\u00e1nyba halad az auton\u00f3m \u00e9s h\u00e1l\u00f3zatba kapcsolt k\u00f6zleked\u00e9s?\n\nEzen k\u00e9rd\u00e9s kapcs\u00e1n Nyalka Csaba, a DLA Piper Hungary egy\u00fcttm\u0171k\u00f6d\u0151 szenior \u00fcgyv\u00e9dje ny\u00fajt t\u00e1j\u00e9koztat\u00e1st egy friss ipar\u00e1gi fejlem\u00e9nyr\u0151l.<\/strong><\/h5>\t\t\t\t\t\t\t\t<\/div>\n\t\t\t\t<\/div>\n\t\t\t\t\t<\/div>\n\t\t<\/div>\n\t\t\t\t\t<\/div>\n\t\t<\/section>\n\t\t\t\t<section class=\"elementor-section elementor-top-section elementor-element elementor-element-c7e2ace elementor-section-boxed elementor-section-height-default elementor-section-height-default\" data-id=\"c7e2ace\" data-element_type=\"section\">\n\t\t\t\t\t\t<div class=\"elementor-container elementor-column-gap-default\">\n\t\t\t\t\t<div class=\"elementor-column elementor-col-100 elementor-top-column elementor-element elementor-element-14e140d\" data-id=\"14e140d\" data-element_type=\"column\">\n\t\t\t<div class=\"elementor-widget-wrap elementor-element-populated\">\n\t\t\t\t\t\t<div class=\"elementor-element elementor-element-f0fa608 elementor-widget elementor-widget-text-editor\" data-id=\"f0fa608\" data-element_type=\"widget\" data-widget_type=\"text-editor.default\">\n\t\t\t\t<div class=\"elementor-widget-container\">\n\t\t\t\t\t\t\t\t\t<p>A k\u00f6zleked\u00e9s \u00e1talakul\u00e1s\u00e1nak vizsg\u00e1latakor \u00e9rdemes figyelemmel k\u00eds\u00e9rni a vil\u00e1g 4. legnagyobb aut\u00f3p\u00e1lya-h\u00e1l\u00f3zat\u00e1val rendelkez\u0151 \u00e9s mag\u00e1t a jogi szab\u00e1lyoz\u00e1s ter\u00fclet\u00e9n \u00e9llovasnak tekint\u0151 N\u00e9metorsz\u00e1g l\u00e9p\u00e9seit. Ezen pozicion\u00e1l\u00e1st megalapoz\u00f3 t\u00e9ny, hogy 2017 \u00e9s 2022 k\u00f6z\u00f6tt t\u00f6bb l\u00e9pcs\u0151ben olyan&nbsp;<a href=\"https:\/\/blogs.dlapiper.com\/advocatus\/2022\/06\/onvezeto-jarmuvek-vilagszinten-egyedulallo-szabalyozasi-rendszer-nemetorszagban\/\" target=\"_blank\">komplex jogszab\u00e1lyi keretrendszer<\/a>t alkottak, amely megengedi az SAE (Society of Automotive Engineers) besorol\u00e1sa szerinti 4., azaz magas szint\u0171 automatiz\u00e1lts\u00e1ggal rendelkez\u0151 j\u00e1rm\u0171vek, meghat\u00e1rozott utakon val\u00f3 \u00fczemszer\u0171 (teh\u00e1t m\u00e1r nem tesztel\u00e9si c\u00e9l\u00fa) m\u0171k\u00f6dtet\u00e9s\u00e9t.<\/p>\n<p>A b\u00e1zisk\u00e9nt szolg\u00e1l\u00f3 jogi \u00e9s enged\u00e9lyez\u00e9si h\u00e1tt\u00e9r teh\u00e1t adott, azonban a gyakorlati alkalmaz\u00e1s eddig elmaradt a v\u00e1rakoz\u00e1sokt\u00f3l. Ezen k\u00edv\u00e1n most v\u00e1ltoztatni a Digitaliz\u00e1ci\u00f3\u00e9rt \u00e9s K\u00f6zleked\u00e9s\u00e9rt Felel\u0151s Sz\u00f6vets\u00e9gi Miniszt\u00e9rium (Bundesministerium f\u00fcr Digitales und Verkehr), amely n\u00e9h\u00e1ny napja, december 4-\u00e9n k\u00f6zz\u00e9tette az auton\u00f3m vezet\u00e9sr\u0151l sz\u00f3l\u00f3 \u00faj sz\u00f6vets\u00e9gi korm\u00e1nyzati strat\u00e9gi\u00e1t. A szakmai anyag c\u00edme: &#8220;Die Zukunft f\u00e4hrt autonom&#8221;.<\/p>\t\t\t\t\t\t\t\t<\/div>\n\t\t\t\t<\/div>\n\t\t\t\t\t<\/div>\n\t\t<\/div>\n\t\t\t\t\t<\/div>\n\t\t<\/section>\n\t\t\t\t<section class=\"elementor-section elementor-top-section elementor-element elementor-element-712f8b9 elementor-section-boxed elementor-section-height-default elementor-section-height-default\" data-id=\"712f8b9\" data-element_type=\"section\">\n\t\t\t\t\t\t<div class=\"elementor-container elementor-column-gap-default\">\n\t\t\t\t\t<div class=\"elementor-column elementor-col-100 elementor-top-column elementor-element elementor-element-ebeabad\" data-id=\"ebeabad\" data-element_type=\"column\">\n\t\t\t<div class=\"elementor-widget-wrap elementor-element-populated\">\n\t\t\t\t\t\t<div class=\"elementor-element elementor-element-9d5c280 elementor-widget elementor-widget-text-editor\" data-id=\"9d5c280\" data-element_type=\"widget\" data-widget_type=\"text-editor.default\">\n\t\t\t\t<div class=\"elementor-widget-container\">\n\t\t\t\t\t\t\t\t\t<h5><strong>Milyen alapvet\u00e9sekb\u0151l indul ki a strat\u00e9gia?<\/strong><\/h5>\t\t\t\t\t\t\t\t<\/div>\n\t\t\t\t<\/div>\n\t\t\t\t\t<\/div>\n\t\t<\/div>\n\t\t\t\t\t<\/div>\n\t\t<\/section>\n\t\t\t\t<section class=\"elementor-section elementor-top-section elementor-element elementor-element-8fa888a elementor-section-boxed elementor-section-height-default elementor-section-height-default\" data-id=\"8fa888a\" data-element_type=\"section\">\n\t\t\t\t\t\t<div class=\"elementor-container elementor-column-gap-default\">\n\t\t\t\t\t<div class=\"elementor-column elementor-col-100 elementor-top-column elementor-element elementor-element-6b0bc0f\" data-id=\"6b0bc0f\" data-element_type=\"column\">\n\t\t\t<div class=\"elementor-widget-wrap elementor-element-populated\">\n\t\t\t\t\t\t<div class=\"elementor-element elementor-element-a0a3b6a elementor-widget elementor-widget-text-editor\" data-id=\"a0a3b6a\" data-element_type=\"widget\" data-widget_type=\"text-editor.default\">\n\t\t\t\t<div class=\"elementor-widget-container\">\n\t\t\t\t\t\t\t\t\t<p>A szak\u00e9rt\u0151k az elk\u00e9sz\u00edtett koncepci\u00f3val N\u00e9metorsz\u00e1g, mint innov\u00e1ci\u00f3s helysz\u00edn meger\u0151s\u00edt\u00e9se mellett \u2013 ahogy fogalmaznak \u2013 \u00e9lettel k\u00edv\u00e1nj\u00e1k megt\u00f6lteni a jogszab\u00e1lyi keretrendszert kifejezetten az SAE 4. szintre f\u00f3kusz\u00e1lva. A strat\u00e9gia k\u00f6z\u00e9ppontj\u00e1ban a k\u00f6z\u00fati k\u00f6zleked\u00e9s \u00e1ll, azonban sz\u00e1mos gyakorlati p\u00e9ld\u00e1n kereszt\u00fcl, \u00e1ltal\u00e1nos jelleggel betekint\u00e9st ny\u00fajt a vas\u00fati, v\u00edzi \u00e9s l\u00e9gi k\u00f6zleked\u00e9s ir\u00e1nyad\u00f3 szab\u00e1lyaiba, valamint jelent\u0151s projektjeibe is.<\/p><p>A dokumentum szerint az auton\u00f3m \u00e9s h\u00e1l\u00f3zatba kapcsolt vezet\u00e9s alkalmaz\u00e1si ter\u00fcletei k\u00f6z\u00fcl a k\u00f6zelj\u00f6v\u0151ben a helyi k\u00f6z\u00f6ss\u00e9gi k\u00f6zleked\u00e9s, valamint az \u00e1rusz\u00e1ll\u00edt\u00e1s jelenti majd a kiemelt ir\u00e1nyvonalakat. Ezen ter\u00fcletekhez k\u00e9pest teh\u00e1t az egy\u00e9ni k\u00f6zleked\u00e9s jelen f\u00e1zisban m\u00e9g kev\u00e9sb\u00e9 j\u00e1tszik meghat\u00e1roz\u00f3 szerepet.<\/p><p>Ez az \u00f6t fejezetb\u0151l \u00e1ll\u00f3 \u2013 sz\u00e1mos K+F projektet bemutat\u00f3 \u2013 szakmai anyag a strat\u00e9giai ir\u00e1nymutat\u00e1sokt\u00f3l elindulva r\u00f6gz\u00edti az aktu\u00e1lis kiindul\u00e1si helyzetet (status quo), majd a c\u00e9lok r\u00f6gz\u00edt\u00e9s\u00e9t k\u00f6vet\u0151en \u00f6sszegy\u0171jti a lehet\u0151s\u00e9geket illetve kih\u00edv\u00e1sokat, v\u00e9g\u00fcl pedig meghat\u00e1rozza a cselekv\u00e9si ter\u00fcleteket \u00e9s az azokon elv\u00e9gzend\u0151 int\u00e9zked\u00e9seket.<\/p><p>A k\u00f6vetkez\u0151kben sz\u00e1nd\u00e9koltan a f\u0151bb strat\u00e9giai ir\u00e1nyokr\u00f3l, a m\u00e1r detekt\u00e1lt h\u00e1tr\u00e1ltat\u00f3 t\u00e9nyez\u0151kr\u0151l, a jogi feladatokr\u00f3l \u00e9s a mesters\u00e9ges intelligencia szerep\u00e9r\u0151l k\u00edv\u00e1nok r\u00f6vid \u00f6sszefoglal\u00f3t ny\u00fajtani. C\u00e9lom, hogy a j\u00e1rm\u0171ipari szak\u00e9rt\u0151k sz\u00e1m\u00e1ra olyan els\u0151 benyom\u00e1sokat ny\u00fajtsak, amelyek t\u00e1mogatj\u00e1k a koncepci\u00f3 r\u00e9szletekbe men\u0151 megismer\u00e9s\u00e9t.<\/p>\t\t\t\t\t\t\t\t<\/div>\n\t\t\t\t<\/div>\n\t\t\t\t\t<\/div>\n\t\t<\/div>\n\t\t\t\t\t<\/div>\n\t\t<\/section>\n\t\t\t\t<section class=\"elementor-section elementor-top-section elementor-element elementor-element-a72eddb elementor-section-boxed elementor-section-height-default elementor-section-height-default\" data-id=\"a72eddb\" data-element_type=\"section\">\n\t\t\t\t\t\t<div class=\"elementor-container elementor-column-gap-default\">\n\t\t\t\t\t<div class=\"elementor-column elementor-col-100 elementor-top-column elementor-element elementor-element-86fe150\" data-id=\"86fe150\" data-element_type=\"column\">\n\t\t\t<div class=\"elementor-widget-wrap elementor-element-populated\">\n\t\t\t\t\t\t<div class=\"elementor-element elementor-element-36429b8 elementor-widget elementor-widget-text-editor\" data-id=\"36429b8\" data-element_type=\"widget\" data-widget_type=\"text-editor.default\">\n\t\t\t\t<div class=\"elementor-widget-container\">\n\t\t\t\t\t\t\t\t\t<h5><strong>Melyek a strat\u00e9gia f\u0151bb c\u00e9lkit\u0171z\u00e9sei?<\/strong><\/h5>\t\t\t\t\t\t\t\t<\/div>\n\t\t\t\t<\/div>\n\t\t\t\t\t<\/div>\n\t\t<\/div>\n\t\t\t\t\t<\/div>\n\t\t<\/section>\n\t\t\t\t<section class=\"elementor-section elementor-top-section elementor-element elementor-element-d26e05b elementor-section-boxed elementor-section-height-default elementor-section-height-default\" data-id=\"d26e05b\" data-element_type=\"section\">\n\t\t\t\t\t\t<div class=\"elementor-container elementor-column-gap-default\">\n\t\t\t\t\t<div class=\"elementor-column elementor-col-100 elementor-top-column elementor-element elementor-element-d1b2bc6\" data-id=\"d1b2bc6\" data-element_type=\"column\">\n\t\t\t<div class=\"elementor-widget-wrap elementor-element-populated\">\n\t\t\t\t\t\t<div class=\"elementor-element elementor-element-6efbd9a elementor-widget elementor-widget-text-editor\" data-id=\"6efbd9a\" data-element_type=\"widget\" data-widget_type=\"text-editor.default\">\n\t\t\t\t<div class=\"elementor-widget-container\">\n\t\t\t\t\t\t\t\t\t<p>L\u00e1ssuk el\u0151sz\u00f6r a sz\u00f6vets\u00e9gi korm\u00e1ny r\u00e9sz\u00e9r\u0151l konkr\u00e9t d\u00e1tumhoz k\u00f6t\u00f6tt c\u00e9lokat. <i>2025<\/i>-ig a helyi k\u00f6z\u00f6ss\u00e9gi k\u00f6zleked\u00e9s vonatkoz\u00e1s\u00e1ban meg k\u00edv\u00e1nj\u00e1k hat\u00e1rozni a mobilit\u00e1si szolg\u00e1ltat\u00e1sok t\u00e1mogat\u00e1s\u00e1nak \u00e9s finansz\u00edroz\u00e1s\u00e1nak lehet\u0151s\u00e9geit, valamint a megval\u00f3s\u00edt\u00e1shoz elengedhetetlen alapokat.<\/p><p>Tov\u00e1bbi terv, hogy az auton\u00f3m vezet\u00e9s <i>2026<\/i>-ig \u00e1t\u00edveljen a tesztel\u00e9si f\u00e1zisb\u00f3l az \u00fczemszer\u0171 m\u0171k\u00f6d\u00e9sbe. Ezzel \u00f6sszef\u00fcgg\u00e9sben pedig lehet\u0151v\u00e9 kell tenni, hogy az auton\u00f3m k\u00f6zleked\u00e9si szolg\u00e1ltat\u00e1sok haszn\u00e1lata a mindennapi \u00e9let r\u00e9sz\u00e9v\u00e9 v\u00e1ljon.<\/p><p>C\u00e9l a hazai v\u00e1llalatok t\u00e1mogat\u00e1sa annak \u00e9rdek\u00e9ben, hogy <i>2027<\/i>-ig kifejezetten a helyi k\u00f6z\u00f6ss\u00e9gi k\u00f6zleked\u00e9s ter\u00fclet\u00e9n olyan versenyk\u00e9pes megold\u00e1sok \u00e9s szolg\u00e1ltat\u00e1sok ker\u00fcljenek kifejleszt\u00e9sre, illetve bevezet\u00e9sre, amelyek hossz\u00fa t\u00e1von lehet\u0151v\u00e9 teszik a gazdas\u00e1gi \u00e9rtelemben \u00f6nfenntart\u00f3 \u00e9s a k\u00f6z\u00f6ss\u00e9gi k\u00f6zleked\u00e9si rendszerbe integr\u00e1lhat\u00f3 j\u00e1rm\u0171haszn\u00e1latot.<\/p><p>Ambici\u00f3zus c\u00e9lk\u00e9nt ker\u00fclt meghat\u00e1roz\u00e1sra, hogy N\u00e9metorsz\u00e1g <i>2028<\/i>-ig l\u00e9tre k\u00edv\u00e1nja hozni a vil\u00e1g legnagyobb \u00f6sszef\u00fcgg\u0151 m\u0171k\u00f6d\u00e9si ter\u00fclet\u00e9t, amelyen auton\u00f3m j\u00e1rm\u0171vekkel \u00fczemszer\u0171en lehet k\u00f6zlekedni. Tov\u00e1bbi c\u00e9l az is, hogy az auton\u00f3m vezet\u00e9s <i>2030<\/i>-ig a k\u00f6zleked\u00e9si rendszer szerves r\u00e9sz\u00e9v\u00e9 v\u00e1ljon.<\/p><p>Kiemelt c\u00e9lok k\u00f6z\u00e9 tartoznak az anyagban a k\u00f6vetkez\u0151k is: N\u00e9metorsz\u00e1g vil\u00e1gszinten vezet\u0151 innov\u00e1ci\u00f3s \u00e9s gy\u00e1rt\u00f3 poz\u00edci\u00f3j\u00e1nak el\u00e9r\u00e9se az auton\u00f3m \u00e9s h\u00e1l\u00f3zatba kapcsolt k\u00f6zleked\u00e9s ter\u00fclet\u00e9n; az \u00e9rintett ipar\u00e1gi \u00e9s nem ipar\u00e1gi szerepl\u0151kkel valamint a nemzetk\u00f6zi partnerekkel val\u00f3 szoros egy\u00fcttm\u0171k\u00f6d\u00e9s; a mesters\u00e9ges intelligencia tov\u00e1bbfejleszt\u00e9se \u00e9s alkalmaz\u00e1sa; v\u00e9g\u00fcl pedig az auton\u00f3m j\u00e1rm\u0171vek gy\u00e1rt\u00e1sa.<\/p>\t\t\t\t\t\t\t\t<\/div>\n\t\t\t\t<\/div>\n\t\t\t\t\t<\/div>\n\t\t<\/div>\n\t\t\t\t\t<\/div>\n\t\t<\/section>\n\t\t\t\t<section class=\"elementor-section elementor-top-section elementor-element elementor-element-96e20aa elementor-section-boxed elementor-section-height-default elementor-section-height-default\" data-id=\"96e20aa\" data-element_type=\"section\">\n\t\t\t\t\t\t<div class=\"elementor-container elementor-column-gap-default\">\n\t\t\t\t\t<div class=\"elementor-column elementor-col-100 elementor-top-column elementor-element elementor-element-1ffd03c\" data-id=\"1ffd03c\" data-element_type=\"column\">\n\t\t\t<div class=\"elementor-widget-wrap elementor-element-populated\">\n\t\t\t\t\t\t<div class=\"elementor-element elementor-element-12d02a4 elementor-widget elementor-widget-text-editor\" data-id=\"12d02a4\" data-element_type=\"widget\" data-widget_type=\"text-editor.default\">\n\t\t\t\t<div class=\"elementor-widget-container\">\n\t\t\t\t\t\t\t\t\t<h5><strong>Mi\u00e9rt nem k\u00f6zlekedik m\u00e1r most jelent\u0151s sz\u00e1m\u00fa auton\u00f3m j\u00e1rm\u0171 az utakon?<\/strong><\/h5>\t\t\t\t\t\t\t\t<\/div>\n\t\t\t\t<\/div>\n\t\t\t\t\t<\/div>\n\t\t<\/div>\n\t\t\t\t\t<\/div>\n\t\t<\/section>\n\t\t\t\t<section class=\"elementor-section elementor-top-section elementor-element elementor-element-a652d07 elementor-section-boxed elementor-section-height-default elementor-section-height-default\" data-id=\"a652d07\" data-element_type=\"section\">\n\t\t\t\t\t\t<div class=\"elementor-container elementor-column-gap-default\">\n\t\t\t\t\t<div class=\"elementor-column elementor-col-100 elementor-top-column elementor-element elementor-element-e19deaa\" data-id=\"e19deaa\" data-element_type=\"column\">\n\t\t\t<div class=\"elementor-widget-wrap elementor-element-populated\">\n\t\t\t\t\t\t<div class=\"elementor-element elementor-element-25355df elementor-widget elementor-widget-text-editor\" data-id=\"25355df\" data-element_type=\"widget\" data-widget_type=\"text-editor.default\">\n\t\t\t\t<div class=\"elementor-widget-container\">\n\t\t\t\t\t\t\t\t\tE tekintetben a strat\u00e9gia re\u00e1lisan \u00e9rt\u00e9keli az aktu\u00e1lis helyzetet, \u00e9s egyebek mellett h\u00e1tr\u00e1ltat\u00f3 t\u00e9nyez\u0151nek tekinti, hogy a magas fejleszt\u00e9si \u00e9s beruh\u00e1z\u00e1si k\u00f6lts\u00e9gek miatt az auton\u00f3m j\u00e1rm\u0171vek most m\u00e9g nem tekinthet\u0151k t\u00f6megterm\u00e9knek.\n<br>Tov\u00e1bbi k\u00f6r\u00fclm\u00e9ny, hogy egyr\u00e9szt a z\u00f6ld \u00e1t\u00e1ll\u00e1s, m\u00e1sr\u00e9szt pedig a j\u00e1rm\u0171vekben alkalmazott szoftverek szerep\u00e9nek n\u00f6veked\u00e9se jelent\u0151s p\u00e9nz\u00fcgyi er\u0151forr\u00e1sokat \u00e9s fejleszt\u00e9si kapacit\u00e1sokat von el az auton\u00f3m vezet\u00e9s szintemel\u00e9s\u00e9t\u0151l. <br>De hi\u00e1nyoss\u00e1gok tapasztalhat\u00f3k az adathaszn\u00e1lat, az infrastrukt\u00fara \u00e9s a m\u0171holdas kommunik\u00e1ci\u00f3 ter\u00fclet\u00e9n is. Egyebekben a biztons\u00e1got mindenek fel\u00e9 helyez\u0151 szigor\u00fa enged\u00e9lyez\u00e9si rendszer is ink\u00e1bb lass\u00edtja az auton\u00f3m j\u00e1rm\u0171vek t\u00f6meges elterjed\u00e9s\u00e9t. Ezen t\u00e9nyez\u0151k\u00f6n t\u00fal most m\u00e9g nem besz\u00e9lhet\u00fcnk az \u00faj technol\u00f3gi\u00e1k sz\u00e9lesk\u00f6r\u0171 t\u00e1rsadalmi elfogadotts\u00e1g\u00e1r\u00f3l sem. Hi\u00e1nyoznak tov\u00e1bb\u00e1 azok a kiberbiztons\u00e1gi megold\u00e1sok is, amelyek biztos\u00edtj\u00e1k a j\u00e1rm\u0171veket k\u00edv\u00fclr\u0151l \u00e9rint\u0151 manipul\u00e1ci\u00f3k \/ t\u00e1mad\u00e1sok elh\u00e1r\u00edt\u00e1s\u00e1t \u00e9s kivizsg\u00e1l\u00e1s\u00e1t.\t\t\t\t\t\t\t\t<\/div>\n\t\t\t\t<\/div>\n\t\t\t\t\t<\/div>\n\t\t<\/div>\n\t\t\t\t\t<\/div>\n\t\t<\/section>\n\t\t\t\t<section class=\"elementor-section elementor-top-section elementor-element elementor-element-a494b40 elementor-section-boxed elementor-section-height-default elementor-section-height-default\" data-id=\"a494b40\" data-element_type=\"section\">\n\t\t\t\t\t\t<div class=\"elementor-container elementor-column-gap-default\">\n\t\t\t\t\t<div class=\"elementor-column elementor-col-100 elementor-top-column elementor-element elementor-element-647da5c\" data-id=\"647da5c\" data-element_type=\"column\">\n\t\t\t<div class=\"elementor-widget-wrap elementor-element-populated\">\n\t\t\t\t\t\t<div class=\"elementor-element elementor-element-5690617 elementor-widget elementor-widget-text-editor\" data-id=\"5690617\" data-element_type=\"widget\" data-widget_type=\"text-editor.default\">\n\t\t\t\t<div class=\"elementor-widget-container\">\n\t\t\t\t\t\t\t\t\t<h5><strong>Mely feladatok teljes\u00edt\u00e9se elengedhetetlen a tov\u00e1bbl\u00e9p\u00e9s \u00e9rdek\u00e9ben?<\/strong><\/h5>\t\t\t\t\t\t\t\t<\/div>\n\t\t\t\t<\/div>\n\t\t\t\t\t<\/div>\n\t\t<\/div>\n\t\t\t\t\t<\/div>\n\t\t<\/section>\n\t\t\t\t<section class=\"elementor-section elementor-top-section elementor-element elementor-element-4a52e95 elementor-section-boxed elementor-section-height-default elementor-section-height-default\" data-id=\"4a52e95\" data-element_type=\"section\">\n\t\t\t\t\t\t<div class=\"elementor-container elementor-column-gap-default\">\n\t\t\t\t\t<div class=\"elementor-column elementor-col-100 elementor-top-column elementor-element elementor-element-6caf3ae\" data-id=\"6caf3ae\" data-element_type=\"column\">\n\t\t\t<div class=\"elementor-widget-wrap elementor-element-populated\">\n\t\t\t\t\t\t<div class=\"elementor-element elementor-element-e6e4ee5 elementor-widget elementor-widget-text-editor\" data-id=\"e6e4ee5\" data-element_type=\"widget\" data-widget_type=\"text-editor.default\">\n\t\t\t\t<div class=\"elementor-widget-container\">\n\t\t\t\t\t\t\t\t\t<p>A hazai szak\u00e9rt\u0151k sz\u00e1m\u00e1ra k\u00fcl\u00f6n\u00f6sen \u00e9rt\u00e9kes lehet az 5. fejezet, ami sz\u00e1mos egym\u00e1sra \u00e9p\u00fcl\u0151 elv\u00e9gzend\u0151 feladatot tartalmaz. Az \u00e9rintett t\u00e9mak\u00f6r\u00f6k a k\u00f6vetkez\u0151k: (1) a jogi keretek tov\u00e1bbfejleszt\u00e9se; (2) a gazdas\u00e1gi \u00e9s innov\u00e1ci\u00f3s helysz\u00edn er\u0151s\u00edt\u00e9se; (3) az auton\u00f3m mobilit\u00e1si szolg\u00e1ltat\u00e1sok integr\u00e1l\u00e1sa a k\u00f6z\u00f6ss\u00e9gi k\u00f6zleked\u00e9sbe; (4) az infrastrukt\u00fara \u00e9s technol\u00f3gia tov\u00e1bbfejleszt\u00e9se; (5) az alkalmaz\u00e1si hajland\u00f3s\u00e1g (azaz a t\u00e1rsadalmi elfogad\u00e1s) t\u00e1mogat\u00e1sa; (6) a kiberbiztons\u00e1g \u00e9s az adatv\u00e9delem er\u0151s\u00edt\u00e9se; (7) a nemzetk\u00f6zi harmoniz\u00e1ci\u00f3 el\u0151seg\u00edt\u00e9se; (8) valamennyi \u00e9rintett f\u00e9l k\u00f6z\u00f6tti egy\u00fcttm\u0171k\u00f6d\u00e9s t\u00e1mogat\u00e1sa.<\/p><p>Az utols\u00f3 kiv\u00e9tel\u00e9vel minden t\u00e9mak\u00f6r v\u00e9g\u00e9n \u00f6sszefoglal\u00f3 t\u00e1bl\u00e1zat tal\u00e1lhat\u00f3, amely r\u00f6gz\u00edti a konkr\u00e9t teend\u0151ket, a feladatokat ell\u00e1t\u00f3 szerepl\u0151ket, valamint a teljes\u00edt\u00e9si hat\u00e1rid\u0151ket is.<\/p>\t\t\t\t\t\t\t\t<\/div>\n\t\t\t\t<\/div>\n\t\t\t\t\t<\/div>\n\t\t<\/div>\n\t\t\t\t\t<\/div>\n\t\t<\/section>\n\t\t\t\t<section class=\"elementor-section elementor-top-section elementor-element elementor-element-386707b elementor-section-boxed elementor-section-height-default elementor-section-height-default\" data-id=\"386707b\" data-element_type=\"section\">\n\t\t\t\t\t\t<div class=\"elementor-container elementor-column-gap-default\">\n\t\t\t\t\t<div class=\"elementor-column elementor-col-100 elementor-top-column elementor-element elementor-element-08f369a\" data-id=\"08f369a\" data-element_type=\"column\">\n\t\t\t<div class=\"elementor-widget-wrap elementor-element-populated\">\n\t\t\t\t\t\t<div class=\"elementor-element elementor-element-1ddff17 elementor-widget elementor-widget-text-editor\" data-id=\"1ddff17\" data-element_type=\"widget\" data-widget_type=\"text-editor.default\">\n\t\t\t\t<div class=\"elementor-widget-container\">\n\t\t\t\t\t\t\t\t\t<h5><strong>Mit tartalmaz a strat\u00e9gia a mesters\u00e9ges intelligenci\u00e1r\u00f3l?<\/strong><\/h5>\t\t\t\t\t\t\t\t<\/div>\n\t\t\t\t<\/div>\n\t\t\t\t\t<\/div>\n\t\t<\/div>\n\t\t\t\t\t<\/div>\n\t\t<\/section>\n\t\t\t\t<section class=\"elementor-section elementor-top-section elementor-element elementor-element-8f826a7 elementor-section-boxed elementor-section-height-default elementor-section-height-default\" data-id=\"8f826a7\" data-element_type=\"section\">\n\t\t\t\t\t\t<div class=\"elementor-container elementor-column-gap-default\">\n\t\t\t\t\t<div class=\"elementor-column elementor-col-100 elementor-top-column elementor-element elementor-element-94a6cc0\" data-id=\"94a6cc0\" data-element_type=\"column\">\n\t\t\t<div class=\"elementor-widget-wrap elementor-element-populated\">\n\t\t\t\t\t\t<div class=\"elementor-element elementor-element-a11091a elementor-widget elementor-widget-text-editor\" data-id=\"a11091a\" data-element_type=\"widget\" data-widget_type=\"text-editor.default\">\n\t\t\t\t<div class=\"elementor-widget-container\">\n\t\t\t\t\t\t\t\t\t<p>A szakmai anyagban a kit\u0171z\u00f6tt c\u00e9lok, tov\u00e1bb\u00e1 az infrastrukt\u00fara \u00e9s technol\u00f3gia tov\u00e1bbfejleszt\u00e9se, valamint a kiberbiztons\u00e1g \u00e9s az adatv\u00e9delem er\u0151s\u00edt\u00e9se vonatkoz\u00e1s\u00e1ban kap kulcsszerepet a mesters\u00e9ges intelligencia (MI). A strat\u00e9gia egy\u00e9rtelm\u0171en fogalmaz: en\u00e9lk\u00fcl lehetetlen lenne az auton\u00f3m j\u00e1rm\u0171vek m\u0171k\u00f6d\u00e9se. Az MI meghat\u00e1roz\u00f3 szerepet t\u00f6lt be mind a k\u00f6rnyezetfelismer\u0151 adatfeldolgoz\u00e1si m\u00f3dszerek, mind a d\u00f6nt\u00e9shozatalt t\u00e1mogat\u00f3 rendszerek fejleszt\u00e9s\u00e9ben. Ezen t\u00fal a szakmai anyag kiemeli, hogy az MI innovat\u00edv m\u00f3don j\u00e1rul hozz\u00e1 a kiberbiztons\u00e1g jav\u00edt\u00e1s\u00e1hoz. Itt azonban figyelemmel kell lenni arra, hogy az MI ezen a ter\u00fcleten c\u00e9lpontk\u00e9nt \u00e9s t\u00e1mad\u00e1si eszk\u00f6zk\u00e9nt is megjelenhet.<\/p>\t\t\t\t\t\t\t\t<\/div>\n\t\t\t\t<\/div>\n\t\t\t\t\t<\/div>\n\t\t<\/div>\n\t\t\t\t\t<\/div>\n\t\t<\/section>\n\t\t\t\t<section class=\"elementor-section elementor-top-section elementor-element elementor-element-a7b69d3 elementor-section-boxed elementor-section-height-default elementor-section-height-default\" data-id=\"a7b69d3\" data-element_type=\"section\">\n\t\t\t\t\t\t<div class=\"elementor-container elementor-column-gap-default\">\n\t\t\t\t\t<div class=\"elementor-column elementor-col-100 elementor-top-column elementor-element elementor-element-25573e4\" data-id=\"25573e4\" data-element_type=\"column\">\n\t\t\t<div class=\"elementor-widget-wrap elementor-element-populated\">\n\t\t\t\t\t\t<div class=\"elementor-element elementor-element-4982d40 elementor-widget elementor-widget-text-editor\" data-id=\"4982d40\" data-element_type=\"widget\" data-widget_type=\"text-editor.default\">\n\t\t\t\t<div class=\"elementor-widget-container\">\n\t\t\t\t\t\t\t\t\t<h5><strong>Milyen j\u00f6v\u0151beli feladatokat gener\u00e1l a jogi keretek tov\u00e1bbfejleszt\u00e9se?<\/strong><\/h5>\t\t\t\t\t\t\t\t<\/div>\n\t\t\t\t<\/div>\n\t\t\t\t\t<\/div>\n\t\t<\/div>\n\t\t\t\t\t<\/div>\n\t\t<\/section>\n\t\t\t\t<section class=\"elementor-section elementor-top-section elementor-element elementor-element-ee06f10 elementor-section-boxed elementor-section-height-default elementor-section-height-default\" data-id=\"ee06f10\" data-element_type=\"section\">\n\t\t\t\t\t\t<div class=\"elementor-container elementor-column-gap-default\">\n\t\t\t\t\t<div class=\"elementor-column elementor-col-100 elementor-top-column elementor-element elementor-element-729509a\" data-id=\"729509a\" data-element_type=\"column\">\n\t\t\t<div class=\"elementor-widget-wrap elementor-element-populated\">\n\t\t\t\t\t\t<div class=\"elementor-element elementor-element-f637b91 elementor-widget elementor-widget-text-editor\" data-id=\"f637b91\" data-element_type=\"widget\" data-widget_type=\"text-editor.default\">\n\t\t\t\t<div class=\"elementor-widget-container\">\n\t\t\t\t\t\t\t\t\t<p>Az elm\u00falt \u00e9vekben szak\u00e9rt\u0151i k\u00f6r\u00f6kben t\u00f6bbsz\u00f6r elhangzott probl\u00e9mak\u00e9nt a vil\u00e1g- \u00e9s azon bel\u00fcl az eur\u00f3pai szint\u0171 egys\u00e9ges jogi keretrendszer hi\u00e1nya. Erre v\u00e1laszk\u00e9nt a strat\u00e9gia el\u0151sz\u00f6r a nemzeti \u2013 vagyis a n\u00e9met \u2013 kodifik\u00e1ci\u00f3s tev\u00e9kenys\u00e9g folytat\u00e1s\u00e1t hat\u00e1rozza meg f\u0151 jogi feladatk\u00e9nt \u00e9s ezut\u00e1n t\u00e1g\u00edtja a k\u00f6rt a region\u00e1lis EU-szint\u0171, majd pedig a glob\u00e1lis ENSZ-szint\u0171 teend\u0151k ir\u00e1ny\u00e1ba.<\/p><p>A legsz\u0171kebb k\u00f6rt, azaz a nemzeti jogalkot\u00e1st illet\u0151en a strat\u00e9gia kiemeli, hogy a technol\u00f3gia, valamint az erre \u00e9p\u00fcl\u0151 felhaszn\u00e1l\u00e1si esetek \/ \u00fczleti modellek \u00e1lland\u00f3 fejl\u0151d\u00e9se miatt a jogi keretrendszert is folyamatosan tov\u00e1bb kell fejleszteni. <br \/>A kodifik\u00e1ci\u00f3 sor\u00e1n pedig figyelemmel kell lenni a k\u00f6rnyezet- \u00e9s kl\u00edmav\u00e9delmi, valamint a k\u00f6zleked\u00e9sbiztons\u00e1gi k\u00f6vetelm\u00e9nyekre is.<\/p><p>Tov\u00e1bbi feladat, hogy indokolt esetben az SAE szintek figyelembev\u00e9tel\u00e9vel pontos\u00edtani sz\u00fcks\u00e9ges a j\u00e1rm\u0171vezet\u0151re vonatkoz\u00f3 magatart\u00e1si szab\u00e1lyokat. Ez tapasztalataim szerint egybecseng azzal, hogy sz\u00e1mos olyan projekt volt\/van folyamatban (\u00edgy p\u00e9ld\u00e1ul a Fraunhofer Int\u00e9zet szakmai ir\u00e1ny\u00edt\u00e1s\u00e1val zajlott KARLI-projekt), ami kifejezetten a j\u00e1rm\u0171vezet\u0151 \u00e9s a j\u00e1rm\u0171 k\u00f6z\u00f6tti interakci\u00f3t, valamint a vezet\u0151i magatart\u00e1s v\u00e1ltoz\u00e1s\u00e1t vizsg\u00e1lta\/vizsg\u00e1lja az automatiz\u00e1lts\u00e1g k\u00fcl\u00f6nb\u00f6z\u0151 szintjein.<\/p><p>Az elm\u00falt \u00e9vekben megalkotott n\u00e9met jogi rendszer saj\u00e1toss\u00e1ga az \u00fan. m\u0171szaki fel\u00fcgyel\u0151i rendszer bevezet\u00e9se, ami azt jelenti, hogy meghat\u00e1rozott esetekben egy t\u00e1voli ir\u00e1ny\u00edt\u00f3k\u00f6zpontban \u00fcl\u0151 szem\u00e9ly a baleset elker\u00fcl\u00e9se \u00e9rdek\u00e9ben, a j\u00e1rm\u0171 fel\u0151l \u00e9rkez\u0151 jelz\u00e9s ut\u00e1n t\u00e9nylegesen \u00e1t tudja venni az ir\u00e1ny\u00edt\u00e1st. Ez\u00e9rt \u00e9rthet\u0151 az a feladatmeghat\u00e1roz\u00e1s, miszerint \u00e9rt\u00e9kelni sz\u00fcks\u00e9ges a m\u0171szaki ellen\u0151r\u00f6k szakmai k\u00e9pes\u00edt\u00e9s\u00e9re vonatkoz\u00f3 k\u00f6vetelm\u00e9nyeket.<\/p><p>Region\u00e1lis, teh\u00e1t EU-szinten \u2013 k\u00fcl\u00f6n\u00f6sen a k\u00f6z\u00f6ss\u00e9gi k\u00f6zleked\u00e9s vonatkoz\u00e1s\u00e1ban \u2013 meg kell teremteni az auton\u00f3m j\u00e1rm\u0171vek piaci elterjed\u00e9s\u00e9t szolg\u00e1l\u00f3 felt\u00e9teleket. Ezen t\u00fal sz\u00fcks\u00e9gesek a j\u00e1rm\u0171gy\u00e1rt\u00f3k \u00e9s a szolg\u00e1ltat\u00f3k k\u00f6z\u00f6tti megfelel\u0151 versenyfelt\u00e9telek, valamint az adatv\u00e9delmi szab\u00e1lyok megalkot\u00e1sa. A strat\u00e9gia hangs\u00falyozza, hogy az uni\u00f3s szint\u0171 kodifik\u00e1ci\u00f3 sor\u00e1n a n\u00e9met jogszab\u00e1lyok alapulv\u00e9tel\u00e9t fogj\u00e1k szorgalmazni.<\/p><p>A strat\u00e9gia glob\u00e1lis szinten az ENSZ Eur\u00f3pai Gazdas\u00e1gi Bizotts\u00e1g\u00e1val (ENSZ-EGB) \u00e9s annak illet\u00e9kes munkacsoportjaival val\u00f3 egy\u00fcttm\u0171k\u00f6d\u00e9s fontoss\u00e1g\u00e1t hangs\u00falyozza a nemzetk\u00f6zi keretrendszer aktualiz\u00e1l\u00e1sa \u00e9s a jogharmoniz\u00e1ci\u00f3 \u00e9rdek\u00e9ben. Mindez a hat\u00e1rokon \u00e1tny\u00fal\u00f3 k\u00f6zleked\u00e9s alapvet\u0151 felt\u00e9tele \u00e9s a nemzetk\u00f6zi szinten harmoniz\u00e1lt \u00e9s megb\u00edzhat\u00f3 szab\u00e1lyoz\u00e1s kiemelten sz\u00fcks\u00e9ges a gy\u00e1rt\u00f3k sz\u00e1m\u00e1ra.<\/p><p>Struktur\u00e1lis szempontb\u00f3l formabont\u00f3 megold\u00e1s, hogy a szakmai anyag ezut\u00e1n visszat\u00e9r a szab\u00e1lyoz\u00e1s nemzeti szintj\u00e9re. Ennek oka az lehet, hogy 2022 \u00f3ta sz\u00e1mos kritika \u00e9rte a n\u00e9met elj\u00e1r\u00e1si rendszert, ez\u00e9rt most olyan enged\u00e9lyez\u00e9si folyamat megval\u00f3s\u00edt\u00e1s\u00e1t \u00edrj\u00e1k el\u0151, amely nem b\u00fcrokratikus, hanem gyakorlatorient\u00e1lt, rugalmas \u00e9s egys\u00e9ges. Erre is figyelemmel a tervezhet\u0151s\u00e9g \u00e9rdek\u00e9ben igyekeznek r\u00f6vid\u00edteni az \u00fcgyint\u00e9z\u00e9si hat\u00e1rid\u0151ket.<\/p><p>A feladatokat \u00f6sszefoglal\u00f3 t\u00e1bl\u00e1zatban a konkr\u00e9t int\u00e9zked\u00e9sek jelleg\u00e9t\u0151l f\u00fcgg, hogy azok megold\u00e1sa milyen szerepl\u0151k (p\u00e9ld\u00e1ul korm\u00e1ny, miniszt\u00e9rium, hat\u00f3s\u00e1g) hat\u00e1sk\u00f6r\u00e9be tartozik. Az is l\u00e1that\u00f3, hogy a feladatok nem eseti jelleg\u0171ek, hanem kiv\u00e9tel n\u00e9lk\u00fcl folyamatos tev\u00e9kenys\u00e9gk\u00e9nt k\u00e9rhet\u0151k sz\u00e1mon.<\/p>\t\t\t\t\t\t\t\t<\/div>\n\t\t\t\t<\/div>\n\t\t\t\t\t<\/div>\n\t\t<\/div>\n\t\t\t\t\t<\/div>\n\t\t<\/section>\n\t\t\t\t<section class=\"elementor-section elementor-top-section elementor-element elementor-element-8bfea2c elementor-section-boxed elementor-section-height-default elementor-section-height-default\" data-id=\"8bfea2c\" data-element_type=\"section\">\n\t\t\t\t\t\t<div class=\"elementor-container elementor-column-gap-default\">\n\t\t\t\t\t<div class=\"elementor-column elementor-col-100 elementor-top-column elementor-element elementor-element-d8ec55b\" data-id=\"d8ec55b\" data-element_type=\"column\">\n\t\t\t<div class=\"elementor-widget-wrap elementor-element-populated\">\n\t\t\t\t\t\t<div class=\"elementor-element elementor-element-5df86b6 elementor-widget elementor-widget-text-editor\" data-id=\"5df86b6\" data-element_type=\"widget\" data-widget_type=\"text-editor.default\">\n\t\t\t\t<div class=\"elementor-widget-container\">\n\t\t\t\t\t\t\t\t\t<h5><strong>Hogyan hat ez az \u00faj strat\u00e9gia az \u00f6nvezet\u00e9s j\u00f6v\u0151j\u00e9re?<\/strong><\/h5>\t\t\t\t\t\t\t\t<\/div>\n\t\t\t\t<\/div>\n\t\t\t\t\t<\/div>\n\t\t<\/div>\n\t\t\t\t\t<\/div>\n\t\t<\/section>\n\t\t\t\t<section class=\"elementor-section elementor-top-section elementor-element elementor-element-4083a93 elementor-section-boxed elementor-section-height-default elementor-section-height-default\" data-id=\"4083a93\" data-element_type=\"section\">\n\t\t\t\t\t\t<div class=\"elementor-container elementor-column-gap-default\">\n\t\t\t\t\t<div class=\"elementor-column elementor-col-100 elementor-top-column elementor-element elementor-element-e03bff6\" data-id=\"e03bff6\" data-element_type=\"column\">\n\t\t\t<div class=\"elementor-widget-wrap elementor-element-populated\">\n\t\t\t\t\t\t<div class=\"elementor-element elementor-element-8b80217 elementor-widget elementor-widget-text-editor\" data-id=\"8b80217\" data-element_type=\"widget\" data-widget_type=\"text-editor.default\">\n\t\t\t\t<div class=\"elementor-widget-container\">\n\t\t\t\t\t\t\t\t\t<p>A most publik\u00e1lt n\u00e9metorsz\u00e1gi szakpolitikai strat\u00e9gia jellemz\u0151je, hogy c\u00e9lokat, konkr\u00e9t feladatokat, dedik\u00e1lt v\u00e9grehajt\u00f3i k\u00f6rt \u00e9s ir\u00e1nymutat\u00e1st ny\u00fajt\u00f3 hat\u00e1rid\u0151ket fektet le. Ki fog der\u00fclni, hogy ezt mik\u00e9nt \u00e9rt\u00e9kelik a gyakorlatban az auton\u00f3m \u00e9s h\u00e1l\u00f3zatba kapcsolt k\u00f6zleked\u00e9s ter\u00fclet\u00e9n m\u0171k\u00f6d\u0151 m\u00e9rvad\u00f3 ipar\u00e1gi szerepl\u0151k, illetve milyen t\u00e9nyleges gyors\u00edt\u00f3 ereje lesz ennek a koncepci\u00f3nak a mindennapi folyamatokra.<\/p><p>Megl\u00e1t\u00e1som szerint ez a k\u00f6zz\u00e9tett szakmai anyag azt vet\u00edti el\u0151re, hogy a m\u0171szaki-technol\u00f3giai tev\u00e9kenys\u00e9g mellett egyre jelent\u0151sebb\u00e9 v\u00e1lik a jog szerepe. Ennek egyik r\u00e9sze a kodifik\u00e1ci\u00f3, amelynek sor\u00e1n ism\u00e9t \u00e9rt\u00e9kelni, illetve szab\u00e1lyozni sz\u00fcks\u00e9ges a K+F tev\u00e9kenys\u00e9g eredm\u00e9nyek\u00e9nt keletkezett \u00fajabb helyzeteket, illetve t\u00e9ny\u00e1ll\u00e1sokat. M\u00e1sik fontos ter\u00fclet pedig a jogalkalmaz\u00e1s, amely arra hivatott, hogy dinamikusabb\u00e1 \u00e9s g\u00f6rd\u00fcl\u00e9kenyebb\u00e9 tegye az auton\u00f3m \u00e9s h\u00e1l\u00f3zatba kapcsolt k\u00f6zleked\u00e9shez k\u00f6t\u0151d\u0151 enged\u00e9lyez\u00e9si elj\u00e1r\u00e1sokat.<\/p>\t\t\t\t\t\t\t\t<\/div>\n\t\t\t\t<\/div>\n\t\t\t\t\t<\/div>\n\t\t<\/div>\n\t\t\t\t\t<\/div>\n\t\t<\/section>\n\t\t\t\t<section class=\"elementor-section elementor-top-section elementor-element elementor-element-61bb2ff elementor-section-boxed elementor-section-height-default elementor-section-height-default\" data-id=\"61bb2ff\" data-element_type=\"section\">\n\t\t\t\t\t\t<div class=\"elementor-container elementor-column-gap-default\">\n\t\t\t\t\t<div class=\"elementor-column elementor-col-100 elementor-top-column elementor-element elementor-element-2cd052a\" data-id=\"2cd052a\" data-element_type=\"column\">\n\t\t\t<div class=\"elementor-widget-wrap elementor-element-populated\">\n\t\t\t\t\t\t<div class=\"elementor-element elementor-element-272abab elementor-widget elementor-widget-spacer\" data-id=\"272abab\" data-element_type=\"widget\" data-widget_type=\"spacer.default\">\n\t\t\t\t<div class=\"elementor-widget-container\">\n\t\t\t\t\t\t\t<div class=\"elementor-spacer\">\n\t\t\t<div class=\"elementor-spacer-inner\"><\/div>\n\t\t<\/div>\n\t\t\t\t\t\t<\/div>\n\t\t\t\t<\/div>\n\t\t\t\t\t<\/div>\n\t\t<\/div>\n\t\t\t\t\t<\/div>\n\t\t<\/section>\n\t\t\t\t<section class=\"elementor-section elementor-top-section elementor-element elementor-element-257eaf8 elementor-section-boxed elementor-section-height-default elementor-section-height-default\" data-id=\"257eaf8\" data-element_type=\"section\">\n\t\t\t\t\t\t<div class=\"elementor-container elementor-column-gap-default\">\n\t\t\t\t\t<div class=\"elementor-column elementor-col-100 elementor-top-column elementor-element elementor-element-a2b90b1\" data-id=\"a2b90b1\" data-element_type=\"column\">\n\t\t\t<div class=\"elementor-widget-wrap elementor-element-populated\">\n\t\t\t\t\t\t<div class=\"elementor-element elementor-element-1f61eaf elementor-widget elementor-widget-text-editor\" data-id=\"1f61eaf\" data-element_type=\"widget\" data-widget_type=\"text-editor.default\">\n\t\t\t\t<div class=\"elementor-widget-container\">\n\t\t\t\t\t\t\t\t\t<p><em>Szerz\u0151: Nyalka Csaba<\/em><\/p>\t\t\t\t\t\t\t\t<\/div>\n\t\t\t\t<\/div>\n\t\t\t\t\t<\/div>\n\t\t<\/div>\n\t\t\t\t\t<\/div>\n\t\t<\/section>\n\t\t\t\t<section class=\"elementor-section elementor-top-section elementor-element elementor-element-a6e858d elementor-section-boxed elementor-section-height-default elementor-section-height-default\" data-id=\"a6e858d\" data-element_type=\"section\">\n\t\t\t\t\t\t<div class=\"elementor-container elementor-column-gap-default\">\n\t\t\t\t\t<div class=\"elementor-column elementor-col-50 elementor-top-column elementor-element elementor-element-abf1466\" data-id=\"abf1466\" data-element_type=\"column\">\n\t\t\t<div class=\"elementor-widget-wrap elementor-element-populated\">\n\t\t\t\t\t\t<div class=\"elementor-element elementor-element-735daa1 elementor-flip-box--direction-left elementor-flip-box--effect-flip elementor-widget elementor-widget-global elementor-global-3718 elementor-widget-flip-box\" data-id=\"735daa1\" data-element_type=\"widget\" data-widget_type=\"flip-box.default\">\n\t\t\t\t<div class=\"elementor-widget-container\">\n\t\t\t\t\t\t\t<div class=\"elementor-flip-box\" tabindex=\"0\">\n\t\t\t<div class=\"elementor-flip-box__layer elementor-flip-box__front\">\n\t\t\t\t<div class=\"elementor-flip-box__layer__overlay\">\n\t\t\t\t\t<div class=\"elementor-flip-box__layer__inner\">\n\t\t\t\t\t\t\t\t\t\t\t\t\t<div class=\"elementor-flip-box__image\">\n\t\t\t\t\t\t\t\t<img decoding=\"async\" src=\"https:\/\/blogs.dlapiper.com\/advocatus\/files\/2022\/05\/DLA-Piper-Hungary-6.png\" title=\"\" alt=\"Nyalka-Csaba\" loading=\"lazy\" \/>\t\t\t\t\t\t\t<\/div>\n\t\t\t\t\t\t\n\t\t\t\t\t\t\t\t\t\t\t\t\t<h3 class=\"elementor-flip-box__layer__title\">\n\t\t\t\t\t\t\t\t Nyalka Csaba*\t\t\t\t\t\t\t<\/h3>\n\t\t\t\t\t\t\n\t\t\t\t\t\t\t\t\t\t\t\t\t<div class=\"elementor-flip-box__layer__description\">\n\t\t\t\t\t\t\t\tSzenior \u00fcgyv\u00e9d\t\t\t\t\t\t\t<\/div>\n\t\t\t\t\t\t\t\t\t\t\t<\/div>\n\t\t\t\t<\/div>\n\t\t\t<\/div>\n\t\t\t<div class=\"elementor-flip-box__layer elementor-flip-box__back\">\n\t\t\t<div class=\"elementor-flip-box__layer__overlay\">\n\t\t\t\t<div class=\"elementor-flip-box__layer__inner\">\n\t\t\t\t\t\t\t\t\t\t\t<h3 class=\"elementor-flip-box__layer__title\">\n\t\t\t\t\t\t\t Nyalka Csaba\t\t\t\t\t\t<\/h3>\n\t\t\t\t\t\n\t\t\t\t\t\t\t\t\t\t\t<div class=\"elementor-flip-box__layer__description\">\n\t\t\t\t\t\t\tCsaba jelent\u0151s szakmai tapasztalatokat szerzett n\u00e9met ipari c\u00e9gek magyarorsz\u00e1gi m\u0171k\u00f6d\u00e9s\u00e9hez sz\u00fcks\u00e9ges jogi h\u00e1tt\u00e9r biztos\u00edt\u00e1sa sor\u00e1n. Ezen bel\u00fcl kiterjedt tapasztalattal rendelkezik kiemelked\u0151 jelent\u0151s\u00e9g\u0171 z\u00f6ldmez\u0151s beruh\u00e1z\u00e1sok ingatlanjogi \u00e9s \u00e9p\u00edt\u00e9si jogi tan\u00e1csad\u00e1s\u00e1ban. J\u00e1rm\u0171ipari tapasztalataira alapozva \u00e9vek \u00f3ta intenz\u00edven foglalkozik az auton\u00f3m k\u00f6zleked\u00e9s jogi k\u00e9rd\u00e9seivel. Ebben a t\u00e9m\u00e1ban rendszeresen publik\u00e1l, akt\u00edv r\u00e9sztvev\u0151je az ipar\u00e1gi szakmai konferenci\u00e1knak.\n\t\t\t\t\t\t<\/div>\n\t\t\t\t\t\n\t\t\t\t\t\t\t\t\t\t\t<a class=\"elementor-flip-box__button elementor-button elementor-size-xs\" href=\"mailto:csaba.nyalka@dlapiper.com\">\n\t\t\t\t\t\t\tE-mailt k\u00fcld\u00f6k\t\t\t\t\t\t<\/a>\n\t\t\t\t\t\t\t\t<\/div>\n\t\t<\/div>\n\t\t<\/div>\n\t\t<\/div>\n\t\t\t\t\t\t<\/div>\n\t\t\t\t<\/div>\n\t\t\t\t\t<\/div>\n\t\t<\/div>\n\t\t\t\t<div class=\"elementor-column elementor-col-50 elementor-top-column elementor-element elementor-element-44c1a21\" data-id=\"44c1a21\" data-element_type=\"column\">\n\t\t\t<div class=\"elementor-widget-wrap\">\n\t\t\t\t\t\t\t<\/div>\n\t\t<\/div>\n\t\t\t\t\t<\/div>\n\t\t<\/section>\n\t\t\t\t<section class=\"elementor-section elementor-top-section elementor-element elementor-element-40b6f21 elementor-section-boxed elementor-section-height-default elementor-section-height-default\" data-id=\"40b6f21\" data-element_type=\"section\">\n\t\t\t\t\t\t<div class=\"elementor-container elementor-column-gap-default\">\n\t\t\t\t\t<div class=\"elementor-column elementor-col-100 elementor-top-column elementor-element elementor-element-70c5812\" data-id=\"70c5812\" data-element_type=\"column\">\n\t\t\t<div class=\"elementor-widget-wrap elementor-element-populated\">\n\t\t\t\t\t\t<div class=\"elementor-element elementor-element-d4a3aa4 elementor-widget elementor-widget-spacer\" data-id=\"d4a3aa4\" data-element_type=\"widget\" data-widget_type=\"spacer.default\">\n\t\t\t\t<div class=\"elementor-widget-container\">\n\t\t\t\t\t\t\t<div class=\"elementor-spacer\">\n\t\t\t<div class=\"elementor-spacer-inner\"><\/div>\n\t\t<\/div>\n\t\t\t\t\t\t<\/div>\n\t\t\t\t<\/div>\n\t\t\t\t\t<\/div>\n\t\t<\/div>\n\t\t\t\t\t<\/div>\n\t\t<\/section>\n\t\t\t\t<section class=\"elementor-section elementor-top-section elementor-element elementor-element-4c372bc0 elementor-section-height-min-height elementor-section-boxed elementor-section-height-default elementor-section-items-middle\" data-id=\"4c372bc0\" data-element_type=\"section\">\n\t\t\t\t\t\t<div class=\"elementor-container elementor-column-gap-narrow\">\n\t\t\t\t\t<div class=\"elementor-column elementor-col-50 elementor-top-column elementor-element elementor-element-4c47e035\" data-id=\"4c47e035\" data-element_type=\"column\">\n\t\t\t<div class=\"elementor-widget-wrap elementor-element-populated\">\n\t\t\t\t\t\t<div class=\"elementor-element elementor-element-77620440 elementor-widget elementor-widget-text-editor\" data-id=\"77620440\" data-element_type=\"widget\" data-widget_type=\"text-editor.default\">\n\t\t\t\t<div class=\"elementor-widget-container\">\n\t\t\t\t\t\t\t\t\t<h2 class=\"elementor-heading-title elementor-size-default\" style=\"font-size: 18px;font-style: normal;margin-bottom: 0px;line-height: 1\"><b>K\u00e9rd\u00e9se van? Keressen minket bizalommal!<\/b><\/h2>\t\t\t\t\t\t\t\t<\/div>\n\t\t\t\t<\/div>\n\t\t\t\t<div class=\"elementor-element elementor-element-2c14e8d5 elementor-align-center elementor-widget elementor-widget-button\" data-id=\"2c14e8d5\" data-element_type=\"widget\" data-widget_type=\"button.default\">\n\t\t\t\t<div class=\"elementor-widget-container\">\n\t\t\t\t\t\t\t\t\t<div class=\"elementor-button-wrapper\">\n\t\t\t\t\t<a class=\"elementor-button elementor-button-link elementor-size-sm\" href=\"mailto:hungary@dlapiper.com\">\n\t\t\t\t\t\t<span class=\"elementor-button-content-wrapper\">\n\t\t\t\t\t\t\t\t\t<span class=\"elementor-button-text\">Kapcsolatfelv\u00e9tel<\/span>\n\t\t\t\t\t<\/span>\n\t\t\t\t\t<\/a>\n\t\t\t\t<\/div>\n\t\t\t\t\t\t\t\t<\/div>\n\t\t\t\t<\/div>\n\t\t\t\t\t<\/div>\n\t\t<\/div>\n\t\t\t\t<div class=\"elementor-column elementor-col-50 elementor-top-column elementor-element elementor-element-6ae0b31f\" data-id=\"6ae0b31f\" data-element_type=\"column\">\n\t\t\t<div class=\"elementor-widget-wrap elementor-element-populated\">\n\t\t\t\t\t\t<div class=\"elementor-element elementor-element-36bad1d2 elementor-widget elementor-widget-text-editor\" data-id=\"36bad1d2\" data-element_type=\"widget\" data-widget_type=\"text-editor.default\">\n\t\t\t\t<div class=\"elementor-widget-container\">\n\t\t\t\t\t\t\t\t\t<h2 class=\"elementor-heading-title elementor-size-default\" style=\"font-size: 18px;font-style: normal;margin-bottom: 0px;line-height: 1\"><b>K\u00f6vesse LinkedIn oldalunkat!<\/b><\/h2>\t\t\t\t\t\t\t\t<\/div>\n\t\t\t\t<\/div>\n\t\t\t\t<div class=\"elementor-element elementor-element-7bde7baa elementor-align-center elementor-widget elementor-widget-button\" data-id=\"7bde7baa\" data-element_type=\"widget\" data-widget_type=\"button.default\">\n\t\t\t\t<div class=\"elementor-widget-container\">\n\t\t\t\t\t\t\t\t\t<div class=\"elementor-button-wrapper\">\n\t\t\t\t\t<a class=\"elementor-button elementor-button-link elementor-size-sm\" href=\"https:\/\/www.linkedin.com\/showcase\/dla-piper-hungary\">\n\t\t\t\t\t\t<span class=\"elementor-button-content-wrapper\">\n\t\t\t\t\t\t\t\t\t<span class=\"elementor-button-text\">DLA Piper Hungary<\/span>\n\t\t\t\t\t<\/span>\n\t\t\t\t\t<\/a>\n\t\t\t\t<\/div>\n\t\t\t\t\t\t\t\t<\/div>\n\t\t\t\t<\/div>\n\t\t\t\t\t<\/div>\n\t\t<\/div>\n\t\t\t\t\t<\/div>\n\t\t<\/section>\n\t\t\t\t<section class=\"elementor-section elementor-top-section elementor-element elementor-element-4eb966f elementor-section-boxed elementor-section-height-default elementor-section-height-default\" data-id=\"4eb966f\" data-element_type=\"section\">\n\t\t\t\t\t\t<div class=\"elementor-container elementor-column-gap-default\">\n\t\t\t\t\t<div class=\"elementor-column elementor-col-100 elementor-top-column elementor-element elementor-element-c5a07c0\" data-id=\"c5a07c0\" data-element_type=\"column\">\n\t\t\t<div class=\"elementor-widget-wrap elementor-element-populated\">\n\t\t\t\t\t\t<div class=\"elementor-element elementor-element-3a7eb95 elementor-widget elementor-widget-spacer\" data-id=\"3a7eb95\" data-element_type=\"widget\" data-widget_type=\"spacer.default\">\n\t\t\t\t<div class=\"elementor-widget-container\">\n\t\t\t\t\t\t\t<div class=\"elementor-spacer\">\n\t\t\t<div class=\"elementor-spacer-inner\"><\/div>\n\t\t<\/div>\n\t\t\t\t\t\t<\/div>\n\t\t\t\t<\/div>\n\t\t\t\t\t<\/div>\n\t\t<\/div>\n\t\t\t\t\t<\/div>\n\t\t<\/section>\n\t\t\t\t<section class=\"elementor-section elementor-top-section elementor-element elementor-element-ed946c0 elementor-section-boxed elementor-section-height-default elementor-section-height-default\" data-id=\"ed946c0\" data-element_type=\"section\">\n\t\t\t\t\t\t<div class=\"elementor-container elementor-column-gap-default\">\n\t\t\t\t\t<div class=\"elementor-column elementor-col-100 elementor-top-column elementor-element elementor-element-fa043e2\" data-id=\"fa043e2\" data-element_type=\"column\">\n\t\t\t<div class=\"elementor-widget-wrap elementor-element-populated\">\n\t\t\t\t\t\t<div class=\"elementor-element elementor-element-7197757 elementor-widget elementor-widget-text-editor\" data-id=\"7197757\" data-element_type=\"widget\" data-widget_type=\"text-editor.default\">\n\t\t\t\t<div class=\"elementor-widget-container\">\n\t\t\t\t\t\t\t\t\t<h4><strong>Kapcsol\u00f3d\u00f3 tartalmaink<\/strong><\/h4>\t\t\t\t\t\t\t\t<\/div>\n\t\t\t\t<\/div>\n\t\t\t\t\t<\/div>\n\t\t<\/div>\n\t\t\t\t\t<\/div>\n\t\t<\/section>\n\t\t\t\t<section class=\"elementor-section elementor-top-section elementor-element elementor-element-9506c3e elementor-section-boxed elementor-section-height-default elementor-section-height-default\" data-id=\"9506c3e\" data-element_type=\"section\">\n\t\t\t\t\t\t<div class=\"elementor-container elementor-column-gap-default\">\n\t\t\t\t\t<div class=\"elementor-column elementor-col-100 elementor-top-column elementor-element elementor-element-c824af9\" data-id=\"c824af9\" data-element_type=\"column\">\n\t\t\t<div class=\"elementor-widget-wrap elementor-element-populated\">\n\t\t\t\t\t\t<div class=\"elementor-element elementor-element-151add8 elementor-grid-2 elementor-grid-tablet-2 elementor-grid-mobile-1 elementor-posts--thumbnail-top elementor-posts--show-avatar elementor-card-shadow-yes elementor-posts__hover-gradient elementor-widget elementor-widget-posts\" data-id=\"151add8\" data-element_type=\"widget\" data-settings=\"{&quot;cards_columns&quot;:&quot;2&quot;,&quot;cards_columns_tablet&quot;:&quot;2&quot;,&quot;cards_columns_mobile&quot;:&quot;1&quot;,&quot;cards_row_gap&quot;:{&quot;unit&quot;:&quot;px&quot;,&quot;size&quot;:35,&quot;sizes&quot;:[]},&quot;cards_row_gap_tablet&quot;:{&quot;unit&quot;:&quot;px&quot;,&quot;size&quot;:&quot;&quot;,&quot;sizes&quot;:[]},&quot;cards_row_gap_mobile&quot;:{&quot;unit&quot;:&quot;px&quot;,&quot;size&quot;:&quot;&quot;,&quot;sizes&quot;:[]}}\" data-widget_type=\"posts.cards\">\n\t\t\t\t<div class=\"elementor-widget-container\">\n\t\t\t\t\t\t\t<div class=\"elementor-posts-container elementor-posts elementor-posts--skin-cards elementor-grid\" role=\"list\">\n\t\t\t\t<article class=\"elementor-post elementor-grid-item post-5206 post type-post status-publish format-standard has-post-thumbnail hentry category-technology-law tag-automatizalt-es-autonom-vezetes tag-automatizalt-autonom-es-halozatba-kapcsolt-kozlekedes tag-jogi-muszaki-keretrendszer tag-onvezetes tag-sae tag-vezeto-nelkuli-jarmu\" role=\"listitem\">\n\t\t\t<div class=\"elementor-post__card\">\n\t\t\t\t<a class=\"elementor-post__thumbnail__link\" href=\"https:\/\/blogs.dlapiper.com\/advocatus\/2025\/03\/automatizalt-es-autonom-vezetes-svajcban-uj-kozlekedesi-jogszabaly-lepett-hatalyba\/\" tabindex=\"-1\" ><div class=\"elementor-post__thumbnail\"><img fetchpriority=\"high\" decoding=\"async\" width=\"1200\" height=\"300\" src=\"https:\/\/blogs.dlapiper.com\/advocatus\/files\/2025\/03\/Svajc-onvezetes.png\" class=\"attachment-full size-full wp-image-5207\" alt=\"Sv\u00e1jc \u00f6nvezet\u00e9s\" srcset=\"https:\/\/blogs.dlapiper.com\/advocatus\/files\/2025\/03\/Svajc-onvezetes.png 1200w, https:\/\/blogs.dlapiper.com\/advocatus\/files\/2025\/03\/Svajc-onvezetes-300x75.png 300w, https:\/\/blogs.dlapiper.com\/advocatus\/files\/2025\/03\/Svajc-onvezetes-1024x256.png 1024w, https:\/\/blogs.dlapiper.com\/advocatus\/files\/2025\/03\/Svajc-onvezetes-768x192.png 768w\" sizes=\"(max-width: 1200px) 100vw, 1200px\" \/><\/div><\/a>\n\t\t\t\t<div class=\"elementor-post__badge\">Technol\u00f3gia | Technology<\/div>\n\t\t\t\t<div class=\"elementor-post__avatar\">\n\t\t\t\t\t<\/div>\n\t\t\t\t<div class=\"elementor-post__text\">\n\t\t\t\t<h3 class=\"elementor-post__title\">\n\t\t\t<a href=\"https:\/\/blogs.dlapiper.com\/advocatus\/2025\/03\/automatizalt-es-autonom-vezetes-svajcban-uj-kozlekedesi-jogszabaly-lepett-hatalyba\/\" >\n\t\t\t\tAutomatiz\u00e1lt \u00e9s auton\u00f3m vezet\u00e9s Sv\u00e1jcban: \u00faj k\u00f6zleked\u00e9si jogszab\u00e1ly l\u00e9pett hat\u00e1lyba\t\t\t<\/a>\n\t\t<\/h3>\n\t\t\t\t<div class=\"elementor-post__excerpt\">\n\t\t\t<p>Sv\u00e1jc is megalkotta azt a komplex jogi-m\u0171szaki szab\u00e1lyrendszert, amely m\u00e1r t\u00falmutat a tesztel\u00e9sen \u00e9s lehet\u0151v\u00e9 teszi az SAE besorol\u00e1sa szerinti 3. \u00e9s 4. szint\u0171 j\u00e1rm\u0171vek \u00fczemszer\u0171 m\u0171k\u00f6dtet\u00e9s\u00e9t.<\/p>\n\t\t<\/div>\n\t\t\n\t\t<a class=\"elementor-post__read-more\" href=\"https:\/\/blogs.dlapiper.com\/advocatus\/2025\/03\/automatizalt-es-autonom-vezetes-svajcban-uj-kozlekedesi-jogszabaly-lepett-hatalyba\/\" aria-label=\"Read more about Automatiz\u00e1lt \u00e9s auton\u00f3m vezet\u00e9s Sv\u00e1jcban: \u00faj k\u00f6zleked\u00e9si jogszab\u00e1ly l\u00e9pett hat\u00e1lyba\" tabindex=\"-1\" >\n\t\t\tTov\u00e1bb \u00bb\t\t<\/a>\n\n\t\t\t\t<\/div>\n\t\t\t\t<div class=\"elementor-post__meta-data\">\n\t\t\t\t\t<span class=\"elementor-post-author\">\n\t\t\tNyalka Csaba\t\t<\/span>\n\t\t\t\t<span class=\"elementor-post-date\">\n\t\t\t2025-03-31\t\t<\/span>\n\t\t\t\t<\/div>\n\t\t\t\t\t<\/div>\n\t\t<\/article>\n\t\t\t\t<article class=\"elementor-post elementor-grid-item post-5063 post type-post status-publish format-standard has-post-thumbnail hentry category-technology-law tag-aruszallitas tag-autonom-es-halozatba-kapcsolt-kozelekedes tag-jogi-szabalyozas tag-kozossegi-kozlekedes tag-mesterseges-intelligencia tag-onvezetes tag-sae\" role=\"listitem\">\n\t\t\t<div class=\"elementor-post__card\">\n\t\t\t\t<a class=\"elementor-post__thumbnail__link\" href=\"https:\/\/blogs.dlapiper.com\/advocatus\/2024\/12\/hogyan-tovabb-onvezetes-uj-kozlekedesi-kormanyzati-strategia-nemetorszagban\/\" tabindex=\"-1\" ><div class=\"elementor-post__thumbnail\"><img decoding=\"async\" width=\"1200\" height=\"300\" src=\"https:\/\/blogs.dlapiper.com\/advocatus\/files\/2024\/12\/onvezeto_auto1.png\" class=\"attachment-full size-full wp-image-5066\" alt=\"\" srcset=\"https:\/\/blogs.dlapiper.com\/advocatus\/files\/2024\/12\/onvezeto_auto1.png 1200w, https:\/\/blogs.dlapiper.com\/advocatus\/files\/2024\/12\/onvezeto_auto1-300x75.png 300w, https:\/\/blogs.dlapiper.com\/advocatus\/files\/2024\/12\/onvezeto_auto1-1024x256.png 1024w, https:\/\/blogs.dlapiper.com\/advocatus\/files\/2024\/12\/onvezeto_auto1-768x192.png 768w\" sizes=\"(max-width: 1200px) 100vw, 1200px\" \/><\/div><\/a>\n\t\t\t\t<div class=\"elementor-post__badge\">Technol\u00f3gia | Technology<\/div>\n\t\t\t\t<div class=\"elementor-post__avatar\">\n\t\t\t\t\t<\/div>\n\t\t\t\t<div class=\"elementor-post__text\">\n\t\t\t\t<h3 class=\"elementor-post__title\">\n\t\t\t<a href=\"https:\/\/blogs.dlapiper.com\/advocatus\/2024\/12\/hogyan-tovabb-onvezetes-uj-kozlekedesi-kormanyzati-strategia-nemetorszagban\/\" >\n\t\t\t\tHogyan tov\u00e1bb \u00f6nvezet\u00e9s? \u00daj k\u00f6zleked\u00e9si korm\u00e1nyzati strat\u00e9gia N\u00e9metorsz\u00e1gban\t\t\t<\/a>\n\t\t<\/h3>\n\t\t\t\t<div class=\"elementor-post__excerpt\">\n\t\t\t<p>Napjaink bizonytalan gazdas\u00e1gi k\u00f6rnyezet\u00e9ben milyen ir\u00e1nyba halad az auton\u00f3m \u00e9s h\u00e1l\u00f3zatba kapcsolt k\u00f6zleked\u00e9s? Ezen k\u00e9rd\u00e9s kapcs\u00e1n Nyalka Csaba, a DLA Piper Hungary egy\u00fcttm\u0171k\u00f6d\u0151 szenior \u00fcgyv\u00e9dje ny\u00fajt t\u00e1j\u00e9koztat\u00e1st egy friss ipar\u00e1gi fejlem\u00e9nyr\u0151l.<\/p>\n\t\t<\/div>\n\t\t\n\t\t<a class=\"elementor-post__read-more\" href=\"https:\/\/blogs.dlapiper.com\/advocatus\/2024\/12\/hogyan-tovabb-onvezetes-uj-kozlekedesi-kormanyzati-strategia-nemetorszagban\/\" aria-label=\"Read more about Hogyan tov\u00e1bb \u00f6nvezet\u00e9s? \u00daj k\u00f6zleked\u00e9si korm\u00e1nyzati strat\u00e9gia N\u00e9metorsz\u00e1gban\" tabindex=\"-1\" >\n\t\t\tTov\u00e1bb \u00bb\t\t<\/a>\n\n\t\t\t\t<\/div>\n\t\t\t\t<div class=\"elementor-post__meta-data\">\n\t\t\t\t\t<span class=\"elementor-post-author\">\n\t\t\tNyalka Csaba\t\t<\/span>\n\t\t\t\t<span class=\"elementor-post-date\">\n\t\t\t2024-12-09\t\t<\/span>\n\t\t\t\t<\/div>\n\t\t\t\t\t<\/div>\n\t\t<\/article>\n\t\t\t\t<article class=\"elementor-post elementor-grid-item post-4457 post type-post status-publish format-standard has-post-thumbnail hentry category-technology-law tag-automatizalt-es-halozatba-kapcsolt-vezetes tag-biztositok tag-gepjarmu-felelossegbiztositas tag-jarmufejlesztok tag-onvezetes\" role=\"listitem\">\n\t\t\t<div class=\"elementor-post__card\">\n\t\t\t\t<a class=\"elementor-post__thumbnail__link\" href=\"https:\/\/blogs.dlapiper.com\/advocatus\/2023\/09\/autonom-jarmuvek-az-utakon-tenyleg-csokkenni-fog-a-balesetek-szama\/\" tabindex=\"-1\" ><div class=\"elementor-post__thumbnail\"><img decoding=\"async\" width=\"1200\" height=\"300\" src=\"https:\/\/blogs.dlapiper.com\/advocatus\/files\/2023\/09\/advocatus-header-21.png\" class=\"attachment-full size-full wp-image-4459\" alt=\"auton\u00f3m j\u00e1rm\u0171vek balesetek\" srcset=\"https:\/\/blogs.dlapiper.com\/advocatus\/files\/2023\/09\/advocatus-header-21.png 1200w, https:\/\/blogs.dlapiper.com\/advocatus\/files\/2023\/09\/advocatus-header-21-300x75.png 300w, https:\/\/blogs.dlapiper.com\/advocatus\/files\/2023\/09\/advocatus-header-21-1024x256.png 1024w, https:\/\/blogs.dlapiper.com\/advocatus\/files\/2023\/09\/advocatus-header-21-768x192.png 768w\" sizes=\"(max-width: 1200px) 100vw, 1200px\" \/><\/div><\/a>\n\t\t\t\t<div class=\"elementor-post__badge\">Technol\u00f3gia | Technology<\/div>\n\t\t\t\t<div class=\"elementor-post__avatar\">\n\t\t\t\t\t<\/div>\n\t\t\t\t<div class=\"elementor-post__text\">\n\t\t\t\t<h3 class=\"elementor-post__title\">\n\t\t\t<a href=\"https:\/\/blogs.dlapiper.com\/advocatus\/2023\/09\/autonom-jarmuvek-az-utakon-tenyleg-csokkenni-fog-a-balesetek-szama\/\" >\n\t\t\t\tAuton\u00f3m j\u00e1rm\u0171vek az utakon. T\u00e9nyleg cs\u00f6kkenni fog a balesetek sz\u00e1ma?\t\t\t<\/a>\n\t\t<\/h3>\n\t\t\t\t<div class=\"elementor-post__excerpt\">\n\t\t\t<p>A k\u00f6z\u00fati balesetek sz\u00e1ma jelent\u0151sen cs\u00f6kkenthet\u0151 a vezet\u00e9st t\u00e1mogat\u00f3 modern technol\u00f3gia alkalmaz\u00e1s\u00e1val. Ilyen tartalm \u00fa mondattal mindenki tal\u00e1lkozott m\u00e1r, de vajon al\u00e1t\u00e1maszthat\u00f3 ez a kijelent\u00e9s kutat\u00e1si eredm\u00e9nyekkel is? Erre a k\u00e9rd\u00e9sre k\u00edn\u00e1l v\u00e1laszt egy id\u00e9n szeptemberben megjelent \u00e9s vil\u00e1gszinten \u00fajdons\u00e1gnak sz\u00e1m\u00edt\u00f3 tanulm\u00e1ny, amely egy j\u00e1rm\u0171fejleszt\u0151 \u00e9s egy biztos\u00edt\u00f3 egy\u00fcttm\u0171k\u00f6d\u00e9s\u00e9nek eredm\u00e9nye. Err\u0151l a szakmai anyagr\u00f3l Nyalka Csaba szenior \u00fcgyv\u00e9d ny\u00fajt t\u00e1j\u00e9koztat\u00e1st.<\/p>\n\t\t<\/div>\n\t\t\n\t\t<a class=\"elementor-post__read-more\" href=\"https:\/\/blogs.dlapiper.com\/advocatus\/2023\/09\/autonom-jarmuvek-az-utakon-tenyleg-csokkenni-fog-a-balesetek-szama\/\" aria-label=\"Read more about Auton\u00f3m j\u00e1rm\u0171vek az utakon. T\u00e9nyleg cs\u00f6kkenni fog a balesetek sz\u00e1ma?\" tabindex=\"-1\" >\n\t\t\tTov\u00e1bb \u00bb\t\t<\/a>\n\n\t\t\t\t<\/div>\n\t\t\t\t<div class=\"elementor-post__meta-data\">\n\t\t\t\t\t<span class=\"elementor-post-author\">\n\t\t\tNyalka Csaba\t\t<\/span>\n\t\t\t\t<span class=\"elementor-post-date\">\n\t\t\t2023-09-27\t\t<\/span>\n\t\t\t\t<\/div>\n\t\t\t\t\t<\/div>\n\t\t<\/article>\n\t\t\t\t<\/div>\n\t\t\n\t\t\t\t\t\t<\/div>\n\t\t\t\t<\/div>\n\t\t\t\t\t<\/div>\n\t\t<\/div>\n\t\t\t\t\t<\/div>\n\t\t<\/section>\n\t\t\t\t<\/div>\n\t\t","protected":false},"excerpt":{"rendered":"<p>Napjaink bizonytalan gazdas\u00e1gi k\u00f6rnyezet\u00e9ben milyen ir\u00e1nyba halad az auton\u00f3m \u00e9s h\u00e1l\u00f3zatba kapcsolt k\u00f6zleked\u00e9s? Ezen k\u00e9rd\u00e9s kapcs\u00e1n Nyalka Csaba, a DLA Piper Hungary egy\u00fcttm\u0171k\u00f6d\u0151 szenior \u00fcgyv\u00e9dje ny\u00fajt t\u00e1j\u00e9koztat\u00e1st egy friss ipar\u00e1gi fejlem\u00e9nyr\u0151l.<\/p>\n","protected":false},"author":678,"featured_media":5066,"comment_status":"closed","ping_status":"closed","sticky":false,"template":"","format":"standard","meta":{"site-sidebar-layout":"default","site-content-layout":"","ast-site-content-layout":"default","site-content-style":"default","site-sidebar-style":"default","ast-global-header-display":"","ast-banner-title-visibility":"","ast-main-header-display":"","ast-hfb-above-header-display":"","ast-hfb-below-header-display":"","ast-hfb-mobile-header-display":"","site-post-title":"","ast-breadcrumbs-content":"","ast-featured-img":"","footer-sml-layout":"","theme-transparent-header-meta":"","adv-header-id-meta":"","stick-header-meta":"","header-above-stick-meta":"","header-main-stick-meta":"","header-below-stick-meta":"","astra-migrate-meta-layouts":"set","ast-page-background-enabled":"default","ast-page-background-meta":{"desktop":{"background-color":"","background-image":"","background-repeat":"repeat","background-position":"center center","background-size":"auto","background-attachment":"scroll","background-type":"","background-media":"","overlay-type":"","overlay-color":"","overlay-opacity":"","overlay-gradient":""},"tablet":{"background-color":"","background-image":"","background-repeat":"repeat","background-position":"center center","background-size":"auto","background-attachment":"scroll","background-type":"","background-media":"","overlay-type":"","overlay-color":"","overlay-opacity":"","overlay-gradient":""},"mobile":{"background-color":"","background-image":"","background-repeat":"repeat","background-position":"center center","background-size":"auto","background-attachment":"scroll","background-type":"","background-media":"","overlay-type":"","overlay-color":"","overlay-opacity":"","overlay-gradient":""}},"ast-content-background-meta":{"desktop":{"background-color":"var(--ast-global-color-5)","background-image":"","background-repeat":"repeat","background-position":"center center","background-size":"auto","background-attachment":"scroll","background-type":"","background-media":"","overlay-type":"","overlay-color":"","overlay-opacity":"","overlay-gradient":""},"tablet":{"background-color":"var(--ast-global-color-5)","background-image":"","background-repeat":"repeat","background-position":"center center","background-size":"auto","background-attachment":"scroll","background-type":"","background-media":"","overlay-type":"","overlay-color":"","overlay-opacity":"","overlay-gradient":""},"mobile":{"background-color":"var(--ast-global-color-5)","background-image":"","background-repeat":"repeat","background-position":"center center","background-size":"auto","background-attachment":"scroll","background-type":"","background-media":"","overlay-type":"","overlay-color":"","overlay-opacity":"","overlay-gradient":""}},"footnotes":""},"categories":[682],"tags":[1500,1499,1138,1501,1502,1270,1503],"coauthors":[743],"class_list":["post-5063","post","type-post","status-publish","format-standard","has-post-thumbnail","hentry","category-technology-law","tag-aruszallitas","tag-autonom-es-halozatba-kapcsolt-kozelekedes","tag-jogi-szabalyozas","tag-kozossegi-kozlekedes","tag-mesterseges-intelligencia","tag-onvezetes","tag-sae"],"yoast_head":"<!-- This site is optimized with the Yoast SEO plugin v26.1 - https:\/\/yoast.com\/wordpress\/plugins\/seo\/ -->\n<title>Hogyan tov\u00e1bb \u00f6nvezet\u00e9s? \u00daj k\u00f6zleked\u00e9si korm\u00e1nyzati strat\u00e9gia<\/title>\n<meta name=\"description\" content=\"A jelen gazdas\u00e1gi helyzetben merre halad az \u00f6nvezet\u00e9s? \u00daj k\u00f6zleked\u00e9si strat\u00e9gia N\u00e9metorsz\u00e1gban. Olvassa el \u00f6sszefoglal\u00f3nkat!\" \/>\n<meta name=\"robots\" content=\"index, follow, max-snippet:-1, max-image-preview:large, max-video-preview:-1\" \/>\n<link rel=\"canonical\" href=\"https:\/\/blogs.dlapiper.com\/advocatus\/2024\/12\/hogyan-tovabb-onvezetes-uj-kozlekedesi-kormanyzati-strategia-nemetorszagban\/\" \/>\n<meta property=\"og:locale\" content=\"en_GB\" \/>\n<meta property=\"og:type\" content=\"article\" \/>\n<meta property=\"og:title\" content=\"Hogyan tov\u00e1bb \u00f6nvezet\u00e9s? \u00daj k\u00f6zleked\u00e9si korm\u00e1nyzati strat\u00e9gia\" \/>\n<meta property=\"og:description\" content=\"A jelen gazdas\u00e1gi helyzetben merre halad az \u00f6nvezet\u00e9s? \u00daj k\u00f6zleked\u00e9si strat\u00e9gia N\u00e9metorsz\u00e1gban. Olvassa el \u00f6sszefoglal\u00f3nkat!\" \/>\n<meta property=\"og:url\" content=\"https:\/\/blogs.dlapiper.com\/advocatus\/2024\/12\/hogyan-tovabb-onvezetes-uj-kozlekedesi-kormanyzati-strategia-nemetorszagban\/\" \/>\n<meta property=\"og:site_name\" content=\"Advocatus\" \/>\n<meta property=\"article:published_time\" content=\"2024-12-09T12:31:46+00:00\" \/>\n<meta property=\"article:modified_time\" content=\"2024-12-12T14:22:24+00:00\" \/>\n<meta property=\"og:image\" content=\"https:\/\/blogs.dlapiper.com\/advocatus\/files\/2024\/12\/onvezeto_auto1.png\" \/>\n\t<meta property=\"og:image:width\" content=\"1200\" \/>\n\t<meta property=\"og:image:height\" content=\"300\" \/>\n\t<meta property=\"og:image:type\" content=\"image\/png\" \/>\n<meta name=\"author\" content=\"Nyalka Csaba\" \/>\n<meta name=\"twitter:card\" content=\"summary_large_image\" \/>\n<meta name=\"twitter:label1\" content=\"Written by\" \/>\n\t<meta name=\"twitter:data1\" content=\"Nyalka Csaba\" \/>\n\t<meta name=\"twitter:label2\" content=\"Estimated reading time\" \/>\n\t<meta name=\"twitter:data2\" content=\"8 minutes\" \/>\n<script type=\"application\/ld+json\" class=\"yoast-schema-graph\">{\"@context\":\"https:\/\/schema.org\",\"@graph\":[{\"@type\":\"Article\",\"@id\":\"https:\/\/blogs.dlapiper.com\/advocatus\/2024\/12\/hogyan-tovabb-onvezetes-uj-kozlekedesi-kormanyzati-strategia-nemetorszagban\/#article\",\"isPartOf\":{\"@id\":\"https:\/\/blogs.dlapiper.com\/advocatus\/2024\/12\/hogyan-tovabb-onvezetes-uj-kozlekedesi-kormanyzati-strategia-nemetorszagban\/\"},\"author\":{\"name\":\"Nyalka Csaba\",\"@id\":\"https:\/\/blogs.dlapiper.com\/advocatus\/#\/schema\/person\/6979b614e5374af0ed2e4e359e4df772\"},\"headline\":\"Hogyan tov\u00e1bb \u00f6nvezet\u00e9s? \u00daj k\u00f6zleked\u00e9si korm\u00e1nyzati strat\u00e9gia N\u00e9metorsz\u00e1gban\",\"datePublished\":\"2024-12-09T12:31:46+00:00\",\"dateModified\":\"2024-12-12T14:22:24+00:00\",\"mainEntityOfPage\":{\"@id\":\"https:\/\/blogs.dlapiper.com\/advocatus\/2024\/12\/hogyan-tovabb-onvezetes-uj-kozlekedesi-kormanyzati-strategia-nemetorszagban\/\"},\"wordCount\":2617,\"publisher\":{\"@id\":\"https:\/\/blogs.dlapiper.com\/advocatus\/#organization\"},\"image\":{\"@id\":\"https:\/\/blogs.dlapiper.com\/advocatus\/2024\/12\/hogyan-tovabb-onvezetes-uj-kozlekedesi-kormanyzati-strategia-nemetorszagban\/#primaryimage\"},\"thumbnailUrl\":\"https:\/\/blogs.dlapiper.com\/advocatus\/files\/2024\/12\/onvezeto_auto1.png\",\"keywords\":[\"\u00e1rusz\u00e1ll\u00edt\u00e1s\",\"auton\u00f3m \u00e9s h\u00e1l\u00f3zatba kapcsolt k\u00f6zeleked\u00e9s\",\"jogi szab\u00e1lyoz\u00e1s\",\"k\u00f6z\u00f6ss\u00e9gi k\u00f6zleked\u00e9s\",\"mesters\u00e9ges intelligencia\",\"\u00f6nvezet\u00e9s\",\"SAE\"],\"articleSection\":[\"Technol\u00f3gia | Technology\"],\"inLanguage\":\"en-GB\"},{\"@type\":\"WebPage\",\"@id\":\"https:\/\/blogs.dlapiper.com\/advocatus\/2024\/12\/hogyan-tovabb-onvezetes-uj-kozlekedesi-kormanyzati-strategia-nemetorszagban\/\",\"url\":\"https:\/\/blogs.dlapiper.com\/advocatus\/2024\/12\/hogyan-tovabb-onvezetes-uj-kozlekedesi-kormanyzati-strategia-nemetorszagban\/\",\"name\":\"Hogyan tov\u00e1bb \u00f6nvezet\u00e9s? \u00daj k\u00f6zleked\u00e9si korm\u00e1nyzati strat\u00e9gia\",\"isPartOf\":{\"@id\":\"https:\/\/blogs.dlapiper.com\/advocatus\/#website\"},\"primaryImageOfPage\":{\"@id\":\"https:\/\/blogs.dlapiper.com\/advocatus\/2024\/12\/hogyan-tovabb-onvezetes-uj-kozlekedesi-kormanyzati-strategia-nemetorszagban\/#primaryimage\"},\"image\":{\"@id\":\"https:\/\/blogs.dlapiper.com\/advocatus\/2024\/12\/hogyan-tovabb-onvezetes-uj-kozlekedesi-kormanyzati-strategia-nemetorszagban\/#primaryimage\"},\"thumbnailUrl\":\"https:\/\/blogs.dlapiper.com\/advocatus\/files\/2024\/12\/onvezeto_auto1.png\",\"datePublished\":\"2024-12-09T12:31:46+00:00\",\"dateModified\":\"2024-12-12T14:22:24+00:00\",\"description\":\"A jelen gazdas\u00e1gi helyzetben merre halad az \u00f6nvezet\u00e9s? \u00daj k\u00f6zleked\u00e9si strat\u00e9gia N\u00e9metorsz\u00e1gban. Olvassa el \u00f6sszefoglal\u00f3nkat!\",\"breadcrumb\":{\"@id\":\"https:\/\/blogs.dlapiper.com\/advocatus\/2024\/12\/hogyan-tovabb-onvezetes-uj-kozlekedesi-kormanyzati-strategia-nemetorszagban\/#breadcrumb\"},\"inLanguage\":\"en-GB\",\"potentialAction\":[{\"@type\":\"ReadAction\",\"target\":[\"https:\/\/blogs.dlapiper.com\/advocatus\/2024\/12\/hogyan-tovabb-onvezetes-uj-kozlekedesi-kormanyzati-strategia-nemetorszagban\/\"]}]},{\"@type\":\"ImageObject\",\"inLanguage\":\"en-GB\",\"@id\":\"https:\/\/blogs.dlapiper.com\/advocatus\/2024\/12\/hogyan-tovabb-onvezetes-uj-kozlekedesi-kormanyzati-strategia-nemetorszagban\/#primaryimage\",\"url\":\"https:\/\/blogs.dlapiper.com\/advocatus\/files\/2024\/12\/onvezeto_auto1.png\",\"contentUrl\":\"https:\/\/blogs.dlapiper.com\/advocatus\/files\/2024\/12\/onvezeto_auto1.png\",\"width\":1200,\"height\":300},{\"@type\":\"BreadcrumbList\",\"@id\":\"https:\/\/blogs.dlapiper.com\/advocatus\/2024\/12\/hogyan-tovabb-onvezetes-uj-kozlekedesi-kormanyzati-strategia-nemetorszagban\/#breadcrumb\",\"itemListElement\":[{\"@type\":\"ListItem\",\"position\":1,\"name\":\"Home\",\"item\":\"https:\/\/blogs.dlapiper.com\/advocatus\/\"},{\"@type\":\"ListItem\",\"position\":2,\"name\":\"Hogyan tov\u00e1bb \u00f6nvezet\u00e9s? \u00daj k\u00f6zleked\u00e9si korm\u00e1nyzati strat\u00e9gia N\u00e9metorsz\u00e1gban\"}]},{\"@type\":\"WebSite\",\"@id\":\"https:\/\/blogs.dlapiper.com\/advocatus\/#website\",\"url\":\"https:\/\/blogs.dlapiper.com\/advocatus\/\",\"name\":\"Advocatus\",\"description\":\"A DLA Piper Jogi Blogja\",\"publisher\":{\"@id\":\"https:\/\/blogs.dlapiper.com\/advocatus\/#organization\"},\"potentialAction\":[{\"@type\":\"SearchAction\",\"target\":{\"@type\":\"EntryPoint\",\"urlTemplate\":\"https:\/\/blogs.dlapiper.com\/advocatus\/?s={search_term_string}\"},\"query-input\":{\"@type\":\"PropertyValueSpecification\",\"valueRequired\":true,\"valueName\":\"search_term_string\"}}],\"inLanguage\":\"en-GB\"},{\"@type\":\"Organization\",\"@id\":\"https:\/\/blogs.dlapiper.com\/advocatus\/#organization\",\"name\":\"Advocatus\",\"url\":\"https:\/\/blogs.dlapiper.com\/advocatus\/\",\"logo\":{\"@type\":\"ImageObject\",\"inLanguage\":\"en-GB\",\"@id\":\"https:\/\/blogs.dlapiper.com\/advocatus\/#\/schema\/logo\/image\/\",\"url\":\"https:\/\/blogs.dlapiper.com\/advocatus\/files\/2019\/06\/cropped-logo-144-1.png\",\"contentUrl\":\"https:\/\/blogs.dlapiper.com\/advocatus\/files\/2019\/06\/cropped-logo-144-1.png\",\"width\":223,\"height\":130,\"caption\":\"Advocatus\"},\"image\":{\"@id\":\"https:\/\/blogs.dlapiper.com\/advocatus\/#\/schema\/logo\/image\/\"},\"sameAs\":[\"https:\/\/www.linkedin.com\/showcase\/dla-piper-hungary\/\"]},{\"@type\":\"Person\",\"@id\":\"https:\/\/blogs.dlapiper.com\/advocatus\/#\/schema\/person\/6979b614e5374af0ed2e4e359e4df772\",\"name\":\"Nyalka Csaba\",\"url\":\"https:\/\/blogs.dlapiper.com\/advocatus\/author\/csabanyalka\/\"}]}<\/script>\n<!-- \/ Yoast SEO plugin. -->","yoast_head_json":{"title":"Hogyan tov\u00e1bb \u00f6nvezet\u00e9s? \u00daj k\u00f6zleked\u00e9si korm\u00e1nyzati strat\u00e9gia","description":"A jelen gazdas\u00e1gi helyzetben merre halad az \u00f6nvezet\u00e9s? \u00daj k\u00f6zleked\u00e9si strat\u00e9gia N\u00e9metorsz\u00e1gban. Olvassa el \u00f6sszefoglal\u00f3nkat!","robots":{"index":"index","follow":"follow","max-snippet":"max-snippet:-1","max-image-preview":"max-image-preview:large","max-video-preview":"max-video-preview:-1"},"canonical":"https:\/\/blogs.dlapiper.com\/advocatus\/2024\/12\/hogyan-tovabb-onvezetes-uj-kozlekedesi-kormanyzati-strategia-nemetorszagban\/","og_locale":"en_GB","og_type":"article","og_title":"Hogyan tov\u00e1bb \u00f6nvezet\u00e9s? \u00daj k\u00f6zleked\u00e9si korm\u00e1nyzati strat\u00e9gia","og_description":"A jelen gazdas\u00e1gi helyzetben merre halad az \u00f6nvezet\u00e9s? \u00daj k\u00f6zleked\u00e9si strat\u00e9gia N\u00e9metorsz\u00e1gban. Olvassa el \u00f6sszefoglal\u00f3nkat!","og_url":"https:\/\/blogs.dlapiper.com\/advocatus\/2024\/12\/hogyan-tovabb-onvezetes-uj-kozlekedesi-kormanyzati-strategia-nemetorszagban\/","og_site_name":"Advocatus","article_published_time":"2024-12-09T12:31:46+00:00","article_modified_time":"2024-12-12T14:22:24+00:00","og_image":[{"width":1200,"height":300,"url":"https:\/\/blogs.dlapiper.com\/advocatus\/files\/2024\/12\/onvezeto_auto1.png","type":"image\/png"}],"author":"Nyalka Csaba","twitter_card":"summary_large_image","twitter_misc":{"Written by":"Nyalka Csaba","Estimated reading time":"8 minutes"},"schema":{"@context":"https:\/\/schema.org","@graph":[{"@type":"Article","@id":"https:\/\/blogs.dlapiper.com\/advocatus\/2024\/12\/hogyan-tovabb-onvezetes-uj-kozlekedesi-kormanyzati-strategia-nemetorszagban\/#article","isPartOf":{"@id":"https:\/\/blogs.dlapiper.com\/advocatus\/2024\/12\/hogyan-tovabb-onvezetes-uj-kozlekedesi-kormanyzati-strategia-nemetorszagban\/"},"author":{"name":"Nyalka Csaba","@id":"https:\/\/blogs.dlapiper.com\/advocatus\/#\/schema\/person\/6979b614e5374af0ed2e4e359e4df772"},"headline":"Hogyan tov\u00e1bb \u00f6nvezet\u00e9s? \u00daj k\u00f6zleked\u00e9si korm\u00e1nyzati strat\u00e9gia N\u00e9metorsz\u00e1gban","datePublished":"2024-12-09T12:31:46+00:00","dateModified":"2024-12-12T14:22:24+00:00","mainEntityOfPage":{"@id":"https:\/\/blogs.dlapiper.com\/advocatus\/2024\/12\/hogyan-tovabb-onvezetes-uj-kozlekedesi-kormanyzati-strategia-nemetorszagban\/"},"wordCount":2617,"publisher":{"@id":"https:\/\/blogs.dlapiper.com\/advocatus\/#organization"},"image":{"@id":"https:\/\/blogs.dlapiper.com\/advocatus\/2024\/12\/hogyan-tovabb-onvezetes-uj-kozlekedesi-kormanyzati-strategia-nemetorszagban\/#primaryimage"},"thumbnailUrl":"https:\/\/blogs.dlapiper.com\/advocatus\/files\/2024\/12\/onvezeto_auto1.png","keywords":["\u00e1rusz\u00e1ll\u00edt\u00e1s","auton\u00f3m \u00e9s h\u00e1l\u00f3zatba kapcsolt k\u00f6zeleked\u00e9s","jogi szab\u00e1lyoz\u00e1s","k\u00f6z\u00f6ss\u00e9gi k\u00f6zleked\u00e9s","mesters\u00e9ges intelligencia","\u00f6nvezet\u00e9s","SAE"],"articleSection":["Technol\u00f3gia | Technology"],"inLanguage":"en-GB"},{"@type":"WebPage","@id":"https:\/\/blogs.dlapiper.com\/advocatus\/2024\/12\/hogyan-tovabb-onvezetes-uj-kozlekedesi-kormanyzati-strategia-nemetorszagban\/","url":"https:\/\/blogs.dlapiper.com\/advocatus\/2024\/12\/hogyan-tovabb-onvezetes-uj-kozlekedesi-kormanyzati-strategia-nemetorszagban\/","name":"Hogyan tov\u00e1bb \u00f6nvezet\u00e9s? \u00daj k\u00f6zleked\u00e9si korm\u00e1nyzati strat\u00e9gia","isPartOf":{"@id":"https:\/\/blogs.dlapiper.com\/advocatus\/#website"},"primaryImageOfPage":{"@id":"https:\/\/blogs.dlapiper.com\/advocatus\/2024\/12\/hogyan-tovabb-onvezetes-uj-kozlekedesi-kormanyzati-strategia-nemetorszagban\/#primaryimage"},"image":{"@id":"https:\/\/blogs.dlapiper.com\/advocatus\/2024\/12\/hogyan-tovabb-onvezetes-uj-kozlekedesi-kormanyzati-strategia-nemetorszagban\/#primaryimage"},"thumbnailUrl":"https:\/\/blogs.dlapiper.com\/advocatus\/files\/2024\/12\/onvezeto_auto1.png","datePublished":"2024-12-09T12:31:46+00:00","dateModified":"2024-12-12T14:22:24+00:00","description":"A jelen gazdas\u00e1gi helyzetben merre halad az \u00f6nvezet\u00e9s? \u00daj k\u00f6zleked\u00e9si strat\u00e9gia N\u00e9metorsz\u00e1gban. Olvassa el \u00f6sszefoglal\u00f3nkat!","breadcrumb":{"@id":"https:\/\/blogs.dlapiper.com\/advocatus\/2024\/12\/hogyan-tovabb-onvezetes-uj-kozlekedesi-kormanyzati-strategia-nemetorszagban\/#breadcrumb"},"inLanguage":"en-GB","potentialAction":[{"@type":"ReadAction","target":["https:\/\/blogs.dlapiper.com\/advocatus\/2024\/12\/hogyan-tovabb-onvezetes-uj-kozlekedesi-kormanyzati-strategia-nemetorszagban\/"]}]},{"@type":"ImageObject","inLanguage":"en-GB","@id":"https:\/\/blogs.dlapiper.com\/advocatus\/2024\/12\/hogyan-tovabb-onvezetes-uj-kozlekedesi-kormanyzati-strategia-nemetorszagban\/#primaryimage","url":"https:\/\/blogs.dlapiper.com\/advocatus\/files\/2024\/12\/onvezeto_auto1.png","contentUrl":"https:\/\/blogs.dlapiper.com\/advocatus\/files\/2024\/12\/onvezeto_auto1.png","width":1200,"height":300},{"@type":"BreadcrumbList","@id":"https:\/\/blogs.dlapiper.com\/advocatus\/2024\/12\/hogyan-tovabb-onvezetes-uj-kozlekedesi-kormanyzati-strategia-nemetorszagban\/#breadcrumb","itemListElement":[{"@type":"ListItem","position":1,"name":"Home","item":"https:\/\/blogs.dlapiper.com\/advocatus\/"},{"@type":"ListItem","position":2,"name":"Hogyan tov\u00e1bb \u00f6nvezet\u00e9s? \u00daj k\u00f6zleked\u00e9si korm\u00e1nyzati strat\u00e9gia N\u00e9metorsz\u00e1gban"}]},{"@type":"WebSite","@id":"https:\/\/blogs.dlapiper.com\/advocatus\/#website","url":"https:\/\/blogs.dlapiper.com\/advocatus\/","name":"Advocatus","description":"A DLA Piper Jogi Blogja","publisher":{"@id":"https:\/\/blogs.dlapiper.com\/advocatus\/#organization"},"potentialAction":[{"@type":"SearchAction","target":{"@type":"EntryPoint","urlTemplate":"https:\/\/blogs.dlapiper.com\/advocatus\/?s={search_term_string}"},"query-input":{"@type":"PropertyValueSpecification","valueRequired":true,"valueName":"search_term_string"}}],"inLanguage":"en-GB"},{"@type":"Organization","@id":"https:\/\/blogs.dlapiper.com\/advocatus\/#organization","name":"Advocatus","url":"https:\/\/blogs.dlapiper.com\/advocatus\/","logo":{"@type":"ImageObject","inLanguage":"en-GB","@id":"https:\/\/blogs.dlapiper.com\/advocatus\/#\/schema\/logo\/image\/","url":"https:\/\/blogs.dlapiper.com\/advocatus\/files\/2019\/06\/cropped-logo-144-1.png","contentUrl":"https:\/\/blogs.dlapiper.com\/advocatus\/files\/2019\/06\/cropped-logo-144-1.png","width":223,"height":130,"caption":"Advocatus"},"image":{"@id":"https:\/\/blogs.dlapiper.com\/advocatus\/#\/schema\/logo\/image\/"},"sameAs":["https:\/\/www.linkedin.com\/showcase\/dla-piper-hungary\/"]},{"@type":"Person","@id":"https:\/\/blogs.dlapiper.com\/advocatus\/#\/schema\/person\/6979b614e5374af0ed2e4e359e4df772","name":"Nyalka Csaba","url":"https:\/\/blogs.dlapiper.com\/advocatus\/author\/csabanyalka\/"}]}},"_links":{"self":[{"href":"https:\/\/blogs.dlapiper.com\/advocatus\/wp-json\/wp\/v2\/posts\/5063","targetHints":{"allow":["GET"]}}],"collection":[{"href":"https:\/\/blogs.dlapiper.com\/advocatus\/wp-json\/wp\/v2\/posts"}],"about":[{"href":"https:\/\/blogs.dlapiper.com\/advocatus\/wp-json\/wp\/v2\/types\/post"}],"author":[{"embeddable":true,"href":"https:\/\/blogs.dlapiper.com\/advocatus\/wp-json\/wp\/v2\/users\/678"}],"replies":[{"embeddable":true,"href":"https:\/\/blogs.dlapiper.com\/advocatus\/wp-json\/wp\/v2\/comments?post=5063"}],"version-history":[{"count":0,"href":"https:\/\/blogs.dlapiper.com\/advocatus\/wp-json\/wp\/v2\/posts\/5063\/revisions"}],"wp:featuredmedia":[{"embeddable":true,"href":"https:\/\/blogs.dlapiper.com\/advocatus\/wp-json\/wp\/v2\/media\/5066"}],"wp:attachment":[{"href":"https:\/\/blogs.dlapiper.com\/advocatus\/wp-json\/wp\/v2\/media?parent=5063"}],"wp:term":[{"taxonomy":"category","embeddable":true,"href":"https:\/\/blogs.dlapiper.com\/advocatus\/wp-json\/wp\/v2\/categories?post=5063"},{"taxonomy":"post_tag","embeddable":true,"href":"https:\/\/blogs.dlapiper.com\/advocatus\/wp-json\/wp\/v2\/tags?post=5063"},{"taxonomy":"author","embeddable":true,"href":"https:\/\/blogs.dlapiper.com\/advocatus\/wp-json\/wp\/v2\/coauthors?post=5063"}],"curies":[{"name":"wp","href":"https:\/\/api.w.org\/{rel}","templated":true}]}}