{"id":5050,"date":"2024-11-27T14:45:22","date_gmt":"2024-11-27T13:45:22","guid":{"rendered":"https:\/\/blogs.dlapiper.com\/advocatus\/?p=5050"},"modified":"2024-11-28T15:13:46","modified_gmt":"2024-11-28T14:13:46","slug":"adojogi-szempontok-a-fogyasztasi-cikkek-csomagolasa-kapcsan-5-resz","status":"publish","type":"post","link":"https:\/\/blogs.dlapiper.com\/advocatus\/2024\/11\/adojogi-szempontok-a-fogyasztasi-cikkek-csomagolasa-kapcsan-5-resz\/","title":{"rendered":"Ad\u00f3jogi szempontok a fogyaszt\u00e1si cikkek csomagol\u00e1sa kapcs\u00e1n \u2013 5. r\u00e9sz"},"content":{"rendered":"\t\t<div data-elementor-type=\"wp-post\" data-elementor-id=\"5050\" class=\"elementor elementor-5050\" data-elementor-post-type=\"post\">\n\t\t\t\t\t\t<section class=\"elementor-section elementor-top-section elementor-element elementor-element-9a2f186 elementor-section-boxed elementor-section-height-default elementor-section-height-default\" data-id=\"9a2f186\" data-element_type=\"section\">\n\t\t\t\t\t\t<div class=\"elementor-container elementor-column-gap-default\">\n\t\t\t\t\t<div class=\"elementor-column elementor-col-100 elementor-top-column elementor-element elementor-element-1ab3eba\" data-id=\"1ab3eba\" data-element_type=\"column\">\n\t\t\t<div class=\"elementor-widget-wrap elementor-element-populated\">\n\t\t\t\t\t\t<div class=\"elementor-element elementor-element-e745364 elementor-widget elementor-widget-spacer\" data-id=\"e745364\" data-element_type=\"widget\" data-widget_type=\"spacer.default\">\n\t\t\t\t<div class=\"elementor-widget-container\">\n\t\t\t\t\t\t\t<div class=\"elementor-spacer\">\n\t\t\t<div class=\"elementor-spacer-inner\"><\/div>\n\t\t<\/div>\n\t\t\t\t\t\t<\/div>\n\t\t\t\t<\/div>\n\t\t\t\t\t<\/div>\n\t\t<\/div>\n\t\t\t\t\t<\/div>\n\t\t<\/section>\n\t\t\t\t<section class=\"elementor-section elementor-top-section elementor-element elementor-element-d54efde elementor-section-boxed elementor-section-height-default elementor-section-height-default\" data-id=\"d54efde\" data-element_type=\"section\">\n\t\t\t\t\t\t<div class=\"elementor-container elementor-column-gap-default\">\n\t\t\t\t\t<div class=\"elementor-column elementor-col-100 elementor-top-column elementor-element elementor-element-714e305\" data-id=\"714e305\" data-element_type=\"column\">\n\t\t\t<div class=\"elementor-widget-wrap elementor-element-populated\">\n\t\t\t\t\t\t<div class=\"elementor-element elementor-element-518a58e elementor-widget elementor-widget-text-editor\" data-id=\"518a58e\" data-element_type=\"widget\" data-widget_type=\"text-editor.default\">\n\t\t\t\t<div class=\"elementor-widget-container\">\n\t\t\t\t\t\t\t\t\t<h5><strong>Az Eur\u00f3pai Uni\u00f3, illetve haz\u00e1nk is felismerte, hogy a z\u00f6ldebb \u00e9s fenntarthat\u00f3bb gazdas\u00e1g el\u00e9r\u00e9s\u00e9nek egyik hat\u00e9kony eszk\u00f6ze lehet a k\u00fcl\u00f6nb\u00f6z\u0151 ad\u00f3k, illetve d\u00edjak alkalmaz\u00e1sa, valamint a k\u00f6rnyezetterhel\u00e9st cs\u00f6kkent\u0151 projektek, z\u00f6ld beruh\u00e1z\u00e1sok ad\u00f3kedvezm\u00e9nyek \u00e9s egy\u00e9b p\u00e9nz\u00fcgyi \u00f6szt\u00f6nz\u0151k r\u00e9v\u00e9n t\u00f6rt\u00e9n\u0151 t\u00e1mogat\u00e1sa. Cikk\u00fcnkben \u00f6sszefoglaljuk a fogyaszt\u00e1si cikkek piac\u00e1n a csomagol\u00e1sokhoz kapcsol\u00f3d\u00f3 f\u0151bb ad\u00f3jogi vonatkoz\u00e1sokat, els\u0151sorban az ad\u00f3fizet\u00e9si k\u00f6telezetts\u00e9g t\u00e9mak\u00f6r\u00e9re koncentr\u00e1lva.<\/strong><\/h5>\t\t\t\t\t\t\t\t<\/div>\n\t\t\t\t<\/div>\n\t\t\t\t\t<\/div>\n\t\t<\/div>\n\t\t\t\t\t<\/div>\n\t\t<\/section>\n\t\t\t\t<section class=\"elementor-section elementor-top-section elementor-element elementor-element-4218f67 elementor-section-boxed elementor-section-height-default elementor-section-height-default\" data-id=\"4218f67\" data-element_type=\"section\">\n\t\t\t\t\t\t<div class=\"elementor-container elementor-column-gap-default\">\n\t\t\t\t\t<div class=\"elementor-column elementor-col-100 elementor-top-column elementor-element elementor-element-215a990\" data-id=\"215a990\" data-element_type=\"column\">\n\t\t\t<div class=\"elementor-widget-wrap elementor-element-populated\">\n\t\t\t\t\t\t<div class=\"elementor-element elementor-element-e9e5034 elementor-widget elementor-widget-text-editor\" data-id=\"e9e5034\" data-element_type=\"widget\" data-widget_type=\"text-editor.default\">\n\t\t\t\t<div class=\"elementor-widget-container\">\n\t\t\t\t\t\t\t\t\t<h5><strong>A k\u00f6rnyezetv\u00e9delmi ad\u00f3k rendszere Magyarorsz\u00e1gon<\/strong><\/h5>\t\t\t\t\t\t\t\t<\/div>\n\t\t\t\t<\/div>\n\t\t\t\t\t<\/div>\n\t\t<\/div>\n\t\t\t\t\t<\/div>\n\t\t<\/section>\n\t\t\t\t<section class=\"elementor-section elementor-top-section elementor-element elementor-element-f0d7b1b elementor-section-boxed elementor-section-height-default elementor-section-height-default\" data-id=\"f0d7b1b\" data-element_type=\"section\">\n\t\t\t\t\t\t<div class=\"elementor-container elementor-column-gap-default\">\n\t\t\t\t\t<div class=\"elementor-column elementor-col-100 elementor-top-column elementor-element elementor-element-b2fadee\" data-id=\"b2fadee\" data-element_type=\"column\">\n\t\t\t<div class=\"elementor-widget-wrap elementor-element-populated\">\n\t\t\t\t\t\t<div class=\"elementor-element elementor-element-b63ace7 elementor-widget elementor-widget-text-editor\" data-id=\"b63ace7\" data-element_type=\"widget\" data-widget_type=\"text-editor.default\">\n\t\t\t\t<div class=\"elementor-widget-container\">\n\t\t\t\t\t\t\t\t\t<p>A <em>k\u00f6rnyezetv\u00e9delmi ad\u00f3k<\/em> a k\u00f6rnyezetv\u00e9delmi politika eszk\u00f6zei k\u00f6z\u00e9 sorolhat\u00f3k. A k\u00f6rnyezetv\u00e9delmi politika eszk\u00f6zt\u00e1r\u00e1nak alapvet\u0151en k\u00e9t kateg\u00f3ri\u00e1j\u00e1t lehet megk\u00fcl\u00f6nb\u00f6ztetni: a piaci alap\u00fa (pl. ad\u00f3\u00fcgyi) eszk\u00f6z\u00f6ket, illetve nem piaci alap\u00fa eszk\u00f6z\u00f6ket. Ut\u00f3bbiak p\u00e9ld\u00e1ul a k\u00fcl\u00f6nb\u00f6z\u0151 szabv\u00e1nyok, a tudatoss\u00e1gn\u00f6vel\u0151 int\u00e9zked\u00e9sek, t\u00e1j\u00e9koztat\u00e1sok. A fisk\u00e1lis eszk\u00f6z\u00f6k lehetnek a k\u00f6rnyezetileg nem k\u00edv\u00e1natos magatart\u00e1s b\u00fcntet\u0151 (\u00edgy a k\u00f6rnyezetv\u00e9delmi ad\u00f3k, d\u00edjak), illetve a k\u00f6rnyezetileg k\u00edv\u00e1natos magatart\u00e1st el\u0151seg\u00edt\u0151 (ad\u00f3kedvezm\u00e9nyek, t\u00e1mogat\u00e1sok) eszk\u00f6z\u00f6k.<a href=\"#hivatkozas\">[1]<\/a><\/p><p>A k\u00f6rnyezetv\u00e9delmi ad\u00f3k bevezet\u00e9se, a keretrendszer\u00fck meghat\u00e1roz\u00e1sa, a mik\u00e9nti alkalmaz\u00e1sa alapvet\u0151en a tag\u00e1llamokt\u00f3l, illetve azok szakpolitikai d\u00f6nt\u00e9seit\u0151l f\u00fcgg. A megfelel\u0151 tag\u00e1llami szab\u00e1lyok e t\u00e9ren t\u00f6rt\u00e9n\u0151 kialak\u00edt\u00e1s\u00e1t azonban az Eur\u00f3pai Uni\u00f3 is jelent\u0151snek \u00edt\u00e9li, ez\u00e9rt igyekszik t\u00e1mogatni a megfelel\u0151 tag\u00e1llami szab\u00e1lyoz\u00e1st. A 2030-ig tart\u00f3 id\u0151szakra sz\u00f3l\u00f3 uni\u00f3s k\u00f6rnyezetv\u00e9delmi cselekv\u00e9si program (a Nyolcadik K\u00f6rnyezetv\u00e9delmi Akci\u00f3program vagy 8th EAP) ez\u00e9rt k\u00fcl\u00f6n is kiemeli a tag\u00e1llami ad\u00f3rendszerek szerep\u00e9t a k\u00f6rnyezetv\u00e9delem el\u0151mozd\u00edt\u00e1sa kapcs\u00e1n: a cselekv\u00e9si program az \u00e1ltala meghat\u00e1rozott c\u00e9lkit\u0171z\u00e9sek el\u00e9r\u00e9s\u00e9nek egyik el\u0151felt\u00e9telek\u00e9nt hat\u00e1rozza meg a k\u00f6rnyezetv\u00e9delmi ad\u00f3k, a piaci alap\u00fa eszk\u00f6z\u00f6k \u00e9s a k\u00f6rnyezetbar\u00e1t k\u00f6lts\u00e9gvet\u00e9s-tervez\u00e9si \u00e9s finansz\u00edroz\u00e1si eszk\u00f6z\u00f6k tag\u00e1llomok \u00e1ltali bevezet\u00e9s\u00e9t, illetve fejleszt\u00e9s\u00e9t, valamint a v\u00e1llalkoz\u00e1sok \u00e9s m\u00e1s \u00e9rdekelt felek t\u00e1mogat\u00e1s\u00e1t.<\/p><p>Az uni\u00f3s elv\u00e1r\u00e1soknak eleget t\u00e9ve, Magyarorsz\u00e1g is t\u00f6bb, a k\u00f6rnyezetv\u00e9delem el\u0151mozd\u00edt\u00e1s\u00e1ra szolg\u00e1l\u00f3 ad\u00f3t, d\u00edjat, j\u00e1rul\u00e9kot vezetett be. \u00cdgy a k\u00fcl\u00f6nb\u00f6z\u0151 energiaterm\u00e9kre kiterjed\u0151 <em>energiaad\u00f3k<\/em> (p\u00e9ld\u00e1ul az \u00e1sv\u00e1nyi olaj eredet\u0171 \u00fczemanyagok, a f\u00f6ldg\u00e1z, a sz\u00e9n, a villamos energia ut\u00e1ni j\u00f6ved\u00e9ki ad\u00f3, illetve a 2023-t\u00f3l bevezetett sz\u00e9n-dioxid kv\u00f3ta ad\u00f3 \u00e9s az ehhez kapcsol\u00f3d\u00f3 tranzakci\u00f3s illet\u00e9k),<a href=\"#hivatkozas\">[2]<\/a> a k\u00fcl\u00f6nf\u00e9le term\u00e9szeti er\u0151forr\u00e1sok haszn\u00e1lata ut\u00e1n fizetend\u0151 <em>er\u0151forr\u00e1sad\u00f3k<\/em> (ilyenek a k\u00fcl\u00f6nb\u00f6z\u0151 ig\u00e9nybev\u00e9teli j\u00e1rul\u00e9kok<a href=\"#hivatkozas\">[3]<\/a>), de ide sorolhat\u00f3k a <em>g\u00e9pj\u00e1rm\u0171vekre kivetett <\/em>k\u00fcl\u00f6nb\u00f6z\u0151 k\u00f6zleked\u00e9si\/sz\u00e1ll\u00edt\u00e1si ad\u00f3k. Ezen fel\u00fcl a hazai szab\u00e1lyoz\u00e1sban is fontos szerepet kapnak az \u00fan. <em>szennyez\u00e9si ad\u00f3k<\/em>, amelyek a leveg\u0151- \u00e9s v\u00edzszennyez\u00e9st, a k\u00fcl\u00f6nf\u00e9le szil\u00e1rdhullad\u00e9k-, vagy zajkibocs\u00e1t\u00e1st ad\u00f3ztatj\u00e1k (p\u00e9ld\u00e1ul k\u00f6rnyezetterhel\u00e9si d\u00edj). Ezen fel\u00fcl jelenleg sz\u00e1mos <em>k\u00fcl\u00f6nad\u00f3<\/em> is ad\u00f3rendszer\u00fcnk r\u00e9sz\u00e9t k\u00e9pezi, amelyek egy r\u00e9sz\u00e9nek ad\u00f3t\u00e1rgya k\u00f6rnyezetv\u00e9delemi szempontb\u00f3l is relev\u00e1ns lehet.<\/p>\t\t\t\t\t\t\t\t<\/div>\n\t\t\t\t<\/div>\n\t\t\t\t\t<\/div>\n\t\t<\/div>\n\t\t\t\t\t<\/div>\n\t\t<\/section>\n\t\t\t\t<section class=\"elementor-section elementor-top-section elementor-element elementor-element-a14d169 elementor-section-boxed elementor-section-height-default elementor-section-height-default\" data-id=\"a14d169\" data-element_type=\"section\">\n\t\t\t\t\t\t<div class=\"elementor-container elementor-column-gap-default\">\n\t\t\t\t\t<div class=\"elementor-column elementor-col-100 elementor-top-column elementor-element elementor-element-cd974da\" data-id=\"cd974da\" data-element_type=\"column\">\n\t\t\t<div class=\"elementor-widget-wrap elementor-element-populated\">\n\t\t\t\t\t\t<div class=\"elementor-element elementor-element-2d094e7 elementor-widget elementor-widget-text-editor\" data-id=\"2d094e7\" data-element_type=\"widget\" data-widget_type=\"text-editor.default\">\n\t\t\t\t<div class=\"elementor-widget-container\">\n\t\t\t\t\t\t\t\t\t<p>Fenti ad\u00f3k, d\u00edjak, j\u00e1rul\u00e9kok mind hat\u00e1ssal vannak a term\u00e9kek gy\u00e1rt\u00e1s\u00e1nak, illetve csomagol\u00e1s\u00e1nak folyamat\u00e1ra, el\u0151seg\u00edtve a k\u00f6rnyezetv\u00e9delmi \u00e9s fenntarthat\u00f3s\u00e1gi c\u00e9lok megval\u00f3s\u00edt\u00e1s\u00e1t. Fontos megeml\u00edteni azonban, hogy idehaza nemcsak a k\u00f6rnyezetileg nem k\u00edv\u00e1natos magatart\u00e1sok, kibocs\u00e1t\u00e1sok ad\u00f3ztat\u00e1sa val\u00f3sul meg, hanem a fenntarthat\u00f3s\u00e1g el\u0151seg\u00edt\u00e9s\u00e9t szorgalmaz\u00f3 k\u00fcl\u00f6nb\u00f6z\u0151 \u00f6szt\u00f6nz\u0151k is bevezet\u00e9sre ker\u00fcltek. Ilyen \u00f6szt\u00f6nz\u0151k t\u00f6bbek k\u00f6z\u00f6tt a t\u00e1rsas\u00e1gi ad\u00f3 kapcs\u00e1n bevezetett ad\u00f3kedvezm\u00e9nyek (p\u00e9ld\u00e1ul a fejleszt\u00e9si ad\u00f3kedvezm\u00e9ny, az energiahat\u00e9konys\u00e1gi c\u00e9lokat szolg\u00e1l\u00f3 beruh\u00e1z\u00e1s, fel\u00faj\u00edt\u00e1s ad\u00f3kedvezm\u00e9nye, valamint az idei \u00e9vt\u0151l bevezetett villamosenergia-t\u00e1rol\u00f3 l\u00e9trehozatal\u00e1ra ir\u00e1nyul\u00f3 beruh\u00e1z\u00e1s ad\u00f3kedvezm\u00e9nye). A t\u00e9m\u00e1val r\u00e9szletesebben cikksorozatunk egy k\u00f6vetkez\u0151 r\u00e9sz\u00e9ben foglalkozunk.<\/p>\t\t\t\t\t\t\t\t<\/div>\n\t\t\t\t<\/div>\n\t\t\t\t\t<\/div>\n\t\t<\/div>\n\t\t\t\t\t<\/div>\n\t\t<\/section>\n\t\t\t\t<section class=\"elementor-section elementor-top-section elementor-element elementor-element-f3f5231 elementor-section-boxed elementor-section-height-default elementor-section-height-default\" data-id=\"f3f5231\" data-element_type=\"section\">\n\t\t\t\t\t\t<div class=\"elementor-container elementor-column-gap-default\">\n\t\t\t\t\t<div class=\"elementor-column elementor-col-100 elementor-top-column elementor-element elementor-element-db75ace\" data-id=\"db75ace\" data-element_type=\"column\">\n\t\t\t<div class=\"elementor-widget-wrap elementor-element-populated\">\n\t\t\t\t\t\t<div class=\"elementor-element elementor-element-b7ffd42 elementor-widget elementor-widget-spacer\" data-id=\"b7ffd42\" data-element_type=\"widget\" data-widget_type=\"spacer.default\">\n\t\t\t\t<div class=\"elementor-widget-container\">\n\t\t\t\t\t\t\t<div class=\"elementor-spacer\">\n\t\t\t<div class=\"elementor-spacer-inner\"><\/div>\n\t\t<\/div>\n\t\t\t\t\t\t<\/div>\n\t\t\t\t<\/div>\n\t\t\t\t\t<\/div>\n\t\t<\/div>\n\t\t\t\t\t<\/div>\n\t\t<\/section>\n\t\t\t\t<section class=\"elementor-section elementor-top-section elementor-element elementor-element-0f28855 elementor-section-boxed elementor-section-height-default elementor-section-height-default\" data-id=\"0f28855\" data-element_type=\"section\">\n\t\t\t\t\t\t<div class=\"elementor-container elementor-column-gap-default\">\n\t\t\t\t\t<div class=\"elementor-column elementor-col-100 elementor-top-column elementor-element elementor-element-b7d1827\" data-id=\"b7d1827\" data-element_type=\"column\">\n\t\t\t<div class=\"elementor-widget-wrap elementor-element-populated\">\n\t\t\t\t\t\t<div class=\"elementor-element elementor-element-4ba9284 elementor-widget elementor-widget-text-editor\" data-id=\"4ba9284\" data-element_type=\"widget\" data-widget_type=\"text-editor.default\">\n\t\t\t\t<div class=\"elementor-widget-container\">\n\t\t\t\t\t\t\t\t\t<h5><strong>A term\u00e9kek csomagol\u00e1s\u00e1hoz kapcsol\u00f3d\u00f3 legfontosabb k\u00f6rnyezetv\u00e9delmi ad\u00f3k<\/strong><\/h5>\t\t\t\t\t\t\t\t<\/div>\n\t\t\t\t<\/div>\n\t\t\t\t\t<\/div>\n\t\t<\/div>\n\t\t\t\t\t<\/div>\n\t\t<\/section>\n\t\t\t\t<section class=\"elementor-section elementor-top-section elementor-element elementor-element-6ee9e6e elementor-section-boxed elementor-section-height-default elementor-section-height-default\" data-id=\"6ee9e6e\" data-element_type=\"section\">\n\t\t\t\t\t\t<div class=\"elementor-container elementor-column-gap-default\">\n\t\t\t\t\t<div class=\"elementor-column elementor-col-100 elementor-top-column elementor-element elementor-element-b3a7932\" data-id=\"b3a7932\" data-element_type=\"column\">\n\t\t\t<div class=\"elementor-widget-wrap elementor-element-populated\">\n\t\t\t\t\t\t<div class=\"elementor-element elementor-element-a7a56b7 elementor-widget elementor-widget-text-editor\" data-id=\"a7a56b7\" data-element_type=\"widget\" data-widget_type=\"text-editor.default\">\n\t\t\t\t<div class=\"elementor-widget-container\">\n\t\t\t\t\t\t\t\t\t<p>A term\u00e9kek csomagol\u00e1s\u00e1nak megad\u00f3ztat\u00e1sa a k\u00f6rnyezetv\u00e9delmi ad\u00f3k, ezen bel\u00fcl is a szennyez\u00e9si ad\u00f3k fontos r\u00e9sz\u00e9t jelenti. A csomagol\u00e1sok jelenleg a kiterjesztett gy\u00e1rt\u00f3i felel\u0151ss\u00e9g (extended producers responsibility, EPR), m\u00edg a csomagol\u00f3szerek a k\u00f6rnyezetv\u00e9delmi term\u00e9kd\u00edj t\u00e1rgy\u00e1t k\u00e9pezik. Ezen fel\u00fcl 2024-t\u0151l az italcsomagol\u00e1sok tekintet\u00e9ben bevezet\u00e9sre ker\u00fclt a k\u00f6telez\u0151 visszav\u00e1lt\u00e1si d\u00edjas (DRS) rendszer, amellyel a fogyaszt\u00f3k nap mint nap tal\u00e1lkoznak.<\/p><p>Tekintettel arra, hogy a term\u00e9kek csomagol\u00e1sa kapcs\u00e1n a DRS \u00e9s az EPR a k\u00f6rnyezetv\u00e9delmi ad\u00f3k legfontosabb elemei, a tov\u00e1bbiakban az EPR rendszerrel foglalkozunk (ehhez kapcsol\u00f3d\u00f3an kit\u00e9r\u00fcnk az EPR-rel \u201erokon\u201d k\u00f6rnyezetv\u00e9delmi term\u00e9kd\u00edjra is), illetve cikksorozatunk egy k\u00f6vetkez\u0151 r\u00e9sz\u00e9ben a DRS rendszerr\u0151l adunk egy r\u00f6vid ismertet\u0151t.<\/p><p>A <em>k\u00f6rnyezetv\u00e9delmi term\u00e9kd\u00edj<\/em> r\u00e9g\u00f3ta k\u00e9pezi haz\u00e1nk jogrendszer\u00e9nek r\u00e9sz\u00e9t. A k\u00f6rnyezetv\u00e9delmi term\u00e9kd\u00edjr\u00f3l sz\u00f3l\u00f3 2011. \u00e9vi LXXXV. t\u00f6rv\u00e9ny c\u00e9lja t\u00f6bbek k\u00f6z\u00f6tt a k\u00f6rnyezetszennyez\u00e9s megel\u0151z\u00e9s\u00e9hez, illetve cs\u00f6kkent\u00e9s\u00e9hez, a term\u00e9szeti er\u0151forr\u00e1sokkal val\u00f3 takar\u00e9kos gazd\u00e1lkod\u00e1sra ir\u00e1nyul\u00f3 tev\u00e9kenys\u00e9gek \u00f6szt\u00f6nz\u00e9s\u00e9hez val\u00f3 hozz\u00e1j\u00e1rul\u00e1s a term\u00e9kd\u00edjk\u00f6telesk\u00e9nt meghat\u00e1rozott term\u00e9kek ad\u00f3ztat\u00e1s\u00e1val. A term\u00e9kd\u00edjk\u00f6teles term\u00e9kek k\u00f6z\u00fcl az egyik legfontosabb a csomagol\u00f3szerek k\u00f6re. Jelen cikkben eltekint\u00fcnk a k\u00f6rnyezetv\u00e9delmi term\u00e9kd\u00edj r\u00e9szletesebb ismertet\u00e9s\u00e9t\u0151l. Ennek oka, hogy jelen cikk megjelen\u00e9s\u00e9nek idej\u00e9re m\u00e1r beterjeszt\u00e9sre ker\u00fclt az a t\u00f6rv\u00e9nytervezet, amely t\u00f6bbek k\u00f6z\u00f6tt a csomagol\u00f3szerekre vonatkoz\u00f3an megsz\u00fcnteti a term\u00e9kd\u00edj-k\u00f6telezetts\u00e9get (a t\u00f6rv\u00e9nyjavaslat jelenleg a bizotts\u00e1gi jelent\u00e9sek vit\u00e1j\u00e1ra v\u00e1r). A t\u00f6rv\u00e9nyjavaslat \u00e1ltal\u00e1nos indokol\u00e1sa szerint a m\u00f3dos\u00edt\u00e1s indoka, hogy az EPR 2023 \u00f3ta t\u00f6rt\u00e9n\u0151 alkalmaz\u00e1s\u00e1val a k\u00e9t rendszer r\u00e9szben \u00e1tfedi egym\u00e1st. A m\u00f3dos\u00edt\u00e1s c\u00e9lja teh\u00e1t a k\u00e9t rendszer hat\u00e1lya al\u00e1 egyar\u00e1nt tartoz\u00f3 term\u00e9kek tekintet\u00e9ben a kett\u0151s adminisztr\u00e1ci\u00f3s teher cs\u00f6kkent\u00e9se a term\u00e9kd\u00edjk\u00f6teles term\u00e9kek k\u00f6r\u00e9nek sz\u0171k\u00edt\u00e9se \u00e1ltal mind a k\u00f6telezetti, mind az ad\u00f3hat\u00f3s\u00e1gi oldalon.<\/p><p>A <em>kiterjesztett gy\u00e1rt\u00f3 felel\u0151ss\u00e9g<\/em>, azaz az EPR int\u00e9zm\u00e9nye az eur\u00f3pai uni\u00f3s hullad\u00e9kgazd\u00e1lkod\u00e1si ir\u00e1nyelveken alapul, \u00e9s Magyarorsz\u00e1gon 2023 j\u00falius\u00e1ban ker\u00fclt bevezet\u00e9sre. Ennek keret\u00e9ben egyes term\u00e9kek k\u00f6rforg\u00e1sos hullad\u00e9kkezel\u00e9s\u00e9nek k\u00f6lts\u00e9gei\u00e9rt a gy\u00e1rt\u00f3k, termel\u0151k, els\u0151 belf\u00f6ldi forgalomba hoz\u00f3k felel\u0151sek, azaz \u201enem engedhetik el\u201d a term\u00e9keket, amikor azok leg\u00f6rd\u00fcltek a gy\u00e1rt\u00f3szalagr\u00f3l vagy behozz\u00e1k \u0151ket Magyarorsz\u00e1gra, hanem azokkal ezt k\u00f6vet\u0151en is foglalkozniuk kell. Ez a gyakorlatban azt jelenti, hogy a term\u00e9kek \u00e9letciklusa v\u00e9g\u00e9n sz\u00fcks\u00e9ges hullad\u00e9kkezel\u00e9s (a gy\u0171jt\u00e9s, a kezel\u00e9s, az \u00fajrahasznos\u00edt\u00e1s \u00e9s az \u00e1rtalmatlan\u00edt\u00e1s) megszervez\u00e9se \u00e9s finansz\u00edroz\u00e1sa a gy\u00e1rt\u00f3k vagy els\u0151 belf\u00f6ldi forgalomba hoz\u00f3k felel\u0151ss\u00e9ge. Ugyanakkor a megszervez\u00e9s kollekt\u00edv m\u00f3don m\u00e1s \u00e1ltal is teljes\u00edthet\u0151 \u2013 ezt a MOHU szervezi meg a gy\u00e1rt\u00f3k finansz\u00edroz\u00e1s\u00e1b\u00f3l.<\/p><p>A finansz\u00edroz\u00e1s fontos eleme az EPR d\u00edj, melyet 10 k\u00f6rforg\u00e1sos term\u00e9k ut\u00e1n a gy\u00e1rt\u00f3nak kell megfizetni. Gy\u00e1rt\u00f3nak min\u0151s\u00fcl a term\u00e9k el\u0151\u00e1ll\u00edt\u00f3ja, tov\u00e1bb\u00e1 az, aki a term\u00e9ket gazdas\u00e1gi tev\u00e9kenys\u00e9ge k\u00f6r\u00e9ben Magyarorsz\u00e1g ter\u00fclet\u00e9n els\u0151k\u00e9nt forgalomba hozza (t\u00f6bbek k\u00f6z\u00f6tt az, aki a term\u00e9ket belf\u00f6ld\u00f6n el\u0151sz\u00f6r ingyenesen vagy visszterhesen \u00e1truh\u00e1zza vagy saj\u00e1t c\u00e9lra felhaszn\u00e1lja, p\u00e9ld\u00e1ul egy Magyarorsz\u00e1gra behozott kartondobozt felhaszn\u00e1l a telephelyei k\u00f6z\u00f6tti \u00e1rumozgat\u00e1shoz).<\/p><p>K\u00f6rforg\u00e1sos term\u00e9knek min\u0151s\u00fcl t\u00f6bbek k\u00f6z\u00f6tt a term\u00e9kek csomagol\u00e1sa is. A csomagol\u00e1s lehet fogyaszt\u00f3i csomagol\u00e1s (pl. fogkr\u00e9mes tubus; kiv\u00e9telt k\u00e9pez ugyanakkor a gy\u00f3gyszerek fogyaszt\u00f3i csomagol\u00e1sa), gy\u0171jt\u0151csomagol\u00e1s (pl. kartondoboz, amiben t\u00f6bb fogkr\u00e9mes tubus van) \u00e9s\u00a0 sz\u00e1ll\u00edt\u00e1si csomagol\u00e1s (pl. rakod\u00f3lap, amin t\u00f6bb, fogkr\u00e9mes tubusokat tartalmaz\u00f3 kartondoboz van).<\/p><p>Fontos megk\u00fcl\u00f6nb\u00f6ztetni, hogy m\u00edg a csomagol\u00f3szer (ami jelenleg k\u00f6rnyezetv\u00e9delmi term\u00e9kd\u00edj-k\u00f6telezetts\u00e9g al\u00e1 is esik) \u00f6n\u00e1ll\u00f3 \u00e1ru, a csomagol\u00e1s az \u00e1rut v\u00e9d\u0151 ideiglenes v\u00e9d\u0151burkolat. Teh\u00e1t amennyiben valaki \u00f6n\u00e1ll\u00f3an kartondobozt gy\u00e1rt vagy k\u00fclf\u00f6ldr\u0151l ilyet szerez be, ez egy k\u00f6rnyezetv\u00e9delmi term\u00e9kd\u00edj-k\u00f6telezetts\u00e9g al\u00e1 es\u0151 csomagol\u00f3szernek min\u0151s\u00fcl, m\u00edg, ha valamilyen \u00e1ru van a kartondobozban, akkor az EPR d\u00edj k\u00f6telezetts\u00e9g al\u00e1 fog esni (\u00e9s az \u00e1ru tekintet\u00e9ben gy\u00e1rt\u00f3nak min\u0151s\u00fcl\u0151 szem\u00e9ly, azaz p\u00e9ld\u00e1ul az els\u0151 belf\u00f6ldi felhaszn\u00e1l\u00f3 v\u00e1lik k\u00f6telezett\u00e9 az EPR d\u00edj megfizet\u00e9s\u00e9re).<\/p><p>Mi t\u00f6rt\u00e9nik akkor, ha egy term\u00e9k vonatkoz\u00e1s\u00e1ban EPR-d\u00edjat, illetve k\u00f6rnyezetv\u00e9delmi term\u00e9kd\u00edjat is fizetni kell?<\/p><p>A v\u00e1llalkoz\u00e1s term\u00e9kd\u00edjk\u00f6telezetts\u00e9g\u00e9t cs\u00f6kkenteni kell a kiterjesztett gy\u00e1rt\u00f3i felel\u0151ss\u00e9gi d\u00edj m\u00e9rt\u00e9k\u00e9ig. Amennyiben az EPR d\u00edjt\u00e9tele meghaladja a term\u00e9kd\u00edj t\u00e9tel\u00e9nek \u00f6sszeg\u00e9t, a term\u00e9kd\u00edj \u00f6sszege 0 forint. Ez azonban csak azon csomagol\u00f3szerekre ir\u00e1nyad\u00f3, amelyekb\u0151l csomagol\u00e1s lesz, ugyanis, ahogy fent is utaltunk r\u00e1, csak a csomagol\u00e1s esik EPR d\u00edj fizet\u00e9si k\u00f6telezetts\u00e9g al\u00e1.<\/p><p>Erre azonban a tervek szerint m\u00e1r nem kell hossz\u00fa ideig \u00fcgyelni a v\u00e1llalkoz\u00e1soknak, tekintettel arra, hogy \u2013 ahogy azt fentebb is eml\u00edtett\u00fck \u2013 az \u0151szi ad\u00f3csomag \u00e9rtelm\u00e9ben 2025. janu\u00e1r 1-t\u0151l a csomagol\u00f3szer m\u00e1r nem lesz k\u00f6rnyezetv\u00e9delmiterm\u00e9kd\u00edj-k\u00f6teles.<\/p><p>A fenti tervezett v\u00e1ltoz\u00e1s al\u00f3l egy kiv\u00e9tel van, m\u00e9gpedig a m\u0171anyag hordtasak, ismertebb nev\u00e9n szatyor, mely az \u201eegy\u00e9b m\u0171anyagterm\u00e9k\u201d kateg\u00f3ri\u00e1ba sorolva tov\u00e1bbra is term\u00e9kd\u00edjk\u00f6teles marad.<\/p><p>A csomagol\u00e1sok tekintet\u00e9ben fontos m\u00e9g megeml\u00edteni, hogy a fogyaszt\u00f3 sz\u00e1m\u00e1ra t\u00f6rt\u00e9n\u0151 \u00e9rt\u00e9kes\u00edt\u00e9s hely\u00e9n megt\u00f6lt\u00e9sre tervezett \u00e9s sz\u00e1nt csomagol\u00f3szerb\u0151l, tov\u00e1bb\u00e1 a fogyaszt\u00f3 sz\u00e1m\u00e1ra t\u00f6rt\u00e9n\u0151 \u00e9rt\u00e9kes\u00edt\u00e9s hely\u00e9n eladott, megt\u00f6lt\u00f6tt vagy megt\u00f6lt\u00e9sre tervezett \u00e9s sz\u00e1nt egyszer haszn\u00e1latos csomagol\u00f3szerb\u0151l l\u00e9trehozott csomagol\u00e1s tekintet\u00e9ben az EPR k\u00f6telezetts\u00e9g a fogyaszt\u00f3 sz\u00e1m\u00e1ra \u00e9rt\u00e9kes\u00edtett csomagol\u00e1s el\u0151\u00e1ll\u00edt\u00f3ja r\u00e9sz\u00e9re belf\u00f6ld\u00f6n csomagol\u00f3szert \u00e9rt\u00e9kes\u00edt\u0151t terheli. Ez vonatkozik a p\u00e9ks\u00fctem\u00e9nyek csomagol\u00e1s\u00e1ra sz\u00e1nt pap\u00edrzacsk\u00f3kra, a z\u00f6lds\u00e9gesekn\u00e9l haszn\u00e1lt zacsk\u00f3kra, a gyors\u00e9ttermekben haszn\u00e1lt pap\u00edrt\u00e1lc\u00e1kra, a sal\u00e1tab\u00e1rokban haszn\u00e1lt sal\u00e1t\u00e1st\u00e1lakra vagy a pizz\u00e9ri\u00e1kban haszn\u00e1lt pizz\u00e1sdobozokra.<\/p><p>B\u00e1r az EPR d\u00edjr\u00f3l sz\u00f3l\u00f3 korm\u00e1nyrendelet tervezett m\u00f3dos\u00edt\u00e1s\u00e1r\u00f3l jelenleg m\u00e9g nincsenek ismereteink, val\u00f3sz\u00edn\u0171nek tartjuk, hogy a j\u00f6v\u0151ben a csomagol\u00f3szer is ennek a hat\u00e1lya al\u00e1 ker\u00fcl, \u00edgy a csomagol\u00f3szerek \u00e9s a csomagol\u00e1sok tekintet\u00e9ben is EPR d\u00edjat kell fizetni.<\/p>\t\t\t\t\t\t\t\t<\/div>\n\t\t\t\t<\/div>\n\t\t\t\t\t<\/div>\n\t\t<\/div>\n\t\t\t\t\t<\/div>\n\t\t<\/section>\n\t\t\t\t<section class=\"elementor-section elementor-top-section elementor-element elementor-element-a02a752 elementor-section-boxed elementor-section-height-default elementor-section-height-default\" data-id=\"a02a752\" data-element_type=\"section\">\n\t\t\t\t\t\t<div class=\"elementor-container elementor-column-gap-default\">\n\t\t\t\t\t<div class=\"elementor-column elementor-col-100 elementor-top-column elementor-element elementor-element-8d7c078\" data-id=\"8d7c078\" data-element_type=\"column\">\n\t\t\t<div class=\"elementor-widget-wrap elementor-element-populated\">\n\t\t\t\t\t\t<div class=\"elementor-element elementor-element-f063a6e elementor-widget elementor-widget-text-editor\" data-id=\"f063a6e\" data-element_type=\"widget\" data-widget_type=\"text-editor.default\">\n\t\t\t\t<div class=\"elementor-widget-container\">\n\t\t\t\t\t\t\t\t\t<p><em>Szerz\u0151k: S\u00e1dt N\u00f3ra, Kiripolszky Michaela<\/em><\/p>\t\t\t\t\t\t\t\t<\/div>\n\t\t\t\t<\/div>\n\t\t\t\t\t<\/div>\n\t\t<\/div>\n\t\t\t\t\t<\/div>\n\t\t<\/section>\n\t\t\t\t<section class=\"elementor-section elementor-top-section elementor-element elementor-element-b6248d5 elementor-section-boxed elementor-section-height-default elementor-section-height-default\" data-id=\"b6248d5\" data-element_type=\"section\">\n\t\t\t\t\t\t<div class=\"elementor-container elementor-column-gap-default\">\n\t\t\t\t\t<div class=\"elementor-column elementor-col-50 elementor-top-column elementor-element elementor-element-2affa5b\" data-id=\"2affa5b\" data-element_type=\"column\">\n\t\t\t<div class=\"elementor-widget-wrap elementor-element-populated\">\n\t\t\t\t\t\t<div class=\"elementor-element elementor-element-01ddd4d elementor-flip-box--direction-left elementor-flip-box--effect-flip elementor-widget elementor-widget-global elementor-global-5052 elementor-widget-flip-box\" data-id=\"01ddd4d\" data-element_type=\"widget\" data-widget_type=\"flip-box.default\">\n\t\t\t\t<div class=\"elementor-widget-container\">\n\t\t\t\t\t\t\t<div class=\"elementor-flip-box\" tabindex=\"0\">\n\t\t\t<div class=\"elementor-flip-box__layer elementor-flip-box__front\">\n\t\t\t\t<div class=\"elementor-flip-box__layer__overlay\">\n\t\t\t\t\t<div class=\"elementor-flip-box__layer__inner\">\n\t\t\t\t\t\t\t\t\t\t\t\t\t<div class=\"elementor-flip-box__image\">\n\t\t\t\t\t\t\t\t<img decoding=\"async\" src=\"https:\/\/blogs.dlapiper.com\/advocatus\/files\/elementor\/thumbs\/Sadt-Nora-qxod2hrz7hlllgdbmsksvfi1u910k2fzyx4f9pkzg0.jpg\" title=\"S\u00e1dt N\u00f3ra\" alt=\"S\u00e1dt N\u00f3ra\" loading=\"lazy\" \/>\t\t\t\t\t\t\t<\/div>\n\t\t\t\t\t\t\n\t\t\t\t\t\t\t\t\t\t\t\t\t<h3 class=\"elementor-flip-box__layer__title\">\n\t\t\t\t\t\t\t\tS\u00e1dt N\u00f3ra**\t\t\t\t\t\t\t<\/h3>\n\t\t\t\t\t\t\n\t\t\t\t\t\t\t\t\t\t\t\t\t<div class=\"elementor-flip-box__layer__description\">\n\t\t\t\t\t\t\t\t\u00dcgyv\u00e9d,<p>Ad\u00f3jogi csoport\n\n\t\t\t\t\t\t\t<\/div>\n\t\t\t\t\t\t\t\t\t\t\t<\/div>\n\t\t\t\t<\/div>\n\t\t\t<\/div>\n\t\t\t<div class=\"elementor-flip-box__layer elementor-flip-box__back\">\n\t\t\t<div class=\"elementor-flip-box__layer__overlay\">\n\t\t\t\t<div class=\"elementor-flip-box__layer__inner\">\n\t\t\t\t\t\t\t\t\t\t\t<h3 class=\"elementor-flip-box__layer__title\">\n\t\t\t\t\t\t\tS\u00e1dt N\u00f3ra\t\t\t\t\t\t<\/h3>\n\t\t\t\t\t\n\t\t\t\t\t\t\t\t\t\t\t<div class=\"elementor-flip-box__layer__description\">\n\t\t\t\t\t\t\tS\u00e1dt N\u00f3ra a DLA Piper Hungary ad\u00f3jogi csoportj\u00e1nak \u00fcgyv\u00e9dje. N\u00f3ra t\u00f6bb peres elj\u00e1r\u00e1sban (polg\u00e1ri \u00e9s gazdas\u00e1gi perek, ad\u00f3perek) \u00e9s ad\u00f3hat\u00f3s\u00e1gi elj\u00e1r\u00e1sban vett r\u00e9szt, jogi \u00e9s ad\u00f3z\u00e1si \u00e1tvil\u00e1g\u00edt\u00e1si, illetve v\u00e1llalati \u00e1tstruktur\u00e1l\u00e1si projektekben, valamint a t\u00e1rsas\u00e1gi jog ter\u00fclet\u00e9n is szerzett tapasztalatokat. Munk\u00e1ja sor\u00e1n ad\u00f3- \u00e9s jogi tan\u00e1csad\u00e1si feladatokat is ell\u00e1t.\t\t\t\t\t\t<\/div>\n\t\t\t\t\t\n\t\t\t\t\t\t\t\t\t\t\t<a class=\"elementor-flip-box__button elementor-button elementor-size-xs\" href=\"mailto:nora.sadt@dlapiper.com\">\n\t\t\t\t\t\t\tE-mailt k\u00fcld\u00f6k\t\t\t\t\t\t<\/a>\n\t\t\t\t\t\t\t\t<\/div>\n\t\t<\/div>\n\t\t<\/div>\n\t\t<\/div>\n\t\t\t\t\t\t<\/div>\n\t\t\t\t<\/div>\n\t\t\t\t\t<\/div>\n\t\t<\/div>\n\t\t\t\t<div class=\"elementor-column elementor-col-50 elementor-top-column elementor-element elementor-element-433bfd1\" data-id=\"433bfd1\" data-element_type=\"column\">\n\t\t\t<div class=\"elementor-widget-wrap elementor-element-populated\">\n\t\t\t\t\t\t<div class=\"elementor-element elementor-element-1ebe9d6 elementor-flip-box--direction-left elementor-flip-box--effect-flip elementor-widget elementor-widget-global elementor-global-5056 elementor-widget-flip-box\" data-id=\"1ebe9d6\" data-element_type=\"widget\" data-widget_type=\"flip-box.default\">\n\t\t\t\t<div class=\"elementor-widget-container\">\n\t\t\t\t\t\t\t<div class=\"elementor-flip-box\" tabindex=\"0\">\n\t\t\t<div class=\"elementor-flip-box__layer elementor-flip-box__front\">\n\t\t\t\t<div class=\"elementor-flip-box__layer__overlay\">\n\t\t\t\t\t<div class=\"elementor-flip-box__layer__inner\">\n\t\t\t\t\t\t\t\t\t\t\t\t\t<div class=\"elementor-flip-box__image\">\n\t\t\t\t\t\t\t\t<img decoding=\"async\" src=\"https:\/\/blogs.dlapiper.com\/advocatus\/files\/elementor\/thumbs\/kiripolszky-michaela.inbox470x720-qxod8x09wqe4xj1g4kj0wt5fz1db5lxyuplvbs24xc.jpg\" title=\"Kiripolszky Michaela\" alt=\"Kiripolszky Michaela\" loading=\"lazy\" \/>\t\t\t\t\t\t\t<\/div>\n\t\t\t\t\t\t\n\t\t\t\t\t\t\t\t\t\t\t\t\t<h3 class=\"elementor-flip-box__layer__title\">\n\t\t\t\t\t\t\t\tKiripolszky Michaela**\t\t\t\t\t\t\t<\/h3>\n\t\t\t\t\t\t\n\t\t\t\t\t\t\t\t\t\t\t\t\t<div class=\"elementor-flip-box__layer__description\">\n\t\t\t\t\t\t\t\t\u00dcgyv\u00e9d,<p>Ad\u00f3jogi csoport\n\n\t\t\t\t\t\t\t<\/div>\n\t\t\t\t\t\t\t\t\t\t\t<\/div>\n\t\t\t\t<\/div>\n\t\t\t<\/div>\n\t\t\t<div class=\"elementor-flip-box__layer elementor-flip-box__back\">\n\t\t\t<div class=\"elementor-flip-box__layer__overlay\">\n\t\t\t\t<div class=\"elementor-flip-box__layer__inner\">\n\t\t\t\t\t\t\t\t\t\t\t<h3 class=\"elementor-flip-box__layer__title\">\n\t\t\t\t\t\t\tKiripolszky Michaela\t\t\t\t\t\t<\/h3>\n\t\t\t\t\t\n\t\t\t\t\t\t\t\t\t\t\t<div class=\"elementor-flip-box__layer__description\">\n\t\t\t\t\t\t\tKiripolszky Michaela a DLA Piper Hungary ad\u00f3jogi csoportj\u00e1nak \u00fcgyv\u00e9dje. Tev\u00e9kenys\u00e9g\u00e9nek f\u0151 ter\u00fclete az ad\u00f3tervez\u00e9s, valamint r\u00e9szt vesz ad\u00f3\u00e1tvil\u00e1g\u00edt\u00e1sokban, ad\u00f3hat\u00f3s\u00e1gi elj\u00e1r\u00e1sokban, t\u00e1rsas\u00e1gok \u00e9s mag\u00e1nszem\u00e9lyek ad\u00f3z\u00e1s\u00e1val kapcsolatos tan\u00e1csad\u00e1si feladatokban. Az ad\u00f3tan\u00e1csad\u00e1s mellett jogi tan\u00e1csad\u00e1si feladatokat is ell\u00e1t.\t\t\t\t\t\t<\/div>\n\t\t\t\t\t\n\t\t\t\t\t\t\t\t\t\t\t<a class=\"elementor-flip-box__button elementor-button elementor-size-xs\" href=\"mailto:michaela.kiripolszky@dlapiper.com\">\n\t\t\t\t\t\t\tE-mailt k\u00fcld\u00f6k\t\t\t\t\t\t<\/a>\n\t\t\t\t\t\t\t\t<\/div>\n\t\t<\/div>\n\t\t<\/div>\n\t\t<\/div>\n\t\t\t\t\t\t<\/div>\n\t\t\t\t<\/div>\n\t\t\t\t\t<\/div>\n\t\t<\/div>\n\t\t\t\t\t<\/div>\n\t\t<\/section>\n\t\t\t\t<section class=\"elementor-section elementor-top-section elementor-element elementor-element-c35e830 elementor-section-boxed elementor-section-height-default elementor-section-height-default\" data-id=\"c35e830\" data-element_type=\"section\">\n\t\t\t\t\t\t<div class=\"elementor-container elementor-column-gap-default\">\n\t\t\t\t\t<div class=\"elementor-column elementor-col-100 elementor-top-column elementor-element elementor-element-6138855\" data-id=\"6138855\" data-element_type=\"column\">\n\t\t\t<div class=\"elementor-widget-wrap elementor-element-populated\">\n\t\t\t\t\t\t<div class=\"elementor-element elementor-element-50b351a elementor-widget elementor-widget-spacer\" data-id=\"50b351a\" data-element_type=\"widget\" data-widget_type=\"spacer.default\">\n\t\t\t\t<div class=\"elementor-widget-container\">\n\t\t\t\t\t\t\t<div class=\"elementor-spacer\">\n\t\t\t<div class=\"elementor-spacer-inner\"><\/div>\n\t\t<\/div>\n\t\t\t\t\t\t<\/div>\n\t\t\t\t<\/div>\n\t\t\t\t\t<\/div>\n\t\t<\/div>\n\t\t\t\t\t<\/div>\n\t\t<\/section>\n\t\t\t\t<section class=\"elementor-section elementor-top-section elementor-element elementor-element-3b0646ca elementor-section-height-min-height elementor-section-boxed elementor-section-height-default elementor-section-items-middle\" data-id=\"3b0646ca\" data-element_type=\"section\">\n\t\t\t\t\t\t<div class=\"elementor-container elementor-column-gap-narrow\">\n\t\t\t\t\t<div class=\"elementor-column elementor-col-50 elementor-top-column elementor-element elementor-element-1162d06f\" data-id=\"1162d06f\" data-element_type=\"column\">\n\t\t\t<div class=\"elementor-widget-wrap elementor-element-populated\">\n\t\t\t\t\t\t<div class=\"elementor-element elementor-element-73a61c4a elementor-widget elementor-widget-text-editor\" data-id=\"73a61c4a\" data-element_type=\"widget\" data-widget_type=\"text-editor.default\">\n\t\t\t\t<div class=\"elementor-widget-container\">\n\t\t\t\t\t\t\t\t\t<h2 class=\"elementor-heading-title elementor-size-default\" style=\"font-size: 18px;font-style: normal;margin-bottom: 0px;line-height: 1\"><b>K\u00e9rd\u00e9se van? Keressen minket bizalommal!<\/b><\/h2>\t\t\t\t\t\t\t\t<\/div>\n\t\t\t\t<\/div>\n\t\t\t\t<div class=\"elementor-element elementor-element-631c789f elementor-align-center elementor-widget elementor-widget-button\" data-id=\"631c789f\" data-element_type=\"widget\" data-widget_type=\"button.default\">\n\t\t\t\t<div class=\"elementor-widget-container\">\n\t\t\t\t\t\t\t\t\t<div class=\"elementor-button-wrapper\">\n\t\t\t\t\t<a class=\"elementor-button elementor-button-link elementor-size-sm\" href=\"mailto:hungary@dlapiper.com\">\n\t\t\t\t\t\t<span class=\"elementor-button-content-wrapper\">\n\t\t\t\t\t\t\t\t\t<span class=\"elementor-button-text\">Kapcsolatfelv\u00e9tel<\/span>\n\t\t\t\t\t<\/span>\n\t\t\t\t\t<\/a>\n\t\t\t\t<\/div>\n\t\t\t\t\t\t\t\t<\/div>\n\t\t\t\t<\/div>\n\t\t\t\t\t<\/div>\n\t\t<\/div>\n\t\t\t\t<div class=\"elementor-column elementor-col-50 elementor-top-column elementor-element elementor-element-3858364b\" data-id=\"3858364b\" data-element_type=\"column\">\n\t\t\t<div class=\"elementor-widget-wrap elementor-element-populated\">\n\t\t\t\t\t\t<div class=\"elementor-element elementor-element-72840603 elementor-widget elementor-widget-text-editor\" data-id=\"72840603\" data-element_type=\"widget\" data-widget_type=\"text-editor.default\">\n\t\t\t\t<div class=\"elementor-widget-container\">\n\t\t\t\t\t\t\t\t\t<h2 class=\"elementor-heading-title elementor-size-default\" style=\"font-size: 18px;font-style: normal;margin-bottom: 0px;line-height: 1\"><b>K\u00f6vesse LinkedIn oldalunkat!<\/b><\/h2>\t\t\t\t\t\t\t\t<\/div>\n\t\t\t\t<\/div>\n\t\t\t\t<div class=\"elementor-element elementor-element-22792878 elementor-align-center elementor-widget elementor-widget-button\" data-id=\"22792878\" data-element_type=\"widget\" data-widget_type=\"button.default\">\n\t\t\t\t<div class=\"elementor-widget-container\">\n\t\t\t\t\t\t\t\t\t<div class=\"elementor-button-wrapper\">\n\t\t\t\t\t<a class=\"elementor-button elementor-button-link elementor-size-sm\" href=\"https:\/\/www.linkedin.com\/showcase\/dla-piper-hungary\">\n\t\t\t\t\t\t<span class=\"elementor-button-content-wrapper\">\n\t\t\t\t\t\t\t\t\t<span class=\"elementor-button-text\">DLA Piper Hungary<\/span>\n\t\t\t\t\t<\/span>\n\t\t\t\t\t<\/a>\n\t\t\t\t<\/div>\n\t\t\t\t\t\t\t\t<\/div>\n\t\t\t\t<\/div>\n\t\t\t\t\t<\/div>\n\t\t<\/div>\n\t\t\t\t\t<\/div>\n\t\t<\/section>\n\t\t\t\t<section class=\"elementor-section elementor-top-section elementor-element elementor-element-10a43ea elementor-section-boxed elementor-section-height-default elementor-section-height-default\" data-id=\"10a43ea\" data-element_type=\"section\">\n\t\t\t\t\t\t<div class=\"elementor-container elementor-column-gap-default\">\n\t\t\t\t\t<div class=\"elementor-column elementor-col-100 elementor-top-column elementor-element elementor-element-510ed37\" data-id=\"510ed37\" data-element_type=\"column\">\n\t\t\t<div class=\"elementor-widget-wrap elementor-element-populated\">\n\t\t\t\t\t\t<div class=\"elementor-element elementor-element-9c045db elementor-widget elementor-widget-spacer\" data-id=\"9c045db\" data-element_type=\"widget\" data-widget_type=\"spacer.default\">\n\t\t\t\t<div class=\"elementor-widget-container\">\n\t\t\t\t\t\t\t<div class=\"elementor-spacer\">\n\t\t\t<div class=\"elementor-spacer-inner\"><\/div>\n\t\t<\/div>\n\t\t\t\t\t\t<\/div>\n\t\t\t\t<\/div>\n\t\t\t\t\t<\/div>\n\t\t<\/div>\n\t\t\t\t\t<\/div>\n\t\t<\/section>\n\t\t\t\t<section class=\"elementor-section elementor-top-section elementor-element elementor-element-20bf04a elementor-section-boxed elementor-section-height-default elementor-section-height-default\" data-id=\"20bf04a\" data-element_type=\"section\">\n\t\t\t\t\t\t<div class=\"elementor-container elementor-column-gap-default\">\n\t\t\t\t\t<div class=\"elementor-column elementor-col-100 elementor-top-column elementor-element elementor-element-bb25160\" data-id=\"bb25160\" data-element_type=\"column\">\n\t\t\t<div class=\"elementor-widget-wrap elementor-element-populated\">\n\t\t\t\t\t\t<div class=\"elementor-element elementor-element-3786998 elementor-widget elementor-widget-text-editor\" data-id=\"3786998\" data-element_type=\"widget\" data-widget_type=\"text-editor.default\">\n\t\t\t\t<div class=\"elementor-widget-container\">\n\t\t\t\t\t\t\t\t\t<h4><strong>Kapcsol\u00f3d\u00f3 cikkeink<\/strong><\/h4>\t\t\t\t\t\t\t\t<\/div>\n\t\t\t\t<\/div>\n\t\t\t\t\t<\/div>\n\t\t<\/div>\n\t\t\t\t\t<\/div>\n\t\t<\/section>\n\t\t\t\t<section class=\"elementor-section elementor-top-section elementor-element elementor-element-2068c0d elementor-section-boxed elementor-section-height-default elementor-section-height-default\" data-id=\"2068c0d\" data-element_type=\"section\">\n\t\t\t\t\t\t<div class=\"elementor-container elementor-column-gap-default\">\n\t\t\t\t\t<div class=\"elementor-column elementor-col-100 elementor-top-column elementor-element elementor-element-fbaa297\" data-id=\"fbaa297\" data-element_type=\"column\">\n\t\t\t<div class=\"elementor-widget-wrap elementor-element-populated\">\n\t\t\t\t\t\t<div class=\"elementor-element elementor-element-0699ac9 elementor-grid-2 elementor-grid-tablet-2 elementor-grid-mobile-1 elementor-posts--thumbnail-top elementor-posts--show-avatar elementor-card-shadow-yes elementor-posts__hover-gradient elementor-widget elementor-widget-posts\" data-id=\"0699ac9\" data-element_type=\"widget\" data-settings=\"{&quot;cards_columns&quot;:&quot;2&quot;,&quot;cards_columns_tablet&quot;:&quot;2&quot;,&quot;cards_columns_mobile&quot;:&quot;1&quot;,&quot;cards_row_gap&quot;:{&quot;unit&quot;:&quot;px&quot;,&quot;size&quot;:35,&quot;sizes&quot;:[]},&quot;cards_row_gap_tablet&quot;:{&quot;unit&quot;:&quot;px&quot;,&quot;size&quot;:&quot;&quot;,&quot;sizes&quot;:[]},&quot;cards_row_gap_mobile&quot;:{&quot;unit&quot;:&quot;px&quot;,&quot;size&quot;:&quot;&quot;,&quot;sizes&quot;:[]}}\" data-widget_type=\"posts.cards\">\n\t\t\t\t<div class=\"elementor-widget-container\">\n\t\t\t\t\t\t\t<div class=\"elementor-posts-container elementor-posts elementor-posts--skin-cards elementor-grid\" role=\"list\">\n\t\t\t\t<article class=\"elementor-post elementor-grid-item post-5451 post type-post status-publish format-standard has-post-thumbnail hentry category-fogyasztasi-cikkek tag-international-shrinkflation-guide tag-regulation tag-report\" role=\"listitem\">\n\t\t\t<div class=\"elementor-post__card\">\n\t\t\t\t<a class=\"elementor-post__thumbnail__link\" href=\"https:\/\/blogs.dlapiper.com\/advocatus\/2025\/07\/navigating-shrinkflation-hungary-leads-the-way-in-shrinkflation-regulation\/\" tabindex=\"-1\" ><div class=\"elementor-post__thumbnail\"><img fetchpriority=\"high\" decoding=\"async\" width=\"1200\" height=\"300\" src=\"https:\/\/blogs.dlapiper.com\/advocatus\/files\/2025\/06\/Abstract_Architectural_Shapes_P_0034_PPT-1-2.jpg\" class=\"attachment-full size-full wp-image-5421\" alt=\"shrinkflation\" srcset=\"https:\/\/blogs.dlapiper.com\/advocatus\/files\/2025\/06\/Abstract_Architectural_Shapes_P_0034_PPT-1-2.jpg 1200w, https:\/\/blogs.dlapiper.com\/advocatus\/files\/2025\/06\/Abstract_Architectural_Shapes_P_0034_PPT-1-2-300x75.jpg 300w, https:\/\/blogs.dlapiper.com\/advocatus\/files\/2025\/06\/Abstract_Architectural_Shapes_P_0034_PPT-1-2-1024x256.jpg 1024w, https:\/\/blogs.dlapiper.com\/advocatus\/files\/2025\/06\/Abstract_Architectural_Shapes_P_0034_PPT-1-2-768x192.jpg 768w\" sizes=\"(max-width: 1200px) 100vw, 1200px\" \/><\/div><\/a>\n\t\t\t\t<div class=\"elementor-post__badge\">Fogyaszt\u00e1si cikkek<\/div>\n\t\t\t\t<div class=\"elementor-post__avatar\">\n\t\t\t\t\t<\/div>\n\t\t\t\t<div class=\"elementor-post__text\">\n\t\t\t\t<h3 class=\"elementor-post__title\">\n\t\t\t<a href=\"https:\/\/blogs.dlapiper.com\/advocatus\/2025\/07\/navigating-shrinkflation-hungary-leads-the-way-in-shrinkflation-regulation\/\" >\n\t\t\t\tNavigating shrinkflation: Hungary leads the way in shrinkflation regulation\t\t\t<\/a>\n\t\t<\/h3>\n\t\t\t\t<div class=\"elementor-post__excerpt\">\n\t\t\t<p>DLA Piper&#8217;s International Shrinkflation Guide provides a comprehensive overview of how different countries around the world are responding to the phenomenon of \u201cshrinkflation\u201d <\/p>\n\t\t<\/div>\n\t\t\n\t\t<a class=\"elementor-post__read-more\" href=\"https:\/\/blogs.dlapiper.com\/advocatus\/2025\/07\/navigating-shrinkflation-hungary-leads-the-way-in-shrinkflation-regulation\/\" aria-label=\"Read more about Navigating shrinkflation: Hungary leads the way in shrinkflation regulation\" tabindex=\"-1\" >\n\t\t\tTov\u00e1bb \u00bb\t\t<\/a>\n\n\t\t\t\t<\/div>\n\t\t\t\t<div class=\"elementor-post__meta-data\">\n\t\t\t\t\t<span class=\"elementor-post-author\">\n\t\t\tMarosi Zolt\u00e1n\t\t<\/span>\n\t\t\t\t<span class=\"elementor-post-date\">\n\t\t\t2025-07-04\t\t<\/span>\n\t\t\t\t<\/div>\n\t\t\t\t\t<\/div>\n\t\t<\/article>\n\t\t\t\t<article class=\"elementor-post elementor-grid-item post-5418 post type-post status-publish format-standard has-post-thumbnail hentry category-fogyasztasi-cikkek tag-international-shrinkflation-guide tag-riport tag-szabalyozas\" role=\"listitem\">\n\t\t\t<div class=\"elementor-post__card\">\n\t\t\t\t<a class=\"elementor-post__thumbnail__link\" href=\"https:\/\/blogs.dlapiper.com\/advocatus\/2025\/06\/a-zsugorodo-termekek-nyomaban-magyarorszag-elen-jar-a-shrinkflation-szabalyozasban\/\" tabindex=\"-1\" ><div class=\"elementor-post__thumbnail\"><img fetchpriority=\"high\" decoding=\"async\" width=\"1200\" height=\"300\" src=\"https:\/\/blogs.dlapiper.com\/advocatus\/files\/2025\/06\/Abstract_Architectural_Shapes_P_0034_PPT-1-2.jpg\" class=\"attachment-full size-full wp-image-5421\" alt=\"shrinkflation\" srcset=\"https:\/\/blogs.dlapiper.com\/advocatus\/files\/2025\/06\/Abstract_Architectural_Shapes_P_0034_PPT-1-2.jpg 1200w, https:\/\/blogs.dlapiper.com\/advocatus\/files\/2025\/06\/Abstract_Architectural_Shapes_P_0034_PPT-1-2-300x75.jpg 300w, https:\/\/blogs.dlapiper.com\/advocatus\/files\/2025\/06\/Abstract_Architectural_Shapes_P_0034_PPT-1-2-1024x256.jpg 1024w, https:\/\/blogs.dlapiper.com\/advocatus\/files\/2025\/06\/Abstract_Architectural_Shapes_P_0034_PPT-1-2-768x192.jpg 768w\" sizes=\"(max-width: 1200px) 100vw, 1200px\" \/><\/div><\/a>\n\t\t\t\t<div class=\"elementor-post__badge\">Fogyaszt\u00e1si cikkek<\/div>\n\t\t\t\t<div class=\"elementor-post__avatar\">\n\t\t\t\t\t<\/div>\n\t\t\t\t<div class=\"elementor-post__text\">\n\t\t\t\t<h3 class=\"elementor-post__title\">\n\t\t\t<a href=\"https:\/\/blogs.dlapiper.com\/advocatus\/2025\/06\/a-zsugorodo-termekek-nyomaban-magyarorszag-elen-jar-a-shrinkflation-szabalyozasban\/\" >\n\t\t\t\tA \u201ezsugorod\u00f3 term\u00e9kek\u201d nyom\u00e1ban \u2013 Magyarorsz\u00e1g \u00e9len j\u00e1r a shrinkflation szab\u00e1lyoz\u00e1sban\t\t\t<\/a>\n\t\t<\/h3>\n\t\t\t\t<div class=\"elementor-post__excerpt\">\n\t\t\t<p>A DLA Piper legfrissebb jelent\u00e9se, az International Shrinkflation Guide, \u00e1tfog\u00f3 k\u00e9pet ny\u00fajt arr\u00f3l, hogy mik\u00e9ppen reag\u00e1lnak a vil\u00e1g k\u00fcl\u00f6nb\u00f6z\u0151 orsz\u00e1gai a \u201eshrinkflation\u201d jelens\u00e9g\u00e9re.<\/p>\n\t\t<\/div>\n\t\t\n\t\t<a class=\"elementor-post__read-more\" href=\"https:\/\/blogs.dlapiper.com\/advocatus\/2025\/06\/a-zsugorodo-termekek-nyomaban-magyarorszag-elen-jar-a-shrinkflation-szabalyozasban\/\" aria-label=\"Read more about A \u201ezsugorod\u00f3 term\u00e9kek\u201d nyom\u00e1ban \u2013 Magyarorsz\u00e1g \u00e9len j\u00e1r a shrinkflation szab\u00e1lyoz\u00e1sban\" tabindex=\"-1\" >\n\t\t\tTov\u00e1bb \u00bb\t\t<\/a>\n\n\t\t\t\t<\/div>\n\t\t\t\t<div class=\"elementor-post__meta-data\">\n\t\t\t\t\t<span class=\"elementor-post-author\">\n\t\t\tMarosi Zolt\u00e1n\t\t<\/span>\n\t\t\t\t<span class=\"elementor-post-date\">\n\t\t\t2025-06-10\t\t<\/span>\n\t\t\t\t<\/div>\n\t\t\t\t\t<\/div>\n\t\t<\/article>\n\t\t\t\t<article class=\"elementor-post elementor-grid-item post-5080 post type-post status-publish format-standard has-post-thumbnail hentry category-esg category-fogyasztasi-cikkek tag-esg tag-fenntarthatosag tag-szabalyozas tag-termekek-javitasa\" role=\"listitem\">\n\t\t\t<div class=\"elementor-post__card\">\n\t\t\t\t<a class=\"elementor-post__thumbnail__link\" href=\"https:\/\/blogs.dlapiper.com\/advocatus\/2024\/12\/ezert-ne-dobja-ki-a-termekeit-uj-esg-szabalyok-a-termekek-javitasa-kapcsan\/\" tabindex=\"-1\" ><div class=\"elementor-post__thumbnail\"><img decoding=\"async\" width=\"1200\" height=\"300\" src=\"https:\/\/blogs.dlapiper.com\/advocatus\/files\/2024\/11\/esg-cikk.png\" class=\"attachment-full size-full wp-image-5040\" alt=\"esg\" srcset=\"https:\/\/blogs.dlapiper.com\/advocatus\/files\/2024\/11\/esg-cikk.png 1200w, https:\/\/blogs.dlapiper.com\/advocatus\/files\/2024\/11\/esg-cikk-300x75.png 300w, https:\/\/blogs.dlapiper.com\/advocatus\/files\/2024\/11\/esg-cikk-1024x256.png 1024w, https:\/\/blogs.dlapiper.com\/advocatus\/files\/2024\/11\/esg-cikk-768x192.png 768w\" sizes=\"(max-width: 1200px) 100vw, 1200px\" \/><\/div><\/a>\n\t\t\t\t<div class=\"elementor-post__badge\">ESG<\/div>\n\t\t\t\t<div class=\"elementor-post__avatar\">\n\t\t\t\t\t<\/div>\n\t\t\t\t<div class=\"elementor-post__text\">\n\t\t\t\t<h3 class=\"elementor-post__title\">\n\t\t\t<a href=\"https:\/\/blogs.dlapiper.com\/advocatus\/2024\/12\/ezert-ne-dobja-ki-a-termekeit-uj-esg-szabalyok-a-termekek-javitasa-kapcsan\/\" >\n\t\t\t\tEz\u00e9rt ne dobja ki a term\u00e9keit &#8211; \u00daj ESG szab\u00e1lyok a term\u00e9kek jav\u00edt\u00e1sa kapcs\u00e1n \u2013 6. r\u00e9sz\t\t\t<\/a>\n\t\t<\/h3>\n\t\t\t\t<div class=\"elementor-post__excerpt\">\n\t\t\t<p>Horv\u00e1th Fanny \u00e9s Reisz R\u00e9ka \u00f6sszefoglalj\u00e1k a 2026-t\u00f3l az Eur\u00f3pai Uni\u00f3ban bevezet\u00e9sre ker\u00fcl\u0151 \u00faj  ir\u00e1nyelvekhez kapcsol\u00f3d\u00f3 legfontosabb tudnival\u00f3kat. <\/p>\n\t\t<\/div>\n\t\t\n\t\t<a class=\"elementor-post__read-more\" href=\"https:\/\/blogs.dlapiper.com\/advocatus\/2024\/12\/ezert-ne-dobja-ki-a-termekeit-uj-esg-szabalyok-a-termekek-javitasa-kapcsan\/\" aria-label=\"Read more about Ez\u00e9rt ne dobja ki a term\u00e9keit &#8211; \u00daj ESG szab\u00e1lyok a term\u00e9kek jav\u00edt\u00e1sa kapcs\u00e1n \u2013 6. r\u00e9sz\" tabindex=\"-1\" >\n\t\t\tTov\u00e1bb \u00bb\t\t<\/a>\n\n\t\t\t\t<\/div>\n\t\t\t\t<div class=\"elementor-post__meta-data\">\n\t\t\t\t\t<span class=\"elementor-post-author\">\n\t\t\tESG Budapest\t\t<\/span>\n\t\t\t\t<span class=\"elementor-post-date\">\n\t\t\t2024-12-18\t\t<\/span>\n\t\t\t\t<\/div>\n\t\t\t\t\t<\/div>\n\t\t<\/article>\n\t\t\t\t<article class=\"elementor-post elementor-grid-item post-5050 post type-post status-publish format-standard has-post-thumbnail hentry category-esg category-fogyasztasi-cikkek tag-ado tag-csomagolas tag-esg tag-fenntarthatosag tag-fogyasztasi-cikkek tag-szabalyozas\" role=\"listitem\">\n\t\t\t<div class=\"elementor-post__card\">\n\t\t\t\t<a class=\"elementor-post__thumbnail__link\" href=\"https:\/\/blogs.dlapiper.com\/advocatus\/2024\/11\/adojogi-szempontok-a-fogyasztasi-cikkek-csomagolasa-kapcsan-5-resz\/\" tabindex=\"-1\" ><div class=\"elementor-post__thumbnail\"><img decoding=\"async\" width=\"1200\" height=\"300\" src=\"https:\/\/blogs.dlapiper.com\/advocatus\/files\/2024\/11\/esg-cikk.png\" class=\"attachment-full size-full wp-image-5040\" alt=\"esg\" srcset=\"https:\/\/blogs.dlapiper.com\/advocatus\/files\/2024\/11\/esg-cikk.png 1200w, https:\/\/blogs.dlapiper.com\/advocatus\/files\/2024\/11\/esg-cikk-300x75.png 300w, https:\/\/blogs.dlapiper.com\/advocatus\/files\/2024\/11\/esg-cikk-1024x256.png 1024w, https:\/\/blogs.dlapiper.com\/advocatus\/files\/2024\/11\/esg-cikk-768x192.png 768w\" sizes=\"(max-width: 1200px) 100vw, 1200px\" \/><\/div><\/a>\n\t\t\t\t<div class=\"elementor-post__badge\">ESG<\/div>\n\t\t\t\t<div class=\"elementor-post__avatar\">\n\t\t\t\t\t<\/div>\n\t\t\t\t<div class=\"elementor-post__text\">\n\t\t\t\t<h3 class=\"elementor-post__title\">\n\t\t\t<a href=\"https:\/\/blogs.dlapiper.com\/advocatus\/2024\/11\/adojogi-szempontok-a-fogyasztasi-cikkek-csomagolasa-kapcsan-5-resz\/\" >\n\t\t\t\tAd\u00f3jogi szempontok a fogyaszt\u00e1si cikkek csomagol\u00e1sa kapcs\u00e1n \u2013 5. r\u00e9sz\t\t\t<\/a>\n\t\t<\/h3>\n\t\t\t\t<div class=\"elementor-post__excerpt\">\n\t\t\t<p>Cikk\u00fcnkben \u00f6sszefoglaljuk a fogyaszt\u00e1si cikkek piac\u00e1n a csomagol\u00e1sokhoz kapcsol\u00f3d\u00f3 f\u0151bb ad\u00f3jogi vonatkoz\u00e1sokat, els\u0151sorban az ad\u00f3fizet\u00e9si k\u00f6telezetts\u00e9g t\u00e9mak\u00f6r\u00e9re koncentr\u00e1lva.<\/p>\n\t\t<\/div>\n\t\t\n\t\t<a class=\"elementor-post__read-more\" href=\"https:\/\/blogs.dlapiper.com\/advocatus\/2024\/11\/adojogi-szempontok-a-fogyasztasi-cikkek-csomagolasa-kapcsan-5-resz\/\" aria-label=\"Read more about Ad\u00f3jogi szempontok a fogyaszt\u00e1si cikkek csomagol\u00e1sa kapcs\u00e1n \u2013 5. r\u00e9sz\" tabindex=\"-1\" >\n\t\t\tTov\u00e1bb \u00bb\t\t<\/a>\n\n\t\t\t\t<\/div>\n\t\t\t\t<div class=\"elementor-post__meta-data\">\n\t\t\t\t\t<span class=\"elementor-post-author\">\n\t\t\tESG Budapest\t\t<\/span>\n\t\t\t\t<span class=\"elementor-post-date\">\n\t\t\t2024-11-27\t\t<\/span>\n\t\t\t\t<\/div>\n\t\t\t\t\t<\/div>\n\t\t<\/article>\n\t\t\t\t<\/div>\n\t\t\n\t\t\t\t\t\t<\/div>\n\t\t\t\t<\/div>\n\t\t\t\t\t<\/div>\n\t\t<\/div>\n\t\t\t\t\t<\/div>\n\t\t<\/section>\n\t\t\t\t<section class=\"elementor-section elementor-top-section elementor-element elementor-element-2d4142f elementor-section-boxed elementor-section-height-default elementor-section-height-default\" data-id=\"2d4142f\" data-element_type=\"section\">\n\t\t\t\t\t\t<div class=\"elementor-container elementor-column-gap-default\">\n\t\t\t\t\t<div class=\"elementor-column elementor-col-100 elementor-top-column elementor-element elementor-element-f785f5f\" data-id=\"f785f5f\" data-element_type=\"column\">\n\t\t\t<div class=\"elementor-widget-wrap elementor-element-populated\">\n\t\t\t\t\t\t<div class=\"elementor-element elementor-element-0bcb10e elementor-widget elementor-widget-spacer\" data-id=\"0bcb10e\" data-element_type=\"widget\" data-widget_type=\"spacer.default\">\n\t\t\t\t<div class=\"elementor-widget-container\">\n\t\t\t\t\t\t\t<div class=\"elementor-spacer\">\n\t\t\t<div class=\"elementor-spacer-inner\"><\/div>\n\t\t<\/div>\n\t\t\t\t\t\t<\/div>\n\t\t\t\t<\/div>\n\t\t\t\t\t<\/div>\n\t\t<\/div>\n\t\t\t\t\t<\/div>\n\t\t<\/section>\n\t\t\t\t<section class=\"elementor-section elementor-top-section elementor-element elementor-element-1f15643 elementor-section-boxed elementor-section-height-default elementor-section-height-default\" data-id=\"1f15643\" data-element_type=\"section\">\n\t\t\t\t\t\t<div class=\"elementor-container elementor-column-gap-default\">\n\t\t\t\t\t<div class=\"elementor-column elementor-col-100 elementor-top-column elementor-element elementor-element-e8ec95f\" data-id=\"e8ec95f\" data-element_type=\"column\">\n\t\t\t<div class=\"elementor-widget-wrap elementor-element-populated\">\n\t\t\t\t\t\t<div class=\"elementor-element elementor-element-643c96b elementor-widget elementor-widget-text-editor\" data-id=\"643c96b\" data-element_type=\"widget\" id=\"hivatkozas\" data-widget_type=\"text-editor.default\">\n\t\t\t\t<div class=\"elementor-widget-container\">\n\t\t\t\t\t\t\t\t\t<h5><strong>Hivatkoz\u00e1sok<\/strong><\/h5>\t\t\t\t\t\t\t\t<\/div>\n\t\t\t\t<\/div>\n\t\t\t\t\t<\/div>\n\t\t<\/div>\n\t\t\t\t\t<\/div>\n\t\t<\/section>\n\t\t\t\t<section class=\"elementor-section elementor-top-section elementor-element elementor-element-1266857 elementor-section-boxed elementor-section-height-default elementor-section-height-default\" data-id=\"1266857\" data-element_type=\"section\">\n\t\t\t\t\t\t<div class=\"elementor-container elementor-column-gap-default\">\n\t\t\t\t\t<div class=\"elementor-column elementor-col-100 elementor-top-column elementor-element elementor-element-e904035\" data-id=\"e904035\" data-element_type=\"column\">\n\t\t\t<div class=\"elementor-widget-wrap elementor-element-populated\">\n\t\t\t\t\t\t<div class=\"elementor-element elementor-element-4d7fd1e elementor-widget elementor-widget-text-editor\" data-id=\"4d7fd1e\" data-element_type=\"widget\" data-widget_type=\"text-editor.default\">\n\t\t\t\t<div class=\"elementor-widget-container\">\n\t\t\t\t\t\t\t\t\t<p><strong>[1] <\/strong>Nyikos Gy\u00f6rgyi: Fenntarthat\u00f3 finansz\u00edroz\u00e1s \u00e9s fejleszt\u00e9s. Strat\u00e9gia \u00e9s szab\u00e1lyoz\u00e1s: \u00e1t\u00e1ll\u00e1s a fenntarthat\u00f3 finansz\u00edroz\u00e1si modellekre. 2.3.1<strong>.<\/strong><\/p><p><strong>[2] <\/strong>https:\/\/ksh.hu\/s\/kiadvanyok\/fenntarthato-fejlodes-indikatorai-2023\/3-33-sdg-17<\/p><p><strong>[3] <\/strong>http:\/\/regi.jogikar.uni-miskolc.hu\/projectSetup\/files\/kiadvanyok\/kornyezeti-adozas-szabalyozasa-a-kornyezetpolitika-rendszereben-monografia.pdf<\/p>\t\t\t\t\t\t\t\t<\/div>\n\t\t\t\t<\/div>\n\t\t\t\t\t<\/div>\n\t\t<\/div>\n\t\t\t\t\t<\/div>\n\t\t<\/section>\n\t\t\t\t<\/div>\n\t\t","protected":false},"excerpt":{"rendered":"<p>Cikk\u00fcnkben \u00f6sszefoglaljuk a fogyaszt\u00e1si cikkek piac\u00e1n a csomagol\u00e1sokhoz kapcsol\u00f3d\u00f3 f\u0151bb ad\u00f3jogi vonatkoz\u00e1sokat, els\u0151sorban az ad\u00f3fizet\u00e9si k\u00f6telezetts\u00e9g t\u00e9mak\u00f6r\u00e9re koncentr\u00e1lva.<\/p>\n","protected":false},"author":810,"featured_media":5040,"comment_status":"closed","ping_status":"closed","sticky":false,"template":"","format":"standard","meta":{"site-sidebar-layout":"default","site-content-layout":"","ast-site-content-layout":"default","site-content-style":"default","site-sidebar-style":"default","ast-global-header-display":"","ast-banner-title-visibility":"","ast-main-header-display":"","ast-hfb-above-header-display":"","ast-hfb-below-header-display":"","ast-hfb-mobile-header-display":"","site-post-title":"","ast-breadcrumbs-content":"","ast-featured-img":"","footer-sml-layout":"","theme-transparent-header-meta":"","adv-header-id-meta":"","stick-header-meta":"","header-above-stick-meta":"","header-main-stick-meta":"","header-below-stick-meta":"","astra-migrate-meta-layouts":"set","ast-page-background-enabled":"default","ast-page-background-meta":{"desktop":{"background-color":"","background-image":"","background-repeat":"repeat","background-position":"center center","background-size":"auto","background-attachment":"scroll","background-type":"","background-media":"","overlay-type":"","overlay-color":"","overlay-opacity":"","overlay-gradient":""},"tablet":{"background-color":"","background-image":"","background-repeat":"repeat","background-position":"center center","background-size":"auto","background-attachment":"scroll","background-type":"","background-media":"","overlay-type":"","overlay-color":"","overlay-opacity":"","overlay-gradient":""},"mobile":{"background-color":"","background-image":"","background-repeat":"repeat","background-position":"center center","background-size":"auto","background-attachment":"scroll","background-type":"","background-media":"","overlay-type":"","overlay-color":"","overlay-opacity":"","overlay-gradient":""}},"ast-content-background-meta":{"desktop":{"background-color":"var(--ast-global-color-5)","background-image":"","background-repeat":"repeat","background-position":"center center","background-size":"auto","background-attachment":"scroll","background-type":"","background-media":"","overlay-type":"","overlay-color":"","overlay-opacity":"","overlay-gradient":""},"tablet":{"background-color":"var(--ast-global-color-5)","background-image":"","background-repeat":"repeat","background-position":"center center","background-size":"auto","background-attachment":"scroll","background-type":"","background-media":"","overlay-type":"","overlay-color":"","overlay-opacity":"","overlay-gradient":""},"mobile":{"background-color":"var(--ast-global-color-5)","background-image":"","background-repeat":"repeat","background-position":"center center","background-size":"auto","background-attachment":"scroll","background-type":"","background-media":"","overlay-type":"","overlay-color":"","overlay-opacity":"","overlay-gradient":""}},"footnotes":""},"categories":[1282,1480],"tags":[1498,1497,779,685,1495,32],"coauthors":[1394],"class_list":["post-5050","post","type-post","status-publish","format-standard","has-post-thumbnail","hentry","category-esg","category-fogyasztasi-cikkek","tag-ado","tag-csomagolas","tag-esg","tag-fenntarthatosag","tag-fogyasztasi-cikkek","tag-szabalyozas"],"yoast_head":"<!-- This site is optimized with the Yoast SEO plugin v26.1 - https:\/\/yoast.com\/wordpress\/plugins\/seo\/ -->\n<title>Ad\u00f3jogi szempontok a fogyaszt\u00e1si cikkek csomagol\u00e1sa kapcs\u00e1n \u2013 5. r\u00e9sz<\/title>\n<meta name=\"description\" content=\"Cikk\u00fcnkben \u00f6sszefoglaljuk a fogyaszt\u00e1si cikkek piac\u00e1n a csomagol\u00e1sokhoz kapcsol\u00f3d\u00f3 f\u0151bb ad\u00f3jogi vonatkoz\u00e1sokat, els\u0151sorban az ad\u00f3fizet\u00e9si k\u00f6telezetts\u00e9g t\u00e9mak\u00f6r\u00e9re koncentr\u00e1lva.\" \/>\n<meta name=\"robots\" content=\"index, follow, max-snippet:-1, max-image-preview:large, max-video-preview:-1\" \/>\n<link rel=\"canonical\" href=\"https:\/\/blogs.dlapiper.com\/advocatus\/2024\/11\/adojogi-szempontok-a-fogyasztasi-cikkek-csomagolasa-kapcsan-5-resz\/\" \/>\n<meta property=\"og:locale\" content=\"en_GB\" \/>\n<meta property=\"og:type\" content=\"article\" \/>\n<meta property=\"og:title\" content=\"Ad\u00f3jogi szempontok a fogyaszt\u00e1si cikkek csomagol\u00e1sa kapcs\u00e1n \u2013 5. r\u00e9sz\" \/>\n<meta property=\"og:description\" content=\"Cikk\u00fcnkben \u00f6sszefoglaljuk a fogyaszt\u00e1si cikkek piac\u00e1n a csomagol\u00e1sokhoz kapcsol\u00f3d\u00f3 f\u0151bb ad\u00f3jogi vonatkoz\u00e1sokat, els\u0151sorban az ad\u00f3fizet\u00e9si k\u00f6telezetts\u00e9g t\u00e9mak\u00f6r\u00e9re koncentr\u00e1lva.\" \/>\n<meta property=\"og:url\" content=\"https:\/\/blogs.dlapiper.com\/advocatus\/2024\/11\/adojogi-szempontok-a-fogyasztasi-cikkek-csomagolasa-kapcsan-5-resz\/\" \/>\n<meta property=\"og:site_name\" content=\"Advocatus\" \/>\n<meta property=\"article:published_time\" content=\"2024-11-27T13:45:22+00:00\" \/>\n<meta property=\"article:modified_time\" content=\"2024-11-28T14:13:46+00:00\" \/>\n<meta property=\"og:image\" content=\"https:\/\/blogs.dlapiper.com\/advocatus\/files\/2024\/11\/esg-cikk.png\" \/>\n\t<meta property=\"og:image:width\" content=\"1200\" \/>\n\t<meta property=\"og:image:height\" content=\"300\" \/>\n\t<meta property=\"og:image:type\" content=\"image\/png\" \/>\n<meta name=\"author\" content=\"ESG Budapest\" \/>\n<meta name=\"twitter:card\" content=\"summary_large_image\" \/>\n<meta name=\"twitter:label1\" content=\"Written by\" \/>\n\t<meta name=\"twitter:data1\" content=\"ESG Budapest\" \/>\n\t<meta name=\"twitter:label2\" content=\"Estimated reading time\" \/>\n\t<meta name=\"twitter:data2\" content=\"7 minutes\" \/>\n<script type=\"application\/ld+json\" class=\"yoast-schema-graph\">{\"@context\":\"https:\/\/schema.org\",\"@graph\":[{\"@type\":\"Article\",\"@id\":\"https:\/\/blogs.dlapiper.com\/advocatus\/2024\/11\/adojogi-szempontok-a-fogyasztasi-cikkek-csomagolasa-kapcsan-5-resz\/#article\",\"isPartOf\":{\"@id\":\"https:\/\/blogs.dlapiper.com\/advocatus\/2024\/11\/adojogi-szempontok-a-fogyasztasi-cikkek-csomagolasa-kapcsan-5-resz\/\"},\"author\":{\"name\":\"ESG Budapest\",\"@id\":\"https:\/\/blogs.dlapiper.com\/advocatus\/#\/schema\/person\/9fcea38a08ae131336846553a95649bd\"},\"headline\":\"Ad\u00f3jogi szempontok a fogyaszt\u00e1si cikkek csomagol\u00e1sa kapcs\u00e1n \u2013 5. r\u00e9sz\",\"datePublished\":\"2024-11-27T13:45:22+00:00\",\"dateModified\":\"2024-11-28T14:13:46+00:00\",\"mainEntityOfPage\":{\"@id\":\"https:\/\/blogs.dlapiper.com\/advocatus\/2024\/11\/adojogi-szempontok-a-fogyasztasi-cikkek-csomagolasa-kapcsan-5-resz\/\"},\"wordCount\":2463,\"publisher\":{\"@id\":\"https:\/\/blogs.dlapiper.com\/advocatus\/#organization\"},\"image\":{\"@id\":\"https:\/\/blogs.dlapiper.com\/advocatus\/2024\/11\/adojogi-szempontok-a-fogyasztasi-cikkek-csomagolasa-kapcsan-5-resz\/#primaryimage\"},\"thumbnailUrl\":\"https:\/\/blogs.dlapiper.com\/advocatus\/files\/2024\/11\/esg-cikk.png\",\"keywords\":[\"ad\u00f3\",\"csomagol\u00e1s\",\"ESG\",\"fenntarthat\u00f3s\u00e1g\",\"fogyaszt\u00e1si cikkek\",\"szab\u00e1lyoz\u00e1s\"],\"articleSection\":[\"ESG\",\"Fogyaszt\u00e1si cikkek\"],\"inLanguage\":\"en-GB\"},{\"@type\":\"WebPage\",\"@id\":\"https:\/\/blogs.dlapiper.com\/advocatus\/2024\/11\/adojogi-szempontok-a-fogyasztasi-cikkek-csomagolasa-kapcsan-5-resz\/\",\"url\":\"https:\/\/blogs.dlapiper.com\/advocatus\/2024\/11\/adojogi-szempontok-a-fogyasztasi-cikkek-csomagolasa-kapcsan-5-resz\/\",\"name\":\"Ad\u00f3jogi szempontok a fogyaszt\u00e1si cikkek csomagol\u00e1sa kapcs\u00e1n \u2013 5. r\u00e9sz\",\"isPartOf\":{\"@id\":\"https:\/\/blogs.dlapiper.com\/advocatus\/#website\"},\"primaryImageOfPage\":{\"@id\":\"https:\/\/blogs.dlapiper.com\/advocatus\/2024\/11\/adojogi-szempontok-a-fogyasztasi-cikkek-csomagolasa-kapcsan-5-resz\/#primaryimage\"},\"image\":{\"@id\":\"https:\/\/blogs.dlapiper.com\/advocatus\/2024\/11\/adojogi-szempontok-a-fogyasztasi-cikkek-csomagolasa-kapcsan-5-resz\/#primaryimage\"},\"thumbnailUrl\":\"https:\/\/blogs.dlapiper.com\/advocatus\/files\/2024\/11\/esg-cikk.png\",\"datePublished\":\"2024-11-27T13:45:22+00:00\",\"dateModified\":\"2024-11-28T14:13:46+00:00\",\"description\":\"Cikk\u00fcnkben \u00f6sszefoglaljuk a fogyaszt\u00e1si cikkek piac\u00e1n a csomagol\u00e1sokhoz kapcsol\u00f3d\u00f3 f\u0151bb ad\u00f3jogi vonatkoz\u00e1sokat, els\u0151sorban az ad\u00f3fizet\u00e9si k\u00f6telezetts\u00e9g t\u00e9mak\u00f6r\u00e9re koncentr\u00e1lva.\",\"breadcrumb\":{\"@id\":\"https:\/\/blogs.dlapiper.com\/advocatus\/2024\/11\/adojogi-szempontok-a-fogyasztasi-cikkek-csomagolasa-kapcsan-5-resz\/#breadcrumb\"},\"inLanguage\":\"en-GB\",\"potentialAction\":[{\"@type\":\"ReadAction\",\"target\":[\"https:\/\/blogs.dlapiper.com\/advocatus\/2024\/11\/adojogi-szempontok-a-fogyasztasi-cikkek-csomagolasa-kapcsan-5-resz\/\"]}]},{\"@type\":\"ImageObject\",\"inLanguage\":\"en-GB\",\"@id\":\"https:\/\/blogs.dlapiper.com\/advocatus\/2024\/11\/adojogi-szempontok-a-fogyasztasi-cikkek-csomagolasa-kapcsan-5-resz\/#primaryimage\",\"url\":\"https:\/\/blogs.dlapiper.com\/advocatus\/files\/2024\/11\/esg-cikk.png\",\"contentUrl\":\"https:\/\/blogs.dlapiper.com\/advocatus\/files\/2024\/11\/esg-cikk.png\",\"width\":1200,\"height\":300,\"caption\":\"esg\"},{\"@type\":\"BreadcrumbList\",\"@id\":\"https:\/\/blogs.dlapiper.com\/advocatus\/2024\/11\/adojogi-szempontok-a-fogyasztasi-cikkek-csomagolasa-kapcsan-5-resz\/#breadcrumb\",\"itemListElement\":[{\"@type\":\"ListItem\",\"position\":1,\"name\":\"Home\",\"item\":\"https:\/\/blogs.dlapiper.com\/advocatus\/\"},{\"@type\":\"ListItem\",\"position\":2,\"name\":\"Ad\u00f3jogi szempontok a fogyaszt\u00e1si cikkek csomagol\u00e1sa kapcs\u00e1n \u2013 5. r\u00e9sz\"}]},{\"@type\":\"WebSite\",\"@id\":\"https:\/\/blogs.dlapiper.com\/advocatus\/#website\",\"url\":\"https:\/\/blogs.dlapiper.com\/advocatus\/\",\"name\":\"Advocatus\",\"description\":\"A DLA Piper Jogi Blogja\",\"publisher\":{\"@id\":\"https:\/\/blogs.dlapiper.com\/advocatus\/#organization\"},\"potentialAction\":[{\"@type\":\"SearchAction\",\"target\":{\"@type\":\"EntryPoint\",\"urlTemplate\":\"https:\/\/blogs.dlapiper.com\/advocatus\/?s={search_term_string}\"},\"query-input\":{\"@type\":\"PropertyValueSpecification\",\"valueRequired\":true,\"valueName\":\"search_term_string\"}}],\"inLanguage\":\"en-GB\"},{\"@type\":\"Organization\",\"@id\":\"https:\/\/blogs.dlapiper.com\/advocatus\/#organization\",\"name\":\"Advocatus\",\"url\":\"https:\/\/blogs.dlapiper.com\/advocatus\/\",\"logo\":{\"@type\":\"ImageObject\",\"inLanguage\":\"en-GB\",\"@id\":\"https:\/\/blogs.dlapiper.com\/advocatus\/#\/schema\/logo\/image\/\",\"url\":\"https:\/\/blogs.dlapiper.com\/advocatus\/files\/2019\/06\/cropped-logo-144-1.png\",\"contentUrl\":\"https:\/\/blogs.dlapiper.com\/advocatus\/files\/2019\/06\/cropped-logo-144-1.png\",\"width\":223,\"height\":130,\"caption\":\"Advocatus\"},\"image\":{\"@id\":\"https:\/\/blogs.dlapiper.com\/advocatus\/#\/schema\/logo\/image\/\"},\"sameAs\":[\"https:\/\/www.linkedin.com\/showcase\/dla-piper-hungary\/\"]},{\"@type\":\"Person\",\"@id\":\"https:\/\/blogs.dlapiper.com\/advocatus\/#\/schema\/person\/9fcea38a08ae131336846553a95649bd\",\"name\":\"ESG Budapest\",\"url\":\"https:\/\/blogs.dlapiper.com\/advocatus\/author\/esgbudapest1\/\"}]}<\/script>\n<!-- \/ Yoast SEO plugin. -->","yoast_head_json":{"title":"Ad\u00f3jogi szempontok a fogyaszt\u00e1si cikkek csomagol\u00e1sa kapcs\u00e1n \u2013 5. r\u00e9sz","description":"Cikk\u00fcnkben \u00f6sszefoglaljuk a fogyaszt\u00e1si cikkek piac\u00e1n a csomagol\u00e1sokhoz kapcsol\u00f3d\u00f3 f\u0151bb ad\u00f3jogi vonatkoz\u00e1sokat, els\u0151sorban az ad\u00f3fizet\u00e9si k\u00f6telezetts\u00e9g t\u00e9mak\u00f6r\u00e9re koncentr\u00e1lva.","robots":{"index":"index","follow":"follow","max-snippet":"max-snippet:-1","max-image-preview":"max-image-preview:large","max-video-preview":"max-video-preview:-1"},"canonical":"https:\/\/blogs.dlapiper.com\/advocatus\/2024\/11\/adojogi-szempontok-a-fogyasztasi-cikkek-csomagolasa-kapcsan-5-resz\/","og_locale":"en_GB","og_type":"article","og_title":"Ad\u00f3jogi szempontok a fogyaszt\u00e1si cikkek csomagol\u00e1sa kapcs\u00e1n \u2013 5. r\u00e9sz","og_description":"Cikk\u00fcnkben \u00f6sszefoglaljuk a fogyaszt\u00e1si cikkek piac\u00e1n a csomagol\u00e1sokhoz kapcsol\u00f3d\u00f3 f\u0151bb ad\u00f3jogi vonatkoz\u00e1sokat, els\u0151sorban az ad\u00f3fizet\u00e9si k\u00f6telezetts\u00e9g t\u00e9mak\u00f6r\u00e9re koncentr\u00e1lva.","og_url":"https:\/\/blogs.dlapiper.com\/advocatus\/2024\/11\/adojogi-szempontok-a-fogyasztasi-cikkek-csomagolasa-kapcsan-5-resz\/","og_site_name":"Advocatus","article_published_time":"2024-11-27T13:45:22+00:00","article_modified_time":"2024-11-28T14:13:46+00:00","og_image":[{"width":1200,"height":300,"url":"https:\/\/blogs.dlapiper.com\/advocatus\/files\/2024\/11\/esg-cikk.png","type":"image\/png"}],"author":"ESG Budapest","twitter_card":"summary_large_image","twitter_misc":{"Written by":"ESG Budapest","Estimated reading time":"7 minutes"},"schema":{"@context":"https:\/\/schema.org","@graph":[{"@type":"Article","@id":"https:\/\/blogs.dlapiper.com\/advocatus\/2024\/11\/adojogi-szempontok-a-fogyasztasi-cikkek-csomagolasa-kapcsan-5-resz\/#article","isPartOf":{"@id":"https:\/\/blogs.dlapiper.com\/advocatus\/2024\/11\/adojogi-szempontok-a-fogyasztasi-cikkek-csomagolasa-kapcsan-5-resz\/"},"author":{"name":"ESG Budapest","@id":"https:\/\/blogs.dlapiper.com\/advocatus\/#\/schema\/person\/9fcea38a08ae131336846553a95649bd"},"headline":"Ad\u00f3jogi szempontok a fogyaszt\u00e1si cikkek csomagol\u00e1sa kapcs\u00e1n \u2013 5. r\u00e9sz","datePublished":"2024-11-27T13:45:22+00:00","dateModified":"2024-11-28T14:13:46+00:00","mainEntityOfPage":{"@id":"https:\/\/blogs.dlapiper.com\/advocatus\/2024\/11\/adojogi-szempontok-a-fogyasztasi-cikkek-csomagolasa-kapcsan-5-resz\/"},"wordCount":2463,"publisher":{"@id":"https:\/\/blogs.dlapiper.com\/advocatus\/#organization"},"image":{"@id":"https:\/\/blogs.dlapiper.com\/advocatus\/2024\/11\/adojogi-szempontok-a-fogyasztasi-cikkek-csomagolasa-kapcsan-5-resz\/#primaryimage"},"thumbnailUrl":"https:\/\/blogs.dlapiper.com\/advocatus\/files\/2024\/11\/esg-cikk.png","keywords":["ad\u00f3","csomagol\u00e1s","ESG","fenntarthat\u00f3s\u00e1g","fogyaszt\u00e1si cikkek","szab\u00e1lyoz\u00e1s"],"articleSection":["ESG","Fogyaszt\u00e1si cikkek"],"inLanguage":"en-GB"},{"@type":"WebPage","@id":"https:\/\/blogs.dlapiper.com\/advocatus\/2024\/11\/adojogi-szempontok-a-fogyasztasi-cikkek-csomagolasa-kapcsan-5-resz\/","url":"https:\/\/blogs.dlapiper.com\/advocatus\/2024\/11\/adojogi-szempontok-a-fogyasztasi-cikkek-csomagolasa-kapcsan-5-resz\/","name":"Ad\u00f3jogi szempontok a fogyaszt\u00e1si cikkek csomagol\u00e1sa kapcs\u00e1n \u2013 5. r\u00e9sz","isPartOf":{"@id":"https:\/\/blogs.dlapiper.com\/advocatus\/#website"},"primaryImageOfPage":{"@id":"https:\/\/blogs.dlapiper.com\/advocatus\/2024\/11\/adojogi-szempontok-a-fogyasztasi-cikkek-csomagolasa-kapcsan-5-resz\/#primaryimage"},"image":{"@id":"https:\/\/blogs.dlapiper.com\/advocatus\/2024\/11\/adojogi-szempontok-a-fogyasztasi-cikkek-csomagolasa-kapcsan-5-resz\/#primaryimage"},"thumbnailUrl":"https:\/\/blogs.dlapiper.com\/advocatus\/files\/2024\/11\/esg-cikk.png","datePublished":"2024-11-27T13:45:22+00:00","dateModified":"2024-11-28T14:13:46+00:00","description":"Cikk\u00fcnkben \u00f6sszefoglaljuk a fogyaszt\u00e1si cikkek piac\u00e1n a csomagol\u00e1sokhoz kapcsol\u00f3d\u00f3 f\u0151bb ad\u00f3jogi vonatkoz\u00e1sokat, els\u0151sorban az ad\u00f3fizet\u00e9si k\u00f6telezetts\u00e9g t\u00e9mak\u00f6r\u00e9re koncentr\u00e1lva.","breadcrumb":{"@id":"https:\/\/blogs.dlapiper.com\/advocatus\/2024\/11\/adojogi-szempontok-a-fogyasztasi-cikkek-csomagolasa-kapcsan-5-resz\/#breadcrumb"},"inLanguage":"en-GB","potentialAction":[{"@type":"ReadAction","target":["https:\/\/blogs.dlapiper.com\/advocatus\/2024\/11\/adojogi-szempontok-a-fogyasztasi-cikkek-csomagolasa-kapcsan-5-resz\/"]}]},{"@type":"ImageObject","inLanguage":"en-GB","@id":"https:\/\/blogs.dlapiper.com\/advocatus\/2024\/11\/adojogi-szempontok-a-fogyasztasi-cikkek-csomagolasa-kapcsan-5-resz\/#primaryimage","url":"https:\/\/blogs.dlapiper.com\/advocatus\/files\/2024\/11\/esg-cikk.png","contentUrl":"https:\/\/blogs.dlapiper.com\/advocatus\/files\/2024\/11\/esg-cikk.png","width":1200,"height":300,"caption":"esg"},{"@type":"BreadcrumbList","@id":"https:\/\/blogs.dlapiper.com\/advocatus\/2024\/11\/adojogi-szempontok-a-fogyasztasi-cikkek-csomagolasa-kapcsan-5-resz\/#breadcrumb","itemListElement":[{"@type":"ListItem","position":1,"name":"Home","item":"https:\/\/blogs.dlapiper.com\/advocatus\/"},{"@type":"ListItem","position":2,"name":"Ad\u00f3jogi szempontok a fogyaszt\u00e1si cikkek csomagol\u00e1sa kapcs\u00e1n \u2013 5. r\u00e9sz"}]},{"@type":"WebSite","@id":"https:\/\/blogs.dlapiper.com\/advocatus\/#website","url":"https:\/\/blogs.dlapiper.com\/advocatus\/","name":"Advocatus","description":"A DLA Piper Jogi Blogja","publisher":{"@id":"https:\/\/blogs.dlapiper.com\/advocatus\/#organization"},"potentialAction":[{"@type":"SearchAction","target":{"@type":"EntryPoint","urlTemplate":"https:\/\/blogs.dlapiper.com\/advocatus\/?s={search_term_string}"},"query-input":{"@type":"PropertyValueSpecification","valueRequired":true,"valueName":"search_term_string"}}],"inLanguage":"en-GB"},{"@type":"Organization","@id":"https:\/\/blogs.dlapiper.com\/advocatus\/#organization","name":"Advocatus","url":"https:\/\/blogs.dlapiper.com\/advocatus\/","logo":{"@type":"ImageObject","inLanguage":"en-GB","@id":"https:\/\/blogs.dlapiper.com\/advocatus\/#\/schema\/logo\/image\/","url":"https:\/\/blogs.dlapiper.com\/advocatus\/files\/2019\/06\/cropped-logo-144-1.png","contentUrl":"https:\/\/blogs.dlapiper.com\/advocatus\/files\/2019\/06\/cropped-logo-144-1.png","width":223,"height":130,"caption":"Advocatus"},"image":{"@id":"https:\/\/blogs.dlapiper.com\/advocatus\/#\/schema\/logo\/image\/"},"sameAs":["https:\/\/www.linkedin.com\/showcase\/dla-piper-hungary\/"]},{"@type":"Person","@id":"https:\/\/blogs.dlapiper.com\/advocatus\/#\/schema\/person\/9fcea38a08ae131336846553a95649bd","name":"ESG Budapest","url":"https:\/\/blogs.dlapiper.com\/advocatus\/author\/esgbudapest1\/"}]}},"_links":{"self":[{"href":"https:\/\/blogs.dlapiper.com\/advocatus\/wp-json\/wp\/v2\/posts\/5050","targetHints":{"allow":["GET"]}}],"collection":[{"href":"https:\/\/blogs.dlapiper.com\/advocatus\/wp-json\/wp\/v2\/posts"}],"about":[{"href":"https:\/\/blogs.dlapiper.com\/advocatus\/wp-json\/wp\/v2\/types\/post"}],"author":[{"embeddable":true,"href":"https:\/\/blogs.dlapiper.com\/advocatus\/wp-json\/wp\/v2\/users\/810"}],"replies":[{"embeddable":true,"href":"https:\/\/blogs.dlapiper.com\/advocatus\/wp-json\/wp\/v2\/comments?post=5050"}],"version-history":[{"count":0,"href":"https:\/\/blogs.dlapiper.com\/advocatus\/wp-json\/wp\/v2\/posts\/5050\/revisions"}],"wp:featuredmedia":[{"embeddable":true,"href":"https:\/\/blogs.dlapiper.com\/advocatus\/wp-json\/wp\/v2\/media\/5040"}],"wp:attachment":[{"href":"https:\/\/blogs.dlapiper.com\/advocatus\/wp-json\/wp\/v2\/media?parent=5050"}],"wp:term":[{"taxonomy":"category","embeddable":true,"href":"https:\/\/blogs.dlapiper.com\/advocatus\/wp-json\/wp\/v2\/categories?post=5050"},{"taxonomy":"post_tag","embeddable":true,"href":"https:\/\/blogs.dlapiper.com\/advocatus\/wp-json\/wp\/v2\/tags?post=5050"},{"taxonomy":"author","embeddable":true,"href":"https:\/\/blogs.dlapiper.com\/advocatus\/wp-json\/wp\/v2\/coauthors?post=5050"}],"curies":[{"name":"wp","href":"https:\/\/api.w.org\/{rel}","templated":true}]}}