{"id":4566,"date":"2024-01-16T15:18:12","date_gmt":"2024-01-16T14:18:12","guid":{"rendered":"https:\/\/blogs.dlapiper.com\/advocatus\/?p=4566"},"modified":"2024-02-16T10:55:19","modified_gmt":"2024-02-16T09:55:19","slug":"torvenyi-kotelezettseg-lett-a-fenntarthatosag-hatalyba-lepett-az-uj-esg-torveny","status":"publish","type":"post","link":"https:\/\/blogs.dlapiper.com\/advocatus\/2024\/01\/torvenyi-kotelezettseg-lett-a-fenntarthatosag-hatalyba-lepett-az-uj-esg-torveny\/","title":{"rendered":"T\u00f6rv\u00e9nyi k\u00f6telezetts\u00e9g lett a fenntarthat\u00f3s\u00e1g, hat\u00e1lyba l\u00e9pett az \u00faj ESG t\u00f6rv\u00e9ny"},"content":{"rendered":"\t\t<div data-elementor-type=\"wp-post\" data-elementor-id=\"4566\" class=\"elementor elementor-4566\" data-elementor-post-type=\"post\">\n\t\t\t\t\t\t<section class=\"elementor-section elementor-top-section elementor-element elementor-element-f824967 elementor-section-boxed elementor-section-height-default elementor-section-height-default\" data-id=\"f824967\" data-element_type=\"section\">\n\t\t\t\t\t\t<div class=\"elementor-container elementor-column-gap-default\">\n\t\t\t\t\t<div class=\"elementor-column elementor-col-100 elementor-top-column elementor-element elementor-element-da1ca5b\" data-id=\"da1ca5b\" data-element_type=\"column\">\n\t\t\t<div class=\"elementor-widget-wrap elementor-element-populated\">\n\t\t\t\t\t\t<div class=\"elementor-element elementor-element-35cf6d1 elementor-widget elementor-widget-spacer\" data-id=\"35cf6d1\" data-element_type=\"widget\" data-widget_type=\"spacer.default\">\n\t\t\t\t<div class=\"elementor-widget-container\">\n\t\t\t\t\t\t\t<div class=\"elementor-spacer\">\n\t\t\t<div class=\"elementor-spacer-inner\"><\/div>\n\t\t<\/div>\n\t\t\t\t\t\t<\/div>\n\t\t\t\t<\/div>\n\t\t\t\t\t<\/div>\n\t\t<\/div>\n\t\t\t\t\t<\/div>\n\t\t<\/section>\n\t\t\t\t<section class=\"elementor-section elementor-top-section elementor-element elementor-element-7c30791 elementor-section-boxed elementor-section-height-default elementor-section-height-default\" data-id=\"7c30791\" data-element_type=\"section\">\n\t\t\t\t\t\t<div class=\"elementor-container elementor-column-gap-default\">\n\t\t\t\t\t<div class=\"elementor-column elementor-col-100 elementor-top-column elementor-element elementor-element-7910752\" data-id=\"7910752\" data-element_type=\"column\">\n\t\t\t<div class=\"elementor-widget-wrap elementor-element-populated\">\n\t\t\t\t\t\t<div class=\"elementor-element elementor-element-2ebe23e elementor-widget elementor-widget-heading\" data-id=\"2ebe23e\" data-element_type=\"widget\" data-widget_type=\"heading.default\">\n\t\t\t\t<div class=\"elementor-widget-container\">\n\t\t\t\t\t<h5 class=\"elementor-heading-title elementor-size-default\">Az Orsz\u00e1ggy\u0171l\u00e9s 2023. december\u00e9ben elfogadta a fenntarthat\u00f3s\u00e1gi jelent\u00e9st\u00e9teli k\u00f6telezetts\u00e9gr\u0151l \u00e9s fenntarthat\u00f3s\u00e1gi \u00e1tvil\u00e1g\u00edt\u00e1si k\u00f6telezetts\u00e9gr\u0151l sz\u00f3l\u00f3 t\u00f6rv\u00e9nyt, amelynek az \u00e9rintett v\u00e1llalkoz\u00e1sokra ir\u00e1nyad\u00f3 fenntarthat\u00f3s\u00e1gi c\u00e9l\u00fa \u00e1tvil\u00e1g\u00edt\u00e1si, valamint jelent\u00e9st\u00e9teli \u00e9s besz\u00e1mol\u00e1si k\u00f6telezetts\u00e9geket meg\u00e1llap\u00edt\u00f3 rendelkez\u00e9sei m\u00e1r 2024. janu\u00e1r 1-j\u00e9t\u0151l hat\u00e1lyosak. <\/h5>\t\t\t\t<\/div>\n\t\t\t\t<\/div>\n\t\t\t\t\t<\/div>\n\t\t<\/div>\n\t\t\t\t\t<\/div>\n\t\t<\/section>\n\t\t\t\t<section class=\"elementor-section elementor-top-section elementor-element elementor-element-e98ab7e elementor-section-boxed elementor-section-height-default elementor-section-height-default\" data-id=\"e98ab7e\" data-element_type=\"section\">\n\t\t\t\t\t\t<div class=\"elementor-container elementor-column-gap-default\">\n\t\t\t\t\t<div class=\"elementor-column elementor-col-66 elementor-top-column elementor-element elementor-element-1da32af\" data-id=\"1da32af\" data-element_type=\"column\">\n\t\t\t<div class=\"elementor-widget-wrap elementor-element-populated\">\n\t\t\t\t\t\t<div class=\"elementor-element elementor-element-8a15f5c elementor-widget elementor-widget-text-editor\" data-id=\"8a15f5c\" data-element_type=\"widget\" data-widget_type=\"text-editor.default\">\n\t\t\t\t<div class=\"elementor-widget-container\">\n\t\t\t\t\t\t\t\t\t<p>A fenntarthat\u00f3 finansz\u00edroz\u00e1s \u00e9s az egys\u00e9ges v\u00e1llalati felel\u0151ss\u00e9gv\u00e1llal\u00e1s \u00f6szt\u00f6nz\u00e9s\u00e9t szolg\u00e1l\u00f3 k\u00f6rnyezettudatos, t\u00e1rsadalmi \u00e9s szoci\u00e1lis szempontokat is figyelembe vev\u0151, v\u00e1llalati t\u00e1rsadalmi felel\u0151ss\u00e9gv\u00e1llal\u00e1s szab\u00e1lyair\u00f3l \u00e9s azzal \u00f6sszef\u00fcgg\u0151 egy\u00e9b t\u00f6rv\u00e9nyek m\u00f3dos\u00edt\u00e1s\u00e1r\u00f3l sz\u00f3l\u00f3\u00a02023. \u00e9vi CVIII. t\u00f6rv\u00e9ny c\u00e9lja, hogy a CSRD ir\u00e1nyelvvel \u00f6sszhangban megteremtse a megfelel\u0151 \u00e9s \u00f6sszehasonl\u00edthat\u00f3 fenntarthat\u00f3s\u00e1gi inform\u00e1ci\u00f3k k\u00f6zz\u00e9t\u00e9tel\u00e9re vonatkoz\u00f3 k\u00f6telezetts\u00e9g alapjait, valamint \u00f6szt\u00f6n\u00f6zze az ESG szempontokat is figyelembe vev\u0151, tudatos v\u00e1llalatir\u00e1ny\u00edt\u00e1st. A t\u00f6rv\u00e9ny emellett szab\u00e1lyozza a magyar ESG \u00f6kosziszt\u00e9ma legfontosabb szerepl\u0151inek tev\u00e9kenys\u00e9g\u00e9t, mind \u00e1llami-szab\u00e1lyoz\u00f3i, mind pedig tan\u00fas\u00edt\u00f3i-tan\u00e1csad\u00f3i oldalr\u00f3l.<\/p>\t\t\t\t\t\t\t\t<\/div>\n\t\t\t\t<\/div>\n\t\t\t\t\t<\/div>\n\t\t<\/div>\n\t\t\t\t<div class=\"elementor-column elementor-col-33 elementor-top-column elementor-element elementor-element-9951968\" data-id=\"9951968\" data-element_type=\"column\">\n\t\t\t<div class=\"elementor-widget-wrap elementor-element-populated\">\n\t\t\t\t\t\t<div class=\"elementor-element elementor-element-b742210 elementor-widget elementor-widget-text-editor\" data-id=\"b742210\" data-element_type=\"widget\" data-widget_type=\"text-editor.default\">\n\t\t\t\t<div class=\"elementor-widget-container\">\n\t\t\t\t\t\t\t\t\t<p><em>A t\u00f6rv\u00e9nyt feldolgoz\u00f3 cikksorozatunk els\u0151 r\u00e9sz\u00e9ben \u00f6sszefoglaljuk <b>az \u00faj jogszab\u00e1lyban el\u0151\u00edrt<\/b> <b>fenntarthat\u00f3s\u00e1gi c\u00e9l\u00fa \u00e1tvil\u00e1g\u00edt\u00e1si k\u00f6telezetts\u00e9geket<\/b>, illetve, hogy azok milyen feladatokat jelenthetnek a t\u00f6rv\u00e9ny hat\u00e1lya al\u00e1 tartoz\u00f3 v\u00e1llalkoz\u00e1sokra. <a href=\"https:\/\/blogs.dlapiper.com\/advocatus\/2024\/02\/torvenyi-kotelezettseg-lett-a-fenntarthatosag-uj-jelentesteteli-es-beszamolasi-kovetelmenyek\/\">A m\u00e1sodik r\u00e9szben <b>az ESG besz\u00e1mol\u00f3val \u00e9s a fenntarthat\u00f3s\u00e1gi jelent\u00e9ssel <\/b>foglalkozunk<\/a>, m\u00edg cikksorozatunk <a href=\"https:\/\/blogs.dlapiper.com\/advocatus\/2024\/02\/torvenyi-kotelezettseg-lett-a-fenntarthatosag-az-uj-hazai-esg-szabalyozas-lenyeges-szereploi\/\">harmadik r\u00e9sze <b>a t\u00f6rv\u00e9ny \u00e1ltal kialak\u00edtott hazai ESG int\u00e9zm\u00e9nyrendszer r\u00e9sztvev\u0151it \u00e9s tervezett feladataikat<\/b><\/a> mutatja be.<\/em><\/p>\t\t\t\t\t\t\t\t<\/div>\n\t\t\t\t<\/div>\n\t\t\t\t\t<\/div>\n\t\t<\/div>\n\t\t\t\t\t<\/div>\n\t\t<\/section>\n\t\t\t\t<section class=\"elementor-section elementor-top-section elementor-element elementor-element-3379473 elementor-section-boxed elementor-section-height-default elementor-section-height-default\" data-id=\"3379473\" data-element_type=\"section\">\n\t\t\t\t\t\t<div class=\"elementor-container elementor-column-gap-default\">\n\t\t\t\t\t<div class=\"elementor-column elementor-col-100 elementor-top-column elementor-element elementor-element-0a6d098\" data-id=\"0a6d098\" data-element_type=\"column\">\n\t\t\t<div class=\"elementor-widget-wrap elementor-element-populated\">\n\t\t\t\t\t\t<div class=\"elementor-element elementor-element-a1ffadc elementor-widget elementor-widget-text-editor\" data-id=\"a1ffadc\" data-element_type=\"widget\" data-widget_type=\"text-editor.default\">\n\t\t\t\t<div class=\"elementor-widget-container\">\n\t\t\t\t\t\t\t\t\t<p><strong>KIT \u00c9S MIKORT\u00d3L TERHELNEK A JELENT\u00c9ST\u00c9TELI \u00c9S \u00c1TVIL\u00c1G\u00cdT\u00c1SI K\u00d6TELEZETTS\u00c9GEK?<\/strong><\/p>\t\t\t\t\t\t\t\t<\/div>\n\t\t\t\t<\/div>\n\t\t\t\t\t<\/div>\n\t\t<\/div>\n\t\t\t\t\t<\/div>\n\t\t<\/section>\n\t\t\t\t<section class=\"elementor-section elementor-top-section elementor-element elementor-element-8bb0b3a elementor-section-boxed elementor-section-height-default elementor-section-height-default\" data-id=\"8bb0b3a\" data-element_type=\"section\">\n\t\t\t\t\t\t<div class=\"elementor-container elementor-column-gap-default\">\n\t\t\t\t\t<div class=\"elementor-column elementor-col-66 elementor-top-column elementor-element elementor-element-cb69f65\" data-id=\"cb69f65\" data-element_type=\"column\">\n\t\t\t<div class=\"elementor-widget-wrap elementor-element-populated\">\n\t\t\t\t\t\t<div class=\"elementor-element elementor-element-fa78f0a elementor-widget elementor-widget-text-editor\" data-id=\"fa78f0a\" data-element_type=\"widget\" data-widget_type=\"text-editor.default\">\n\t\t\t\t<div class=\"elementor-widget-container\">\n\t\t\t\t\t\t\t\t\t<p>A t\u00f6rv\u00e9ny rendelkez\u00e9sei f\u0151szab\u00e1ly szerint 2024. janu\u00e1r 1-j\u00e9n l\u00e9ptek hat\u00e1lyba, ugyanakkor a t\u00f6rv\u00e9ny meghat\u00e1roz bizonyos kiv\u00e9teleket \u2013 \u00edgy egyes r\u00e9szletszab\u00e1lyokat a hat\u00f3s\u00e1gi ellen\u0151rz\u00e9ssel, a kapcsol\u00f3d\u00f3 jogszab\u00e1lyok m\u00f3dos\u00edt\u00e1s\u00e1val, valamint az ESG adatszolg\u00e1ltat\u00e1si k\u00f6telezetts\u00e9g elmulaszt\u00e1sa eset\u00e9n kiszabhat\u00f3 p\u00e9nzb\u00edrs\u00e1ggal \u00f6sszef\u00fcgg\u00e9sben \u2013 melyek k\u00e9s\u0151bbi id\u0151pontokban, l\u00e9pcs\u0151zetes rendszerben l\u00e9pnek hat\u00e1lyba.<\/p><p>A t\u00f6rv\u00e9ny szem\u00e9lyi hat\u00e1lya mindenekel\u0151tt a Magyarorsz\u00e1g ter\u00fclet\u00e9n sz\u00e9khellyel rendelkez\u0151 v\u00e1llalkoz\u00e1sokra terjed ki, melyeknek h\u00e1rom csoportj\u00e1t k\u00fcl\u00f6nb\u00f6zteti meg a t\u00f6rv\u00e9ny. A v\u00e1llalkoz\u00e1sok tekintet\u00e9ben a jogalkot\u00f3 \u2013 amint azt az al\u00e1bbi \u00e1bra szeml\u00e9lteti \u2013 komplex krit\u00e9riumrendszert \u00e1ll\u00edt fel arra vonatkoz\u00f3an, hogy mely v\u00e1llalkoz\u00e1sok kell eleget tegyenek a t\u00f6rv\u00e9ny el\u0151\u00edr\u00e1sainak. A jogalkot\u00f3 mind a nagyv\u00e1llalkoz\u00e1sok egyik kateg\u00f3ri\u00e1ja, mind a KKV-k eset\u00e9ben el\u0151\u00edrja a k\u00f6z\u00e9rdekl\u0151d\u00e9sre sz\u00e1mot tart\u00f3 gazd\u00e1lkod\u00f3i min\u0151s\u00e9get, amely els\u0151sorban a t\u0151zsd\u00e9n jegyzett v\u00e1llaltokat takarja.<\/p><p>L\u00e9nyeges, hogy a v\u00e1llalkoz\u00e1sok mellett a t\u00f6rv\u00e9ny hat\u00e1lya kiterjed azok befektet\u00e9seire, illetve kitetts\u00e9geire is, amennyiben a v\u00e1llalkoz\u00e1s strat\u00e9gi\u00e1ja, politik\u00e1ja vagy szab\u00e1lyzatai alapj\u00e1n a fenntarthat\u00f3s\u00e1g szerepe, megk\u00f6zel\u00edt\u00e9se meghat\u00e1roz\u00f3 jelent\u0151s\u00e9ggel b\u00edr. Emellett az olyan \u2013 a fenti csoportokba nem tartoz\u00f3 \u2013 szervezetek is a t\u00f6rv\u00e9ny hat\u00e1lya al\u00e1 tartoznak, amelyek az ESG adatszolg\u00e1ltat\u00e1st \u00f6nk\u00e9nt vagy szerz\u0151d\u00e9sben v\u00e1llalj\u00e1k, vagy azt jogszab\u00e1ly \u00edrja el\u0151 sz\u00e1mukra.<\/p><p><a href=\"https:\/\/blogs.dlapiper.com\/advocatus\/files\/2024\/01\/ESG_1-1.png\"><img fetchpriority=\"high\" decoding=\"async\" class=\"alignnone wp-image-4571\" src=\"https:\/\/blogs.dlapiper.com\/advocatus\/files\/2024\/01\/ESG_1-1-300x164.png\" alt=\"\" width=\"600\" height=\"329\" srcset=\"https:\/\/blogs.dlapiper.com\/advocatus\/files\/2024\/01\/ESG_1-1-300x164.png 300w, https:\/\/blogs.dlapiper.com\/advocatus\/files\/2024\/01\/ESG_1-1-1024x561.png 1024w, https:\/\/blogs.dlapiper.com\/advocatus\/files\/2024\/01\/ESG_1-1-768x421.png 768w, https:\/\/blogs.dlapiper.com\/advocatus\/files\/2024\/01\/ESG_1-1-1536x842.png 1536w, https:\/\/blogs.dlapiper.com\/advocatus\/files\/2024\/01\/ESG_1-1-2048x1123.png 2048w\" sizes=\"(max-width: 600px) 100vw, 600px\" \/><\/a><\/p><p>A t\u00f6rv\u00e9ny meghat\u00e1rozza, hogy az egyes v\u00e1llalkoz\u00e1soknak mikor kell a fenntarthat\u00f3s\u00e1gi c\u00e9l\u00fa \u00e1tvil\u00e1g\u00edt\u00e1si k\u00f6telezetts\u00e9gekre vonatkoz\u00f3 rendelkez\u00e9seket els\u0151 alkalommal alkalmazniuk, valamint, hogy az els\u0151 ESG besz\u00e1mol\u00f3jukat mikor k\u00f6telesek elk\u00e9sz\u00edteni \u00e9s k\u00f6zz\u00e9tenni.<\/p><p><a href=\"https:\/\/blogs.dlapiper.com\/advocatus\/files\/2024\/01\/ESG_2.png\"><img decoding=\"async\" class=\"alignnone wp-image-4569\" src=\"https:\/\/blogs.dlapiper.com\/advocatus\/files\/2024\/01\/ESG_2-300x133.png\" alt=\"\" width=\"600\" height=\"265\" srcset=\"https:\/\/blogs.dlapiper.com\/advocatus\/files\/2024\/01\/ESG_2-300x133.png 300w, https:\/\/blogs.dlapiper.com\/advocatus\/files\/2024\/01\/ESG_2-1024x452.png 1024w, https:\/\/blogs.dlapiper.com\/advocatus\/files\/2024\/01\/ESG_2-768x339.png 768w, https:\/\/blogs.dlapiper.com\/advocatus\/files\/2024\/01\/ESG_2-1536x679.png 1536w, https:\/\/blogs.dlapiper.com\/advocatus\/files\/2024\/01\/ESG_2-2048x905.png 2048w\" sizes=\"(max-width: 600px) 100vw, 600px\" \/><\/a><\/p><p>V\u00e9g\u00fcl a t\u00f6rv\u00e9ny negat\u00edv felsorol\u00e1st tartalmaz arra vonatkoz\u00f3an, hogy annak hat\u00e1lya mely szervezetekre szem\u00e9lyekre, illetve tev\u00e9kenys\u00e9gekre nem terjed ki.<\/p><p><a href=\"https:\/\/blogs.dlapiper.com\/advocatus\/files\/2024\/01\/ESG_3-1.png\"><img decoding=\"async\" class=\"alignnone wp-image-4572\" src=\"https:\/\/blogs.dlapiper.com\/advocatus\/files\/2024\/01\/ESG_3-1-300x135.png\" alt=\"\" width=\"600\" height=\"269\" srcset=\"https:\/\/blogs.dlapiper.com\/advocatus\/files\/2024\/01\/ESG_3-1-300x135.png 300w, https:\/\/blogs.dlapiper.com\/advocatus\/files\/2024\/01\/ESG_3-1-1024x459.png 1024w, https:\/\/blogs.dlapiper.com\/advocatus\/files\/2024\/01\/ESG_3-1-768x344.png 768w, https:\/\/blogs.dlapiper.com\/advocatus\/files\/2024\/01\/ESG_3-1-1536x689.png 1536w, https:\/\/blogs.dlapiper.com\/advocatus\/files\/2024\/01\/ESG_3-1-2048x918.png 2048w\" sizes=\"(max-width: 600px) 100vw, 600px\" \/><\/a><\/p>\t\t\t\t\t\t\t\t<\/div>\n\t\t\t\t<\/div>\n\t\t\t\t\t<\/div>\n\t\t<\/div>\n\t\t\t\t<div class=\"elementor-column elementor-col-33 elementor-top-column elementor-element elementor-element-74e6a07\" data-id=\"74e6a07\" data-element_type=\"column\">\n\t\t\t<div class=\"elementor-widget-wrap elementor-element-populated\">\n\t\t\t\t\t\t<div class=\"elementor-element elementor-element-af3c9e4 elementor-widget elementor-widget-global elementor-global-4680 elementor-widget-text-editor\" data-id=\"af3c9e4\" data-element_type=\"widget\" data-widget_type=\"text-editor.default\">\n\t\t\t\t<div class=\"elementor-widget-container\">\n\t\t\t\t\t\t\t\t\t<p><strong>K\u00f6z\u00e9rdekl\u0151d\u00e9sre sz\u00e1mot tart\u00f3 gazd\u00e1lkod\u00f3<\/strong><\/p><p>A fogalom alatt a 2007. \u00e9vi LXXV. t\u00f6rv\u00e9ny 2. \u00a7 19. pontj\u00e1ban meghat\u00e1rozott gazd\u00e1lkod\u00f3t kell \u00e9rteni, amely alapj\u00e1n ilyennek kell tekinteni egyr\u00e9szt azt a gazd\u00e1lkod\u00f3t, amelynek \u00e1truh\u00e1zhat\u00f3 \u00e9rt\u00e9kpap\u00edrjait az Eur\u00f3pai Gazdas\u00e1gi T\u00e9rs\u00e9g valamely \u00e1llam\u00e1nak szab\u00e1lyozott piac\u00e1n keresked\u00e9sre befogadt\u00e1k, illetve az olyan, az el\u0151z\u0151 kateg\u00f3ri\u00e1ba nem tartoz\u00f3 gazd\u00e1lkod\u00f3t, amelyet jogszab\u00e1ly k\u00f6z\u00e9rdekl\u0151d\u00e9sre sz\u00e1mot tart\u00f3nak min\u0151s\u00edt.<\/p>\t\t\t\t\t\t\t\t<\/div>\n\t\t\t\t<\/div>\n\t\t\t\t\t<\/div>\n\t\t<\/div>\n\t\t\t\t\t<\/div>\n\t\t<\/section>\n\t\t\t\t<section class=\"elementor-section elementor-top-section elementor-element elementor-element-1bf629c elementor-section-boxed elementor-section-height-default elementor-section-height-default\" data-id=\"1bf629c\" data-element_type=\"section\">\n\t\t\t\t\t\t<div class=\"elementor-container elementor-column-gap-default\">\n\t\t\t\t\t<div class=\"elementor-column elementor-col-100 elementor-top-column elementor-element elementor-element-e11205b\" data-id=\"e11205b\" data-element_type=\"column\">\n\t\t\t<div class=\"elementor-widget-wrap elementor-element-populated\">\n\t\t\t\t\t\t<div class=\"elementor-element elementor-element-ff299bd elementor-widget elementor-widget-text-editor\" data-id=\"ff299bd\" data-element_type=\"widget\" data-widget_type=\"text-editor.default\">\n\t\t\t\t<div class=\"elementor-widget-container\">\n\t\t\t\t\t\t\t\t\t<p><strong>AZ EGYES FENNTARTHAT\u00d3S\u00c1GI C\u00c9L\u00da \u00c1TVIL\u00c1G\u00cdT\u00c1SI K\u00d6TELEZETTS\u00c9GEK<\/strong><\/p>\t\t\t\t\t\t\t\t<\/div>\n\t\t\t\t<\/div>\n\t\t\t\t\t<\/div>\n\t\t<\/div>\n\t\t\t\t\t<\/div>\n\t\t<\/section>\n\t\t\t\t<section class=\"elementor-section elementor-top-section elementor-element elementor-element-e9c0cd4 elementor-section-boxed elementor-section-height-default elementor-section-height-default\" data-id=\"e9c0cd4\" data-element_type=\"section\">\n\t\t\t\t\t\t<div class=\"elementor-container elementor-column-gap-default\">\n\t\t\t\t\t<div class=\"elementor-column elementor-col-66 elementor-top-column elementor-element elementor-element-ffa9bc6\" data-id=\"ffa9bc6\" data-element_type=\"column\">\n\t\t\t<div class=\"elementor-widget-wrap elementor-element-populated\">\n\t\t\t\t\t\t<div class=\"elementor-element elementor-element-a7bf880 elementor-widget elementor-widget-text-editor\" data-id=\"a7bf880\" data-element_type=\"widget\" data-widget_type=\"text-editor.default\">\n\t\t\t\t<div class=\"elementor-widget-container\">\n\t\t\t\t\t\t\t\t\t<p>A t\u00f6rv\u00e9ny hat\u00e1lya alatt \u00e1ll\u00f3 v\u00e1llalkoz\u00e1snak a kett\u0151s l\u00e9nyegess\u00e9g elv\u00e9nek megfelel\u0151en a fenntarthat\u00f3s\u00e1gi c\u00e9l\u00fa \u00e1tvil\u00e1g\u00edt\u00e1si k\u00f6telezetts\u00e9geinek keret\u00e9ben b\u00e1rki sz\u00e1m\u00e1ra megismerhet\u0151v\u00e9 kell tennie, hogy a fenntarthat\u00f3s\u00e1gi k\u00e9rd\u00e9sek hogyan befoly\u00e1solj\u00e1k a v\u00e1llalkoz\u00e1s teljes\u00edtm\u00e9ny\u00e9t, helyzet\u00e9t \u00e9s fejl\u0151d\u00e9s\u00e9t, a felmer\u00fcl\u0151 fenntarthat\u00f3s\u00e1gi kock\u00e1zatokat \u00e9s lehet\u0151s\u00e9geket, valamint ezek emberekre \u00e9s k\u00f6rnyezetre gyakorolt hat\u00e1sait.<\/p><p>E k\u00f6telezetts\u00e9gnek az \u00e9rintett v\u00e1llalkoz\u00e1sok a fenntarthat\u00f3s\u00e1gi besz\u00e1mol\u00f3juk \u00e9s ESG besz\u00e1mol\u00f3juk megfelel\u0151 elk\u00e9sz\u00edt\u00e9s\u00e9vel, valamint az ESG szempontb\u00f3l l\u00e9nyeges inform\u00e1ci\u00f3k \u2013 ak\u00e1r honlapon t\u00f6rt\u00e9n\u0151 \u2013 k\u00f6zz\u00e9t\u00e9tel\u00e9vel tehetnek eleget.<\/p><p>A megismerhet\u0151v\u00e9 t\u00e9teli k\u00f6telezetts\u00e9g al\u00f3l egyed\u00fcl az \u00fczleti titkok k\u00f6re jelent kiv\u00e9telt. Egyedi jogi \u00e9s \u00fczleti m\u00e9rlegel\u00e9st ig\u00e9nyel teh\u00e1t minden eset, amikor valamilyen inform\u00e1ci\u00f3 megismerhet\u0151v\u00e9 t\u00e9tel\u00e9t a v\u00e1llalkoz\u00e1s \u00fczleti titokra val\u00f3 hivatkoz\u00e1ssal k\u00edv\u00e1n megtagadni.<\/p><p>A megismerhet\u0151v\u00e9 t\u00e9teli k\u00f6telezetts\u00e9g, az \u00fczleti titok, az adatv\u00e9delem \u00e9s a k\u00f6zadatokra vonatkoz\u00f3 k\u00e9rd\u00e9sek \u00f6sszef\u00fcgg\u00e9seit sorozatunk egy tov\u00e1bbi r\u00e9sz\u00e9ben t\u00e1rgyaljuk.<\/p>\t\t\t\t\t\t\t\t<\/div>\n\t\t\t\t<\/div>\n\t\t\t\t\t<\/div>\n\t\t<\/div>\n\t\t\t\t<div class=\"elementor-column elementor-col-33 elementor-top-column elementor-element elementor-element-71879f7\" data-id=\"71879f7\" data-element_type=\"column\">\n\t\t\t<div class=\"elementor-widget-wrap elementor-element-populated\">\n\t\t\t\t\t\t<div class=\"elementor-element elementor-element-6498a07 elementor-widget elementor-widget-text-editor\" data-id=\"6498a07\" data-element_type=\"widget\" data-widget_type=\"text-editor.default\">\n\t\t\t\t<div class=\"elementor-widget-container\">\n\t\t\t\t\t\t\t\t\t<p><strong>Kett\u0151s l\u00e9nyegess\u00e9g elve (double materiality)<\/strong><\/p><p>A kett\u0151s l\u00e9nyegess\u00e9g elve alapj\u00e1n a v\u00e1llalkoz\u00e1sok k\u00f6telesek minden olyan inform\u00e1ci\u00f3t felt\u00e1rni, amely egyr\u00e9szt a fenntarthat\u00f3s\u00e1gi \u00fcgyeknek a v\u00e1llalkoz\u00e1s m\u0171k\u00f6d\u00e9s\u00e9re, fejl\u0151d\u00e9s\u00e9re (financial materiality) gyakorolt hat\u00e1sait, kock\u00e1zatait, m\u00e1sr\u00e9szt a v\u00e1llalkoz\u00e1s m\u0171k\u00f6d\u00e9se \u00e1ltal a fenntarthat\u00f3s\u00e1gi \u00fcgyekre gyakorolt hat\u00e1sokat, kock\u00e1zatokat (impact materiality) mutatja be.<\/p>\t\t\t\t\t\t\t\t<\/div>\n\t\t\t\t<\/div>\n\t\t\t\t\t<\/div>\n\t\t<\/div>\n\t\t\t\t\t<\/div>\n\t\t<\/section>\n\t\t\t\t<section class=\"elementor-section elementor-top-section elementor-element elementor-element-11016ca elementor-section-boxed elementor-section-height-default elementor-section-height-default\" data-id=\"11016ca\" data-element_type=\"section\">\n\t\t\t\t\t\t<div class=\"elementor-container elementor-column-gap-default\">\n\t\t\t\t\t<div class=\"elementor-column elementor-col-66 elementor-top-column elementor-element elementor-element-a271d95\" data-id=\"a271d95\" data-element_type=\"column\">\n\t\t\t<div class=\"elementor-widget-wrap elementor-element-populated\">\n\t\t\t\t\t\t<div class=\"elementor-element elementor-element-ece4f9a elementor-widget elementor-widget-text-editor\" data-id=\"ece4f9a\" data-element_type=\"widget\" data-widget_type=\"text-editor.default\">\n\t\t\t\t<div class=\"elementor-widget-container\">\n\t\t\t\t\t\t\t\t\t<p><strong>Kock\u00e1zatkezel\u00e9si rendszer l\u00e9trehoz\u00e1sa<\/strong><\/p><p>A v\u00e1llalkoz\u00e1sok k\u00f6telesek a fenntarthat\u00f3s\u00e1gi c\u00e9l\u00fa \u00e1tvil\u00e1g\u00edt\u00e1si k\u00f6telezetts\u00e9geknek val\u00f3 megfelel\u00e9s \u00e9rdek\u00e9ben hat\u00e9kony kock\u00e1zatkezel\u00e9si rendszert l\u00e9trehozni a k\u00f6rnyezeti (E) \u00e9s a t\u00e1rsadalmi felel\u0151ss\u00e9gv\u00e1llal\u00e1s k\u00f6r\u00e9ben felmer\u00fcl\u0151 (S&amp;G) kock\u00e1zatok kezel\u00e9s\u00e9re.<\/p><p>Mit\u0151l hat\u00e9kony egy kock\u00e1zatkezel\u00e9si rendszer?\u00a0 A t\u00f6rv\u00e9ny azokat az int\u00e9zked\u00e9seket tekinti hat\u00e9konynak, melyek lehet\u0151v\u00e9 teszik a l\u00e9nyeges, k\u00e1ros hat\u00e1ssal j\u00e1r\u00f3 k\u00f6rnyezeti \u00e9s t\u00e1rsadalmi felel\u0151ss\u00e9gv\u00e1llal\u00e1si kock\u00e1zatok azonos\u00edt\u00e1s\u00e1t \u00e9s kezel\u00e9s\u00e9t, valamint az e k\u00f6rben felmer\u00fcl\u0151 esetleges k\u00f6telezetts\u00e9gszeg\u00e9sek megel\u0151z\u00e9s\u00e9t, megsz\u00fcntet\u00e9s\u00e9t vagy m\u00e9rt\u00e9k\u00e9nek minimaliz\u00e1l\u00e1s\u00e1t.<\/p><p>Ennek megfelel\u0151en a j\u00f3 kock\u00e1zatkezel\u00e9si rendszer alapja a v\u00e1llalkoz\u00e1s szerkezet\u00e9nek, m\u0171k\u00f6d\u00e9s\u00e9nek \u00e9s tev\u00e9kenys\u00e9g\u00e9nek \u00e1tfog\u00f3 megismer\u00e9se a l\u00e9nyeges kock\u00e1zatok azonos\u00edt\u00e1s\u00e1hoz. \u00cdgy a rendszer fel\u00e1ll\u00edt\u00e1s\u00e1t \u00e1ll\u00e1spontunk szerint minden esetben \u00e9rdemes egy ESG kock\u00e1zati szempont\u00fa jogi, k\u00f6rnyezetv\u00e9delmi \u00e9s gazdas\u00e1gi \u00e1tvil\u00e1g\u00edt\u00e1ssal kezdeni. A felt\u00e1rt kock\u00e1zatokat egyedileg sz\u00fcks\u00e9ges \u00e9rt\u00e9kelni ahhoz, hogy meg\u00e1llap\u00edthat\u00f3 legyen, val\u00f3ban l\u00e9nyegesnek min\u0151s\u00fclnek-e, illetve j\u00e1rnak-e a t\u00f6rv\u00e9ny \u00e1ltal k\u00e1rosnak min\u0151s\u00edtett hat\u00e1ssal. A megfelel\u0151 kock\u00e1zatkezel\u00e9si rendszer emellett a v\u00e1llalati m\u0171k\u00f6d\u00e9s minden elem\u00e9re kiterjed, ide\u00e9rtve a v\u00e1llalkoz\u00e1s \u00fczleti tev\u00e9kenys\u00e9g\u00e9t, bels\u0151 folyamatait, kitetts\u00e9g\u00e9t, befektet\u00e9seit \u00e9s ell\u00e1t\u00e1si l\u00e1nc\u00e1t is.<\/p><p>A kock\u00e1zatkezel\u00e9si rendszer alapdokumentumak\u00e9nt a v\u00e1llalkoz\u00e1s vonatkoz\u00f3 szab\u00e1lyzata szolg\u00e1lhat, amely az azonos\u00edtott kock\u00e1zatok \u00e9s azok \u2013 egyszeri \u00e9s folyamatba \u00e9p\u00edtett \u2013 kezel\u00e9s\u00e9nek szab\u00e1lyain t\u00fal a t\u00f6rv\u00e9ny \u00e1ltal megk\u00f6vetelt tov\u00e1bbi k\u00f6telezetts\u00e9gv\u00e1llal\u00e1sok szab\u00e1lyait, \u00edgy k\u00fcl\u00f6n\u00f6sen az al\u00e1bbiakban t\u00e1rgyalt a bels\u0151 felel\u0151ss\u00e9gi strat\u00e9gia \u00e9s rendszer \u00e9s a megel\u0151z\u00e9si \u00e9s korrekci\u00f3s int\u00e9zked\u00e9sek r\u00e9szleteit is tartalmazhatja. A t\u00f6rv\u00e9ny k\u00f6telez\u0151v\u00e9 teszi az \u00e1tvil\u00e1g\u00edt\u00e1si k\u00f6telezetts\u00e9gek teljes\u00edt\u00e9s\u00e9nek dokument\u00e1l\u00e1s\u00e1t, mely adott esetben a szab\u00e1lyzat elk\u00e9sz\u00edt\u00e9s\u00e9vel, valamint az eseti k\u00f6telezetts\u00e9gek teljes\u00edt\u00e9s\u00e9nek a szab\u00e1lyzatban meghat\u00e1rozott dokument\u00e1l\u00e1si rendj\u00e9nek k\u00f6vet\u00e9s\u00e9vel teljes\u00edthet\u0151.<\/p><p><strong>A bels\u0151 felel\u0151ss\u00e9gv\u00e1llal\u00e1si strat\u00e9gia \u00e9s rendszer<\/strong><\/p><p>A bels\u0151 felel\u0151ss\u00e9gi strat\u00e9gia \u00e9s rendszer hat\u00e1rozza meg, hogy a v\u00e1llalkoz\u00e1s szervei, szervezeti egys\u00e9gei \u00e9s egyes munkav\u00e1llal\u00f3i milyen feladatokkal \u00e9s f\u0151leg felel\u0151ss\u00e9ggel rendelkeznek a fenntarthat\u00f3s\u00e1gi szempontok \u00e9rv\u00e9nyes\u00edt\u00e9se \u00e9s a fenntarthat\u00f3s\u00e1gi c\u00e9l\u00fa \u00e1tvil\u00e1g\u00edt\u00e1si k\u00f6telezetts\u00e9gek teljes\u00edt\u00e9se sor\u00e1n.<\/p><p>A felel\u0151ss\u00e9gi strat\u00e9gi\u00e1nak \u00e9s rendszernek illeszkednie kell a v\u00e1llalkoz\u00e1s \u00e1ltal\u00e1nos, azaz vezet\u0151 tiszts\u00e9gvisel\u0151it, t\u00e1rsas\u00e1gi szerveit \u00e9s munkav\u00e1llal\u00f3it terhel\u0151 felel\u0151ss\u00e9gi rendszer\u00e9hez, valamint a felel\u0151ss\u00e9gi szab\u00e1lyok megszeg\u00e9se eset\u00e9re ir\u00e1nyad\u00f3 esetleges szankci\u00f3s eszk\u00f6z\u00f6k meg\u00e1llap\u00edt\u00e1sa is csak a k\u00f6telez\u0151 munkajogi szab\u00e1lyok figyelembev\u00e9tel\u00e9vel lehet jogszer\u0171.<\/p><p>A felel\u0151ss\u00e9gi rendszerrel \u00f6sszef\u00fcgg\u0151 jogi k\u00e9rd\u00e9sekkel, nemzetk\u00f6zi gyakorlatban felmer\u00fclt, fenntarthat\u00f3s\u00e1gi k\u00f6telezetts\u00e9gekkel kapcsolatos felel\u0151ss\u00e9get \u00e9rint\u0151 esetekkel cikksorozatunk egy k\u00e9s\u0151bbi r\u00e9sz\u00e9ben m\u00e9g foglalkozunk.<\/p><p><strong>Kock\u00e1zatelemz\u00e9s<\/strong><\/p><p>A v\u00e1llalkoz\u00e1sok a t\u00f6rv\u00e9ny alapj\u00e1n k\u00f6telesek a kock\u00e1zatkezel\u00e9si rendszer mellett kock\u00e1zatelemz\u00e9si rendszert is l\u00e9trehozni, amely lehet\u0151v\u00e9 teszi a v\u00e1llalkoz\u00e1s m\u0171k\u00f6d\u00e9se sor\u00e1n felmer\u00fcl\u0151, illetve az ell\u00e1t\u00e1si l\u00e1ncban jelentkez\u0151 kock\u00e1zatok rendszeres monitoroz\u00e1s\u00e1t \u00e9s az \u00faj kock\u00e1zatok felt\u00e1r\u00e1s\u00e1t. A kock\u00e1zatelemz\u00e9si rendszerrel szembeni elv\u00e1r\u00e1sokat az SZTFH eln\u00f6k\u00e9nek rendelete fogja meghat\u00e1rozni, az azonban m\u00e1r most l\u00e1that\u00f3, hogy a sz\u00fcks\u00e9ges kock\u00e1zatelemz\u00e9seket a v\u00e1llalkoz\u00e1s k\u00f6teles lesz \u00e9vente rendszeresen, valamint eseti jelleggel is elv\u00e9gezni, ha a v\u00e1llalkoz\u00e1snak az ell\u00e1t\u00e1si l\u00e1ncban jelent\u0151sen megv\u00e1ltozott vagy jelent\u0151sen b\u0151v\u00fcl\u0151 kock\u00e1zati helyzettel kell sz\u00e1molnia.<\/p>\t\t\t\t\t\t\t\t<\/div>\n\t\t\t\t<\/div>\n\t\t\t\t\t<\/div>\n\t\t<\/div>\n\t\t\t\t<div class=\"elementor-column elementor-col-33 elementor-top-column elementor-element elementor-element-cbc4d33\" data-id=\"cbc4d33\" data-element_type=\"column\">\n\t\t\t<div class=\"elementor-widget-wrap elementor-element-populated\">\n\t\t\t\t\t\t<div class=\"elementor-element elementor-element-7111da4 elementor-widget elementor-widget-text-editor\" data-id=\"7111da4\" data-element_type=\"widget\" data-widget_type=\"text-editor.default\">\n\t\t\t\t<div class=\"elementor-widget-container\">\n\t\t\t\t\t\t\t\t\t<p><b>Az ell\u00e1t\u00e1si l\u00e1nc<\/b><\/p><p>Mind a nemzetk\u00f6zi szab\u00e1lyoz\u00e1s, mind a magyar jogszab\u00e1ly nagy hangs\u00falyt fektet arra, hogy a fenntarthat\u00f3s\u00e1gi elvek nem csak a v\u00e1llalkoz\u00e1s saj\u00e1t \u00fczleti tev\u00e9kenys\u00e9ge sor\u00e1n, hanem a v\u00e1llalkoz\u00e1s teljes \u00e9rt\u00e9kl\u00e1nca tekintet\u00e9ben \u00e9rv\u00e9nyes\u00fcljenek. Ennek megfelel\u0151en a t\u00f6rv\u00e9ny sz\u00e1mos k\u00f6telezetts\u00e9get hat\u00e1roz meg \u2013 az \u00e9rt\u00e9kl\u00e1nc r\u00e9szek\u00e9nt \u2013 az ell\u00e1t\u00e1si l\u00e1nc szerepl\u0151inek (k\u00fcl\u00f6n\u00f6sen a k\u00f6zvetlen sz\u00e1ll\u00edt\u00f3k) \u00e1tvil\u00e1g\u00edt\u00e1s\u00e1val kapcsolatban.<\/p><p>A t\u00f6rv\u00e9ny szerint az ell\u00e1t\u00e1si l\u00e1nc a v\u00e1llalkoz\u00e1s valamennyi term\u00e9k\u00e9re \u00e9s szolg\u00e1ltat\u00e1s\u00e1ra vonatkoz\u00f3an minden olyan tev\u00e9kenys\u00e9g Magyarorsz\u00e1g ter\u00fclet\u00e9n \u00e9s k\u00fclf\u00f6ld\u00f6n, amely a term\u00e9kek el\u0151\u00e1ll\u00edt\u00e1s\u00e1hoz \u00e9s a szolg\u00e1ltat\u00e1sok ny\u00fajt\u00e1s\u00e1hoz sz\u00fcks\u00e9ges a nyersanyagok kitermel\u00e9s\u00e9t\u0151l a v\u00e9gfelhaszn\u00e1l\u00f3hoz t\u00f6rt\u00e9n\u0151 sz\u00e1ll\u00edt\u00e1sig, ide\u00e9rtve a v\u00e1llalkoz\u00e1s tev\u00e9kenys\u00e9geit a saj\u00e1t \u00fczleti hat\u00e1sk\u00f6r\u00e9ben, a k\u00f6zvetlen sz\u00e1ll\u00edt\u00f3k tev\u00e9kenys\u00e9geit \u00e9s a k\u00f6zvetett sz\u00e1ll\u00edt\u00f3k tev\u00e9kenys\u00e9geit.<\/p>\t\t\t\t\t\t\t\t<\/div>\n\t\t\t\t<\/div>\n\t\t\t\t\t<\/div>\n\t\t<\/div>\n\t\t\t\t\t<\/div>\n\t\t<\/section>\n\t\t\t\t<section class=\"elementor-section elementor-top-section elementor-element elementor-element-78cb105 elementor-section-boxed elementor-section-height-default elementor-section-height-default\" data-id=\"78cb105\" data-element_type=\"section\">\n\t\t\t\t\t\t<div class=\"elementor-container elementor-column-gap-default\">\n\t\t\t\t\t<div class=\"elementor-column elementor-col-66 elementor-top-column elementor-element elementor-element-e409e1c\" data-id=\"e409e1c\" data-element_type=\"column\">\n\t\t\t<div class=\"elementor-widget-wrap elementor-element-populated\">\n\t\t\t\t\t\t<div class=\"elementor-element elementor-element-320e1f3 elementor-widget elementor-widget-text-editor\" data-id=\"320e1f3\" data-element_type=\"widget\" data-widget_type=\"text-editor.default\">\n\t\t\t\t<div class=\"elementor-widget-container\">\n\t\t\t\t\t\t\t\t\t<p><strong>T\u00e1rsadalmi felel\u0151ss\u00e9gv\u00e1llal\u00e1si strat\u00e9gia<\/strong><\/p><p>A nagyv\u00e1llalkoz\u00e1sok \u00e9s a k\u00f6z\u00e9rdekl\u0151d\u00e9sre sz\u00e1mot tart\u00f3 nagyv\u00e1llalkoz\u00e1sok k\u00f6telesek t\u00e1rsadalmi felel\u0151ss\u00e9gv\u00e1llal\u00e1si strat\u00e9gi\u00e1t k\u00e9sz\u00edteni \u00e9s azt honlapjukon k\u00f6zz\u00e9tenni.<\/p><p>A t\u00e1rsadalmi felel\u0151ss\u00e9gv\u00e1llal\u00e1si strat\u00e9gi\u00e1ban kaphat f\u0151szerepet a jogalkot\u00f3 \u00e1ltal megfogalmazott azon alapelv, miszerint a v\u00e1llalkoz\u00e1s \u2013 a t\u00e1rsadalmi felel\u0151ss\u00e9gv\u00e1llal\u00e1s elv\u00e9nek megfelel\u0151en \u2013 \u00fczleti tev\u00e9kenys\u00e9ge sor\u00e1n egyr\u00e9szt szerepet v\u00e1llal az Alapt\u00f6rv\u00e9nyben lefektetett \u00e9rt\u00e9kek, kiemelten a csal\u00e1dbar\u00e1t m\u0171k\u00f6d\u00e9s megval\u00f3s\u00edt\u00e1s\u00e1nak el\u0151mozd\u00edt\u00e1s\u00e1ban, m\u00e1sr\u00e9szt a v\u00e1llalati t\u00e1rsadalmi felel\u0151ss\u00e9gv\u00e1llal\u00e1sa keret\u00e9ben kiemelt figyelmet ford\u00edt a csal\u00e1dok, a nemzet \u00e9s a kult\u00fara t\u00e1mogat\u00e1s\u00e1ra.<\/p>\t\t\t\t\t\t\t\t<\/div>\n\t\t\t\t<\/div>\n\t\t\t\t\t<\/div>\n\t\t<\/div>\n\t\t\t\t<div class=\"elementor-column elementor-col-33 elementor-top-column elementor-element elementor-element-e0c5105\" data-id=\"e0c5105\" data-element_type=\"column\">\n\t\t\t<div class=\"elementor-widget-wrap\">\n\t\t\t\t\t\t\t<\/div>\n\t\t<\/div>\n\t\t\t\t\t<\/div>\n\t\t<\/section>\n\t\t\t\t<section class=\"elementor-section elementor-top-section elementor-element elementor-element-648a618 elementor-section-boxed elementor-section-height-default elementor-section-height-default\" data-id=\"648a618\" data-element_type=\"section\">\n\t\t\t\t\t\t<div class=\"elementor-container elementor-column-gap-default\">\n\t\t\t\t\t<div class=\"elementor-column elementor-col-66 elementor-top-column elementor-element elementor-element-16824c2\" data-id=\"16824c2\" data-element_type=\"column\">\n\t\t\t<div class=\"elementor-widget-wrap elementor-element-populated\">\n\t\t\t\t\t\t<div class=\"elementor-element elementor-element-90ae968 elementor-widget__width-initial elementor-widget elementor-widget-text-editor\" data-id=\"90ae968\" data-element_type=\"widget\" data-widget_type=\"text-editor.default\">\n\t\t\t\t<div class=\"elementor-widget-container\">\n\t\t\t\t\t\t\t\t\t<p><span style=\"font-size: 16px;background-color: var(--ast-global-color-5)\">A t\u00e1rsadalmi felel\u0151ss\u00e9gv\u00e1llal\u00e1si strat\u00e9gia tartalm\u00e1ra vonatkoz\u00f3an a t\u00f6rv\u00e9ny nem tartalmaz rendelkez\u00e9seket, de a strat\u00e9gia elk\u00e9sz\u00edt\u00e9s\u00e9hez j\u00f3 alapot szolg\u00e1lhat<\/span><\/p><ul><li>a v\u00e1llalkoz\u00e1s tev\u00e9kenys\u00e9g\u00e9nek a t\u00e1rsadalomra, a kult\u00far\u00e1ra \u00e9s a j\u00f6v\u0151 nemzed\u00e9keinek \u00e9letfelt\u00e9teleire gyakorolt hat\u00e1sainak felm\u00e9r\u00e9se \u00e9s a pozit\u00edv hat\u00e1sokat er\u0151s\u00edt\u0151 tev\u00e9kenys\u00e9gek azonos\u00edt\u00e1sa,<\/li><li>adott esetben a v\u00e1llalkoz\u00e1s m\u00e1r elfogadott CSR strat\u00e9gi\u00e1j\u00e1val, \u00e9s<\/li><li>a hiteles\u00edtett t\u00e1mogat\u00e1smenedzsment k\u00f6zponton kereszt\u00fcl meghirdetett t\u00e1mogat\u00e1si programok<\/li><\/ul><div><p><strong>Megel\u0151z\u00e9si int\u00e9zked\u00e9sek<\/strong><\/p><p>A megel\u0151z\u00e9si int\u00e9zked\u00e9sek c\u00e9lja, hogy a t\u00e1rsadalmi felel\u0151ss\u00e9gv\u00e1llal\u00e1s k\u00f6r\u00e9ben felmer\u00fcl\u0151, illetve k\u00f6rnyezeti, a felt\u00e1rt l\u00e9nyeges \u00e9s \u00e9rdemi bek\u00f6vetkez\u00e9si val\u00f3sz\u00edn\u0171s\u00e9ggel b\u00edr\u00f3 kock\u00e1zatok k\u00e1ros hat\u00e1s\u00e1t megel\u0151zze.<\/p><p>A megel\u0151z\u00e9si int\u00e9zked\u00e9snek megfelel\u0151nek kell lennie, azaz<\/p><ul><li>ar\u00e1nyosnak a k\u00e1ros hat\u00e1s s\u00falyoss\u00e1g\u00e1val \u00e9s val\u00f3sz\u00edn\u0171s\u00e9g\u00e9vel, \u00e9s<\/li><li>az annak megt\u00e9tel\u00e9hez sz\u00fcks\u00e9ges eszk\u00f6z\u00f6k \u2013 az \u00e9szszer\u0171s\u00e9g keretein bel\u00fcl \u2013 a v\u00e1llalkoz\u00e1s rendelkez\u00e9s\u00e9re kell, hogy \u00e1lljanak, figyelembe v\u00e9ve az adott eset k\u00f6r\u00fclm\u00e9nyeit \u2013 ide\u00e9rtve a gazdas\u00e1gi \u00e1gazat \u00e9s az adott \u00fczleti kapcsolat jellemz\u0151it, a v\u00e1llalkoz\u00e1s azokra gyakorolt befoly\u00e1s\u00e1t \u2013, tov\u00e1bb\u00e1 az int\u00e9zked\u00e9seknek a k\u00e1ros hat\u00e1s szerinti rangsorol\u00e1s\u00e1t.<\/li><\/ul><\/div>\t\t\t\t\t\t\t\t<\/div>\n\t\t\t\t<\/div>\n\t\t\t\t\t<\/div>\n\t\t<\/div>\n\t\t\t\t<div class=\"elementor-column elementor-col-33 elementor-top-column elementor-element elementor-element-6f6ccbd\" data-id=\"6f6ccbd\" data-element_type=\"column\">\n\t\t\t<div class=\"elementor-widget-wrap elementor-element-populated\">\n\t\t\t\t\t\t<div class=\"elementor-element elementor-element-9beaf19 elementor-widget elementor-widget-text-editor\" data-id=\"9beaf19\" data-element_type=\"widget\" data-widget_type=\"text-editor.default\">\n\t\t\t\t<div class=\"elementor-widget-container\">\n\t\t\t\t\t\t\t\t\t<p><strong>T\u00e1mogat\u00e1si programok \u00e9s a hiteles\u00edtett t\u00e1mogat\u00e1smenedzsment k\u00f6zpont<\/strong><\/p><p>Az SZTFH a k\u00f6lts\u00e9gvet\u00e9si szervek, egyh\u00e1zak, \u00f6nkorm\u00e1nyzatok \u00e9s civil szervezetek \u00e1ltal meghirdetett fenntarthat\u00f3s\u00e1gi k\u00e9rd\u00e9sekre hat\u00e1st gyakorl\u00f3 t\u00e1mogat\u00e1si programok \u00e1tl\u00e1that\u00f3s\u00e1ga \u00e9s ellen\u0151rizhet\u0151s\u00e9ge \u00e9rdek\u00e9ben hiteles\u00edtett t\u00e1mogat\u00e1smenedzsment k\u00f6zpontot m\u0171k\u00f6dtet. A k\u00f6zpont a programelemek ellen\u0151rz\u00e9se mellett hozz\u00e1f\u00e9r\u00e9st ny\u00fajt a v\u00e1llalkoz\u00e1sok sz\u00e1m\u00e1ra a programelemekre vonatkoz\u00f3 inform\u00e1ci\u00f3khoz. A hiteles\u00edtett t\u00e1mogat\u00e1smenedzsment k\u00f6zponton kereszt\u00fcl meghirdetett t\u00e1mogat\u00e1si programok k\u00f6telez\u0151en besz\u00e1m\u00edtanak az ESG tan\u00fas\u00edtv\u00e1nyba.\u00a0<\/p>\t\t\t\t\t\t\t\t<\/div>\n\t\t\t\t<\/div>\n\t\t\t\t\t<\/div>\n\t\t<\/div>\n\t\t\t\t\t<\/div>\n\t\t<\/section>\n\t\t\t\t<section class=\"elementor-section elementor-top-section elementor-element elementor-element-e28fe25 elementor-section-boxed elementor-section-height-default elementor-section-height-default\" data-id=\"e28fe25\" data-element_type=\"section\">\n\t\t\t\t\t\t<div class=\"elementor-container elementor-column-gap-default\">\n\t\t\t\t\t<div class=\"elementor-column elementor-col-66 elementor-top-column elementor-element elementor-element-deef038\" data-id=\"deef038\" data-element_type=\"column\">\n\t\t\t<div class=\"elementor-widget-wrap elementor-element-populated\">\n\t\t\t\t\t\t<div class=\"elementor-element elementor-element-6140f4b elementor-widget elementor-widget-text-editor\" data-id=\"6140f4b\" data-element_type=\"widget\" data-widget_type=\"text-editor.default\">\n\t\t\t\t<div class=\"elementor-widget-container\">\n\t\t\t\t\t\t\t\t\t<p><span style=\"font-size: 16px;background-color: var(--ast-global-color-5)\">A megel\u0151z\u00e9si int\u00e9zked\u00e9sek hat\u00e9konys\u00e1g\u00e1t, eredm\u00e9nyess\u00e9g\u00e9t a v\u00e1llalkoz\u00e1s k\u00f6teles \u00e9vente legal\u00e1bb egy alkalommal, \u00e9s eseti jelleggel fel\u00fclvizsg\u00e1lni.<\/span><\/p><div><p>A t\u00f6rv\u00e9ny k\u00f6telez\u0151 megel\u0151z\u00e9si int\u00e9zked\u00e9sk\u00e9nt \u00edrja el\u0151 a v\u00e1llalkoz\u00e1sok sz\u00e1m\u00e1ra az ESG elv\u00e1r\u00e1sok \u00e9rv\u00e9nyes\u00edt\u00e9s\u00e9t az ell\u00e1t\u00e1si l\u00e1ncban is. Ennek \u00e9rdek\u00e9ben a v\u00e1llalkoz\u00e1sok a k\u00f6zvetlen sz\u00e1ll\u00edt\u00f3ik \u00e9s le\u00e1nyv\u00e1llalataik tekintet\u00e9ben k\u00f6telesek gondoskodni arr\u00f3l, hogy a k\u00f6zvetlen sz\u00e1ll\u00edt\u00f3k kiv\u00e1laszt\u00e1sakor ezek a szempontok is megjelenjenek, valamint nyilatkoztatni a k\u00f6zvetlen sz\u00e1ll\u00edt\u00f3kat, hogy a v\u00e1llalkoz\u00e1s vezet\u0151s\u00e9ge \u00e1ltal meghat\u00e1rozott ESG elv\u00e1r\u00e1soknak megfelel \u00e9s azt az ell\u00e1t\u00e1si l\u00e1nc ment\u00e9n (azaz az \u0151 besz\u00e1ll\u00edt\u00f3i tekintet\u00e9ben is) megfelel\u0151en kezeli.<\/p><p><strong>Korrekci\u00f3s int\u00e9zked\u00e9sek<\/strong><\/p><p>A t\u00e1rsadalmi felel\u0151ss\u00e9gv\u00e1llal\u00e1s \u00e9s k\u00f6rnyezetv\u00e9delmi k\u00f6telezetts\u00e9gek m\u00e1r felmer\u00fclt vagy v\u00e1rhat\u00f3 megs\u00e9rt\u00e9se eset\u00e9n a t\u00f6rv\u00e9ny korrekci\u00f3s int\u00e9zked\u00e9sek megt\u00e9tel\u00e9t \u00edrja el\u0151. A korrekci\u00f3s int\u00e9zked\u00e9s c\u00e9lja, hogy a jogs\u00e9rt\u00e9st megel\u0151zze, megsz\u00fcntesse vagy annak m\u00e9rt\u00e9k\u00e9t lehet\u0151s\u00e9g szerint minimaliz\u00e1lja.<\/p><p>A t\u00f6rv\u00e9ny r\u00e9szletesen foglalkozik azokkal az esetekkel, amikor a jogs\u00e9rt\u00e9s nem a v\u00e1llalkoz\u00e1s saj\u00e1t m\u0171k\u00f6d\u00e9se k\u00f6r\u00e9ben, hanem k\u00f6zvetlen besz\u00e1ll\u00edt\u00f3j\u00e1n\u00e1l mer\u00fclt fel.<\/p><p>Ha a v\u00e1llalkoz\u00e1s k\u00f6zvetlen sz\u00e1ll\u00edt\u00f3j\u00e1n\u00e1l a v\u00e1llalati felel\u0151ss\u00e9gv\u00e1llal\u00e1ssal kapcsolatos vagy k\u00f6rnyezetv\u00e9delmi k\u00f6telezetts\u00e9g megs\u00e9rt\u00e9s\u00e9t a k\u00f6zvetlen sz\u00e1ll\u00edt\u00f3 arr\u00f3l a v\u00e1llalkoz\u00e1s \u00e1ltali tudom\u00e1sszerz\u00e9st\u0151l sz\u00e1m\u00edtott 90 napon bel\u00fcl nem sz\u00fcnteti meg, akkor a v\u00e1llalkoz\u00e1s halad\u00e9ktalanul koncepci\u00f3t dolgoz ki \u00e9s hajt v\u00e9gre a jogs\u00e9rt\u00e9s megsz\u00fcntet\u00e9s\u00e9re vagy minimaliz\u00e1l\u00e1s\u00e1ra.<\/p><p>A koncepci\u00f3ra vonatkoz\u00f3an a t\u00f6rv\u00e9ny n\u00e9h\u00e1ny alapelvet is r\u00f6gz\u00edt. Egyr\u00e9szt a v\u00e1llalkoz\u00e1s k\u00f6teles a koncepci\u00f3t a jogs\u00e9rt\u0151 besz\u00e1ll\u00edt\u00f3val egy\u00fctt kidolgozni \u00e9s v\u00e9grehajtani, valamint az ipar\u00e1gi kezdem\u00e9nyez\u00e9sekben \u00e9s szabv\u00e1nyokban m\u00e1s v\u00e1llalkoz\u00e1sokkal egy\u00fcttm\u0171k\u00f6dni a k\u00f6zvetlen sz\u00e1ll\u00edt\u00f3kra gyakorolhat\u00f3 befoly\u00e1sol\u00e1si k\u00e9pess\u00e9g n\u00f6vel\u00e9se \u00e9rdek\u00e9ben. Amennyiben a korrekci\u00f3s int\u00e9zked\u00e9sek, illetve a koncepci\u00f3 v\u00e9grehajt\u00e1sa nem j\u00e1r sikerrel, \u00e9s a v\u00e1llalkoz\u00e1snak nincs m\u00e1s, kev\u00e9sb\u00e9 szigor\u00fa eszk\u00f6ze, \u00fagy k\u00f6teles a jogs\u00e9rt\u0151 sz\u00e1ll\u00edt\u00f3val az \u00fczleti kapcsolatot sz\u00fcneteltetni. Emellett, ha a v\u00e1llalkoz\u00e1s k\u00f6zvetlen sz\u00e1ll\u00edt\u00f3j\u00e1val az \u00fczleti kapcsolat valamely tev\u00e9kenys\u00e9g tekintet\u00e9ben k\u00e1ros hat\u00e1s fokozott kock\u00e1zat\u00e1val j\u00e1r, a v\u00e1llalkoz\u00e1s k\u00f6teles k\u00f6zvetlen sz\u00e1ll\u00edt\u00f3j\u00e1val az adott tev\u00e9kenys\u00e9g tekintet\u00e9ben az \u00fczleti kapcsolatot megsz\u00fcntetni.<\/p><p>Hasonl\u00f3an a megel\u0151z\u00e9si int\u00e9zked\u00e9sekhez, a korrekci\u00f3s int\u00e9zked\u00e9sek hat\u00e9konys\u00e1g\u00e1t mind \u00e9vente, mind esetileg fel\u00fcl kell vizsg\u00e1lni.<\/p><p>A k\u00f6zvetlen sz\u00e1ll\u00edt\u00f3kkal szembeni el\u0151\u00edr\u00e1sok, korrekci\u00f3s int\u00e9zked\u00e9sek \u00e9s befoly\u00e1s k\u00f6r\u00e9ben felmer\u00fcl\u0151 beszerz\u00e9si, szerz\u0151d\u00e9ses \u00e9s versenyjogi szempontokkal cikksorozatunk k\u00e9s\u0151bbi r\u00e9szeiben foglalkozunk.<\/p><p><strong>Panaszkezel\u00e9s<\/strong><\/p><p>A v\u00e1llalkoz\u00e1s k\u00f6teles panaszkezel\u00e9si rendszert kialak\u00edtani, amelyben bejelent\u00e9s tehet\u0151 a v\u00e1llalkoz\u00e1s saj\u00e1t vagy le\u00e1nyv\u00e1llalata, illetve k\u00f6zvetlen vagy k\u00f6zvetett sz\u00e1ll\u00edt\u00f3ja gazdas\u00e1gi tev\u00e9kenys\u00e9ge k\u00f6vetkezt\u00e9ben keletkezett, t\u00e1rsadalmi felel\u0151ss\u00e9gv\u00e1llal\u00e1si \u00e9s k\u00f6rnyezeti kock\u00e1zatokr\u00f3l, illetve a t\u00e1rsadalmi felel\u0151ss\u00e9gv\u00e1llal\u00e1ssal vagy k\u00f6rnyezetv\u00e9delemmel kapcsolatos k\u00f6telezetts\u00e9gek megs\u00e9rt\u00e9s\u00e9r\u0151l.<\/p><p>A v\u00e1llalkoz\u00e1s a fenntarthat\u00f3s\u00e1gi panaszokat \u2013 m\u00e9ret\u00e9t\u0151l, m\u0171k\u00f6d\u00e9si saj\u00e1toss\u00e1gait\u00f3l f\u00fcgg\u0151en \u2013<\/p><ul><li>a m\u00e1r kialak\u00edtott vissza\u00e9l\u00e9s-bejelent\u00e9si rendszere \u00fatj\u00e1n,<\/li><li>k\u00fcl\u00f6n bels\u0151 panaszkezel\u00e9si rendszer bevezet\u00e9s\u00e9vel, vagy<\/li><li>bizonyos felt\u00e9telek fenn\u00e1ll\u00e1sa eset\u00e9n k\u00fcls\u0151 panaszkezel\u00e9si rendszer alkalmaz\u00e1s\u00e1val is teljes\u00edtheti.<\/li><\/ul><p>A bejelent\u00e9sek alapj\u00e1n a v\u00e1llalkoz\u00e1s k\u00f6teles kock\u00e1zatelemz\u00e9st v\u00e9gezni \u00e9s sz\u00fcks\u00e9g szerint alkalmazni a megfelel\u0151 megel\u0151z\u00e9si int\u00e9zked\u00e9seket.<\/p><p><strong>ESG besz\u00e1mol\u00f3 k\u00e9sz\u00edt\u00e9se<\/strong><\/p><p>\u00c1tvil\u00e1g\u00edt\u00e1si k\u00f6telezetts\u00e9g tov\u00e1bb\u00e1 az ESG besz\u00e1mol\u00f3 elk\u00e9sz\u00edt\u00e9se \u00e9s felt\u00f6lt\u00e9se, ezzel a t\u00e9ma jelent\u0151s\u00e9g\u00e9re \u00e9s terjedelm\u00e9re tekintettel k\u00f6vetkez\u0151 cikk\u00fcnkben foglalkozunk.<\/p><\/div>\t\t\t\t\t\t\t\t<\/div>\n\t\t\t\t<\/div>\n\t\t\t\t\t<\/div>\n\t\t<\/div>\n\t\t\t\t<div class=\"elementor-column elementor-col-33 elementor-top-column elementor-element elementor-element-fc2fe68\" data-id=\"fc2fe68\" data-element_type=\"column\">\n\t\t\t<div class=\"elementor-widget-wrap\">\n\t\t\t\t\t\t\t<\/div>\n\t\t<\/div>\n\t\t\t\t\t<\/div>\n\t\t<\/section>\n\t\t\t\t<section class=\"elementor-section elementor-top-section elementor-element elementor-element-d04704f elementor-section-boxed elementor-section-height-default elementor-section-height-default\" data-id=\"d04704f\" data-element_type=\"section\">\n\t\t\t\t\t\t<div class=\"elementor-container elementor-column-gap-default\">\n\t\t\t\t\t<div class=\"elementor-column elementor-col-100 elementor-top-column elementor-element elementor-element-d05af71\" data-id=\"d05af71\" data-element_type=\"column\">\n\t\t\t<div class=\"elementor-widget-wrap elementor-element-populated\">\n\t\t\t\t\t\t<div class=\"elementor-element elementor-element-b7f5096 elementor-widget elementor-widget-text-editor\" data-id=\"b7f5096\" data-element_type=\"widget\" data-widget_type=\"text-editor.default\">\n\t\t\t\t<div class=\"elementor-widget-container\">\n\t\t\t\t\t\t\t\t\t<p>Hogyan teljes\u00edts\u00fck a fenntarthat\u00f3s\u00e1gi c\u00e9l\u00fa \u00e1tvil\u00e1g\u00edt\u00e1si k\u00f6telezetts\u00e9geinket?<\/p>\t\t\t\t\t\t\t\t<\/div>\n\t\t\t\t<\/div>\n\t\t\t\t\t<\/div>\n\t\t<\/div>\n\t\t\t\t\t<\/div>\n\t\t<\/section>\n\t\t\t\t<section class=\"elementor-section elementor-top-section elementor-element elementor-element-27ec6ff elementor-section-boxed elementor-section-height-default elementor-section-height-default\" data-id=\"27ec6ff\" data-element_type=\"section\">\n\t\t\t\t\t\t<div class=\"elementor-container elementor-column-gap-default\">\n\t\t\t\t\t<div class=\"elementor-column elementor-col-66 elementor-top-column elementor-element elementor-element-3821cb5\" data-id=\"3821cb5\" data-element_type=\"column\">\n\t\t\t<div class=\"elementor-widget-wrap elementor-element-populated\">\n\t\t\t\t\t\t<div class=\"elementor-element elementor-element-13ac2c1 elementor-widget elementor-widget-text-editor\" data-id=\"13ac2c1\" data-element_type=\"widget\" data-widget_type=\"text-editor.default\">\n\t\t\t\t<div class=\"elementor-widget-container\">\n\t\t\t\t\t\t\t\t\t<p>Az \u00e1tvil\u00e1g\u00edt\u00e1si k\u00f6telezetts\u00e9gek az els\u0151 \u00e9rintett \u00fczleti \u00e9vben az ESG besz\u00e1mol\u00f3 megfelel\u0151 elk\u00e9sz\u00edt\u00e9s\u00e9vel \u00e9s az ESG menedzsmentplatformra val\u00f3 felt\u00f6lt\u00e9s\u00e9vel teljes\u00edthet\u0151k. A ESG besz\u00e1mol\u00f3 felt\u00f6lt\u00e9s\u00e9t k\u00f6vet\u0151en el\u0151audit t\u00f6rt\u00e9nik, de sem az ESG besz\u00e1mol\u00f3, sem az el\u0151audit eredm\u00e9nye nem nyilv\u00e1nos \u00e9s nem ker\u00fcl k\u00f6zz\u00e9t\u00e9telre. Az els\u0151 ESG besz\u00e1mol\u00f3 eset\u00e9n teh\u00e1t nem ker\u00fcl sor tan\u00fas\u00edt\u00e1sra, az el\u0151audit eredm\u00e9nye alapj\u00e1n a v\u00e1llalkoz\u00e1sok azonban azonos\u00edthatj\u00e1k azokat a ter\u00fcleteket, ahol \u00e1tvil\u00e1g\u00edt\u00e1si k\u00f6telezetts\u00e9geik teljes\u00edt\u00e9se, illetve az ESG besz\u00e1mol\u00f3juk m\u00e9g m\u00f3dos\u00edt\u00e1sra szorul.<\/p><p>Emellett a t\u00f6rv\u00e9ny szerint a k\u00f6telezetts\u00e9gek teljes\u00edt\u00e9s\u00e9t folyamatosan dokument\u00e1lni kell.<\/p>\t\t\t\t\t\t\t\t<\/div>\n\t\t\t\t<\/div>\n\t\t\t\t\t<\/div>\n\t\t<\/div>\n\t\t\t\t<div class=\"elementor-column elementor-col-33 elementor-top-column elementor-element elementor-element-bf8760c\" data-id=\"bf8760c\" data-element_type=\"column\">\n\t\t\t<div class=\"elementor-widget-wrap\">\n\t\t\t\t\t\t\t<\/div>\n\t\t<\/div>\n\t\t\t\t\t<\/div>\n\t\t<\/section>\n\t\t\t\t<section class=\"elementor-section elementor-top-section elementor-element elementor-element-f5ea373 elementor-section-boxed elementor-section-height-default elementor-section-height-default\" data-id=\"f5ea373\" data-element_type=\"section\">\n\t\t\t\t\t\t<div class=\"elementor-container elementor-column-gap-default\">\n\t\t\t\t\t<div class=\"elementor-column elementor-col-100 elementor-top-column elementor-element elementor-element-edccefc\" data-id=\"edccefc\" data-element_type=\"column\">\n\t\t\t<div class=\"elementor-widget-wrap elementor-element-populated\">\n\t\t\t\t\t\t<div class=\"elementor-element elementor-element-474924e elementor-widget elementor-widget-text-editor\" data-id=\"474924e\" data-element_type=\"widget\" data-widget_type=\"text-editor.default\">\n\t\t\t\t<div class=\"elementor-widget-container\">\n\t\t\t\t\t\t\t\t\t<p>Mi a teend\u0151nk? hogyan k\u00e9sz\u00fclhet\u00fcnk fel?<\/p>\t\t\t\t\t\t\t\t<\/div>\n\t\t\t\t<\/div>\n\t\t\t\t\t<\/div>\n\t\t<\/div>\n\t\t\t\t\t<\/div>\n\t\t<\/section>\n\t\t\t\t<section class=\"elementor-section elementor-top-section elementor-element elementor-element-97820db elementor-section-boxed elementor-section-height-default elementor-section-height-default\" data-id=\"97820db\" data-element_type=\"section\">\n\t\t\t\t\t\t<div class=\"elementor-container elementor-column-gap-default\">\n\t\t\t\t\t<div class=\"elementor-column elementor-col-66 elementor-top-column elementor-element elementor-element-d723c46\" data-id=\"d723c46\" data-element_type=\"column\">\n\t\t\t<div class=\"elementor-widget-wrap elementor-element-populated\">\n\t\t\t\t\t\t<div class=\"elementor-element elementor-element-9a5a8f1 elementor-widget elementor-widget-text-editor\" data-id=\"9a5a8f1\" data-element_type=\"widget\" data-widget_type=\"text-editor.default\">\n\t\t\t\t<div class=\"elementor-widget-container\">\n\t\t\t\t\t\t\t\t\t<p>A jogszab\u00e1ly az \u00e1tvil\u00e1g\u00edt\u00e1si k\u00f6telezetts\u00e9gek teljes\u00edt\u00e9sek\u00e9nt \u2013 az els\u0151 \u00fczleti \u00e9v v\u00e9g\u00e9n az ESG besz\u00e1mol\u00f3 az SZTFH rendeletben meghat\u00e1rozott form\u00e1ban t\u00f6rt\u00e9n\u0151 elk\u00e9sz\u00edt\u00e9s\u00e9t \u00e9s az ESG menedzsmentplatformra t\u00f6rt\u00e9n\u0151 felt\u00f6lt\u00e9s\u00e9t v\u00e1rja el.<\/p><p>Az ESG besz\u00e1mol\u00f3 elk\u00e9sz\u00edt\u00e9s\u00e9hez \u00e9s a fenntarthat\u00f3s\u00e1gi elv\u00e1r\u00e1soknak val\u00f3 hossz\u00fat\u00e1v\u00fa megfelel\u00e9s biztos\u00edt\u00e1s\u00e1hoz azonban a v\u00e1llalkoz\u00e1soknak \u00e9rdemes m\u0171k\u00f6d\u00e9s\u00fcket jogi \u00e9s ESG tan\u00e1csad\u00f3k bevon\u00e1s\u00e1val ESG szempontok ment\u00e9n megvizsg\u00e1lnia, \u00e1tgondolnia \u00e9s a t\u00f6rv\u00e9nyi-fenntarthat\u00f3s\u00e1gi elv\u00e1r\u00e1sokhoz igaz\u00edtania, valamint l\u00e9trehoznia a megfelel\u0151 rendszereket. Ennek els\u0151 l\u00e9p\u00e9se a jelenlegi m\u0171k\u00f6d\u00e9s teljesk\u00f6r\u0171 \u00e1tvil\u00e1g\u00edt\u00e1sa, a fenntarthat\u00f3s\u00e1gi \u00fcgyek azonos\u00edt\u00e1sa, a kock\u00e1zatok \u00e9s lehet\u0151s\u00e9gek \u00e9rt\u00e9kel\u00e9se, majd a sz\u00fcks\u00e9ges rendszerek kialak\u00edt\u00e1sa \u00e9s dokument\u00e1l\u00e1sa.<\/p><p>Az egyes k\u00f6telezetts\u00e9gek r\u00e9szletszab\u00e1lyait a t\u00f6rv\u00e9ny felhatalmaz\u00e1sa alapj\u00e1n a Szab\u00e1lyozott Tev\u00e9kenys\u00e9gek Fel\u00fcgyeleti Hat\u00f3s\u00e1g\u00e1nak eln\u00f6ke hat\u00e1rozza majd meg, \u00edgy a v\u00e1llalkoz\u00e1sok teend\u0151inek pontos k\u00f6re, az elk\u00e9sz\u00edtend\u0151 szervezeti dokumentumok csak ezek megjelen\u00e9s\u00e9t k\u00f6vet\u0151en hat\u00e1rozhat\u00f3 meg.<\/p><p>\u00a0<\/p>\t\t\t\t\t\t\t\t<\/div>\n\t\t\t\t<\/div>\n\t\t\t\t\t<\/div>\n\t\t<\/div>\n\t\t\t\t<div class=\"elementor-column elementor-col-33 elementor-top-column elementor-element elementor-element-d908e2a\" data-id=\"d908e2a\" data-element_type=\"column\">\n\t\t\t<div class=\"elementor-widget-wrap\">\n\t\t\t\t\t\t\t<\/div>\n\t\t<\/div>\n\t\t\t\t\t<\/div>\n\t\t<\/section>\n\t\t\t\t<section class=\"elementor-section elementor-top-section elementor-element elementor-element-0f9cefa elementor-section-boxed elementor-section-height-default elementor-section-height-default\" data-id=\"0f9cefa\" data-element_type=\"section\">\n\t\t\t\t\t\t<div class=\"elementor-container elementor-column-gap-default\">\n\t\t\t\t\t<div class=\"elementor-column elementor-col-66 elementor-top-column elementor-element elementor-element-aac3c94\" data-id=\"aac3c94\" data-element_type=\"column\">\n\t\t\t<div class=\"elementor-widget-wrap elementor-element-populated\">\n\t\t\t\t\t\t<div class=\"elementor-element elementor-element-b2fc102 elementor-blockquote--skin-boxed elementor-widget elementor-widget-global elementor-global-4699 elementor-widget-blockquote\" data-id=\"b2fc102\" data-element_type=\"widget\" data-widget_type=\"blockquote.default\">\n\t\t\t\t<div class=\"elementor-widget-container\">\n\t\t\t\t\t\t\t<blockquote class=\"elementor-blockquote\">\n\t\t\t<p class=\"elementor-blockquote__content\">\n\t\t\t\tCikksorozatunk tov\u00e1bbi r\u00e9szeiben folytatjuk a t\u00f6rv\u00e9ny rendelkez\u00e9seinek bemutat\u00e1s\u00e1t, majd megvizsg\u00e1ljuk az egyes k\u00f6telezetts\u00e9gek jogi vet\u00fcleteit, a nemzetk\u00f6zi trendeket \u00e9s gyakorlatokat, valamint, hogy milyen v\u00e1ltoz\u00e1sokra sz\u00e1m\u00edthatnak a t\u00f6rv\u00e9ny hat\u00e1lya al\u00e1 k\u00f6zvetlen\u00fcl nem tartoz\u00f3, de egy k\u00f6telezett v\u00e1llalkoz\u00e1s ell\u00e1t\u00e1si l\u00e1nc\u00e1ban r\u00e9sztvev\u0151 v\u00e1llalatok.\n<p>\n<a href=\"https:\/\/blogs.dlapiper.com\/advocatus\/2024\/02\/torvenyi-kotelezettseg-lett-a-fenntarthatosag-uj-jelentesteteli-es-beszamolasi-kovetelmenyek\/\">\nOlvassa el a cikksorozat m\u00e1sodik r\u00e9sz\u00e9t!<\/a>\t\t\t<\/p>\n\t\t\t\t\t<\/blockquote>\n\t\t\t\t\t\t<\/div>\n\t\t\t\t<\/div>\n\t\t\t\t\t<\/div>\n\t\t<\/div>\n\t\t\t\t<div class=\"elementor-column elementor-col-33 elementor-top-column elementor-element elementor-element-269753c\" data-id=\"269753c\" data-element_type=\"column\">\n\t\t\t<div class=\"elementor-widget-wrap\">\n\t\t\t\t\t\t\t<\/div>\n\t\t<\/div>\n\t\t\t\t\t<\/div>\n\t\t<\/section>\n\t\t\t\t<section class=\"elementor-section elementor-top-section elementor-element elementor-element-77c76bc elementor-section-boxed elementor-section-height-default elementor-section-height-default\" data-id=\"77c76bc\" data-element_type=\"section\">\n\t\t\t\t\t\t<div class=\"elementor-container elementor-column-gap-default\">\n\t\t\t\t\t<div class=\"elementor-column elementor-col-100 elementor-top-column elementor-element elementor-element-d1f5e35\" data-id=\"d1f5e35\" data-element_type=\"column\">\n\t\t\t<div class=\"elementor-widget-wrap elementor-element-populated\">\n\t\t\t\t\t\t<div class=\"elementor-element elementor-element-dfdf909 elementor-widget elementor-widget-text-editor\" data-id=\"dfdf909\" data-element_type=\"widget\" data-widget_type=\"text-editor.default\">\n\t\t\t\t<div class=\"elementor-widget-container\">\n\t\t\t\t\t\t\t\t\t<p>Szerz\u0151k: Gy\u00f6rfi-T\u00f3th P\u00e9ter, Dr\u00e1novits D\u00f3ra, Hersz\u00e9nyi Andr\u00e1s<\/p>\t\t\t\t\t\t\t\t<\/div>\n\t\t\t\t<\/div>\n\t\t\t\t\t<\/div>\n\t\t<\/div>\n\t\t\t\t\t<\/div>\n\t\t<\/section>\n\t\t\t\t<section class=\"elementor-section elementor-top-section elementor-element elementor-element-dcfd502 elementor-section-boxed elementor-section-height-default elementor-section-height-default\" data-id=\"dcfd502\" data-element_type=\"section\">\n\t\t\t\t\t\t<div class=\"elementor-container elementor-column-gap-default\">\n\t\t\t\t\t<div class=\"elementor-column elementor-col-50 elementor-top-column elementor-element elementor-element-9c4f288\" data-id=\"9c4f288\" data-element_type=\"column\">\n\t\t\t<div class=\"elementor-widget-wrap elementor-element-populated\">\n\t\t\t\t\t\t<div class=\"elementor-element elementor-element-1bad75b elementor-flip-box--direction-left elementor-flip-box--effect-flip elementor-widget elementor-widget-global elementor-global-3140 elementor-widget-flip-box\" data-id=\"1bad75b\" data-element_type=\"widget\" data-widget_type=\"flip-box.default\">\n\t\t\t\t<div class=\"elementor-widget-container\">\n\t\t\t\t\t\t\t<div class=\"elementor-flip-box\" tabindex=\"0\">\n\t\t\t<div class=\"elementor-flip-box__layer elementor-flip-box__front\">\n\t\t\t\t<div class=\"elementor-flip-box__layer__overlay\">\n\t\t\t\t\t<div class=\"elementor-flip-box__layer__inner\">\n\t\t\t\t\t\t\t\t\t\t\t\t\t<div class=\"elementor-flip-box__image\">\n\t\t\t\t\t\t\t\t<img decoding=\"async\" src=\"https:\/\/blogs.dlapiper.com\/advocatus\/files\/elementor\/thumbs\/Nevtelen-terv-10-pf2ui412t0glnrx3gqbv9tsywnt4koqo911zz141gw.png\" title=\"Gy\u00f6rfi-T\u00f3th P\u00e9ter\" alt=\"Gy\u00f6rfi-T\u00f3th P\u00e9ter\" loading=\"lazy\" \/>\t\t\t\t\t\t\t<\/div>\n\t\t\t\t\t\t\n\t\t\t\t\t\t\t\t\t\t\t\t\t<h3 class=\"elementor-flip-box__layer__title\">\n\t\t\t\t\t\t\t\tGy\u00f6rfi-T\u00f3th P\u00e9ter\t\t\t\t\t\t\t<\/h3>\n\t\t\t\t\t\t\n\t\t\t\t\t\t\t\t\t\t\t\t\t<div class=\"elementor-flip-box__layer__description\">\n\t\t\t\t\t\t\t\tPartner, <p>Projekt \u00e9s Restruktur\u00e1l\u00e1si csoportvezet\u0151,<br>ESG szakter\u00fcletvezet\u0151\n\t\t\t\t\t\t\t<\/div>\n\t\t\t\t\t\t\t\t\t\t\t<\/div>\n\t\t\t\t<\/div>\n\t\t\t<\/div>\n\t\t\t<a class=\"elementor-flip-box__layer elementor-flip-box__back\" href=\"mailto:peter.gyorfi-toth@dlapiper.com\">\n\t\t\t<div class=\"elementor-flip-box__layer__overlay\">\n\t\t\t\t<div class=\"elementor-flip-box__layer__inner\">\n\t\t\t\t\t\t\t\t\t\t\t<h3 class=\"elementor-flip-box__layer__title\">\n\t\t\t\t\t\t\tGy\u00f6rfi-T\u00f3th P\u00e9ter\t\t\t\t\t\t<\/h3>\n\t\t\t\t\t\n\t\t\t\t\t\t\t\t\t\t\t<div class=\"elementor-flip-box__layer__description\">\n\t\t\t\t\t\t\tP\u00e9ter a DLA Piper Hungary partnere, a budapesti \u00e9s a CEE r\u00e9gi\u00f3 projekt \u00e9s restruktur\u00e1l\u00e1si csoportj\u00e1nak vezet\u0151je, valamint  az ESG szakter\u00fclet vezet\u0151je. Helyi \u00e9s hat\u00e1ron \u00e1tny\u00fal\u00f3 jog\u00fcgyletek tan\u00e1csad\u00e1s\u00e1ban j\u00e1rtas, t\u00f6bbek k\u00f6z\u00f6tt az infrastrukt\u00fara-fejleszt\u00e9s, bankjog, projekt- \u00e9s ingatlanfinansz\u00edroz\u00e1s, \u00e1llami szab\u00e1lyoz\u00e1si k\u00e9rd\u00e9sek, k\u00f6zbeszerz\u00e9si jog, re-organiz\u00e1ci\u00f3 \u00e9s restruktur\u00e1l\u00e1s, felsz\u00e1mol\u00e1si- \u00e9s cs\u0151djog ter\u00fcletein. \t\t\t\t\t\t<\/div>\n\t\t\t\t\t\n\t\t\t\t\t\t\t\t\t\t\t<span class=\"elementor-flip-box__button elementor-button elementor-size-xs\">\n\t\t\t\t\t\t\tE-mailt k\u00fcld\u00f6k\t\t\t\t\t\t<\/span>\n\t\t\t\t\t\t\t\t<\/div>\n\t\t<\/div>\n\t\t<\/a>\n\t\t<\/div>\n\t\t\t\t\t\t<\/div>\n\t\t\t\t<\/div>\n\t\t\t\t\t<\/div>\n\t\t<\/div>\n\t\t\t\t<div class=\"elementor-column elementor-col-50 elementor-top-column elementor-element elementor-element-3bea839\" data-id=\"3bea839\" data-element_type=\"column\">\n\t\t\t<div class=\"elementor-widget-wrap elementor-element-populated\">\n\t\t\t\t\t\t<div class=\"elementor-element elementor-element-96b3fa6 elementor-flip-box--direction-left elementor-flip-box--effect-flip elementor-widget elementor-widget-global elementor-global-4681 elementor-widget-flip-box\" data-id=\"96b3fa6\" data-element_type=\"widget\" data-widget_type=\"flip-box.default\">\n\t\t\t\t<div class=\"elementor-widget-container\">\n\t\t\t\t\t\t\t<div class=\"elementor-flip-box\" tabindex=\"0\">\n\t\t\t<div class=\"elementor-flip-box__layer elementor-flip-box__front\">\n\t\t\t\t<div class=\"elementor-flip-box__layer__overlay\">\n\t\t\t\t\t<div class=\"elementor-flip-box__layer__inner\">\n\t\t\t\t\t\t\t\t\t\t\t\t\t<div class=\"elementor-flip-box__image\">\n\t\t\t\t\t\t\t\t<img decoding=\"async\" src=\"https:\/\/blogs.dlapiper.com\/advocatus\/files\/elementor\/thumbs\/DLA-Piper-Hungary-27-qielb8t8ged6hj3c6cegs567fuuo3fxn79htj99374.png\" title=\"Dr\u00e1novits D\u00f3ra\" alt=\"Dr\u00e1novits D\u00f3ra\" loading=\"lazy\" \/>\t\t\t\t\t\t\t<\/div>\n\t\t\t\t\t\t\n\t\t\t\t\t\t\t\t\t\t\t\t\t<h3 class=\"elementor-flip-box__layer__title\">\n\t\t\t\t\t\t\t\tDr\u00e1novits D\u00f3ra*\t\t\t\t\t\t\t<\/h3>\n\t\t\t\t\t\t\n\t\t\t\t\t\t\t\t\t\t\t\t\t<div class=\"elementor-flip-box__layer__description\">\n\t\t\t\t\t\t\t\tSzenior \u00fcgyv\u00e9d, <p> az ESG szakter\u00fclet szakmai koordin\u00e1tora, <br> Projektfejleszt\u00e9si \u00e9s Restruktur\u00e1l\u00e1si csoport\t\t\t\t\t\t\t<\/div>\n\t\t\t\t\t\t\t\t\t\t\t<\/div>\n\t\t\t\t<\/div>\n\t\t\t<\/div>\n\t\t\t<a class=\"elementor-flip-box__layer elementor-flip-box__back\" href=\"mailto:dora.dranovits@dlapiper.com\">\n\t\t\t<div class=\"elementor-flip-box__layer__overlay\">\n\t\t\t\t<div class=\"elementor-flip-box__layer__inner\">\n\t\t\t\t\t\t\t\t\t\t\t<h3 class=\"elementor-flip-box__layer__title\">\n\t\t\t\t\t\t\tDr\u00e1novits D\u00f3ra\t\t\t\t\t\t<\/h3>\n\t\t\t\t\t\n\t\t\t\t\t\t\t\t\t\t\t<div class=\"elementor-flip-box__layer__description\">\n\t\t\t\t\t\t\tDr\u00e1novits D\u00f3ra t\u00f6bb, mint 15 \u00e9ves tapasztalattal rendelkezik az ingatlanfejleszt\u00e9s \u00e9s infrastrukt\u00fara-beruh\u00e1z\u00e1sok ter\u00fclet\u00e9n, melynek sor\u00e1n a projektek teljes \u00e9lettartam\u00e1ban, a tervez\u00e9st\u0151l az \u00fczemeltet\u00e9sig adott tan\u00e1csot \u00fcgyfeleinek, ide \u00e9rtve a szab\u00e1lyoz\u00e1si, beszerz\u00e9si \u00e9s finansz\u00edroz\u00e1si k\u00e9rd\u00e9seket is. D\u00f3ra szint\u00e9n jelent\u0151s tapasztalattal rendelkezik a strat\u00e9giai d\u00f6nt\u00e9shozatal, compliance \u00fcgyek, valamint a bels\u0151 folyamatok \u00e9s szab\u00e1lyzatok kialak\u00edt\u00e1s\u00e1nak jogi t\u00e1mogat\u00e1s\u00e1ban.\n\n\t\t\t\t\t\t<\/div>\n\t\t\t\t\t\n\t\t\t\t\t\t\t\t\t\t\t<span class=\"elementor-flip-box__button elementor-button elementor-size-xs\">\n\t\t\t\t\t\t\tE-mailt k\u00fcld\u00f6k\t\t\t\t\t\t<\/span>\n\t\t\t\t\t\t\t\t<\/div>\n\t\t<\/div>\n\t\t<\/a>\n\t\t<\/div>\n\t\t\t\t\t\t<\/div>\n\t\t\t\t<\/div>\n\t\t\t\t\t<\/div>\n\t\t<\/div>\n\t\t\t\t\t<\/div>\n\t\t<\/section>\n\t\t\t\t<section class=\"elementor-section elementor-top-section elementor-element elementor-element-8a3c5a7 elementor-section-boxed elementor-section-height-default elementor-section-height-default\" data-id=\"8a3c5a7\" data-element_type=\"section\">\n\t\t\t\t\t\t<div class=\"elementor-container elementor-column-gap-default\">\n\t\t\t\t\t<div class=\"elementor-column elementor-col-50 elementor-top-column elementor-element elementor-element-7593610\" data-id=\"7593610\" data-element_type=\"column\">\n\t\t\t<div class=\"elementor-widget-wrap\">\n\t\t\t\t\t\t\t<\/div>\n\t\t<\/div>\n\t\t\t\t<div class=\"elementor-column elementor-col-50 elementor-top-column elementor-element elementor-element-2fbd03b\" data-id=\"2fbd03b\" data-element_type=\"column\">\n\t\t\t<div class=\"elementor-widget-wrap\">\n\t\t\t\t\t\t\t<\/div>\n\t\t<\/div>\n\t\t\t\t\t<\/div>\n\t\t<\/section>\n\t\t\t\t<section class=\"elementor-section elementor-top-section elementor-element elementor-element-8e14e17 elementor-section-boxed elementor-section-height-default elementor-section-height-default\" data-id=\"8e14e17\" data-element_type=\"section\">\n\t\t\t\t\t\t<div class=\"elementor-container elementor-column-gap-default\">\n\t\t\t\t\t<div class=\"elementor-column elementor-col-100 elementor-top-column elementor-element elementor-element-b686433\" data-id=\"b686433\" data-element_type=\"column\">\n\t\t\t<div class=\"elementor-widget-wrap elementor-element-populated\">\n\t\t\t\t\t\t<div class=\"elementor-element elementor-element-becab85 elementor-widget elementor-widget-spacer\" data-id=\"becab85\" data-element_type=\"widget\" data-widget_type=\"spacer.default\">\n\t\t\t\t<div class=\"elementor-widget-container\">\n\t\t\t\t\t\t\t<div class=\"elementor-spacer\">\n\t\t\t<div class=\"elementor-spacer-inner\"><\/div>\n\t\t<\/div>\n\t\t\t\t\t\t<\/div>\n\t\t\t\t<\/div>\n\t\t\t\t\t<\/div>\n\t\t<\/div>\n\t\t\t\t\t<\/div>\n\t\t<\/section>\n\t\t\t\t<section class=\"elementor-section elementor-top-section elementor-element elementor-element-17da3d46 elementor-section-height-min-height elementor-section-boxed elementor-section-height-default elementor-section-items-middle\" data-id=\"17da3d46\" data-element_type=\"section\">\n\t\t\t\t\t\t<div class=\"elementor-container elementor-column-gap-narrow\">\n\t\t\t\t\t<div class=\"elementor-column elementor-col-50 elementor-top-column elementor-element elementor-element-754ade8e\" data-id=\"754ade8e\" data-element_type=\"column\">\n\t\t\t<div class=\"elementor-widget-wrap elementor-element-populated\">\n\t\t\t\t\t\t<div class=\"elementor-element elementor-element-4e81e41 elementor-widget elementor-widget-text-editor\" data-id=\"4e81e41\" data-element_type=\"widget\" data-widget_type=\"text-editor.default\">\n\t\t\t\t<div class=\"elementor-widget-container\">\n\t\t\t\t\t\t\t\t\t<h2 class=\"elementor-heading-title elementor-size-default\" style=\"font-size: 18px;font-style: normal;margin-bottom: 0px;line-height: 1\"><b>K\u00e9rd\u00e9se van? Keressen minket bizalommal!<\/b><\/h2>\t\t\t\t\t\t\t\t<\/div>\n\t\t\t\t<\/div>\n\t\t\t\t<div class=\"elementor-element elementor-element-49fa90c4 elementor-align-center elementor-widget elementor-widget-button\" data-id=\"49fa90c4\" data-element_type=\"widget\" data-widget_type=\"button.default\">\n\t\t\t\t<div class=\"elementor-widget-container\">\n\t\t\t\t\t\t\t\t\t<div class=\"elementor-button-wrapper\">\n\t\t\t\t\t<a class=\"elementor-button elementor-button-link elementor-size-sm\" href=\"mailto:hungary@dlapiper.com\">\n\t\t\t\t\t\t<span class=\"elementor-button-content-wrapper\">\n\t\t\t\t\t\t\t\t\t<span class=\"elementor-button-text\">Kapcsolatfelv\u00e9tel<\/span>\n\t\t\t\t\t<\/span>\n\t\t\t\t\t<\/a>\n\t\t\t\t<\/div>\n\t\t\t\t\t\t\t\t<\/div>\n\t\t\t\t<\/div>\n\t\t\t\t\t<\/div>\n\t\t<\/div>\n\t\t\t\t<div class=\"elementor-column elementor-col-50 elementor-top-column elementor-element elementor-element-a1cfc60\" data-id=\"a1cfc60\" data-element_type=\"column\">\n\t\t\t<div class=\"elementor-widget-wrap elementor-element-populated\">\n\t\t\t\t\t\t<div class=\"elementor-element elementor-element-13120f6f elementor-widget elementor-widget-text-editor\" data-id=\"13120f6f\" data-element_type=\"widget\" data-widget_type=\"text-editor.default\">\n\t\t\t\t<div class=\"elementor-widget-container\">\n\t\t\t\t\t\t\t\t\t<h2 class=\"elementor-heading-title elementor-size-default\" style=\"font-size: 18px;font-style: normal;margin-bottom: 0px;line-height: 1\"><b>K\u00f6vesse LinkedIn oldalunkat!<\/b><\/h2>\t\t\t\t\t\t\t\t<\/div>\n\t\t\t\t<\/div>\n\t\t\t\t<div class=\"elementor-element elementor-element-5f3a2e9a elementor-align-center elementor-widget elementor-widget-button\" data-id=\"5f3a2e9a\" data-element_type=\"widget\" data-widget_type=\"button.default\">\n\t\t\t\t<div class=\"elementor-widget-container\">\n\t\t\t\t\t\t\t\t\t<div class=\"elementor-button-wrapper\">\n\t\t\t\t\t<a class=\"elementor-button elementor-button-link elementor-size-sm\" href=\"https:\/\/www.linkedin.com\/showcase\/dla-piper-hungary\">\n\t\t\t\t\t\t<span class=\"elementor-button-content-wrapper\">\n\t\t\t\t\t\t\t\t\t<span class=\"elementor-button-text\">DLA Piper Hungary<\/span>\n\t\t\t\t\t<\/span>\n\t\t\t\t\t<\/a>\n\t\t\t\t<\/div>\n\t\t\t\t\t\t\t\t<\/div>\n\t\t\t\t<\/div>\n\t\t\t\t\t<\/div>\n\t\t<\/div>\n\t\t\t\t\t<\/div>\n\t\t<\/section>\n\t\t\t\t<section class=\"elementor-section elementor-top-section elementor-element elementor-element-e06e292 elementor-section-boxed elementor-section-height-default elementor-section-height-default\" data-id=\"e06e292\" data-element_type=\"section\">\n\t\t\t\t\t\t<div class=\"elementor-container elementor-column-gap-default\">\n\t\t\t\t\t<div class=\"elementor-column elementor-col-100 elementor-top-column elementor-element elementor-element-8e1c9dc\" data-id=\"8e1c9dc\" data-element_type=\"column\">\n\t\t\t<div class=\"elementor-widget-wrap elementor-element-populated\">\n\t\t\t\t\t\t<div class=\"elementor-element elementor-element-5241f60 elementor-widget elementor-widget-spacer\" data-id=\"5241f60\" data-element_type=\"widget\" data-widget_type=\"spacer.default\">\n\t\t\t\t<div class=\"elementor-widget-container\">\n\t\t\t\t\t\t\t<div class=\"elementor-spacer\">\n\t\t\t<div class=\"elementor-spacer-inner\"><\/div>\n\t\t<\/div>\n\t\t\t\t\t\t<\/div>\n\t\t\t\t<\/div>\n\t\t\t\t\t<\/div>\n\t\t<\/div>\n\t\t\t\t\t<\/div>\n\t\t<\/section>\n\t\t\t\t<section class=\"elementor-section elementor-top-section elementor-element elementor-element-603a42f elementor-section-boxed elementor-section-height-default elementor-section-height-default\" data-id=\"603a42f\" data-element_type=\"section\">\n\t\t\t\t\t\t<div class=\"elementor-container elementor-column-gap-default\">\n\t\t\t\t\t<div class=\"elementor-column elementor-col-100 elementor-top-column elementor-element elementor-element-32f2117\" data-id=\"32f2117\" data-element_type=\"column\">\n\t\t\t<div class=\"elementor-widget-wrap elementor-element-populated\">\n\t\t\t\t\t\t<div class=\"elementor-element elementor-element-bae97f4 elementor-widget elementor-widget-text-editor\" data-id=\"bae97f4\" data-element_type=\"widget\" data-widget_type=\"text-editor.default\">\n\t\t\t\t<div class=\"elementor-widget-container\">\n\t\t\t\t\t\t\t\t\t<p><strong>Kapcsol\u00f3d\u00f3 tartalmaink ESG t\u00e9m\u00e1ban<\/strong><\/p>\t\t\t\t\t\t\t\t<\/div>\n\t\t\t\t<\/div>\n\t\t\t\t\t<\/div>\n\t\t<\/div>\n\t\t\t\t\t<\/div>\n\t\t<\/section>\n\t\t\t\t<section class=\"elementor-section elementor-top-section elementor-element elementor-element-7c399cee elementor-section-boxed elementor-section-height-default elementor-section-height-default\" data-id=\"7c399cee\" data-element_type=\"section\">\n\t\t\t\t\t\t<div class=\"elementor-container elementor-column-gap-default\">\n\t\t\t\t\t<div class=\"elementor-column elementor-col-100 elementor-top-column elementor-element elementor-element-10bb0842\" data-id=\"10bb0842\" data-element_type=\"column\">\n\t\t\t<div class=\"elementor-widget-wrap elementor-element-populated\">\n\t\t\t\t\t\t<div class=\"elementor-element elementor-element-55ef4323 elementor-grid-3 elementor-grid-tablet-2 elementor-grid-mobile-1 elementor-posts--thumbnail-top elementor-posts--show-avatar elementor-card-shadow-yes elementor-posts__hover-gradient elementor-widget elementor-widget-posts\" data-id=\"55ef4323\" data-element_type=\"widget\" data-settings=\"{&quot;cards_columns&quot;:&quot;3&quot;,&quot;cards_columns_tablet&quot;:&quot;2&quot;,&quot;cards_columns_mobile&quot;:&quot;1&quot;,&quot;cards_row_gap&quot;:{&quot;unit&quot;:&quot;px&quot;,&quot;size&quot;:35,&quot;sizes&quot;:[]},&quot;cards_row_gap_tablet&quot;:{&quot;unit&quot;:&quot;px&quot;,&quot;size&quot;:&quot;&quot;,&quot;sizes&quot;:[]},&quot;cards_row_gap_mobile&quot;:{&quot;unit&quot;:&quot;px&quot;,&quot;size&quot;:&quot;&quot;,&quot;sizes&quot;:[]}}\" data-widget_type=\"posts.cards\">\n\t\t\t\t<div class=\"elementor-widget-container\">\n\t\t\t\t\t\t\t<div class=\"elementor-posts-container elementor-posts elementor-posts--skin-cards elementor-grid\" role=\"list\">\n\t\t\t\t<article class=\"elementor-post elementor-grid-item post-5448 post type-post status-publish format-standard has-post-thumbnail hentry category-esg tag-esg-torveny-modositasok\" role=\"listitem\">\n\t\t\t<div class=\"elementor-post__card\">\n\t\t\t\t<a class=\"elementor-post__thumbnail__link\" href=\"https:\/\/blogs.dlapiper.com\/advocatus\/2025\/06\/ujabb-konnyitesek-a-cegek-fenntarthatosagi-jelentesteteli-kotelezettsegeiben-elfogadtak-az-esg-torveny-es-a-szamviteli-torveny-modositasat\/\" tabindex=\"-1\" ><div class=\"elementor-post__thumbnail\"><img loading=\"lazy\" decoding=\"async\" width=\"300\" height=\"75\" src=\"https:\/\/blogs.dlapiper.com\/advocatus\/files\/2025\/03\/esg-torveny-300x75.jpg\" class=\"attachment-medium size-medium wp-image-5203\" alt=\"esg-torveny\" srcset=\"https:\/\/blogs.dlapiper.com\/advocatus\/files\/2025\/03\/esg-torveny-300x75.jpg 300w, https:\/\/blogs.dlapiper.com\/advocatus\/files\/2025\/03\/esg-torveny-1024x256.jpg 1024w, https:\/\/blogs.dlapiper.com\/advocatus\/files\/2025\/03\/esg-torveny-768x192.jpg 768w, https:\/\/blogs.dlapiper.com\/advocatus\/files\/2025\/03\/esg-torveny.jpg 1200w\" sizes=\"(max-width: 300px) 100vw, 300px\" \/><\/div><\/a>\n\t\t\t\t<div class=\"elementor-post__badge\">ESG<\/div>\n\t\t\t\t<div class=\"elementor-post__avatar\">\n\t\t\t\t\t<\/div>\n\t\t\t\t<div class=\"elementor-post__text\">\n\t\t\t\t<h4 class=\"elementor-post__title\">\n\t\t\t<a href=\"https:\/\/blogs.dlapiper.com\/advocatus\/2025\/06\/ujabb-konnyitesek-a-cegek-fenntarthatosagi-jelentesteteli-kotelezettsegeiben-elfogadtak-az-esg-torveny-es-a-szamviteli-torveny-modositasat\/\" >\n\t\t\t\t\u00dajabb k\u00f6nny\u00edt\u00e9sek a c\u00e9gek fenntarthat\u00f3s\u00e1gi jelent\u00e9st\u00e9teli k\u00f6telezetts\u00e9geiben &#8211; elfogadt\u00e1k az ESG t\u00f6rv\u00e9ny \u00e9s a sz\u00e1mviteli t\u00f6rv\u00e9ny m\u00f3dos\u00edt\u00e1s\u00e1t\t\t\t<\/a>\n\t\t<\/h4>\n\t\t\t\t<div class=\"elementor-post__excerpt\">\n\t\t\t<p>Megjelent a 2023. \u00e9vi CVIII. t\u00f6rv\u00e9ny, azaz az ESG t\u00f6rv\u00e9ny \u00e9s a sz\u00e1mviteli t\u00f6rv\u00e9ny \u00fajabb m\u00f3dos\u00edt\u00e1sa, ami \u00fajabb k\u00f6nny\u00edt\u00e9seket hoz a hazai v\u00e1llalkoz\u00e1sok fenntarthat\u00f3s\u00e1gi \u00e9s kapcsol\u00f3d\u00f3 jelent\u00e9st\u00e9teli k\u00f6telezetts\u00e9geiben. <\/p>\n\t\t<\/div>\n\t\t\n\t\t<a class=\"elementor-post__read-more\" href=\"https:\/\/blogs.dlapiper.com\/advocatus\/2025\/06\/ujabb-konnyitesek-a-cegek-fenntarthatosagi-jelentesteteli-kotelezettsegeiben-elfogadtak-az-esg-torveny-es-a-szamviteli-torveny-modositasat\/\" aria-label=\"Read more about \u00dajabb k\u00f6nny\u00edt\u00e9sek a c\u00e9gek fenntarthat\u00f3s\u00e1gi jelent\u00e9st\u00e9teli k\u00f6telezetts\u00e9geiben &#8211; elfogadt\u00e1k az ESG t\u00f6rv\u00e9ny \u00e9s a sz\u00e1mviteli t\u00f6rv\u00e9ny m\u00f3dos\u00edt\u00e1s\u00e1t\" tabindex=\"-1\" >\n\t\t\tTov\u00e1bb &gt;&gt;\t\t<\/a>\n\n\t\t\t\t<\/div>\n\t\t\t\t<div class=\"elementor-post__meta-data\">\n\t\t\t\t\t<span class=\"elementor-post-author\">\n\t\t\tDLA Piper\t\t<\/span>\n\t\t\t\t<span class=\"elementor-post-date\">\n\t\t\t2025-06-27\t\t<\/span>\n\t\t\t\t<\/div>\n\t\t\t\t\t<\/div>\n\t\t<\/article>\n\t\t\t\t<article class=\"elementor-post elementor-grid-item post-5197 post type-post status-publish format-standard has-post-thumbnail hentry category-esg tag-esg-jelentesteteli-kotelezettsegek tag-esg-torveny tag-modositasi-javaslat\" role=\"listitem\">\n\t\t\t<div class=\"elementor-post__card\">\n\t\t\t\t<a class=\"elementor-post__thumbnail__link\" href=\"https:\/\/blogs.dlapiper.com\/advocatus\/2025\/03\/ismet-valtozhat-az-esg-torveny-a-magyar-vallalkozasok-is-mentesulhetnek-az-esg-jelentesteteli-kotelezettsegek-alol\/\" tabindex=\"-1\" ><div class=\"elementor-post__thumbnail\"><img loading=\"lazy\" decoding=\"async\" width=\"300\" height=\"75\" src=\"https:\/\/blogs.dlapiper.com\/advocatus\/files\/2025\/03\/esg-torveny-300x75.jpg\" class=\"attachment-medium size-medium wp-image-5203\" alt=\"esg-torveny\" srcset=\"https:\/\/blogs.dlapiper.com\/advocatus\/files\/2025\/03\/esg-torveny-300x75.jpg 300w, https:\/\/blogs.dlapiper.com\/advocatus\/files\/2025\/03\/esg-torveny-1024x256.jpg 1024w, https:\/\/blogs.dlapiper.com\/advocatus\/files\/2025\/03\/esg-torveny-768x192.jpg 768w, https:\/\/blogs.dlapiper.com\/advocatus\/files\/2025\/03\/esg-torveny.jpg 1200w\" sizes=\"(max-width: 300px) 100vw, 300px\" \/><\/div><\/a>\n\t\t\t\t<div class=\"elementor-post__badge\">ESG<\/div>\n\t\t\t\t<div class=\"elementor-post__avatar\">\n\t\t\t\t\t<\/div>\n\t\t\t\t<div class=\"elementor-post__text\">\n\t\t\t\t<h4 class=\"elementor-post__title\">\n\t\t\t<a href=\"https:\/\/blogs.dlapiper.com\/advocatus\/2025\/03\/ismet-valtozhat-az-esg-torveny-a-magyar-vallalkozasok-is-mentesulhetnek-az-esg-jelentesteteli-kotelezettsegek-alol\/\" >\n\t\t\t\tIsm\u00e9t v\u00e1ltozhat az ESG t\u00f6rv\u00e9ny \u2013 a magyar v\u00e1llalkoz\u00e1sok is mentes\u00fclhetnek az ESG jelent\u00e9st\u00e9teli k\u00f6telezetts\u00e9gek al\u00f3l\t\t\t<\/a>\n\t\t<\/h4>\n\t\t\t\t<div class=\"elementor-post__excerpt\">\n\t\t\t<p>A m\u00falt h\u00e9t v\u00e9g\u00e9n megjelent a Nemzetgazdas\u00e1gi Miniszt\u00e9rium \u00e9s az SZTFH \u00e1ltal jegyzett javaslat a 2023. \u00e9vi CVIII. t\u00f6rv\u00e9ny, azaz az ESG t\u00f6rv\u00e9ny \u00fajabb m\u00f3dos\u00edt\u00e1s\u00e1r\u00f3l. <\/p>\n\t\t<\/div>\n\t\t\n\t\t<a class=\"elementor-post__read-more\" href=\"https:\/\/blogs.dlapiper.com\/advocatus\/2025\/03\/ismet-valtozhat-az-esg-torveny-a-magyar-vallalkozasok-is-mentesulhetnek-az-esg-jelentesteteli-kotelezettsegek-alol\/\" aria-label=\"Read more about Ism\u00e9t v\u00e1ltozhat az ESG t\u00f6rv\u00e9ny \u2013 a magyar v\u00e1llalkoz\u00e1sok is mentes\u00fclhetnek az ESG jelent\u00e9st\u00e9teli k\u00f6telezetts\u00e9gek al\u00f3l\" tabindex=\"-1\" >\n\t\t\tTov\u00e1bb &gt;&gt;\t\t<\/a>\n\n\t\t\t\t<\/div>\n\t\t\t\t<div class=\"elementor-post__meta-data\">\n\t\t\t\t\t<span class=\"elementor-post-author\">\n\t\t\tDLA Piper\t\t<\/span>\n\t\t\t\t<span class=\"elementor-post-date\">\n\t\t\t2025-03-24\t\t<\/span>\n\t\t\t\t<\/div>\n\t\t\t\t\t<\/div>\n\t\t<\/article>\n\t\t\t\t<article class=\"elementor-post elementor-grid-item post-5166 post type-post status-publish format-standard has-post-thumbnail hentry category-esg tag-cbam tag-csddd tag-csrd tag-javaslatcsomag tag-modositas tag-omnibusz\" role=\"listitem\">\n\t\t\t<div class=\"elementor-post__card\">\n\t\t\t\t<a class=\"elementor-post__thumbnail__link\" href=\"https:\/\/blogs.dlapiper.com\/advocatus\/2025\/03\/omnibusz-reszletesen-a-bizottsag-jelentesteteli-javaslatcsomagjarol\/\" tabindex=\"-1\" ><div class=\"elementor-post__thumbnail\"><img loading=\"lazy\" decoding=\"async\" width=\"300\" height=\"75\" src=\"https:\/\/blogs.dlapiper.com\/advocatus\/files\/2025\/03\/advocatus-header-43-300x75.png\" class=\"attachment-medium size-medium wp-image-5179\" alt=\"Omnibusz ESG\" srcset=\"https:\/\/blogs.dlapiper.com\/advocatus\/files\/2025\/03\/advocatus-header-43-300x75.png 300w, https:\/\/blogs.dlapiper.com\/advocatus\/files\/2025\/03\/advocatus-header-43-1024x256.png 1024w, https:\/\/blogs.dlapiper.com\/advocatus\/files\/2025\/03\/advocatus-header-43-768x192.png 768w, https:\/\/blogs.dlapiper.com\/advocatus\/files\/2025\/03\/advocatus-header-43.png 1200w\" sizes=\"(max-width: 300px) 100vw, 300px\" \/><\/div><\/a>\n\t\t\t\t<div class=\"elementor-post__badge\">ESG<\/div>\n\t\t\t\t<div class=\"elementor-post__avatar\">\n\t\t\t\t\t<\/div>\n\t\t\t\t<div class=\"elementor-post__text\">\n\t\t\t\t<h4 class=\"elementor-post__title\">\n\t\t\t<a href=\"https:\/\/blogs.dlapiper.com\/advocatus\/2025\/03\/omnibusz-reszletesen-a-bizottsag-jelentesteteli-javaslatcsomagjarol\/\" >\n\t\t\t\tOmnibusz \u2013 R\u00e9szletesen a Bizotts\u00e1g jelent\u00e9st\u00e9teli javaslatcsomagj\u00e1r\u00f3l\t\t\t<\/a>\n\t\t<\/h4>\n\t\t\t\t<div class=\"elementor-post__excerpt\">\n\t\t\t<p>Az Eur\u00f3pai Bizotts\u00e1g 2025. febru\u00e1r 26-\u00e1n mutatta be \u00e1tfog\u00f3 javaslat\u00e1t a v\u00e1llalati fenntarthat\u00f3s\u00e1gi jelent\u00e9sr\u0151l sz\u00f3l\u00f3 ir\u00e1nyelv (CSRD), a v\u00e1llalati fenntarthat\u00f3s\u00e1gi \u00e1tvil\u00e1g\u00edt\u00e1si ir\u00e1nyelv (CSDDD) \u00e9s az uni\u00f3s taxon\u00f3miai rendelet m\u00f3dos\u00edt\u00e1s\u00e1ra. <\/p>\n\t\t<\/div>\n\t\t\n\t\t<a class=\"elementor-post__read-more\" href=\"https:\/\/blogs.dlapiper.com\/advocatus\/2025\/03\/omnibusz-reszletesen-a-bizottsag-jelentesteteli-javaslatcsomagjarol\/\" aria-label=\"Read more about Omnibusz \u2013 R\u00e9szletesen a Bizotts\u00e1g jelent\u00e9st\u00e9teli javaslatcsomagj\u00e1r\u00f3l\" tabindex=\"-1\" >\n\t\t\tTov\u00e1bb &gt;&gt;\t\t<\/a>\n\n\t\t\t\t<\/div>\n\t\t\t\t<div class=\"elementor-post__meta-data\">\n\t\t\t\t\t<span class=\"elementor-post-author\">\n\t\t\tDLA Piper\t\t<\/span>\n\t\t\t\t<span class=\"elementor-post-date\">\n\t\t\t2025-03-14\t\t<\/span>\n\t\t\t\t<\/div>\n\t\t\t\t\t<\/div>\n\t\t<\/article>\n\t\t\t\t<\/div>\n\t\t\n\t\t\t\t\t\t<\/div>\n\t\t\t\t<\/div>\n\t\t\t\t\t<\/div>\n\t\t<\/div>\n\t\t\t\t\t<\/div>\n\t\t<\/section>\n\t\t\t\t<section class=\"elementor-section elementor-top-section elementor-element elementor-element-b87c909 elementor-section-boxed elementor-section-height-default elementor-section-height-default\" data-id=\"b87c909\" data-element_type=\"section\">\n\t\t\t\t\t\t<div class=\"elementor-container elementor-column-gap-default\">\n\t\t\t\t\t<div class=\"elementor-column elementor-col-100 elementor-top-column elementor-element elementor-element-865a429\" data-id=\"865a429\" data-element_type=\"column\">\n\t\t\t<div class=\"elementor-widget-wrap elementor-element-populated\">\n\t\t\t\t\t\t<div class=\"elementor-element elementor-element-d4e27f0 elementor-widget elementor-widget-video\" data-id=\"d4e27f0\" data-element_type=\"widget\" data-settings=\"{&quot;youtube_url&quot;:&quot;https:\\\/\\\/www.youtube.com\\\/watch?v=XHOmBV4js_E&quot;,&quot;video_type&quot;:&quot;youtube&quot;,&quot;controls&quot;:&quot;yes&quot;}\" data-widget_type=\"video.default\">\n\t\t\t\t<div class=\"elementor-widget-container\">\n\t\t\t\t\t\t\t<div class=\"elementor-wrapper elementor-open-inline\">\n\t\t\t<div class=\"elementor-video\"><\/div>\t\t<\/div>\n\t\t\t\t\t\t<\/div>\n\t\t\t\t<\/div>\n\t\t\t\t\t<\/div>\n\t\t<\/div>\n\t\t\t\t\t<\/div>\n\t\t<\/section>\n\t\t\t\t<\/div>\n\t\t","protected":false},"excerpt":{"rendered":"<p>Az Orsz\u00e1ggy\u0171l\u00e9s 2023. december\u00e9ben elfogadta a fenntarthat\u00f3s\u00e1gi jelent\u00e9st\u00e9teli k\u00f6telezetts\u00e9gr\u0151l \u00e9s fenntarthat\u00f3s\u00e1gi \u00e1tvil\u00e1g\u00edt\u00e1si k\u00f6telezetts\u00e9gr\u0151l sz\u00f3l\u00f3 t\u00f6rv\u00e9nyt, amelynek az \u00e9rintett v\u00e1llalkoz\u00e1sokra ir\u00e1nyad\u00f3 fenntarthat\u00f3s\u00e1gi c\u00e9l\u00fa \u00e1tvil\u00e1g\u00edt\u00e1si, valamint jelent\u00e9st\u00e9teli \u00e9s besz\u00e1mol\u00e1si k\u00f6telezetts\u00e9geket meg\u00e1llap\u00edt\u00f3 rendelkez\u00e9sei m\u00e1r 2024. janu\u00e1r 1-j\u00e9t\u0151l hat\u00e1lyosak. <\/p>\n","protected":false},"author":810,"featured_media":4567,"comment_status":"closed","ping_status":"closed","sticky":false,"template":"","format":"standard","meta":{"site-sidebar-layout":"default","site-content-layout":"","ast-site-content-layout":"default","site-content-style":"default","site-sidebar-style":"default","ast-global-header-display":"","ast-banner-title-visibility":"","ast-main-header-display":"","ast-hfb-above-header-display":"","ast-hfb-below-header-display":"","ast-hfb-mobile-header-display":"","site-post-title":"","ast-breadcrumbs-content":"","ast-featured-img":"","footer-sml-layout":"","theme-transparent-header-meta":"","adv-header-id-meta":"","stick-header-meta":"","header-above-stick-meta":"","header-main-stick-meta":"","header-below-stick-meta":"","astra-migrate-meta-layouts":"set","ast-page-background-enabled":"default","ast-page-background-meta":{"desktop":{"background-color":"","background-image":"","background-repeat":"repeat","background-position":"center center","background-size":"auto","background-attachment":"scroll","background-type":"","background-media":"","overlay-type":"","overlay-color":"","overlay-opacity":"","overlay-gradient":""},"tablet":{"background-color":"","background-image":"","background-repeat":"repeat","background-position":"center center","background-size":"auto","background-attachment":"scroll","background-type":"","background-media":"","overlay-type":"","overlay-color":"","overlay-opacity":"","overlay-gradient":""},"mobile":{"background-color":"","background-image":"","background-repeat":"repeat","background-position":"center center","background-size":"auto","background-attachment":"scroll","background-type":"","background-media":"","overlay-type":"","overlay-color":"","overlay-opacity":"","overlay-gradient":""}},"ast-content-background-meta":{"desktop":{"background-color":"var(--ast-global-color-5)","background-image":"","background-repeat":"repeat","background-position":"center center","background-size":"auto","background-attachment":"scroll","background-type":"","background-media":"","overlay-type":"","overlay-color":"","overlay-opacity":"","overlay-gradient":""},"tablet":{"background-color":"var(--ast-global-color-5)","background-image":"","background-repeat":"repeat","background-position":"center center","background-size":"auto","background-attachment":"scroll","background-type":"","background-media":"","overlay-type":"","overlay-color":"","overlay-opacity":"","overlay-gradient":""},"mobile":{"background-color":"var(--ast-global-color-5)","background-image":"","background-repeat":"repeat","background-position":"center center","background-size":"auto","background-attachment":"scroll","background-type":"","background-media":"","overlay-type":"","overlay-color":"","overlay-opacity":"","overlay-gradient":""}},"footnotes":""},"categories":[1282],"tags":[779,1393,685,1405],"coauthors":[1394,705],"class_list":["post-4566","post","type-post","status-publish","format-standard","has-post-thumbnail","hentry","category-esg","tag-esg","tag-esg-torveny","tag-fenntarthatosag","tag-portfolioblogger"],"yoast_head":"<!-- This site is optimized with the Yoast SEO plugin v26.1 - https:\/\/yoast.com\/wordpress\/plugins\/seo\/ -->\n<title>T\u00f6rv\u00e9nyi k\u00f6telezetts\u00e9g lett a fenntarthat\u00f3s\u00e1g | DLA Piper Hungary<\/title>\n<meta name=\"description\" content=\"Janu\u00e1r 1-j\u00e9n hat\u00e1lyba l\u00e9pett az \u00faj ESG t\u00f6rv\u00e9ny - m\u00e1r t\u00f6rv\u00e9nyi k\u00f6telezetts\u00e9gg\u00e9 v\u00e1lt a fenntarthat\u00f3s\u00e1g. Ismerje meg a t\u00f6rv\u00e9ny r\u00e9szleteit!\" \/>\n<meta name=\"robots\" content=\"index, follow, max-snippet:-1, max-image-preview:large, max-video-preview:-1\" \/>\n<link rel=\"canonical\" href=\"https:\/\/blogs.dlapiper.com\/advocatus\/2024\/01\/torvenyi-kotelezettseg-lett-a-fenntarthatosag-hatalyba-lepett-az-uj-esg-torveny\/\" \/>\n<meta property=\"og:locale\" content=\"en_GB\" \/>\n<meta property=\"og:type\" content=\"article\" \/>\n<meta property=\"og:title\" content=\"T\u00f6rv\u00e9nyi k\u00f6telezetts\u00e9g lett a fenntarthat\u00f3s\u00e1g | DLA Piper Hungary\" \/>\n<meta property=\"og:description\" content=\"Janu\u00e1r 1-j\u00e9n hat\u00e1lyba l\u00e9pett az \u00faj ESG t\u00f6rv\u00e9ny - m\u00e1r t\u00f6rv\u00e9nyi k\u00f6telezetts\u00e9gg\u00e9 v\u00e1lt a fenntarthat\u00f3s\u00e1g. Ismerje meg a t\u00f6rv\u00e9ny r\u00e9szleteit!\" \/>\n<meta property=\"og:url\" content=\"https:\/\/blogs.dlapiper.com\/advocatus\/2024\/01\/torvenyi-kotelezettseg-lett-a-fenntarthatosag-hatalyba-lepett-az-uj-esg-torveny\/\" \/>\n<meta property=\"og:site_name\" content=\"Advocatus\" \/>\n<meta property=\"article:published_time\" content=\"2024-01-16T14:18:12+00:00\" \/>\n<meta property=\"article:modified_time\" content=\"2024-02-16T09:55:19+00:00\" \/>\n<meta property=\"og:image\" content=\"https:\/\/blogs.dlapiper.com\/advocatus\/files\/2024\/01\/advocatus-header-31.png\" \/>\n\t<meta property=\"og:image:width\" content=\"1200\" \/>\n\t<meta property=\"og:image:height\" content=\"300\" \/>\n\t<meta property=\"og:image:type\" content=\"image\/png\" \/>\n<meta name=\"author\" content=\"DLA Piper\" \/>\n<meta name=\"twitter:card\" content=\"summary_large_image\" \/>\n<meta name=\"twitter:label1\" content=\"Written by\" \/>\n\t<meta name=\"twitter:data1\" content=\"DLA Piper\" \/>\n\t<meta name=\"twitter:label2\" content=\"Estimated reading time\" \/>\n\t<meta name=\"twitter:data2\" content=\"13 minutes\" \/>\n<script type=\"application\/ld+json\" class=\"yoast-schema-graph\">{\"@context\":\"https:\/\/schema.org\",\"@graph\":[{\"@type\":\"Article\",\"@id\":\"https:\/\/blogs.dlapiper.com\/advocatus\/2024\/01\/torvenyi-kotelezettseg-lett-a-fenntarthatosag-hatalyba-lepett-az-uj-esg-torveny\/#article\",\"isPartOf\":{\"@id\":\"https:\/\/blogs.dlapiper.com\/advocatus\/2024\/01\/torvenyi-kotelezettseg-lett-a-fenntarthatosag-hatalyba-lepett-az-uj-esg-torveny\/\"},\"author\":{\"name\":\"ESG Budapest\",\"@id\":\"https:\/\/blogs.dlapiper.com\/advocatus\/#\/schema\/person\/9fcea38a08ae131336846553a95649bd\"},\"headline\":\"T\u00f6rv\u00e9nyi k\u00f6telezetts\u00e9g lett a fenntarthat\u00f3s\u00e1g, hat\u00e1lyba l\u00e9pett az \u00faj ESG t\u00f6rv\u00e9ny\",\"datePublished\":\"2024-01-16T14:18:12+00:00\",\"dateModified\":\"2024-02-16T09:55:19+00:00\",\"mainEntityOfPage\":{\"@id\":\"https:\/\/blogs.dlapiper.com\/advocatus\/2024\/01\/torvenyi-kotelezettseg-lett-a-fenntarthatosag-hatalyba-lepett-az-uj-esg-torveny\/\"},\"wordCount\":4369,\"publisher\":{\"@id\":\"https:\/\/blogs.dlapiper.com\/advocatus\/#organization\"},\"image\":{\"@id\":\"https:\/\/blogs.dlapiper.com\/advocatus\/2024\/01\/torvenyi-kotelezettseg-lett-a-fenntarthatosag-hatalyba-lepett-az-uj-esg-torveny\/#primaryimage\"},\"thumbnailUrl\":\"https:\/\/blogs.dlapiper.com\/advocatus\/files\/2024\/01\/advocatus-header-31.png\",\"keywords\":[\"ESG\",\"ESG t\u00f6rv\u00e9ny\",\"fenntarthat\u00f3s\u00e1g\",\"portfolioblogger\"],\"articleSection\":[\"ESG\"],\"inLanguage\":\"en-GB\"},{\"@type\":\"WebPage\",\"@id\":\"https:\/\/blogs.dlapiper.com\/advocatus\/2024\/01\/torvenyi-kotelezettseg-lett-a-fenntarthatosag-hatalyba-lepett-az-uj-esg-torveny\/\",\"url\":\"https:\/\/blogs.dlapiper.com\/advocatus\/2024\/01\/torvenyi-kotelezettseg-lett-a-fenntarthatosag-hatalyba-lepett-az-uj-esg-torveny\/\",\"name\":\"T\u00f6rv\u00e9nyi k\u00f6telezetts\u00e9g lett a fenntarthat\u00f3s\u00e1g | DLA Piper Hungary\",\"isPartOf\":{\"@id\":\"https:\/\/blogs.dlapiper.com\/advocatus\/#website\"},\"primaryImageOfPage\":{\"@id\":\"https:\/\/blogs.dlapiper.com\/advocatus\/2024\/01\/torvenyi-kotelezettseg-lett-a-fenntarthatosag-hatalyba-lepett-az-uj-esg-torveny\/#primaryimage\"},\"image\":{\"@id\":\"https:\/\/blogs.dlapiper.com\/advocatus\/2024\/01\/torvenyi-kotelezettseg-lett-a-fenntarthatosag-hatalyba-lepett-az-uj-esg-torveny\/#primaryimage\"},\"thumbnailUrl\":\"https:\/\/blogs.dlapiper.com\/advocatus\/files\/2024\/01\/advocatus-header-31.png\",\"datePublished\":\"2024-01-16T14:18:12+00:00\",\"dateModified\":\"2024-02-16T09:55:19+00:00\",\"description\":\"Janu\u00e1r 1-j\u00e9n hat\u00e1lyba l\u00e9pett az \u00faj ESG t\u00f6rv\u00e9ny - m\u00e1r t\u00f6rv\u00e9nyi k\u00f6telezetts\u00e9gg\u00e9 v\u00e1lt a fenntarthat\u00f3s\u00e1g. Ismerje meg a t\u00f6rv\u00e9ny r\u00e9szleteit!\",\"breadcrumb\":{\"@id\":\"https:\/\/blogs.dlapiper.com\/advocatus\/2024\/01\/torvenyi-kotelezettseg-lett-a-fenntarthatosag-hatalyba-lepett-az-uj-esg-torveny\/#breadcrumb\"},\"inLanguage\":\"en-GB\",\"potentialAction\":[{\"@type\":\"ReadAction\",\"target\":[\"https:\/\/blogs.dlapiper.com\/advocatus\/2024\/01\/torvenyi-kotelezettseg-lett-a-fenntarthatosag-hatalyba-lepett-az-uj-esg-torveny\/\"]}]},{\"@type\":\"ImageObject\",\"inLanguage\":\"en-GB\",\"@id\":\"https:\/\/blogs.dlapiper.com\/advocatus\/2024\/01\/torvenyi-kotelezettseg-lett-a-fenntarthatosag-hatalyba-lepett-az-uj-esg-torveny\/#primaryimage\",\"url\":\"https:\/\/blogs.dlapiper.com\/advocatus\/files\/2024\/01\/advocatus-header-31.png\",\"contentUrl\":\"https:\/\/blogs.dlapiper.com\/advocatus\/files\/2024\/01\/advocatus-header-31.png\",\"width\":1200,\"height\":300,\"caption\":\"ESG t\u00f6rv\u00e9ny\"},{\"@type\":\"BreadcrumbList\",\"@id\":\"https:\/\/blogs.dlapiper.com\/advocatus\/2024\/01\/torvenyi-kotelezettseg-lett-a-fenntarthatosag-hatalyba-lepett-az-uj-esg-torveny\/#breadcrumb\",\"itemListElement\":[{\"@type\":\"ListItem\",\"position\":1,\"name\":\"Home\",\"item\":\"https:\/\/blogs.dlapiper.com\/advocatus\/\"},{\"@type\":\"ListItem\",\"position\":2,\"name\":\"T\u00f6rv\u00e9nyi k\u00f6telezetts\u00e9g lett a fenntarthat\u00f3s\u00e1g, hat\u00e1lyba l\u00e9pett az \u00faj ESG t\u00f6rv\u00e9ny\"}]},{\"@type\":\"WebSite\",\"@id\":\"https:\/\/blogs.dlapiper.com\/advocatus\/#website\",\"url\":\"https:\/\/blogs.dlapiper.com\/advocatus\/\",\"name\":\"Advocatus\",\"description\":\"A DLA Piper Jogi Blogja\",\"publisher\":{\"@id\":\"https:\/\/blogs.dlapiper.com\/advocatus\/#organization\"},\"potentialAction\":[{\"@type\":\"SearchAction\",\"target\":{\"@type\":\"EntryPoint\",\"urlTemplate\":\"https:\/\/blogs.dlapiper.com\/advocatus\/?s={search_term_string}\"},\"query-input\":{\"@type\":\"PropertyValueSpecification\",\"valueRequired\":true,\"valueName\":\"search_term_string\"}}],\"inLanguage\":\"en-GB\"},{\"@type\":\"Organization\",\"@id\":\"https:\/\/blogs.dlapiper.com\/advocatus\/#organization\",\"name\":\"Advocatus\",\"url\":\"https:\/\/blogs.dlapiper.com\/advocatus\/\",\"logo\":{\"@type\":\"ImageObject\",\"inLanguage\":\"en-GB\",\"@id\":\"https:\/\/blogs.dlapiper.com\/advocatus\/#\/schema\/logo\/image\/\",\"url\":\"https:\/\/blogs.dlapiper.com\/advocatus\/files\/2019\/06\/cropped-logo-144-1.png\",\"contentUrl\":\"https:\/\/blogs.dlapiper.com\/advocatus\/files\/2019\/06\/cropped-logo-144-1.png\",\"width\":223,\"height\":130,\"caption\":\"Advocatus\"},\"image\":{\"@id\":\"https:\/\/blogs.dlapiper.com\/advocatus\/#\/schema\/logo\/image\/\"},\"sameAs\":[\"https:\/\/www.linkedin.com\/showcase\/dla-piper-hungary\/\"]},{\"@type\":\"Person\",\"@id\":\"https:\/\/blogs.dlapiper.com\/advocatus\/#\/schema\/person\/9fcea38a08ae131336846553a95649bd\",\"name\":\"ESG Budapest\",\"url\":\"https:\/\/blogs.dlapiper.com\/advocatus\/author\/esgbudapest1\/\"}]}<\/script>\n<!-- \/ Yoast SEO plugin. -->","yoast_head_json":{"title":"T\u00f6rv\u00e9nyi k\u00f6telezetts\u00e9g lett a fenntarthat\u00f3s\u00e1g | DLA Piper Hungary","description":"Janu\u00e1r 1-j\u00e9n hat\u00e1lyba l\u00e9pett az \u00faj ESG t\u00f6rv\u00e9ny - m\u00e1r t\u00f6rv\u00e9nyi k\u00f6telezetts\u00e9gg\u00e9 v\u00e1lt a fenntarthat\u00f3s\u00e1g. Ismerje meg a t\u00f6rv\u00e9ny r\u00e9szleteit!","robots":{"index":"index","follow":"follow","max-snippet":"max-snippet:-1","max-image-preview":"max-image-preview:large","max-video-preview":"max-video-preview:-1"},"canonical":"https:\/\/blogs.dlapiper.com\/advocatus\/2024\/01\/torvenyi-kotelezettseg-lett-a-fenntarthatosag-hatalyba-lepett-az-uj-esg-torveny\/","og_locale":"en_GB","og_type":"article","og_title":"T\u00f6rv\u00e9nyi k\u00f6telezetts\u00e9g lett a fenntarthat\u00f3s\u00e1g | DLA Piper Hungary","og_description":"Janu\u00e1r 1-j\u00e9n hat\u00e1lyba l\u00e9pett az \u00faj ESG t\u00f6rv\u00e9ny - m\u00e1r t\u00f6rv\u00e9nyi k\u00f6telezetts\u00e9gg\u00e9 v\u00e1lt a fenntarthat\u00f3s\u00e1g. Ismerje meg a t\u00f6rv\u00e9ny r\u00e9szleteit!","og_url":"https:\/\/blogs.dlapiper.com\/advocatus\/2024\/01\/torvenyi-kotelezettseg-lett-a-fenntarthatosag-hatalyba-lepett-az-uj-esg-torveny\/","og_site_name":"Advocatus","article_published_time":"2024-01-16T14:18:12+00:00","article_modified_time":"2024-02-16T09:55:19+00:00","og_image":[{"width":1200,"height":300,"url":"https:\/\/blogs.dlapiper.com\/advocatus\/files\/2024\/01\/advocatus-header-31.png","type":"image\/png"}],"author":"DLA Piper","twitter_card":"summary_large_image","twitter_misc":{"Written by":"DLA Piper","Estimated reading time":"13 minutes"},"schema":{"@context":"https:\/\/schema.org","@graph":[{"@type":"Article","@id":"https:\/\/blogs.dlapiper.com\/advocatus\/2024\/01\/torvenyi-kotelezettseg-lett-a-fenntarthatosag-hatalyba-lepett-az-uj-esg-torveny\/#article","isPartOf":{"@id":"https:\/\/blogs.dlapiper.com\/advocatus\/2024\/01\/torvenyi-kotelezettseg-lett-a-fenntarthatosag-hatalyba-lepett-az-uj-esg-torveny\/"},"author":{"name":"ESG Budapest","@id":"https:\/\/blogs.dlapiper.com\/advocatus\/#\/schema\/person\/9fcea38a08ae131336846553a95649bd"},"headline":"T\u00f6rv\u00e9nyi k\u00f6telezetts\u00e9g lett a fenntarthat\u00f3s\u00e1g, hat\u00e1lyba l\u00e9pett az \u00faj ESG t\u00f6rv\u00e9ny","datePublished":"2024-01-16T14:18:12+00:00","dateModified":"2024-02-16T09:55:19+00:00","mainEntityOfPage":{"@id":"https:\/\/blogs.dlapiper.com\/advocatus\/2024\/01\/torvenyi-kotelezettseg-lett-a-fenntarthatosag-hatalyba-lepett-az-uj-esg-torveny\/"},"wordCount":4369,"publisher":{"@id":"https:\/\/blogs.dlapiper.com\/advocatus\/#organization"},"image":{"@id":"https:\/\/blogs.dlapiper.com\/advocatus\/2024\/01\/torvenyi-kotelezettseg-lett-a-fenntarthatosag-hatalyba-lepett-az-uj-esg-torveny\/#primaryimage"},"thumbnailUrl":"https:\/\/blogs.dlapiper.com\/advocatus\/files\/2024\/01\/advocatus-header-31.png","keywords":["ESG","ESG t\u00f6rv\u00e9ny","fenntarthat\u00f3s\u00e1g","portfolioblogger"],"articleSection":["ESG"],"inLanguage":"en-GB"},{"@type":"WebPage","@id":"https:\/\/blogs.dlapiper.com\/advocatus\/2024\/01\/torvenyi-kotelezettseg-lett-a-fenntarthatosag-hatalyba-lepett-az-uj-esg-torveny\/","url":"https:\/\/blogs.dlapiper.com\/advocatus\/2024\/01\/torvenyi-kotelezettseg-lett-a-fenntarthatosag-hatalyba-lepett-az-uj-esg-torveny\/","name":"T\u00f6rv\u00e9nyi k\u00f6telezetts\u00e9g lett a fenntarthat\u00f3s\u00e1g | DLA Piper Hungary","isPartOf":{"@id":"https:\/\/blogs.dlapiper.com\/advocatus\/#website"},"primaryImageOfPage":{"@id":"https:\/\/blogs.dlapiper.com\/advocatus\/2024\/01\/torvenyi-kotelezettseg-lett-a-fenntarthatosag-hatalyba-lepett-az-uj-esg-torveny\/#primaryimage"},"image":{"@id":"https:\/\/blogs.dlapiper.com\/advocatus\/2024\/01\/torvenyi-kotelezettseg-lett-a-fenntarthatosag-hatalyba-lepett-az-uj-esg-torveny\/#primaryimage"},"thumbnailUrl":"https:\/\/blogs.dlapiper.com\/advocatus\/files\/2024\/01\/advocatus-header-31.png","datePublished":"2024-01-16T14:18:12+00:00","dateModified":"2024-02-16T09:55:19+00:00","description":"Janu\u00e1r 1-j\u00e9n hat\u00e1lyba l\u00e9pett az \u00faj ESG t\u00f6rv\u00e9ny - m\u00e1r t\u00f6rv\u00e9nyi k\u00f6telezetts\u00e9gg\u00e9 v\u00e1lt a fenntarthat\u00f3s\u00e1g. Ismerje meg a t\u00f6rv\u00e9ny r\u00e9szleteit!","breadcrumb":{"@id":"https:\/\/blogs.dlapiper.com\/advocatus\/2024\/01\/torvenyi-kotelezettseg-lett-a-fenntarthatosag-hatalyba-lepett-az-uj-esg-torveny\/#breadcrumb"},"inLanguage":"en-GB","potentialAction":[{"@type":"ReadAction","target":["https:\/\/blogs.dlapiper.com\/advocatus\/2024\/01\/torvenyi-kotelezettseg-lett-a-fenntarthatosag-hatalyba-lepett-az-uj-esg-torveny\/"]}]},{"@type":"ImageObject","inLanguage":"en-GB","@id":"https:\/\/blogs.dlapiper.com\/advocatus\/2024\/01\/torvenyi-kotelezettseg-lett-a-fenntarthatosag-hatalyba-lepett-az-uj-esg-torveny\/#primaryimage","url":"https:\/\/blogs.dlapiper.com\/advocatus\/files\/2024\/01\/advocatus-header-31.png","contentUrl":"https:\/\/blogs.dlapiper.com\/advocatus\/files\/2024\/01\/advocatus-header-31.png","width":1200,"height":300,"caption":"ESG t\u00f6rv\u00e9ny"},{"@type":"BreadcrumbList","@id":"https:\/\/blogs.dlapiper.com\/advocatus\/2024\/01\/torvenyi-kotelezettseg-lett-a-fenntarthatosag-hatalyba-lepett-az-uj-esg-torveny\/#breadcrumb","itemListElement":[{"@type":"ListItem","position":1,"name":"Home","item":"https:\/\/blogs.dlapiper.com\/advocatus\/"},{"@type":"ListItem","position":2,"name":"T\u00f6rv\u00e9nyi k\u00f6telezetts\u00e9g lett a fenntarthat\u00f3s\u00e1g, hat\u00e1lyba l\u00e9pett az \u00faj ESG t\u00f6rv\u00e9ny"}]},{"@type":"WebSite","@id":"https:\/\/blogs.dlapiper.com\/advocatus\/#website","url":"https:\/\/blogs.dlapiper.com\/advocatus\/","name":"Advocatus","description":"A DLA Piper Jogi Blogja","publisher":{"@id":"https:\/\/blogs.dlapiper.com\/advocatus\/#organization"},"potentialAction":[{"@type":"SearchAction","target":{"@type":"EntryPoint","urlTemplate":"https:\/\/blogs.dlapiper.com\/advocatus\/?s={search_term_string}"},"query-input":{"@type":"PropertyValueSpecification","valueRequired":true,"valueName":"search_term_string"}}],"inLanguage":"en-GB"},{"@type":"Organization","@id":"https:\/\/blogs.dlapiper.com\/advocatus\/#organization","name":"Advocatus","url":"https:\/\/blogs.dlapiper.com\/advocatus\/","logo":{"@type":"ImageObject","inLanguage":"en-GB","@id":"https:\/\/blogs.dlapiper.com\/advocatus\/#\/schema\/logo\/image\/","url":"https:\/\/blogs.dlapiper.com\/advocatus\/files\/2019\/06\/cropped-logo-144-1.png","contentUrl":"https:\/\/blogs.dlapiper.com\/advocatus\/files\/2019\/06\/cropped-logo-144-1.png","width":223,"height":130,"caption":"Advocatus"},"image":{"@id":"https:\/\/blogs.dlapiper.com\/advocatus\/#\/schema\/logo\/image\/"},"sameAs":["https:\/\/www.linkedin.com\/showcase\/dla-piper-hungary\/"]},{"@type":"Person","@id":"https:\/\/blogs.dlapiper.com\/advocatus\/#\/schema\/person\/9fcea38a08ae131336846553a95649bd","name":"ESG Budapest","url":"https:\/\/blogs.dlapiper.com\/advocatus\/author\/esgbudapest1\/"}]}},"_links":{"self":[{"href":"https:\/\/blogs.dlapiper.com\/advocatus\/wp-json\/wp\/v2\/posts\/4566","targetHints":{"allow":["GET"]}}],"collection":[{"href":"https:\/\/blogs.dlapiper.com\/advocatus\/wp-json\/wp\/v2\/posts"}],"about":[{"href":"https:\/\/blogs.dlapiper.com\/advocatus\/wp-json\/wp\/v2\/types\/post"}],"author":[{"embeddable":true,"href":"https:\/\/blogs.dlapiper.com\/advocatus\/wp-json\/wp\/v2\/users\/810"}],"replies":[{"embeddable":true,"href":"https:\/\/blogs.dlapiper.com\/advocatus\/wp-json\/wp\/v2\/comments?post=4566"}],"version-history":[{"count":0,"href":"https:\/\/blogs.dlapiper.com\/advocatus\/wp-json\/wp\/v2\/posts\/4566\/revisions"}],"wp:featuredmedia":[{"embeddable":true,"href":"https:\/\/blogs.dlapiper.com\/advocatus\/wp-json\/wp\/v2\/media\/4567"}],"wp:attachment":[{"href":"https:\/\/blogs.dlapiper.com\/advocatus\/wp-json\/wp\/v2\/media?parent=4566"}],"wp:term":[{"taxonomy":"category","embeddable":true,"href":"https:\/\/blogs.dlapiper.com\/advocatus\/wp-json\/wp\/v2\/categories?post=4566"},{"taxonomy":"post_tag","embeddable":true,"href":"https:\/\/blogs.dlapiper.com\/advocatus\/wp-json\/wp\/v2\/tags?post=4566"},{"taxonomy":"author","embeddable":true,"href":"https:\/\/blogs.dlapiper.com\/advocatus\/wp-json\/wp\/v2\/coauthors?post=4566"}],"curies":[{"name":"wp","href":"https:\/\/api.w.org\/{rel}","templated":true}]}}