{"id":4529,"date":"2023-11-28T13:36:18","date_gmt":"2023-11-28T12:36:18","guid":{"rendered":"https:\/\/blogs.dlapiper.com\/advocatus\/?p=4529"},"modified":"2023-11-29T08:17:33","modified_gmt":"2023-11-29T07:17:33","slug":"komoly-novekedes-varhato-a-globalis-piacon-dinamikus-bovules-elott-all-az-elektromos-jarmuvek-toltesi-infrastrukturaja","status":"publish","type":"post","link":"https:\/\/blogs.dlapiper.com\/advocatus\/2023\/11\/komoly-novekedes-varhato-a-globalis-piacon-dinamikus-bovules-elott-all-az-elektromos-jarmuvek-toltesi-infrastrukturaja\/","title":{"rendered":"Komoly n\u00f6veked\u00e9s v\u00e1rhat\u00f3 a glob\u00e1lis piacon: dinamikus b\u0151v\u00fcl\u00e9s el\u0151tt \u00e1ll az elektromos j\u00e1rm\u0171vek t\u00f6lt\u00e9si infrastrukt\u00far\u00e1ja"},"content":{"rendered":"\t\t<div data-elementor-type=\"wp-post\" data-elementor-id=\"4529\" class=\"elementor elementor-4529\" data-elementor-post-type=\"post\">\n\t\t\t\t\t\t<section class=\"elementor-section elementor-top-section elementor-element elementor-element-c40daa8 elementor-section-boxed elementor-section-height-default elementor-section-height-default\" data-id=\"c40daa8\" data-element_type=\"section\">\n\t\t\t\t\t\t<div class=\"elementor-container elementor-column-gap-default\">\n\t\t\t\t\t<div class=\"elementor-column elementor-col-100 elementor-top-column elementor-element elementor-element-1715236\" data-id=\"1715236\" data-element_type=\"column\">\n\t\t\t<div class=\"elementor-widget-wrap elementor-element-populated\">\n\t\t\t\t\t\t<div class=\"elementor-element elementor-element-e3a9f62 elementor-widget elementor-widget-spacer\" data-id=\"e3a9f62\" data-element_type=\"widget\" data-widget_type=\"spacer.default\">\n\t\t\t\t<div class=\"elementor-widget-container\">\n\t\t\t\t\t\t\t<div class=\"elementor-spacer\">\n\t\t\t<div class=\"elementor-spacer-inner\"><\/div>\n\t\t<\/div>\n\t\t\t\t\t\t<\/div>\n\t\t\t\t<\/div>\n\t\t\t\t\t<\/div>\n\t\t<\/div>\n\t\t\t\t\t<\/div>\n\t\t<\/section>\n\t\t\t\t<section class=\"elementor-section elementor-top-section elementor-element elementor-element-a1badbf elementor-section-boxed elementor-section-height-default elementor-section-height-default\" data-id=\"a1badbf\" data-element_type=\"section\">\n\t\t\t\t\t\t<div class=\"elementor-container elementor-column-gap-default\">\n\t\t\t\t\t<div class=\"elementor-column elementor-col-66 elementor-top-column elementor-element elementor-element-774f360\" data-id=\"774f360\" data-element_type=\"column\">\n\t\t\t<div class=\"elementor-widget-wrap elementor-element-populated\">\n\t\t\t\t\t\t<div class=\"elementor-element elementor-element-606bca8 elementor-widget elementor-widget-text-editor\" data-id=\"606bca8\" data-element_type=\"widget\" data-widget_type=\"text-editor.default\">\n\t\t\t\t<div class=\"elementor-widget-container\">\n\t\t\t\t\t\t\t\t\t<p><strong>A k\u00f6vetkez\u0151 \u00f6t \u00e9vben az elektromos j\u00e1rm\u0171vekkel (Electric Vehicle, EV) kapcsolatos t\u00e1mogat\u00f3 infrastrukt\u00fara-\u00fcgyletek \u00f6ssz\u00e9rt\u00e9ke vil\u00e1gszerte el\u00e9rheti az 57,4 milli\u00e1rd doll\u00e1rt \u2013 der\u00fcl ki a DLA Piper \u00e9s az Infralogic k\u00f6z\u00f6s glob\u00e1lis felm\u00e9r\u00e9s\u00e9b\u0151l*. Az elm\u00falt \u00f6t \u00e9vben dinamikusan n\u0151tt ezen \u00fcgyletek \u00e9rt\u00e9ke \u00e9s a v\u00e1rakoz\u00e1sok szerint a k\u00f6vetkez\u0151 12 h\u00f3napban a befektet\u0151i kedv tov\u00e1bb n\u00f6vekedhet. Az elektromos j\u00e1rm\u0171vek infrastrukt\u00far\u00e1j\u00e1nak v\u00e1rhat\u00f3 alakul\u00e1s\u00e1val kapcsolatos legfontosabb tudnival\u00f3kat Gy\u00f6rfi-T\u00f3th P\u00e9ter, a DLA Piper Hungary Finansz\u00edroz\u00e1si, Projekt \u00e9s Restruktur\u00e1l\u00e1si csoportj\u00e1nak vezet\u0151je foglalta \u00f6ssze.<\/strong><\/p><p><strong>Folyamatosan n\u00f6vekszik az EV-infrastrukt\u00fara-\u00fcgyletek sz\u00e1ma <\/strong><\/p><p>2019-ben 9 elektromos j\u00e1rm\u0171-infrastrukt\u00fara-\u00fcgyletet k\u00f6t\u00f6ttek glob\u00e1lisan \u00e9s a nyilv\u00e1noss\u00e1gra hozott \u00fcgyek \u00e9rt\u00e9ke 321 milli\u00f3 doll\u00e1r volt. \u00a02022-ben ez a sz\u00e1m m\u00e1r 78-ra emelkedett, k\u00f6z\u00fcl\u00fck 47 eset\u00e9ben nyilv\u00e1nos a tranzakci\u00f3 \u00e9rt\u00e9ke, ami el\u00e9rte a 12,5 milli\u00e1rd doll\u00e1rt. Id\u00e9n az \u00e9v els\u0151 kilenc h\u00f3napj\u00e1ban a neh\u00e9z vil\u00e1ggazdas\u00e1gi k\u00f6r\u00fclm\u00e9nyek ellen\u00e9re is 104 \u00fcgylet val\u00f3sult meg \u00e9s az 53 publikus \u00fcgy\u00e9rt\u00e9k \u00f6sszesen meghaladta a 24,4 milli\u00e1rd doll\u00e1rt.\u00a0<\/p>\t\t\t\t\t\t\t\t<\/div>\n\t\t\t\t<\/div>\n\t\t\t\t\t<\/div>\n\t\t<\/div>\n\t\t\t\t<div class=\"elementor-column elementor-col-33 elementor-top-column elementor-element elementor-element-62d6c9a\" data-id=\"62d6c9a\" data-element_type=\"column\">\n\t\t\t<div class=\"elementor-widget-wrap elementor-element-populated\">\n\t\t\t\t\t\t<div class=\"elementor-element elementor-element-32937c0 elementor-cta--layout-image-above elementor-cta--skin-classic elementor-animated-content elementor-bg-transform elementor-bg-transform-zoom-in elementor-widget elementor-widget-call-to-action\" data-id=\"32937c0\" data-element_type=\"widget\" data-widget_type=\"call-to-action.default\">\n\t\t\t\t<div class=\"elementor-widget-container\">\n\t\t\t\t\t\t\t<a class=\"elementor-cta\" href=\"https:\/\/blogs.dlapiper.com\/advocatus\/files\/2023\/11\/dla-piper-powering-the-future-of-electric-vehicles-nov-23-2.pdf\">\n\t\t\t\t\t<div class=\"elementor-cta__bg-wrapper\">\n\t\t\t\t<div class=\"elementor-cta__bg elementor-bg\" style=\"background-image: url(https:\/\/blogs.dlapiper.com\/advocatus\/files\/2023\/11\/Electric-1024x576.jpg);\" role=\"img\" aria-label=\"Electric\"><\/div>\n\t\t\t\t<div class=\"elementor-cta__bg-overlay\"><\/div>\n\t\t\t<\/div>\n\t\t\t\t\t\t\t<div class=\"elementor-cta__content\">\n\t\t\t\t\n\t\t\t\t\t\t\t\t\t<h4 class=\"elementor-cta__title elementor-cta__content-item elementor-content-item\">\n\t\t\t\t\t\tT\u00f6ltse le <br> a tanulm\u00e1nyt!\t\t\t\t\t<\/h4>\n\t\t\t\t\n\t\t\t\t\t\t\t\t\t<div class=\"elementor-cta__description elementor-cta__content-item elementor-content-item\">\n\t\t\t\t\t\tPowering the future of electric vehicles: The global charging imperative\t\t\t\t\t<\/div>\n\t\t\t\t\n\t\t\t\t\t\t\t\t\t<div class=\"elementor-cta__button-wrapper elementor-cta__content-item elementor-content-item \">\n\t\t\t\t\t<span class=\"elementor-cta__button elementor-button elementor-size-\">\n\t\t\t\t\t\tLet\u00f6lt\u00e9s\t\t\t\t\t<\/span>\n\t\t\t\t\t<\/div>\n\t\t\t\t\t\t\t<\/div>\n\t\t\t\t\t\t<\/a>\n\t\t\t\t\t\t<\/div>\n\t\t\t\t<\/div>\n\t\t\t\t\t<\/div>\n\t\t<\/div>\n\t\t\t\t\t<\/div>\n\t\t<\/section>\n\t\t\t\t<section class=\"elementor-section elementor-top-section elementor-element elementor-element-3b563c1 elementor-section-boxed elementor-section-height-default elementor-section-height-default\" data-id=\"3b563c1\" data-element_type=\"section\">\n\t\t\t\t\t\t<div class=\"elementor-container elementor-column-gap-default\">\n\t\t\t\t\t<div class=\"elementor-column elementor-col-100 elementor-top-column elementor-element elementor-element-17605a0\" data-id=\"17605a0\" data-element_type=\"column\">\n\t\t\t<div class=\"elementor-widget-wrap elementor-element-populated\">\n\t\t\t\t\t\t<div class=\"elementor-element elementor-element-7d84475 elementor-widget elementor-widget-text-editor\" data-id=\"7d84475\" data-element_type=\"widget\" data-widget_type=\"text-editor.default\">\n\t\t\t\t<div class=\"elementor-widget-container\">\n\t\t\t\t\t\t\t\t\t<p>A DLA Piper felm\u00e9r\u00e9se szerint a v\u00e1laszad\u00f3k csaknem mindegyike (92 sz\u00e1zal\u00e9k) arra sz\u00e1m\u00edt, hogy a k\u00f6vetkez\u0151 12 h\u00f3napban tov\u00e1bb n\u0151 a befektet\u0151i kedv ebben a szektorban, egyharmaduk pedig jelent\u0151s n\u00f6veked\u00e9st v\u00e1r. Ez m\u00e9g az elm\u00falt \u00f6t \u00e9v viszonylag konzervat\u00edv n\u00f6veked\u00e9si p\u00e1ly\u00e1j\u00e1t alapul v\u00e9ve is 57,4 milli\u00e1rd doll\u00e1r \u00e9rt\u00e9k\u0171 \u00f6sszes\u00edtett tranzakci\u00f3t eredm\u00e9nyezhet a k\u00f6vetkez\u0151 \u00f6t \u00e9ves ciklusban.<\/p><p>A glob\u00e1lis elektromos j\u00e1rm\u0171 piacon tapasztalhat\u00f3 figyelemre m\u00e9lt\u00f3 n\u00f6veked\u00e9st a kedvez\u0151 gazdas\u00e1gi-szab\u00e1lyoz\u00e1si k\u00f6rnyezet hajtja, amely az EV-t\u00f6lt\u0151\u00e1llom\u00e1sok, valamint a kapcsol\u00f3d\u00f3 technol\u00f3gi\u00e1k ir\u00e1nti kereslet \u00e9s beruh\u00e1z\u00e1sok n\u00f6veked\u00e9s\u00e9t is eredm\u00e9nyezi.<\/p>\t\t\t\t\t\t\t\t<\/div>\n\t\t\t\t<\/div>\n\t\t\t\t\t<\/div>\n\t\t<\/div>\n\t\t\t\t\t<\/div>\n\t\t<\/section>\n\t\t\t\t<section class=\"elementor-section elementor-top-section elementor-element elementor-element-d93a47c elementor-section-boxed elementor-section-height-default elementor-section-height-default\" data-id=\"d93a47c\" data-element_type=\"section\">\n\t\t\t\t\t\t<div class=\"elementor-container elementor-column-gap-default\">\n\t\t\t\t\t<div class=\"elementor-column elementor-col-100 elementor-top-column elementor-element elementor-element-c45b6cd\" data-id=\"c45b6cd\" data-element_type=\"column\">\n\t\t\t<div class=\"elementor-widget-wrap elementor-element-populated\">\n\t\t\t\t\t\t<div class=\"elementor-element elementor-element-63e7ec6 elementor-blockquote--skin-border elementor-widget elementor-widget-blockquote\" data-id=\"63e7ec6\" data-element_type=\"widget\" data-widget_type=\"blockquote.default\">\n\t\t\t\t<div class=\"elementor-widget-container\">\n\t\t\t\t\t\t\t<blockquote class=\"elementor-blockquote\">\n\t\t\t<p class=\"elementor-blockquote__content\">\n\t\t\t\t<i>\u201eFelm\u00e9r\u00e9s\u00fcnk alapj\u00e1n az ipar\u00e1gi szerepl\u0151k r\u00f6vid- \u00e9s k\u00f6z\u00e9pt\u00e1von egy\u00e9rtelm\u0171en nagym\u00e9rt\u00e9k\u0171 el\u0151rel\u00e9p\u00e9st v\u00e1rnak az EV-infrastrukt\u00fara fejl\u0151d\u00e9se ter\u00e9n. Ehhez t\u00f6bb t\u00e9nyez\u0151 is hozz\u00e1j\u00e1rul, k\u00f6zt\u00fck a t\u00e1mogat\u00f3 szab\u00e1lyoz\u00f3i k\u00f6rnyezet, a korm\u00e1nyzati \u00f6szt\u00f6nz\u0151k \u00e9s az ambici\u00f3zus vil\u00e1gszint\u0171 sz\u00e9n-dioxid-cs\u00f6kkent\u00e9si c\u00e9lok\"<\/i>\t\t\t<\/p>\n\t\t\t\t\t<\/blockquote>\n\t\t\t\t\t\t<\/div>\n\t\t\t\t<\/div>\n\t\t\t\t\t<\/div>\n\t\t<\/div>\n\t\t\t\t\t<\/div>\n\t\t<\/section>\n\t\t\t\t<section class=\"elementor-section elementor-top-section elementor-element elementor-element-342352e elementor-section-boxed elementor-section-height-default elementor-section-height-default\" data-id=\"342352e\" data-element_type=\"section\">\n\t\t\t\t\t\t<div class=\"elementor-container elementor-column-gap-default\">\n\t\t\t\t\t<div class=\"elementor-column elementor-col-100 elementor-top-column elementor-element elementor-element-d74dea1\" data-id=\"d74dea1\" data-element_type=\"column\">\n\t\t\t<div class=\"elementor-widget-wrap elementor-element-populated\">\n\t\t\t\t\t\t<div class=\"elementor-element elementor-element-3e2ebd9 elementor-widget elementor-widget-text-editor\" data-id=\"3e2ebd9\" data-element_type=\"widget\" data-widget_type=\"text-editor.default\">\n\t\t\t\t<div class=\"elementor-widget-container\">\n\t\t\t\t\t\t\t\t\t<p>\u2013 \u00e9rt\u00e9kelte Gy\u00f6rfi-T\u00f3th P\u00e9ter, a DLA Piper Hungary Finansz\u00edroz\u00e1si, Projekt \u00e9s Restruktur\u00e1l\u00e1si csoportj\u00e1nak vezet\u0151je.<\/p>\t\t\t\t\t\t\t\t<\/div>\n\t\t\t\t<\/div>\n\t\t\t\t\t<\/div>\n\t\t<\/div>\n\t\t\t\t\t<\/div>\n\t\t<\/section>\n\t\t\t\t<section class=\"elementor-section elementor-top-section elementor-element elementor-element-b237cb2 elementor-section-boxed elementor-section-height-default elementor-section-height-default\" data-id=\"b237cb2\" data-element_type=\"section\">\n\t\t\t\t\t\t<div class=\"elementor-container elementor-column-gap-default\">\n\t\t\t\t\t<div class=\"elementor-column elementor-col-100 elementor-top-column elementor-element elementor-element-3343bbb\" data-id=\"3343bbb\" data-element_type=\"column\">\n\t\t\t<div class=\"elementor-widget-wrap elementor-element-populated\">\n\t\t\t\t\t\t<div class=\"elementor-element elementor-element-8fba3a5 elementor-widget elementor-widget-text-editor\" data-id=\"8fba3a5\" data-element_type=\"widget\" data-widget_type=\"text-editor.default\">\n\t\t\t\t<div class=\"elementor-widget-container\">\n\t\t\t\t\t\t\t\t\t<p><strong>Glob\u00e1lis \u00e9s eur\u00f3pai fejl\u0151d\u00e9si ir\u00e1nyok<\/strong><\/p><p>Az elektromos j\u00e1rm\u0171vek t\u00f6lt\u0151 infrastrukt\u00far\u00e1j\u00e1nak fejl\u0151d\u00e9se kapcs\u00e1n a megk\u00e9rdezettek az Egyes\u00fclt \u00c1llamokban \u00e9s K\u00edn\u00e1ban l\u00e1tj\u00e1k a legnagyobb el\u0151rel\u00e9p\u00e9st az elm\u00falt h\u00e1rom-\u00f6t \u00e9vre vonatkoz\u00f3an, el\u0151bbit a v\u00e1laszad\u00f3k 65 sz\u00e1zal\u00e9ka, m\u00edg ut\u00f3bbit 59 sz\u00e1zal\u00e9k v\u00e1lasztotta a legakt\u00edvabb h\u00e1rom orsz\u00e1g k\u00f6z\u00e9. Jelent\u0151s el\u0151rel\u00e9p\u00e9st \u00e9rz\u00e9kelnek tov\u00e1bb\u00e1 Norv\u00e9gia (46 sz\u00e1zal\u00e9k), Hollandia (39 sz\u00e1zal\u00e9k) \u00e9s Sv\u00e9dorsz\u00e1g (34 sz\u00e1zal\u00e9k) eset\u00e9ben. Az EV-t\u00f6lt\u0151 infrastrukt\u00fara bevezet\u00e9s\u00e9nek f\u0151 mozgat\u00f3rug\u00f3it vizsg\u00e1lva a t\u00e1mogat\u00f3 korm\u00e1nyzati politik\u00e1t \u00e9s szab\u00e1lyoz\u00e1st nevezt\u00e9k meg a legjelent\u0151sebb t\u00e9nyez\u0151kk\u00e9nt.<\/p><p>A felm\u00e9r\u00e9s szerint a k\u00f6vetkez\u0151 12 h\u00f3napban v\u00e1rhat\u00f3an Eur\u00f3pa vonzza majd a legnagyobb ar\u00e1nyban (42 sz\u00e1zal\u00e9k) az EV \u00e9s a kapcsol\u00f3d\u00f3 infrastruktur\u00e1lis beruh\u00e1z\u00e1sokat, ezt k\u00f6veti \u00c9szak-Amerika (35 sz\u00e1zal\u00e9k) \u00e9s \u00c1zsia (23 sz\u00e1zal\u00e9k). A v\u00e1rakoz\u00e1s kapcs\u00e1n \u00e9rdemes figyelembe venni, hogy Eur\u00f3p\u00e1t visszafogott politikai-szab\u00e1lyoz\u00e1si beavatkoz\u00e1s jellemzi, nem \u00fagy, mint p\u00e9ld\u00e1ul az Egyes\u00fclt \u00c1llamokat. Ez a trend azt mutatja, hogy el\u0151bbit viszonylag \u00e9rett piack\u00e9nt tartj\u00e1k sz\u00e1mon az EV-k bevezet\u00e9s\u00e9re vonatkoz\u00f3 ambici\u00f3zus c\u00e9lkit\u0171z\u00e9sek ter\u00e9n.<\/p>\t\t\t\t\t\t\t\t<\/div>\n\t\t\t\t<\/div>\n\t\t\t\t\t<\/div>\n\t\t<\/div>\n\t\t\t\t\t<\/div>\n\t\t<\/section>\n\t\t\t\t<section class=\"elementor-section elementor-top-section elementor-element elementor-element-aa47aed elementor-section-boxed elementor-section-height-default elementor-section-height-default\" data-id=\"aa47aed\" data-element_type=\"section\">\n\t\t\t\t\t\t<div class=\"elementor-container elementor-column-gap-default\">\n\t\t\t\t\t<div class=\"elementor-column elementor-col-100 elementor-top-column elementor-element elementor-element-50c4cee\" data-id=\"50c4cee\" data-element_type=\"column\">\n\t\t\t<div class=\"elementor-widget-wrap elementor-element-populated\">\n\t\t\t\t\t\t<div class=\"elementor-element elementor-element-3018ad5 elementor-widget elementor-widget-text-editor\" data-id=\"3018ad5\" data-element_type=\"widget\" data-widget_type=\"text-editor.default\">\n\t\t\t\t<div class=\"elementor-widget-container\">\n\t\t\t\t\t\t\t\t\t<p><strong>Kock\u00e1zatok \u00e9s kih\u00edv\u00e1sok<\/strong><\/p><p>A felm\u00e9r\u00e9s r\u00e9sztvev\u0151i \u00fagy v\u00e9lik, hogy az EV-t\u00f6lt\u0151 infrastrukt\u00far\u00e1ba val\u00f3 befektet\u00e9ssel kapcsolatos els\u0151dleges kock\u00e1zatok k\u00f6z\u00e9 tartoznak a t\u00f6lt\u0151\u00e1llom\u00e1sok \u00fczemeltet\u00e9si \u00e9s karbantart\u00e1si k\u00f6lts\u00e9geinek volatilit\u00e1sa, a magas kezdeti k\u00f6lts\u00e9gek \u00e9s a sz\u00fcks\u00e9ges p\u00e9nz\u00fcgyi befektet\u00e9sek. A beruh\u00e1z\u00e1sok legnagyobb akad\u00e1lyak\u00e9nt a t\u00f6lt\u0151berendez\u00e9sek k\u00f6z\u00f6tti el\u00e9gtelen szabv\u00e1nyos\u00edt\u00e1s \u00e9s a kompatibilit\u00e1s hi\u00e1nya jelent meg.<\/p>\t\t\t\t\t\t\t\t<\/div>\n\t\t\t\t<\/div>\n\t\t\t\t\t<\/div>\n\t\t<\/div>\n\t\t\t\t\t<\/div>\n\t\t<\/section>\n\t\t\t\t<section class=\"elementor-section elementor-top-section elementor-element elementor-element-af719bf elementor-section-boxed elementor-section-height-default elementor-section-height-default\" data-id=\"af719bf\" data-element_type=\"section\">\n\t\t\t\t\t\t<div class=\"elementor-container elementor-column-gap-default\">\n\t\t\t\t\t<div class=\"elementor-column elementor-col-100 elementor-top-column elementor-element elementor-element-861b160\" data-id=\"861b160\" data-element_type=\"column\">\n\t\t\t<div class=\"elementor-widget-wrap elementor-element-populated\">\n\t\t\t\t\t\t<div class=\"elementor-element elementor-element-366044d elementor-blockquote--skin-border elementor-widget elementor-widget-blockquote\" data-id=\"366044d\" data-element_type=\"widget\" data-widget_type=\"blockquote.default\">\n\t\t\t\t<div class=\"elementor-widget-container\">\n\t\t\t\t\t\t\t<blockquote class=\"elementor-blockquote\">\n\t\t\t<p class=\"elementor-blockquote__content\">\n\t\t\t\t<i>\"Az olyan akad\u00e1lyok, mint a kompatibilit\u00e1si hi\u00e1nyoss\u00e1g \u00e9s a bev\u00e9telek el\u0151rejelz\u00e9s\u00e9t seg\u00edt\u0151 korl\u00e1tozott adatok nagyr\u00e9szt az \u00e1gazat \u00e9retts\u00e9g\u00e9nek kezdeti szakasz\u00e1b\u00f3l fakadnak, azonban a beruh\u00e1z\u00e1ssal kapcsolatos r\u00f6vid t\u00e1v\u00fa kock\u00e1zatokat ellens\u00falyozhatj\u00e1k a potenci\u00e1lis el\u0151ny\u00f6k\u201d <\/i>\t\t\t<\/p>\n\t\t\t\t\t<\/blockquote>\n\t\t\t\t\t\t<\/div>\n\t\t\t\t<\/div>\n\t\t\t\t\t<\/div>\n\t\t<\/div>\n\t\t\t\t\t<\/div>\n\t\t<\/section>\n\t\t\t\t<section class=\"elementor-section elementor-top-section elementor-element elementor-element-3c6bcf7 elementor-section-boxed elementor-section-height-default elementor-section-height-default\" data-id=\"3c6bcf7\" data-element_type=\"section\">\n\t\t\t\t\t\t<div class=\"elementor-container elementor-column-gap-default\">\n\t\t\t\t\t<div class=\"elementor-column elementor-col-100 elementor-top-column elementor-element elementor-element-a6ae8cb\" data-id=\"a6ae8cb\" data-element_type=\"column\">\n\t\t\t<div class=\"elementor-widget-wrap elementor-element-populated\">\n\t\t\t\t\t\t<div class=\"elementor-element elementor-element-6fd6d10 elementor-widget elementor-widget-text-editor\" data-id=\"6fd6d10\" data-element_type=\"widget\" data-widget_type=\"text-editor.default\">\n\t\t\t\t<div class=\"elementor-widget-container\">\n\t\t\t\t\t\t\t\t\t<p>\u2013 tette hozz\u00e1 Gy\u00f6rfi-T\u00f3th P\u00e9ter.<\/p>\t\t\t\t\t\t\t\t<\/div>\n\t\t\t\t<\/div>\n\t\t\t\t\t<\/div>\n\t\t<\/div>\n\t\t\t\t\t<\/div>\n\t\t<\/section>\n\t\t\t\t<section class=\"elementor-section elementor-top-section elementor-element elementor-element-c795806 elementor-section-boxed elementor-section-height-default elementor-section-height-default\" data-id=\"c795806\" data-element_type=\"section\">\n\t\t\t\t\t\t<div class=\"elementor-container elementor-column-gap-default\">\n\t\t\t\t\t<div class=\"elementor-column elementor-col-100 elementor-top-column elementor-element elementor-element-0e24b71\" data-id=\"0e24b71\" data-element_type=\"column\">\n\t\t\t<div class=\"elementor-widget-wrap elementor-element-populated\">\n\t\t\t\t\t\t<div class=\"elementor-element elementor-element-13df8d1 elementor-widget elementor-widget-text-editor\" data-id=\"13df8d1\" data-element_type=\"widget\" data-widget_type=\"text-editor.default\">\n\t\t\t\t<div class=\"elementor-widget-container\">\n\t\t\t\t\t\t\t\t\t<p><strong>*A tanulm\u00e1nyr\u00f3l<\/strong><\/p><p>A DLA Piper \u00e9s az Infralogic <em>\u201cPowering the future of electronic vehicles: The global charging imperative\u201d<\/em> k\u00f6z\u00f6s glob\u00e1lis felm\u00e9r\u00e9se \u00f6sszesen 106, az EV-infrastrukt\u00fara ter\u00fclet\u00e9n fels\u0151vezet\u0151 k\u00f6r\u00e9ben, 2023. harmadik negyed\u00e9v\u00e9ben k\u00e9sz\u00edtett interj\u00fa alapj\u00e1n k\u00e9sz\u00fclt. A tanulm\u00e1nyban az \u00e9ves kumul\u00e1lt tranzakci\u00f3s \u00e9rt\u00e9kek csak a publikus tranzakci\u00f3k \u00f6ssze\u00e9rt\u00e9k\u00e9t tartalmazz\u00e1k.<\/p>\t\t\t\t\t\t\t\t<\/div>\n\t\t\t\t<\/div>\n\t\t\t\t\t<\/div>\n\t\t<\/div>\n\t\t\t\t\t<\/div>\n\t\t<\/section>\n\t\t\t\t<section class=\"elementor-section elementor-top-section elementor-element elementor-element-bd3e4e0 elementor-section-boxed elementor-section-height-default elementor-section-height-default\" data-id=\"bd3e4e0\" data-element_type=\"section\">\n\t\t\t\t\t\t<div class=\"elementor-container elementor-column-gap-default\">\n\t\t\t\t\t<div class=\"elementor-column elementor-col-100 elementor-top-column elementor-element elementor-element-5f54d8c\" data-id=\"5f54d8c\" data-element_type=\"column\">\n\t\t\t<div class=\"elementor-widget-wrap elementor-element-populated\">\n\t\t\t\t\t\t<div class=\"elementor-element elementor-element-fabe4b2 elementor-widget elementor-widget-text-editor\" data-id=\"fabe4b2\" data-element_type=\"widget\" data-widget_type=\"text-editor.default\">\n\t\t\t\t<div class=\"elementor-widget-container\">\n\t\t\t\t\t\t\t\t\t<p><i>Szerz\u0151: Gy\u00f6rfi-T\u00f3th P\u00e9ter<\/i><\/p>\t\t\t\t\t\t\t\t<\/div>\n\t\t\t\t<\/div>\n\t\t\t\t\t<\/div>\n\t\t<\/div>\n\t\t\t\t\t<\/div>\n\t\t<\/section>\n\t\t\t\t<section class=\"elementor-section elementor-top-section elementor-element elementor-element-29162a0 elementor-section-boxed elementor-section-height-default elementor-section-height-default\" data-id=\"29162a0\" data-element_type=\"section\">\n\t\t\t\t\t\t<div class=\"elementor-container elementor-column-gap-default\">\n\t\t\t\t\t<div class=\"elementor-column elementor-col-50 elementor-top-column elementor-element elementor-element-97d35e8\" data-id=\"97d35e8\" data-element_type=\"column\">\n\t\t\t<div class=\"elementor-widget-wrap elementor-element-populated\">\n\t\t\t\t\t\t<div class=\"elementor-element elementor-element-23332d8 elementor-flip-box--direction-left elementor-flip-box--effect-flip elementor-widget elementor-widget-global elementor-global-3140 elementor-widget-flip-box\" data-id=\"23332d8\" data-element_type=\"widget\" data-widget_type=\"flip-box.default\">\n\t\t\t\t<div class=\"elementor-widget-container\">\n\t\t\t\t\t\t\t<div class=\"elementor-flip-box\" tabindex=\"0\">\n\t\t\t<div class=\"elementor-flip-box__layer elementor-flip-box__front\">\n\t\t\t\t<div class=\"elementor-flip-box__layer__overlay\">\n\t\t\t\t\t<div class=\"elementor-flip-box__layer__inner\">\n\t\t\t\t\t\t\t\t\t\t\t\t\t<div class=\"elementor-flip-box__image\">\n\t\t\t\t\t\t\t\t<img decoding=\"async\" src=\"https:\/\/blogs.dlapiper.com\/advocatus\/files\/elementor\/thumbs\/Nevtelen-terv-10-pf2ui412t0glnrx3gqbv9tsywnt4koqo911zz141gw.png\" title=\"Gy\u00f6rfi-T\u00f3th P\u00e9ter\" alt=\"Gy\u00f6rfi-T\u00f3th P\u00e9ter\" loading=\"lazy\" \/>\t\t\t\t\t\t\t<\/div>\n\t\t\t\t\t\t\n\t\t\t\t\t\t\t\t\t\t\t\t\t<h3 class=\"elementor-flip-box__layer__title\">\n\t\t\t\t\t\t\t\tGy\u00f6rfi-T\u00f3th P\u00e9ter\t\t\t\t\t\t\t<\/h3>\n\t\t\t\t\t\t\n\t\t\t\t\t\t\t\t\t\t\t\t\t<div class=\"elementor-flip-box__layer__description\">\n\t\t\t\t\t\t\t\tPartner, <p>Projekt \u00e9s Restruktur\u00e1l\u00e1si csoportvezet\u0151,<br>ESG szakter\u00fcletvezet\u0151\n\t\t\t\t\t\t\t<\/div>\n\t\t\t\t\t\t\t\t\t\t\t<\/div>\n\t\t\t\t<\/div>\n\t\t\t<\/div>\n\t\t\t<a class=\"elementor-flip-box__layer elementor-flip-box__back\" href=\"mailto:peter.gyorfi-toth@dlapiper.com\">\n\t\t\t<div class=\"elementor-flip-box__layer__overlay\">\n\t\t\t\t<div class=\"elementor-flip-box__layer__inner\">\n\t\t\t\t\t\t\t\t\t\t\t<h3 class=\"elementor-flip-box__layer__title\">\n\t\t\t\t\t\t\tGy\u00f6rfi-T\u00f3th P\u00e9ter\t\t\t\t\t\t<\/h3>\n\t\t\t\t\t\n\t\t\t\t\t\t\t\t\t\t\t<div class=\"elementor-flip-box__layer__description\">\n\t\t\t\t\t\t\tP\u00e9ter a DLA Piper Hungary partnere, a budapesti \u00e9s a CEE r\u00e9gi\u00f3 projekt \u00e9s restruktur\u00e1l\u00e1si csoportj\u00e1nak vezet\u0151je, valamint  az ESG szakter\u00fclet vezet\u0151je. Helyi \u00e9s hat\u00e1ron \u00e1tny\u00fal\u00f3 jog\u00fcgyletek tan\u00e1csad\u00e1s\u00e1ban j\u00e1rtas, t\u00f6bbek k\u00f6z\u00f6tt az infrastrukt\u00fara-fejleszt\u00e9s, bankjog, projekt- \u00e9s ingatlanfinansz\u00edroz\u00e1s, \u00e1llami szab\u00e1lyoz\u00e1si k\u00e9rd\u00e9sek, k\u00f6zbeszerz\u00e9si jog, re-organiz\u00e1ci\u00f3 \u00e9s restruktur\u00e1l\u00e1s, felsz\u00e1mol\u00e1si- \u00e9s cs\u0151djog ter\u00fcletein. \t\t\t\t\t\t<\/div>\n\t\t\t\t\t\n\t\t\t\t\t\t\t\t\t\t\t<span class=\"elementor-flip-box__button elementor-button elementor-size-xs\">\n\t\t\t\t\t\t\tE-mailt k\u00fcld\u00f6k\t\t\t\t\t\t<\/span>\n\t\t\t\t\t\t\t\t<\/div>\n\t\t<\/div>\n\t\t<\/a>\n\t\t<\/div>\n\t\t\t\t\t\t<\/div>\n\t\t\t\t<\/div>\n\t\t\t\t\t<\/div>\n\t\t<\/div>\n\t\t\t\t<div class=\"elementor-column elementor-col-50 elementor-top-column elementor-element elementor-element-a5e9396\" data-id=\"a5e9396\" data-element_type=\"column\">\n\t\t\t<div class=\"elementor-widget-wrap\">\n\t\t\t\t\t\t\t<\/div>\n\t\t<\/div>\n\t\t\t\t\t<\/div>\n\t\t<\/section>\n\t\t\t\t<section class=\"elementor-section elementor-top-section elementor-element elementor-element-3871f3e elementor-section-boxed elementor-section-height-default elementor-section-height-default\" data-id=\"3871f3e\" data-element_type=\"section\">\n\t\t\t\t\t\t<div class=\"elementor-container elementor-column-gap-default\">\n\t\t\t\t\t<div class=\"elementor-column elementor-col-100 elementor-top-column elementor-element elementor-element-d5f08a0\" data-id=\"d5f08a0\" data-element_type=\"column\">\n\t\t\t<div class=\"elementor-widget-wrap elementor-element-populated\">\n\t\t\t\t\t\t<div class=\"elementor-element elementor-element-3dbfa42 elementor-widget elementor-widget-spacer\" data-id=\"3dbfa42\" data-element_type=\"widget\" data-widget_type=\"spacer.default\">\n\t\t\t\t<div class=\"elementor-widget-container\">\n\t\t\t\t\t\t\t<div class=\"elementor-spacer\">\n\t\t\t<div class=\"elementor-spacer-inner\"><\/div>\n\t\t<\/div>\n\t\t\t\t\t\t<\/div>\n\t\t\t\t<\/div>\n\t\t\t\t\t<\/div>\n\t\t<\/div>\n\t\t\t\t\t<\/div>\n\t\t<\/section>\n\t\t\t\t<section class=\"elementor-section elementor-top-section elementor-element elementor-element-3116b091 elementor-section-height-min-height elementor-section-boxed elementor-section-height-default elementor-section-items-middle\" data-id=\"3116b091\" data-element_type=\"section\">\n\t\t\t\t\t\t<div class=\"elementor-container elementor-column-gap-narrow\">\n\t\t\t\t\t<div class=\"elementor-column elementor-col-50 elementor-top-column elementor-element elementor-element-7e2b1cf5\" data-id=\"7e2b1cf5\" data-element_type=\"column\">\n\t\t\t<div class=\"elementor-widget-wrap elementor-element-populated\">\n\t\t\t\t\t\t<div class=\"elementor-element elementor-element-2cc6cc5d elementor-widget elementor-widget-text-editor\" data-id=\"2cc6cc5d\" data-element_type=\"widget\" data-widget_type=\"text-editor.default\">\n\t\t\t\t<div class=\"elementor-widget-container\">\n\t\t\t\t\t\t\t\t\t<h2 class=\"elementor-heading-title elementor-size-default\" style=\"font-size: 18px;font-style: normal;margin-bottom: 0px;line-height: 1\"><b>K\u00e9rd\u00e9se van? Keressen minket bizalommal!<\/b><\/h2>\t\t\t\t\t\t\t\t<\/div>\n\t\t\t\t<\/div>\n\t\t\t\t<div class=\"elementor-element elementor-element-ac440df elementor-align-center elementor-widget elementor-widget-button\" data-id=\"ac440df\" data-element_type=\"widget\" data-widget_type=\"button.default\">\n\t\t\t\t<div class=\"elementor-widget-container\">\n\t\t\t\t\t\t\t\t\t<div class=\"elementor-button-wrapper\">\n\t\t\t\t\t<a class=\"elementor-button elementor-button-link elementor-size-sm\" href=\"mailto:hungary@dlapiper.com\">\n\t\t\t\t\t\t<span class=\"elementor-button-content-wrapper\">\n\t\t\t\t\t\t\t\t\t<span class=\"elementor-button-text\">Kapcsolatfelv\u00e9tel<\/span>\n\t\t\t\t\t<\/span>\n\t\t\t\t\t<\/a>\n\t\t\t\t<\/div>\n\t\t\t\t\t\t\t\t<\/div>\n\t\t\t\t<\/div>\n\t\t\t\t\t<\/div>\n\t\t<\/div>\n\t\t\t\t<div class=\"elementor-column elementor-col-50 elementor-top-column elementor-element elementor-element-4404c1fd\" data-id=\"4404c1fd\" data-element_type=\"column\">\n\t\t\t<div class=\"elementor-widget-wrap elementor-element-populated\">\n\t\t\t\t\t\t<div class=\"elementor-element elementor-element-8d71a80 elementor-widget elementor-widget-text-editor\" data-id=\"8d71a80\" data-element_type=\"widget\" data-widget_type=\"text-editor.default\">\n\t\t\t\t<div class=\"elementor-widget-container\">\n\t\t\t\t\t\t\t\t\t<h2 class=\"elementor-heading-title elementor-size-default\" style=\"font-size: 18px;font-style: normal;margin-bottom: 0px;line-height: 1\"><b>K\u00f6vesse LinkedIn oldalunkat!<\/b><\/h2>\t\t\t\t\t\t\t\t<\/div>\n\t\t\t\t<\/div>\n\t\t\t\t<div class=\"elementor-element elementor-element-10a11e1e elementor-align-center elementor-widget elementor-widget-button\" data-id=\"10a11e1e\" data-element_type=\"widget\" data-widget_type=\"button.default\">\n\t\t\t\t<div class=\"elementor-widget-container\">\n\t\t\t\t\t\t\t\t\t<div class=\"elementor-button-wrapper\">\n\t\t\t\t\t<a class=\"elementor-button elementor-button-link elementor-size-sm\" href=\"https:\/\/www.linkedin.com\/showcase\/dla-piper-hungary\">\n\t\t\t\t\t\t<span class=\"elementor-button-content-wrapper\">\n\t\t\t\t\t\t\t\t\t<span class=\"elementor-button-text\">DLA Piper Hungary<\/span>\n\t\t\t\t\t<\/span>\n\t\t\t\t\t<\/a>\n\t\t\t\t<\/div>\n\t\t\t\t\t\t\t\t<\/div>\n\t\t\t\t<\/div>\n\t\t\t\t\t<\/div>\n\t\t<\/div>\n\t\t\t\t\t<\/div>\n\t\t<\/section>\n\t\t\t\t<section class=\"elementor-section elementor-top-section elementor-element elementor-element-e02daf3 elementor-section-boxed elementor-section-height-default elementor-section-height-default\" data-id=\"e02daf3\" data-element_type=\"section\">\n\t\t\t\t\t\t<div class=\"elementor-container elementor-column-gap-default\">\n\t\t\t\t\t<div class=\"elementor-column elementor-col-100 elementor-top-column elementor-element elementor-element-88266d6\" data-id=\"88266d6\" data-element_type=\"column\">\n\t\t\t<div class=\"elementor-widget-wrap elementor-element-populated\">\n\t\t\t\t\t\t<div class=\"elementor-element elementor-element-f5621a5 elementor-widget elementor-widget-spacer\" data-id=\"f5621a5\" data-element_type=\"widget\" data-widget_type=\"spacer.default\">\n\t\t\t\t<div class=\"elementor-widget-container\">\n\t\t\t\t\t\t\t<div class=\"elementor-spacer\">\n\t\t\t<div class=\"elementor-spacer-inner\"><\/div>\n\t\t<\/div>\n\t\t\t\t\t\t<\/div>\n\t\t\t\t<\/div>\n\t\t\t\t\t<\/div>\n\t\t<\/div>\n\t\t\t\t\t<\/div>\n\t\t<\/section>\n\t\t\t\t<section class=\"elementor-section elementor-top-section elementor-element elementor-element-dc78458 elementor-section-boxed elementor-section-height-default elementor-section-height-default\" data-id=\"dc78458\" data-element_type=\"section\">\n\t\t\t\t\t\t<div class=\"elementor-container elementor-column-gap-default\">\n\t\t\t\t\t<div class=\"elementor-column elementor-col-100 elementor-top-column elementor-element elementor-element-05769a1\" data-id=\"05769a1\" data-element_type=\"column\">\n\t\t\t<div class=\"elementor-widget-wrap elementor-element-populated\">\n\t\t\t\t\t\t<div class=\"elementor-element elementor-element-e9a9290 elementor-widget elementor-widget-text-editor\" data-id=\"e9a9290\" data-element_type=\"widget\" data-widget_type=\"text-editor.default\">\n\t\t\t\t<div class=\"elementor-widget-container\">\n\t\t\t\t\t\t\t\t\t<h4><strong>Legfrissebb tartalmaink<\/strong><\/h4>\t\t\t\t\t\t\t\t<\/div>\n\t\t\t\t<\/div>\n\t\t\t\t\t<\/div>\n\t\t<\/div>\n\t\t\t\t\t<\/div>\n\t\t<\/section>\n\t\t\t\t<section class=\"elementor-section elementor-top-section elementor-element elementor-element-e43dcf4 elementor-section-boxed elementor-section-height-default elementor-section-height-default\" data-id=\"e43dcf4\" data-element_type=\"section\">\n\t\t\t\t\t\t<div class=\"elementor-container elementor-column-gap-default\">\n\t\t\t\t\t<div class=\"elementor-column elementor-col-100 elementor-top-column elementor-element elementor-element-7a4d25c\" data-id=\"7a4d25c\" data-element_type=\"column\">\n\t\t\t<div class=\"elementor-widget-wrap elementor-element-populated\">\n\t\t\t\t\t\t<div class=\"elementor-element elementor-element-0e671db elementor-grid-3 elementor-grid-tablet-2 elementor-grid-mobile-1 elementor-posts--thumbnail-top elementor-posts--show-avatar elementor-card-shadow-yes elementor-posts__hover-gradient elementor-widget elementor-widget-posts\" data-id=\"0e671db\" data-element_type=\"widget\" data-settings=\"{&quot;cards_columns&quot;:&quot;3&quot;,&quot;cards_columns_tablet&quot;:&quot;2&quot;,&quot;cards_columns_mobile&quot;:&quot;1&quot;,&quot;cards_row_gap&quot;:{&quot;unit&quot;:&quot;px&quot;,&quot;size&quot;:35,&quot;sizes&quot;:[]},&quot;cards_row_gap_tablet&quot;:{&quot;unit&quot;:&quot;px&quot;,&quot;size&quot;:&quot;&quot;,&quot;sizes&quot;:[]},&quot;cards_row_gap_mobile&quot;:{&quot;unit&quot;:&quot;px&quot;,&quot;size&quot;:&quot;&quot;,&quot;sizes&quot;:[]}}\" data-widget_type=\"posts.cards\">\n\t\t\t\t<div class=\"elementor-widget-container\">\n\t\t\t\t\t\t\t<div class=\"elementor-posts-container elementor-posts elementor-posts--skin-cards elementor-grid\" role=\"list\">\n\t\t\t\t<article class=\"elementor-post elementor-grid-item post-7426 post type-post status-publish format-standard has-post-thumbnail hentry category-infrastruktura tag-critical-infrastructure-resilience tag-dual-use-infrastructure-2 tag-hungary-defence-spending tag-military-civilian-integration tag-nato\" role=\"listitem\">\n\t\t\t<div class=\"elementor-post__card\">\n\t\t\t\t<a class=\"elementor-post__thumbnail__link\" href=\"https:\/\/blogs.dlapiper.com\/advocatus\/2026\/04\/5-for-defence-1-5-for-infrastructure-hungarys-opportunities-in-light-of-natos-new-goals\/\" tabindex=\"-1\" ><div class=\"elementor-post__thumbnail\"><img fetchpriority=\"high\" decoding=\"async\" width=\"1200\" height=\"300\" src=\"https:\/\/blogs.dlapiper.com\/advocatus\/files\/2026\/04\/Intersection_P_2694_PPT-1.jpg\" class=\"attachment-full size-full wp-image-7430\" alt=\"adv_cikk\" srcset=\"https:\/\/blogs.dlapiper.com\/advocatus\/files\/2026\/04\/Intersection_P_2694_PPT-1.jpg 1200w, https:\/\/blogs.dlapiper.com\/advocatus\/files\/2026\/04\/Intersection_P_2694_PPT-1-300x75.jpg 300w, https:\/\/blogs.dlapiper.com\/advocatus\/files\/2026\/04\/Intersection_P_2694_PPT-1-1024x256.jpg 1024w, https:\/\/blogs.dlapiper.com\/advocatus\/files\/2026\/04\/Intersection_P_2694_PPT-1-768x192.jpg 768w\" sizes=\"(max-width: 1200px) 100vw, 1200px\" \/><\/div><\/a>\n\t\t\t\t<div class=\"elementor-post__badge\">Infrastrukt\u00fara | Infrastructure<\/div>\n\t\t\t\t<div class=\"elementor-post__avatar\">\n\t\t\t\t\t<\/div>\n\t\t\t\t<div class=\"elementor-post__text\">\n\t\t\t\t<h3 class=\"elementor-post__title\">\n\t\t\t<a href=\"https:\/\/blogs.dlapiper.com\/advocatus\/2026\/04\/5-for-defence-1-5-for-infrastructure-hungarys-opportunities-in-light-of-natos-new-goals\/\" >\n\t\t\t\t5% for Defence, 1.5% for Infrastructure: Hungary&#8217;s opportunities in light of NATO&#8217;s new goals\t\t\t<\/a>\n\t\t<\/h3>\n\t\t\t\t<div class=\"elementor-post__excerpt\">\n\t\t\t<p>In accordance with the new government\u2019s program, Hungary is committed to fulfilling NATO\u2019s 5% spending requirement by 2035. <\/p>\n\t\t<\/div>\n\t\t\n\t\t<a class=\"elementor-post__read-more\" href=\"https:\/\/blogs.dlapiper.com\/advocatus\/2026\/04\/5-for-defence-1-5-for-infrastructure-hungarys-opportunities-in-light-of-natos-new-goals\/\" aria-label=\"Read more about 5% for Defence, 1.5% for Infrastructure: Hungary&#8217;s opportunities in light of NATO&#8217;s new goals\" tabindex=\"-1\" >\n\t\t\tTov\u00e1bb &gt;&gt;\t\t<\/a>\n\n\t\t\t\t<\/div>\n\t\t\t\t<div class=\"elementor-post__meta-data\">\n\t\t\t\t\t<span class=\"elementor-post-author\">\n\t\t\tDLA Piper\t\t<\/span>\n\t\t\t\t<span class=\"elementor-post-date\">\n\t\t\t2026-04-24\t\t<\/span>\n\t\t\t\t<\/div>\n\t\t\t\t\t<\/div>\n\t\t<\/article>\n\t\t\t\t<article class=\"elementor-post elementor-grid-item post-7436 post type-post status-publish format-standard has-post-thumbnail hentry category-infrastruktura tag-gdp tag-infrastrukturalis-beruhazasok tag-kiadasi-kovetelmeny tag-nato\" role=\"listitem\">\n\t\t\t<div class=\"elementor-post__card\">\n\t\t\t\t<a class=\"elementor-post__thumbnail__link\" href=\"https:\/\/blogs.dlapiper.com\/advocatus\/2026\/04\/5-vedelemre-15-infrastrukturara-magyarorszag-lehetosegei-a-nato-uj-celkituzesei-tukreben\/\" tabindex=\"-1\" ><div class=\"elementor-post__thumbnail\"><img fetchpriority=\"high\" decoding=\"async\" width=\"1200\" height=\"300\" src=\"https:\/\/blogs.dlapiper.com\/advocatus\/files\/2026\/04\/Intersection_P_2694_PPT-1.jpg\" class=\"attachment-full size-full wp-image-7430\" alt=\"adv_cikk\" srcset=\"https:\/\/blogs.dlapiper.com\/advocatus\/files\/2026\/04\/Intersection_P_2694_PPT-1.jpg 1200w, https:\/\/blogs.dlapiper.com\/advocatus\/files\/2026\/04\/Intersection_P_2694_PPT-1-300x75.jpg 300w, https:\/\/blogs.dlapiper.com\/advocatus\/files\/2026\/04\/Intersection_P_2694_PPT-1-1024x256.jpg 1024w, https:\/\/blogs.dlapiper.com\/advocatus\/files\/2026\/04\/Intersection_P_2694_PPT-1-768x192.jpg 768w\" sizes=\"(max-width: 1200px) 100vw, 1200px\" \/><\/div><\/a>\n\t\t\t\t<div class=\"elementor-post__badge\">Infrastrukt\u00fara | Infrastructure<\/div>\n\t\t\t\t<div class=\"elementor-post__avatar\">\n\t\t\t\t\t<\/div>\n\t\t\t\t<div class=\"elementor-post__text\">\n\t\t\t\t<h3 class=\"elementor-post__title\">\n\t\t\t<a href=\"https:\/\/blogs.dlapiper.com\/advocatus\/2026\/04\/5-vedelemre-15-infrastrukturara-magyarorszag-lehetosegei-a-nato-uj-celkituzesei-tukreben\/\" >\n\t\t\t\t5% v\u00e9delemre, 1,5% infrastrukt\u00far\u00e1ra \u2013 Magyarorsz\u00e1g lehet\u0151s\u00e9gei a NATO \u00faj c\u00e9lkit\u0171z\u00e9sei t\u00fckr\u00e9ben\t\t\t<\/a>\n\t\t<\/h3>\n\t\t\t\t<div class=\"elementor-post__excerpt\">\n\t\t\t<p>Az \u00faj korm\u00e1ny programj\u00e1val \u00f6sszhangban Magyarorsz\u00e1g elk\u00f6telezte mag\u00e1t amellett, hogy 2035-ig teljes\u00edti a NATO \u00e1ltal el\u0151\u00edrt, a GDP 5%-\u00e1t el\u00e9r\u0151 v\u00e9delmi kiad\u00e1si k\u00f6vetelm\u00e9nyt.<\/p>\n\t\t<\/div>\n\t\t\n\t\t<a class=\"elementor-post__read-more\" href=\"https:\/\/blogs.dlapiper.com\/advocatus\/2026\/04\/5-vedelemre-15-infrastrukturara-magyarorszag-lehetosegei-a-nato-uj-celkituzesei-tukreben\/\" aria-label=\"Read more about 5% v\u00e9delemre, 1,5% infrastrukt\u00far\u00e1ra \u2013 Magyarorsz\u00e1g lehet\u0151s\u00e9gei a NATO \u00faj c\u00e9lkit\u0171z\u00e9sei t\u00fckr\u00e9ben\" tabindex=\"-1\" >\n\t\t\tTov\u00e1bb &gt;&gt;\t\t<\/a>\n\n\t\t\t\t<\/div>\n\t\t\t\t<div class=\"elementor-post__meta-data\">\n\t\t\t\t\t<span class=\"elementor-post-author\">\n\t\t\tDLA Piper\t\t<\/span>\n\t\t\t\t<span class=\"elementor-post-date\">\n\t\t\t2026-04-24\t\t<\/span>\n\t\t\t\t<\/div>\n\t\t\t\t\t<\/div>\n\t\t<\/article>\n\t\t\t\t<article class=\"elementor-post elementor-grid-item post-7433 post type-post status-publish format-standard has-post-thumbnail hentry category-gambling tag-eu-law-compliance tag-gambling-regulatory-reform tag-hungary-2026-elections tag-online-casino\" role=\"listitem\">\n\t\t\t<div class=\"elementor-post__card\">\n\t\t\t\t<a class=\"elementor-post__thumbnail__link\" href=\"https:\/\/blogs.dlapiper.com\/advocatus\/2026\/04\/a-new-era-on-gambling-regulation-in-hungary-dla-piper\/\" tabindex=\"-1\" ><div class=\"elementor-post__thumbnail\"><img decoding=\"async\" width=\"1200\" height=\"300\" src=\"https:\/\/blogs.dlapiper.com\/advocatus\/files\/2026\/04\/Casino_Roulette_in_Motion_S_0611_PPT-1-1.jpg\" class=\"attachment-full size-full wp-image-7434\" alt=\"Gambling\" srcset=\"https:\/\/blogs.dlapiper.com\/advocatus\/files\/2026\/04\/Casino_Roulette_in_Motion_S_0611_PPT-1-1.jpg 1200w, https:\/\/blogs.dlapiper.com\/advocatus\/files\/2026\/04\/Casino_Roulette_in_Motion_S_0611_PPT-1-1-300x75.jpg 300w, https:\/\/blogs.dlapiper.com\/advocatus\/files\/2026\/04\/Casino_Roulette_in_Motion_S_0611_PPT-1-1-1024x256.jpg 1024w, https:\/\/blogs.dlapiper.com\/advocatus\/files\/2026\/04\/Casino_Roulette_in_Motion_S_0611_PPT-1-1-768x192.jpg 768w\" sizes=\"(max-width: 1200px) 100vw, 1200px\" \/><\/div><\/a>\n\t\t\t\t<div class=\"elementor-post__badge\">Szerencsej\u00e1t\u00e9k | Gambling<\/div>\n\t\t\t\t<div class=\"elementor-post__avatar\">\n\t\t\t\t\t<\/div>\n\t\t\t\t<div class=\"elementor-post__text\">\n\t\t\t\t<h3 class=\"elementor-post__title\">\n\t\t\t<a href=\"https:\/\/blogs.dlapiper.com\/advocatus\/2026\/04\/a-new-era-on-gambling-regulation-in-hungary-dla-piper\/\" >\n\t\t\t\tA new era on gambling regulation in Hungary?\t\t\t<\/a>\n\t\t<\/h3>\n\t\t\t\t<div class=\"elementor-post__excerpt\">\n\t\t\t<p>With the opposition securing a supermajority in the general elections in April 2026, Hungary is poised for a significant political shift that could reshape fundamental structures established over the past sixteen years<\/p>\n\t\t<\/div>\n\t\t\n\t\t<a class=\"elementor-post__read-more\" href=\"https:\/\/blogs.dlapiper.com\/advocatus\/2026\/04\/a-new-era-on-gambling-regulation-in-hungary-dla-piper\/\" aria-label=\"Read more about A new era on gambling regulation in Hungary?\" tabindex=\"-1\" >\n\t\t\tTov\u00e1bb &gt;&gt;\t\t<\/a>\n\n\t\t\t\t<\/div>\n\t\t\t\t<div class=\"elementor-post__meta-data\">\n\t\t\t\t\t<span class=\"elementor-post-author\">\n\t\t\tDLA Piper\t\t<\/span>\n\t\t\t\t<span class=\"elementor-post-date\">\n\t\t\t2026-04-23\t\t<\/span>\n\t\t\t\t<\/div>\n\t\t\t\t\t<\/div>\n\t\t<\/article>\n\t\t\t\t<\/div>\n\t\t\n\t\t\t\t\t\t<\/div>\n\t\t\t\t<\/div>\n\t\t\t\t\t<\/div>\n\t\t<\/div>\n\t\t\t\t\t<\/div>\n\t\t<\/section>\n\t\t\t\t<\/div>\n\t\t","protected":false},"excerpt":{"rendered":"<p>A k\u00f6vetkez\u0151 \u00f6t \u00e9vben az elektromos j\u00e1rm\u0171vekkel (Electric Vehicle, EV) kapcsolatos t\u00e1mogat\u00f3 infrastrukt\u00fara-\u00fcgyletek \u00f6ssz\u00e9rt\u00e9ke vil\u00e1gszerte el\u00e9rheti az 57,4 milli\u00e1rd doll\u00e1rt \u2013 der\u00fcl ki a DLA Piper \u00e9s az Infralogic k\u00f6z\u00f6s glob\u00e1lis felm\u00e9r\u00e9s\u00e9b\u0151l*.<\/p>\n","protected":false},"author":74,"featured_media":4530,"comment_status":"closed","ping_status":"closed","sticky":false,"template":"","format":"standard","meta":{"site-sidebar-layout":"default","site-content-layout":"","ast-site-content-layout":"default","site-content-style":"default","site-sidebar-style":"default","ast-global-header-display":"","ast-banner-title-visibility":"","ast-main-header-display":"","ast-hfb-above-header-display":"","ast-hfb-below-header-display":"","ast-hfb-mobile-header-display":"","site-post-title":"","ast-breadcrumbs-content":"","ast-featured-img":"","footer-sml-layout":"","theme-transparent-header-meta":"","adv-header-id-meta":"","stick-header-meta":"","header-above-stick-meta":"","header-main-stick-meta":"","header-below-stick-meta":"","astra-migrate-meta-layouts":"set","ast-page-background-enabled":"default","ast-page-background-meta":{"desktop":{"background-color":"","background-image":"","background-repeat":"repeat","background-position":"center center","background-size":"auto","background-attachment":"scroll","background-type":"","background-media":"","overlay-type":"","overlay-color":"","overlay-opacity":"","overlay-gradient":""},"tablet":{"background-color":"","background-image":"","background-repeat":"repeat","background-position":"center center","background-size":"auto","background-attachment":"scroll","background-type":"","background-media":"","overlay-type":"","overlay-color":"","overlay-opacity":"","overlay-gradient":""},"mobile":{"background-color":"","background-image":"","background-repeat":"repeat","background-position":"center center","background-size":"auto","background-attachment":"scroll","background-type":"","background-media":"","overlay-type":"","overlay-color":"","overlay-opacity":"","overlay-gradient":""}},"ast-content-background-meta":{"desktop":{"background-color":"var(--ast-global-color-5)","background-image":"","background-repeat":"repeat","background-position":"center center","background-size":"auto","background-attachment":"scroll","background-type":"","background-media":"","overlay-type":"","overlay-color":"","overlay-opacity":"","overlay-gradient":""},"tablet":{"background-color":"var(--ast-global-color-5)","background-image":"","background-repeat":"repeat","background-position":"center center","background-size":"auto","background-attachment":"scroll","background-type":"","background-media":"","overlay-type":"","overlay-color":"","overlay-opacity":"","overlay-gradient":""},"mobile":{"background-color":"var(--ast-global-color-5)","background-image":"","background-repeat":"repeat","background-position":"center center","background-size":"auto","background-attachment":"scroll","background-type":"","background-media":"","overlay-type":"","overlay-color":"","overlay-opacity":"","overlay-gradient":""}},"footnotes":""},"categories":[1282,1299],"tags":[1384,347,1382],"coauthors":[731],"class_list":["post-4529","post","type-post","status-publish","format-standard","has-post-thumbnail","hentry","category-esg","category-infrastruktura","tag-elektromos-jarmu","tag-felmeres","tag-infrastruktura"],"yoast_head":"<!-- This site is optimized with the Yoast SEO plugin v26.1 - https:\/\/yoast.com\/wordpress\/plugins\/seo\/ -->\n<title>Komoly n\u00f6veked\u00e9s v\u00e1rhat\u00f3 a glob\u00e1lis piacon: dinamikus b\u0151v\u00fcl\u00e9s el\u0151tt \u00e1ll az elektromos j\u00e1rm\u0171vek t\u00f6lt\u00e9si infrastrukt\u00far\u00e1ja<\/title>\n<meta name=\"description\" content=\"A k\u00f6vetkez\u0151 \u00f6t \u00e9vben az elektromos j\u00e1rm\u0171vekkel kapcsolatos t\u00e1mogat\u00f3 infrastrukt\u00fara-\u00fcgyletek \u00f6ssz\u00e9rt\u00e9ke vil\u00e1gszerte el\u00e9rheti az 57,4 milli\u00e1rd doll\u00e1rt.\" \/>\n<meta name=\"robots\" content=\"index, follow, max-snippet:-1, max-image-preview:large, max-video-preview:-1\" \/>\n<link rel=\"canonical\" href=\"https:\/\/blogs.dlapiper.com\/advocatus\/2023\/11\/komoly-novekedes-varhato-a-globalis-piacon-dinamikus-bovules-elott-all-az-elektromos-jarmuvek-toltesi-infrastrukturaja\/\" \/>\n<meta property=\"og:locale\" content=\"en_GB\" \/>\n<meta property=\"og:type\" content=\"article\" \/>\n<meta property=\"og:title\" content=\"Komoly n\u00f6veked\u00e9s v\u00e1rhat\u00f3 a glob\u00e1lis piacon: dinamikus b\u0151v\u00fcl\u00e9s el\u0151tt \u00e1ll az elektromos j\u00e1rm\u0171vek t\u00f6lt\u00e9si infrastrukt\u00far\u00e1ja\" \/>\n<meta property=\"og:description\" content=\"A k\u00f6vetkez\u0151 \u00f6t \u00e9vben az elektromos j\u00e1rm\u0171vekkel kapcsolatos t\u00e1mogat\u00f3 infrastrukt\u00fara-\u00fcgyletek \u00f6ssz\u00e9rt\u00e9ke vil\u00e1gszerte el\u00e9rheti az 57,4 milli\u00e1rd doll\u00e1rt.\" \/>\n<meta property=\"og:url\" content=\"https:\/\/blogs.dlapiper.com\/advocatus\/2023\/11\/komoly-novekedes-varhato-a-globalis-piacon-dinamikus-bovules-elott-all-az-elektromos-jarmuvek-toltesi-infrastrukturaja\/\" \/>\n<meta property=\"og:site_name\" content=\"Advocatus\" \/>\n<meta property=\"article:published_time\" content=\"2023-11-28T12:36:18+00:00\" \/>\n<meta property=\"article:modified_time\" content=\"2023-11-29T07:17:33+00:00\" \/>\n<meta property=\"og:image\" content=\"https:\/\/blogs.dlapiper.com\/advocatus\/files\/2023\/11\/advocatus-header-28.png\" \/>\n\t<meta property=\"og:image:width\" content=\"1200\" \/>\n\t<meta property=\"og:image:height\" content=\"300\" \/>\n\t<meta property=\"og:image:type\" content=\"image\/png\" \/>\n<meta name=\"author\" content=\"DLA Piper\" \/>\n<meta name=\"twitter:card\" content=\"summary_large_image\" \/>\n<meta name=\"twitter:label1\" content=\"Written by\" \/>\n\t<meta name=\"twitter:data1\" content=\"DLA Piper\" \/>\n\t<meta name=\"twitter:label2\" content=\"Estimated reading time\" \/>\n\t<meta name=\"twitter:data2\" content=\"3 minutes\" \/>\n<script type=\"application\/ld+json\" class=\"yoast-schema-graph\">{\"@context\":\"https:\/\/schema.org\",\"@graph\":[{\"@type\":\"Article\",\"@id\":\"https:\/\/blogs.dlapiper.com\/advocatus\/2023\/11\/komoly-novekedes-varhato-a-globalis-piacon-dinamikus-bovules-elott-all-az-elektromos-jarmuvek-toltesi-infrastrukturaja\/#article\",\"isPartOf\":{\"@id\":\"https:\/\/blogs.dlapiper.com\/advocatus\/2023\/11\/komoly-novekedes-varhato-a-globalis-piacon-dinamikus-bovules-elott-all-az-elektromos-jarmuvek-toltesi-infrastrukturaja\/\"},\"author\":{\"name\":\"Gy\u00f6rfi-T\u00f3th P\u00e9ter\",\"@id\":\"https:\/\/blogs.dlapiper.com\/advocatus\/#\/schema\/person\/9a6474d43e3041fb78a407a572a5f059\"},\"headline\":\"Komoly n\u00f6veked\u00e9s v\u00e1rhat\u00f3 a glob\u00e1lis piacon: dinamikus b\u0151v\u00fcl\u00e9s el\u0151tt \u00e1ll az elektromos j\u00e1rm\u0171vek t\u00f6lt\u00e9si infrastrukt\u00far\u00e1ja\",\"datePublished\":\"2023-11-28T12:36:18+00:00\",\"dateModified\":\"2023-11-29T07:17:33+00:00\",\"mainEntityOfPage\":{\"@id\":\"https:\/\/blogs.dlapiper.com\/advocatus\/2023\/11\/komoly-novekedes-varhato-a-globalis-piacon-dinamikus-bovules-elott-all-az-elektromos-jarmuvek-toltesi-infrastrukturaja\/\"},\"wordCount\":1119,\"publisher\":{\"@id\":\"https:\/\/blogs.dlapiper.com\/advocatus\/#organization\"},\"image\":{\"@id\":\"https:\/\/blogs.dlapiper.com\/advocatus\/2023\/11\/komoly-novekedes-varhato-a-globalis-piacon-dinamikus-bovules-elott-all-az-elektromos-jarmuvek-toltesi-infrastrukturaja\/#primaryimage\"},\"thumbnailUrl\":\"https:\/\/blogs.dlapiper.com\/advocatus\/files\/2023\/11\/advocatus-header-28.png\",\"keywords\":[\"elektromos j\u00e1rm\u0171\",\"felm\u00e9r\u00e9s\",\"infrastrukt\u00fara\"],\"articleSection\":[\"ESG\",\"Infrastrukt\u00fara | Infrastructure\"],\"inLanguage\":\"en-GB\"},{\"@type\":\"WebPage\",\"@id\":\"https:\/\/blogs.dlapiper.com\/advocatus\/2023\/11\/komoly-novekedes-varhato-a-globalis-piacon-dinamikus-bovules-elott-all-az-elektromos-jarmuvek-toltesi-infrastrukturaja\/\",\"url\":\"https:\/\/blogs.dlapiper.com\/advocatus\/2023\/11\/komoly-novekedes-varhato-a-globalis-piacon-dinamikus-bovules-elott-all-az-elektromos-jarmuvek-toltesi-infrastrukturaja\/\",\"name\":\"Komoly n\u00f6veked\u00e9s v\u00e1rhat\u00f3 a glob\u00e1lis piacon: dinamikus b\u0151v\u00fcl\u00e9s el\u0151tt \u00e1ll az elektromos j\u00e1rm\u0171vek t\u00f6lt\u00e9si infrastrukt\u00far\u00e1ja\",\"isPartOf\":{\"@id\":\"https:\/\/blogs.dlapiper.com\/advocatus\/#website\"},\"primaryImageOfPage\":{\"@id\":\"https:\/\/blogs.dlapiper.com\/advocatus\/2023\/11\/komoly-novekedes-varhato-a-globalis-piacon-dinamikus-bovules-elott-all-az-elektromos-jarmuvek-toltesi-infrastrukturaja\/#primaryimage\"},\"image\":{\"@id\":\"https:\/\/blogs.dlapiper.com\/advocatus\/2023\/11\/komoly-novekedes-varhato-a-globalis-piacon-dinamikus-bovules-elott-all-az-elektromos-jarmuvek-toltesi-infrastrukturaja\/#primaryimage\"},\"thumbnailUrl\":\"https:\/\/blogs.dlapiper.com\/advocatus\/files\/2023\/11\/advocatus-header-28.png\",\"datePublished\":\"2023-11-28T12:36:18+00:00\",\"dateModified\":\"2023-11-29T07:17:33+00:00\",\"description\":\"A k\u00f6vetkez\u0151 \u00f6t \u00e9vben az elektromos j\u00e1rm\u0171vekkel kapcsolatos t\u00e1mogat\u00f3 infrastrukt\u00fara-\u00fcgyletek \u00f6ssz\u00e9rt\u00e9ke vil\u00e1gszerte el\u00e9rheti az 57,4 milli\u00e1rd doll\u00e1rt.\",\"breadcrumb\":{\"@id\":\"https:\/\/blogs.dlapiper.com\/advocatus\/2023\/11\/komoly-novekedes-varhato-a-globalis-piacon-dinamikus-bovules-elott-all-az-elektromos-jarmuvek-toltesi-infrastrukturaja\/#breadcrumb\"},\"inLanguage\":\"en-GB\",\"potentialAction\":[{\"@type\":\"ReadAction\",\"target\":[\"https:\/\/blogs.dlapiper.com\/advocatus\/2023\/11\/komoly-novekedes-varhato-a-globalis-piacon-dinamikus-bovules-elott-all-az-elektromos-jarmuvek-toltesi-infrastrukturaja\/\"]}]},{\"@type\":\"ImageObject\",\"inLanguage\":\"en-GB\",\"@id\":\"https:\/\/blogs.dlapiper.com\/advocatus\/2023\/11\/komoly-novekedes-varhato-a-globalis-piacon-dinamikus-bovules-elott-all-az-elektromos-jarmuvek-toltesi-infrastrukturaja\/#primaryimage\",\"url\":\"https:\/\/blogs.dlapiper.com\/advocatus\/files\/2023\/11\/advocatus-header-28.png\",\"contentUrl\":\"https:\/\/blogs.dlapiper.com\/advocatus\/files\/2023\/11\/advocatus-header-28.png\",\"width\":1200,\"height\":300},{\"@type\":\"BreadcrumbList\",\"@id\":\"https:\/\/blogs.dlapiper.com\/advocatus\/2023\/11\/komoly-novekedes-varhato-a-globalis-piacon-dinamikus-bovules-elott-all-az-elektromos-jarmuvek-toltesi-infrastrukturaja\/#breadcrumb\",\"itemListElement\":[{\"@type\":\"ListItem\",\"position\":1,\"name\":\"Home\",\"item\":\"https:\/\/blogs.dlapiper.com\/advocatus\/\"},{\"@type\":\"ListItem\",\"position\":2,\"name\":\"Komoly n\u00f6veked\u00e9s v\u00e1rhat\u00f3 a glob\u00e1lis piacon: dinamikus b\u0151v\u00fcl\u00e9s el\u0151tt \u00e1ll az elektromos j\u00e1rm\u0171vek t\u00f6lt\u00e9si infrastrukt\u00far\u00e1ja\"}]},{\"@type\":\"WebSite\",\"@id\":\"https:\/\/blogs.dlapiper.com\/advocatus\/#website\",\"url\":\"https:\/\/blogs.dlapiper.com\/advocatus\/\",\"name\":\"Advocatus\",\"description\":\"A DLA Piper Jogi Blogja\",\"publisher\":{\"@id\":\"https:\/\/blogs.dlapiper.com\/advocatus\/#organization\"},\"potentialAction\":[{\"@type\":\"SearchAction\",\"target\":{\"@type\":\"EntryPoint\",\"urlTemplate\":\"https:\/\/blogs.dlapiper.com\/advocatus\/?s={search_term_string}\"},\"query-input\":{\"@type\":\"PropertyValueSpecification\",\"valueRequired\":true,\"valueName\":\"search_term_string\"}}],\"inLanguage\":\"en-GB\"},{\"@type\":\"Organization\",\"@id\":\"https:\/\/blogs.dlapiper.com\/advocatus\/#organization\",\"name\":\"Advocatus\",\"url\":\"https:\/\/blogs.dlapiper.com\/advocatus\/\",\"logo\":{\"@type\":\"ImageObject\",\"inLanguage\":\"en-GB\",\"@id\":\"https:\/\/blogs.dlapiper.com\/advocatus\/#\/schema\/logo\/image\/\",\"url\":\"https:\/\/blogs.dlapiper.com\/advocatus\/files\/2019\/06\/cropped-logo-144-1.png\",\"contentUrl\":\"https:\/\/blogs.dlapiper.com\/advocatus\/files\/2019\/06\/cropped-logo-144-1.png\",\"width\":223,\"height\":130,\"caption\":\"Advocatus\"},\"image\":{\"@id\":\"https:\/\/blogs.dlapiper.com\/advocatus\/#\/schema\/logo\/image\/\"},\"sameAs\":[\"https:\/\/www.linkedin.com\/showcase\/dla-piper-hungary\/\"]},{\"@type\":\"Person\",\"@id\":\"https:\/\/blogs.dlapiper.com\/advocatus\/#\/schema\/person\/9a6474d43e3041fb78a407a572a5f059\",\"name\":\"Gy\u00f6rfi-T\u00f3th P\u00e9ter\",\"url\":\"https:\/\/blogs.dlapiper.com\/advocatus\/author\/gyorfitoth\/\"}]}<\/script>\n<!-- \/ Yoast SEO plugin. -->","yoast_head_json":{"title":"Komoly n\u00f6veked\u00e9s v\u00e1rhat\u00f3 a glob\u00e1lis piacon: dinamikus b\u0151v\u00fcl\u00e9s el\u0151tt \u00e1ll az elektromos j\u00e1rm\u0171vek t\u00f6lt\u00e9si infrastrukt\u00far\u00e1ja","description":"A k\u00f6vetkez\u0151 \u00f6t \u00e9vben az elektromos j\u00e1rm\u0171vekkel kapcsolatos t\u00e1mogat\u00f3 infrastrukt\u00fara-\u00fcgyletek \u00f6ssz\u00e9rt\u00e9ke vil\u00e1gszerte el\u00e9rheti az 57,4 milli\u00e1rd doll\u00e1rt.","robots":{"index":"index","follow":"follow","max-snippet":"max-snippet:-1","max-image-preview":"max-image-preview:large","max-video-preview":"max-video-preview:-1"},"canonical":"https:\/\/blogs.dlapiper.com\/advocatus\/2023\/11\/komoly-novekedes-varhato-a-globalis-piacon-dinamikus-bovules-elott-all-az-elektromos-jarmuvek-toltesi-infrastrukturaja\/","og_locale":"en_GB","og_type":"article","og_title":"Komoly n\u00f6veked\u00e9s v\u00e1rhat\u00f3 a glob\u00e1lis piacon: dinamikus b\u0151v\u00fcl\u00e9s el\u0151tt \u00e1ll az elektromos j\u00e1rm\u0171vek t\u00f6lt\u00e9si infrastrukt\u00far\u00e1ja","og_description":"A k\u00f6vetkez\u0151 \u00f6t \u00e9vben az elektromos j\u00e1rm\u0171vekkel kapcsolatos t\u00e1mogat\u00f3 infrastrukt\u00fara-\u00fcgyletek \u00f6ssz\u00e9rt\u00e9ke vil\u00e1gszerte el\u00e9rheti az 57,4 milli\u00e1rd doll\u00e1rt.","og_url":"https:\/\/blogs.dlapiper.com\/advocatus\/2023\/11\/komoly-novekedes-varhato-a-globalis-piacon-dinamikus-bovules-elott-all-az-elektromos-jarmuvek-toltesi-infrastrukturaja\/","og_site_name":"Advocatus","article_published_time":"2023-11-28T12:36:18+00:00","article_modified_time":"2023-11-29T07:17:33+00:00","og_image":[{"width":1200,"height":300,"url":"https:\/\/blogs.dlapiper.com\/advocatus\/files\/2023\/11\/advocatus-header-28.png","type":"image\/png"}],"author":"DLA Piper","twitter_card":"summary_large_image","twitter_misc":{"Written by":"DLA Piper","Estimated reading time":"3 minutes"},"schema":{"@context":"https:\/\/schema.org","@graph":[{"@type":"Article","@id":"https:\/\/blogs.dlapiper.com\/advocatus\/2023\/11\/komoly-novekedes-varhato-a-globalis-piacon-dinamikus-bovules-elott-all-az-elektromos-jarmuvek-toltesi-infrastrukturaja\/#article","isPartOf":{"@id":"https:\/\/blogs.dlapiper.com\/advocatus\/2023\/11\/komoly-novekedes-varhato-a-globalis-piacon-dinamikus-bovules-elott-all-az-elektromos-jarmuvek-toltesi-infrastrukturaja\/"},"author":{"name":"Gy\u00f6rfi-T\u00f3th P\u00e9ter","@id":"https:\/\/blogs.dlapiper.com\/advocatus\/#\/schema\/person\/9a6474d43e3041fb78a407a572a5f059"},"headline":"Komoly n\u00f6veked\u00e9s v\u00e1rhat\u00f3 a glob\u00e1lis piacon: dinamikus b\u0151v\u00fcl\u00e9s el\u0151tt \u00e1ll az elektromos j\u00e1rm\u0171vek t\u00f6lt\u00e9si infrastrukt\u00far\u00e1ja","datePublished":"2023-11-28T12:36:18+00:00","dateModified":"2023-11-29T07:17:33+00:00","mainEntityOfPage":{"@id":"https:\/\/blogs.dlapiper.com\/advocatus\/2023\/11\/komoly-novekedes-varhato-a-globalis-piacon-dinamikus-bovules-elott-all-az-elektromos-jarmuvek-toltesi-infrastrukturaja\/"},"wordCount":1119,"publisher":{"@id":"https:\/\/blogs.dlapiper.com\/advocatus\/#organization"},"image":{"@id":"https:\/\/blogs.dlapiper.com\/advocatus\/2023\/11\/komoly-novekedes-varhato-a-globalis-piacon-dinamikus-bovules-elott-all-az-elektromos-jarmuvek-toltesi-infrastrukturaja\/#primaryimage"},"thumbnailUrl":"https:\/\/blogs.dlapiper.com\/advocatus\/files\/2023\/11\/advocatus-header-28.png","keywords":["elektromos j\u00e1rm\u0171","felm\u00e9r\u00e9s","infrastrukt\u00fara"],"articleSection":["ESG","Infrastrukt\u00fara | Infrastructure"],"inLanguage":"en-GB"},{"@type":"WebPage","@id":"https:\/\/blogs.dlapiper.com\/advocatus\/2023\/11\/komoly-novekedes-varhato-a-globalis-piacon-dinamikus-bovules-elott-all-az-elektromos-jarmuvek-toltesi-infrastrukturaja\/","url":"https:\/\/blogs.dlapiper.com\/advocatus\/2023\/11\/komoly-novekedes-varhato-a-globalis-piacon-dinamikus-bovules-elott-all-az-elektromos-jarmuvek-toltesi-infrastrukturaja\/","name":"Komoly n\u00f6veked\u00e9s v\u00e1rhat\u00f3 a glob\u00e1lis piacon: dinamikus b\u0151v\u00fcl\u00e9s el\u0151tt \u00e1ll az elektromos j\u00e1rm\u0171vek t\u00f6lt\u00e9si infrastrukt\u00far\u00e1ja","isPartOf":{"@id":"https:\/\/blogs.dlapiper.com\/advocatus\/#website"},"primaryImageOfPage":{"@id":"https:\/\/blogs.dlapiper.com\/advocatus\/2023\/11\/komoly-novekedes-varhato-a-globalis-piacon-dinamikus-bovules-elott-all-az-elektromos-jarmuvek-toltesi-infrastrukturaja\/#primaryimage"},"image":{"@id":"https:\/\/blogs.dlapiper.com\/advocatus\/2023\/11\/komoly-novekedes-varhato-a-globalis-piacon-dinamikus-bovules-elott-all-az-elektromos-jarmuvek-toltesi-infrastrukturaja\/#primaryimage"},"thumbnailUrl":"https:\/\/blogs.dlapiper.com\/advocatus\/files\/2023\/11\/advocatus-header-28.png","datePublished":"2023-11-28T12:36:18+00:00","dateModified":"2023-11-29T07:17:33+00:00","description":"A k\u00f6vetkez\u0151 \u00f6t \u00e9vben az elektromos j\u00e1rm\u0171vekkel kapcsolatos t\u00e1mogat\u00f3 infrastrukt\u00fara-\u00fcgyletek \u00f6ssz\u00e9rt\u00e9ke vil\u00e1gszerte el\u00e9rheti az 57,4 milli\u00e1rd doll\u00e1rt.","breadcrumb":{"@id":"https:\/\/blogs.dlapiper.com\/advocatus\/2023\/11\/komoly-novekedes-varhato-a-globalis-piacon-dinamikus-bovules-elott-all-az-elektromos-jarmuvek-toltesi-infrastrukturaja\/#breadcrumb"},"inLanguage":"en-GB","potentialAction":[{"@type":"ReadAction","target":["https:\/\/blogs.dlapiper.com\/advocatus\/2023\/11\/komoly-novekedes-varhato-a-globalis-piacon-dinamikus-bovules-elott-all-az-elektromos-jarmuvek-toltesi-infrastrukturaja\/"]}]},{"@type":"ImageObject","inLanguage":"en-GB","@id":"https:\/\/blogs.dlapiper.com\/advocatus\/2023\/11\/komoly-novekedes-varhato-a-globalis-piacon-dinamikus-bovules-elott-all-az-elektromos-jarmuvek-toltesi-infrastrukturaja\/#primaryimage","url":"https:\/\/blogs.dlapiper.com\/advocatus\/files\/2023\/11\/advocatus-header-28.png","contentUrl":"https:\/\/blogs.dlapiper.com\/advocatus\/files\/2023\/11\/advocatus-header-28.png","width":1200,"height":300},{"@type":"BreadcrumbList","@id":"https:\/\/blogs.dlapiper.com\/advocatus\/2023\/11\/komoly-novekedes-varhato-a-globalis-piacon-dinamikus-bovules-elott-all-az-elektromos-jarmuvek-toltesi-infrastrukturaja\/#breadcrumb","itemListElement":[{"@type":"ListItem","position":1,"name":"Home","item":"https:\/\/blogs.dlapiper.com\/advocatus\/"},{"@type":"ListItem","position":2,"name":"Komoly n\u00f6veked\u00e9s v\u00e1rhat\u00f3 a glob\u00e1lis piacon: dinamikus b\u0151v\u00fcl\u00e9s el\u0151tt \u00e1ll az elektromos j\u00e1rm\u0171vek t\u00f6lt\u00e9si infrastrukt\u00far\u00e1ja"}]},{"@type":"WebSite","@id":"https:\/\/blogs.dlapiper.com\/advocatus\/#website","url":"https:\/\/blogs.dlapiper.com\/advocatus\/","name":"Advocatus","description":"A DLA Piper Jogi Blogja","publisher":{"@id":"https:\/\/blogs.dlapiper.com\/advocatus\/#organization"},"potentialAction":[{"@type":"SearchAction","target":{"@type":"EntryPoint","urlTemplate":"https:\/\/blogs.dlapiper.com\/advocatus\/?s={search_term_string}"},"query-input":{"@type":"PropertyValueSpecification","valueRequired":true,"valueName":"search_term_string"}}],"inLanguage":"en-GB"},{"@type":"Organization","@id":"https:\/\/blogs.dlapiper.com\/advocatus\/#organization","name":"Advocatus","url":"https:\/\/blogs.dlapiper.com\/advocatus\/","logo":{"@type":"ImageObject","inLanguage":"en-GB","@id":"https:\/\/blogs.dlapiper.com\/advocatus\/#\/schema\/logo\/image\/","url":"https:\/\/blogs.dlapiper.com\/advocatus\/files\/2019\/06\/cropped-logo-144-1.png","contentUrl":"https:\/\/blogs.dlapiper.com\/advocatus\/files\/2019\/06\/cropped-logo-144-1.png","width":223,"height":130,"caption":"Advocatus"},"image":{"@id":"https:\/\/blogs.dlapiper.com\/advocatus\/#\/schema\/logo\/image\/"},"sameAs":["https:\/\/www.linkedin.com\/showcase\/dla-piper-hungary\/"]},{"@type":"Person","@id":"https:\/\/blogs.dlapiper.com\/advocatus\/#\/schema\/person\/9a6474d43e3041fb78a407a572a5f059","name":"Gy\u00f6rfi-T\u00f3th P\u00e9ter","url":"https:\/\/blogs.dlapiper.com\/advocatus\/author\/gyorfitoth\/"}]}},"_links":{"self":[{"href":"https:\/\/blogs.dlapiper.com\/advocatus\/wp-json\/wp\/v2\/posts\/4529","targetHints":{"allow":["GET"]}}],"collection":[{"href":"https:\/\/blogs.dlapiper.com\/advocatus\/wp-json\/wp\/v2\/posts"}],"about":[{"href":"https:\/\/blogs.dlapiper.com\/advocatus\/wp-json\/wp\/v2\/types\/post"}],"author":[{"embeddable":true,"href":"https:\/\/blogs.dlapiper.com\/advocatus\/wp-json\/wp\/v2\/users\/74"}],"replies":[{"embeddable":true,"href":"https:\/\/blogs.dlapiper.com\/advocatus\/wp-json\/wp\/v2\/comments?post=4529"}],"version-history":[{"count":0,"href":"https:\/\/blogs.dlapiper.com\/advocatus\/wp-json\/wp\/v2\/posts\/4529\/revisions"}],"wp:featuredmedia":[{"embeddable":true,"href":"https:\/\/blogs.dlapiper.com\/advocatus\/wp-json\/wp\/v2\/media\/4530"}],"wp:attachment":[{"href":"https:\/\/blogs.dlapiper.com\/advocatus\/wp-json\/wp\/v2\/media?parent=4529"}],"wp:term":[{"taxonomy":"category","embeddable":true,"href":"https:\/\/blogs.dlapiper.com\/advocatus\/wp-json\/wp\/v2\/categories?post=4529"},{"taxonomy":"post_tag","embeddable":true,"href":"https:\/\/blogs.dlapiper.com\/advocatus\/wp-json\/wp\/v2\/tags?post=4529"},{"taxonomy":"author","embeddable":true,"href":"https:\/\/blogs.dlapiper.com\/advocatus\/wp-json\/wp\/v2\/coauthors?post=4529"}],"curies":[{"name":"wp","href":"https:\/\/api.w.org\/{rel}","templated":true}]}}