{"id":4378,"date":"2023-05-24T14:28:48","date_gmt":"2023-05-24T12:28:48","guid":{"rendered":"https:\/\/blogs.dlapiper.com\/advocatus\/?p=4378"},"modified":"2023-06-06T16:03:38","modified_gmt":"2023-06-06T14:03:38","slug":"nem-vezet-kozbeszerzesi-kizarasra-a-vertikalis-versenykorlatozas","status":"publish","type":"post","link":"https:\/\/blogs.dlapiper.com\/advocatus\/2023\/05\/nem-vezet-kozbeszerzesi-kizarasra-a-vertikalis-versenykorlatozas\/","title":{"rendered":"Nem vezet k\u00f6zbeszerz\u00e9si kiz\u00e1r\u00e1sra a vertik\u00e1lis versenykorl\u00e1toz\u00e1s"},"content":{"rendered":"\t\t<div data-elementor-type=\"wp-post\" data-elementor-id=\"4378\" class=\"elementor elementor-4378\" data-elementor-post-type=\"post\">\n\t\t\t\t\t\t<section class=\"elementor-section elementor-top-section elementor-element elementor-element-5309693 elementor-section-boxed elementor-section-height-default elementor-section-height-default\" data-id=\"5309693\" data-element_type=\"section\">\n\t\t\t\t\t\t<div class=\"elementor-container elementor-column-gap-default\">\n\t\t\t\t\t<div class=\"elementor-column elementor-col-100 elementor-top-column elementor-element elementor-element-54d4a9c\" data-id=\"54d4a9c\" data-element_type=\"column\">\n\t\t\t<div class=\"elementor-widget-wrap elementor-element-populated\">\n\t\t\t\t\t\t<div class=\"elementor-element elementor-element-b2a2a43 elementor-widget elementor-widget-text-editor\" data-id=\"b2a2a43\" data-element_type=\"widget\" data-widget_type=\"text-editor.default\">\n\t\t\t\t<div class=\"elementor-widget-container\">\n\t\t\t\t\t\t\t\t\t<p><strong>A K\u00f6zbeszerz\u00e9si D\u00f6nt\u0151bizotts\u00e1g hat\u00e1rozott, b\u00e1r n\u00e9mileg vitathat\u00f3 \u00e9rtelmez\u00e9ssel fontos hat\u00e1rt h\u00fazott az egy adott k\u00f6zbeszerz\u00e9si tendert \u00e9rint\u0151 versenytorz\u00edt\u00f3 meg\u00e1llapod\u00e1sok miatti kiz\u00e1r\u00e1s (Kbt. 62.\u00a7 (2) bekezd\u00e9s o) pontja) alkalmazhat\u00f3s\u00e1g\u00e1nak.<\/strong><\/p>\t\t\t\t\t\t\t\t<\/div>\n\t\t\t\t<\/div>\n\t\t\t\t\t<\/div>\n\t\t<\/div>\n\t\t\t\t\t<\/div>\n\t\t<\/section>\n\t\t\t\t<section class=\"elementor-section elementor-top-section elementor-element elementor-element-82b754d elementor-section-boxed elementor-section-height-default elementor-section-height-default\" data-id=\"82b754d\" data-element_type=\"section\">\n\t\t\t\t\t\t<div class=\"elementor-container elementor-column-gap-default\">\n\t\t\t\t\t<div class=\"elementor-column elementor-col-100 elementor-top-column elementor-element elementor-element-9af5f63\" data-id=\"9af5f63\" data-element_type=\"column\">\n\t\t\t<div class=\"elementor-widget-wrap elementor-element-populated\">\n\t\t\t\t\t\t<div class=\"elementor-element elementor-element-0559d0f elementor-widget elementor-widget-text-editor\" data-id=\"0559d0f\" data-element_type=\"widget\" data-widget_type=\"text-editor.default\">\n\t\t\t\t<div class=\"elementor-widget-container\">\n\t\t\t\t\t\t\t\t\t<p>E kiz\u00e1r\u00f3 ok \u00e9rtelmez\u00e9se k\u00f6r\u00e9ben eddig is vil\u00e1gos volt, hogy az kiterjed az adott tender aj\u00e1nlattev\u0151i k\u00f6z\u00f6tt l\u00e9trej\u00f6tt kartell meg\u00e1llapod\u00e1sra, illetve (a jogszab\u00e1lyhely legut\u00f3bbi m\u00f3dos\u00edt\u00e1sa \u00f3ta) ugyanezen \u00f6sszej\u00e1tsz\u00e1snak a versenyjog \u00e1ltal nem tiltott azon form\u00e1j\u00e1ra is, amikor az \u00f6sszej\u00e1tsz\u00f3 aj\u00e1nlattev\u0151k azonos v\u00e1llalkoz\u00e1scsoport r\u00e9sz\u00e9t k\u00e9pezik.<\/p><p>Azonban az \u00e1lland\u00f3 \u00e9rtelmez\u00e9shez k\u00e9pest \u00fajszer\u0171 jogk\u00e9rd\u00e9s mer\u00fclt fel a D\/28\/2023-as jogorvoslati elj\u00e1r\u00e1sban, ugyanis <strong>a k\u00e9relmez\u0151i \u00e9rvel\u00e9s szerint az adott k\u00f6zbeszerz\u00e9si elj\u00e1r\u00e1sban \u00e9rv\u00e9nyes\u00fcl\u0151 versenyt korl\u00e1toz\u00f3 vertik\u00e1lis meg\u00e1llapod\u00e1sokra is alkalmazni kell e kiz\u00e1r\u00f3 okot.<\/strong> A k\u00e9relmez\u0151 \u00e1ll\u00edt\u00e1sa szerint a k\u00e9rd\u00e9ses k\u00f6zbeszerz\u00e9sben az egyed\u00fclik\u00e9nt megaj\u00e1nlhat\u00f3 term\u00e9k forgalmaz\u00f3ja olyan kiz\u00e1r\u00f3lagos meg\u00e1llapod\u00e1st k\u00f6t\u00f6tt az egyik aj\u00e1nlattev\u0151vel, ami jelent\u0151s \u00e1rel\u0151nyt biztos\u00edtott ezen aj\u00e1nlattev\u0151 sz\u00e1m\u00e1ra, korl\u00e1tozva a t\u00f6bbi aj\u00e1nlattev\u0151 \u00e1ltal t\u00e1masztott versenynyom\u00e1st. \u00c9rvel\u00e9se szerint a k\u00f6zbeszerz\u00e9sben k\u00f6zvetlen\u00fcl r\u00e9szt nem vev\u0151 forgalmaz\u00f3 is gazdas\u00e1gi szerepl\u0151nek min\u0151s\u00fcl, \u00edgy fogalmilag kiterjed a vele k\u00f6t\u00f6tt vertik\u00e1lis meg\u00e1llapod\u00e1sra is a fent hivatkozott kiz\u00e1r\u00f3 ok, ha az a versenyt hat\u00e1s\u00e1ban korl\u00e1tozza.<\/p><p>E megk\u00f6zel\u00edt\u00e9s versenyjogi szem\u00fcvegen \u00e1t n\u00e9zve teh\u00e1t azt a k\u00e9rd\u00e9st vetette fel, hogy <strong>az aj\u00e1nlatk\u00e9r\u0151nek nem csak a saj\u00e1t elj\u00e1r\u00e1s\u00e1ban egym\u00e1ssal esetlegesen kartellez\u0151 aj\u00e1nlattev\u0151k k\u00f6z\u00f6tti versenykorl\u00e1toz\u00f3 <em>c\u00e9l\u00fa<\/em> meg\u00e1llapod\u00e1s lehet\u0151s\u00e9g\u00e9t kell vizsg\u00e1lnia, hanem annak elemz\u00e9s\u00e9t is el kellene v\u00e9geznie, hogy az egyes aj\u00e1nlattev\u0151k milyen (ak\u00e1r hossz\u00fa t\u00e1v\u00fa, strat\u00e9giai) vertik\u00e1lis meg\u00e1llapod\u00e1sban \u00e1llnak a forgalmaz\u00f3val\/gy\u00e1rt\u00f3val, ha a meg\u00e1llapod\u00e1s versenykorl\u00e1toz\u00f3 <em>hat\u00e1st<\/em> gyakorol(hat) az adott k\u00f6zbeszerz\u00e9si elj\u00e1r\u00e1sban.<\/strong> Ha p\u00e9ld\u00e1ul valamely aj\u00e1nlattev\u0151 kiz\u00e1r\u00f3lagos, vagy a t\u00e9ny\u00e1ll\u00e1sban \u00e1ll\u00edtottak szerint kedvezm\u00e9nyezett \u00fczleti kapcsolatban \u00e1ll egy term\u00e9k gy\u00e1rt\u00f3j\u00e1val, akkor e megk\u00f6zel\u00edt\u00e9s alapj\u00e1n azt is vizsg\u00e1lnia kellene az aj\u00e1nlatk\u00e9r\u0151nek, hogy a kiz\u00e1r\u00f3lagoss\u00e1g, vagy kedvezm\u00e9nyezetts\u00e9g jogellenesen korl\u00e1tozza-e a versenyt.<\/p>\t\t\t\t\t\t\t\t<\/div>\n\t\t\t\t<\/div>\n\t\t\t\t\t<\/div>\n\t\t<\/div>\n\t\t\t\t\t<\/div>\n\t\t<\/section>\n\t\t\t\t<section class=\"elementor-section elementor-top-section elementor-element elementor-element-2303146 elementor-section-boxed elementor-section-height-default elementor-section-height-default\" data-id=\"2303146\" data-element_type=\"section\">\n\t\t\t\t\t\t<div class=\"elementor-container elementor-column-gap-default\">\n\t\t\t\t\t<div class=\"elementor-column elementor-col-100 elementor-top-column elementor-element elementor-element-29f6b01\" data-id=\"29f6b01\" data-element_type=\"column\">\n\t\t\t<div class=\"elementor-widget-wrap elementor-element-populated\">\n\t\t\t\t\t\t<div class=\"elementor-element elementor-element-e29f2d4 elementor-widget elementor-widget-text-editor\" data-id=\"e29f2d4\" data-element_type=\"widget\" data-widget_type=\"text-editor.default\">\n\t\t\t\t<div class=\"elementor-widget-container\">\n\t\t\t\t\t\t\t\t\t<p>A D\u00f6nt\u0151bizotts\u00e1g elvi \u00e9llel mutatott r\u00e1 arra, hogy a k\u00e9rd\u00e9ses kiz\u00e1r\u00f3 ok nem vonatkoztathat\u00f3 a k\u00f6zbeszerz\u00e9si elj\u00e1r\u00e1sban semmilyen min\u0151s\u00e9gben r\u00e9szt nem vev\u0151 gazdas\u00e1gi szerepl\u0151re. \u00c9rvel\u00e9se szerint e kiz\u00e1r\u00f3 ok (mint mindegyik) csak az aj\u00e1nlattev\u0151re, a r\u00e9szv\u00e9telre jelentkez\u0151re, az alv\u00e1llalkoz\u00f3ra \u00e9s az alkalmass\u00e1got igazol\u00f3 gazdas\u00e1gi szerepl\u0151re vonatkozik. <strong>Ezzel a megk\u00f6zel\u00edt\u00e9ssel teh\u00e1t a D\u00f6nt\u0151bizotts\u00e1g minden olyan versenykorl\u00e1toz\u00f3 meg\u00e1llapod\u00e1st k\u00edv\u00fcl rekesztett a kiz\u00e1r\u00f3 ok \u00e9rtelmez\u00e9se tekintet\u00e9ben, amely nem az adott k\u00f6zbeszerz\u00e9si elj\u00e1r\u00e1sban valamilyen m\u00f3don r\u00e9sztvev\u0151 gazdas\u00e1gi szerepl\u0151 r\u00e9szv\u00e9tel\u00e9vel j\u00f6tt l\u00e9tre, \u00edgy els\u0151sorban is az aj\u00e1nlattev\u0151k \u00e1ltal a gy\u00e1rt\u00f3val, vagy forgalmaz\u00f3val k\u00f6t\u00f6tt vertik\u00e1lis meg\u00e1llapod\u00e1sokat.<\/strong><\/p>\t\t\t\t\t\t\t\t<\/div>\n\t\t\t\t<\/div>\n\t\t\t\t\t<\/div>\n\t\t<\/div>\n\t\t\t\t\t<\/div>\n\t\t<\/section>\n\t\t\t\t<section class=\"elementor-section elementor-top-section elementor-element elementor-element-e920d77 elementor-section-boxed elementor-section-height-default elementor-section-height-default\" data-id=\"e920d77\" data-element_type=\"section\">\n\t\t\t\t\t\t<div class=\"elementor-container elementor-column-gap-default\">\n\t\t\t\t\t<div class=\"elementor-column elementor-col-100 elementor-top-column elementor-element elementor-element-2b2d27d\" data-id=\"2b2d27d\" data-element_type=\"column\">\n\t\t\t<div class=\"elementor-widget-wrap elementor-element-populated\">\n\t\t\t\t\t\t<div class=\"elementor-element elementor-element-d8c4611 elementor-widget elementor-widget-spacer\" data-id=\"d8c4611\" data-element_type=\"widget\" data-widget_type=\"spacer.default\">\n\t\t\t\t<div class=\"elementor-widget-container\">\n\t\t\t\t\t\t\t<div class=\"elementor-spacer\">\n\t\t\t<div class=\"elementor-spacer-inner\"><\/div>\n\t\t<\/div>\n\t\t\t\t\t\t<\/div>\n\t\t\t\t<\/div>\n\t\t\t\t\t<\/div>\n\t\t<\/div>\n\t\t\t\t\t<\/div>\n\t\t<\/section>\n\t\t\t\t<section class=\"elementor-section elementor-top-section elementor-element elementor-element-a37789b elementor-section-boxed elementor-section-height-default elementor-section-height-default\" data-id=\"a37789b\" data-element_type=\"section\">\n\t\t\t\t\t\t<div class=\"elementor-container elementor-column-gap-default\">\n\t\t\t\t\t<div class=\"elementor-column elementor-col-100 elementor-top-column elementor-element elementor-element-b661788\" data-id=\"b661788\" data-element_type=\"column\">\n\t\t\t<div class=\"elementor-widget-wrap elementor-element-populated\">\n\t\t\t\t\t\t<div class=\"elementor-element elementor-element-2277d9c elementor-widget elementor-widget-text-editor\" data-id=\"2277d9c\" data-element_type=\"widget\" data-widget_type=\"text-editor.default\">\n\t\t\t\t<div class=\"elementor-widget-container\">\n\t\t\t\t\t\t\t\t\t<p>E megk\u00f6zel\u00edt\u00e9s egyfel\u0151l \u00fcdv\u00f6zlend\u0151, hiszen a versenykorl\u00e1toz\u00f3 c\u00e9l\u00fa (kartell) meg\u00e1llapod\u00e1sok meg\u00edt\u00e9l\u00e9se k\u00f6nny\u0171, m\u00e9g akkor is, ha bizony\u00edt\u00e1suk adott esetben komoly probl\u00e9m\u00e1t okozhat az aj\u00e1nlatk\u00e9r\u0151nek. A vertik\u00e1lis (gy\u00e1rt\u00f3-aj\u00e1nlattev\u0151) k\u00f6z\u00f6tti meg\u00e1llapod\u00e1sok eset\u00e9ben viszont az igaz\u00e1n komoly kih\u00edv\u00e1st nem a t\u00e9nyek bizony\u00edt\u00e1sa, hanem azok jogi \u00e9rt\u00e9kel\u00e9se, jeles\u00fcl a versenykorl\u00e1toz\u00f3 meg\u00e1llapod\u00e1s mentes\u00fcl\u00e9se vagy tiltotts\u00e1ga k\u00f6z\u00f6tti d\u00f6nt\u00e9s jelenti. A sz\u00f3ban forg\u00f3 k\u00e9rd\u00e9s meg\u00edt\u00e9l\u00e9se viszont, amint arra a k\u00e9rd\u00e9ses \u00fcgyben a D\u00f6nt\u0151bizotts\u00e1g is utalt, els\u0151sorban a Gazdas\u00e1gi Versenyhivatal hat\u00e1sk\u00f6r\u00e9be tartozik. <strong>A megk\u00f6zel\u00edt\u00e9s r\u00e9v\u00e9n megmenek\u00fcltek az aj\u00e1nlatk\u00e9r\u0151k att\u00f3l, hogy a sok piacot jellemz\u0151 kiz\u00e1r\u00f3lagos vertik\u00e1lis vagy szelekt\u00edv forgalmaz\u00e1si meg\u00e1llapod\u00e1sok jogszer\u0171s\u00e9g\u00e9nek \u00e9s hat\u00e1sainak k\u00e9rd\u00e9seit kelljen boncolgatniuk.<\/strong><\/p><p>K\u00e9rd\u00e9ses ugyanakkor, hogy hogyan \u00edt\u00e9lne meg a D\u00f6nt\u0151bizotts\u00e1g egy olyan kartellt, ahol arra der\u00fcl f\u00e9ny, hogy a k\u00f6zbeszerz\u00e9si elj\u00e1r\u00e1sban egyed\u00fclik\u00e9nt aj\u00e1nlatot tev\u0151 v\u00e1llalkoz\u00e1snak az\u00e9rt nincs versenyt\u00e1rsa az adott tenderen, mert versenytorz\u00edt\u00f3 meg\u00e1llapod\u00e1s eredm\u00e9nyek\u00e9nt azok tart\u00f3zkodtak az aj\u00e1nlatt\u00e9telt\u0151l. A D\u00f6nt\u0151bizotts\u00e1g mostani \u00e9rvel\u00e9se szerint egy ilyen meg\u00e1llapod\u00e1s is k\u00edv\u00fcl esne a Kbt. 62.\u00a7 (2) bekezd\u00e9s o) pontj\u00e1nak k\u00f6r\u00e9n, hiszen a nyertes aj\u00e1nlattev\u0151 nem az elj\u00e1r\u00e1sban r\u00e9sztvev\u0151 gazdas\u00e1gi szerepl\u0151kkel k\u00f6t\u00f6tt &#8211; a versenyhelyzetet befoly\u00e1sol\u00f3 &#8211; meg\u00e1llapod\u00e1st. Ez\u00e9rt szerencs\u00e9sebb lett volna, ha a D\u00f6nt\u0151bizotts\u00e1g a verseny korl\u00e1toz\u00e1s\u00e1ra ir\u00e1nyul\u00f3 magatart\u00e1sokat a versenykorl\u00e1toz\u00f3 c\u00e9l\u00fa meg\u00e1llapod\u00e1sokkal tekintette volna anal\u00f3gnak, \u00e9s a vertik\u00e1lis meg\u00e1llapod\u00e1sokat annak alapj\u00e1n rekesztette volna k\u00edv\u00fcl a k\u00e9rd\u00e9ses kiz\u00e1r\u00f3 ok hat\u00f3k\u00f6r\u00e9n, hogy azok k\u00f6zvetlen \u00e9s objekt\u00edv c\u00e9ljuk r\u00e9v\u00e9n korl\u00e1tozz\u00e1k-e a versenyt.<\/p><p>Ez ut\u00f3bbi megk\u00f6zel\u00edt\u00e9s a versenyjogi \u00e9s a k\u00f6zbeszerz\u00e9si jogi megk\u00f6zel\u00edt\u00e9sek nagyobb harm\u00f3ni\u00e1j\u00e1t biztos\u00edthatn\u00e1.<\/p>\t\t\t\t\t\t\t\t<\/div>\n\t\t\t\t<\/div>\n\t\t\t\t\t<\/div>\n\t\t<\/div>\n\t\t\t\t\t<\/div>\n\t\t<\/section>\n\t\t\t\t<section class=\"elementor-section elementor-top-section elementor-element elementor-element-86bad07 elementor-section-boxed elementor-section-height-default elementor-section-height-default\" data-id=\"86bad07\" data-element_type=\"section\">\n\t\t\t\t\t\t<div class=\"elementor-container elementor-column-gap-default\">\n\t\t\t\t\t<div class=\"elementor-column elementor-col-100 elementor-top-column elementor-element elementor-element-996e3d6\" data-id=\"996e3d6\" data-element_type=\"column\">\n\t\t\t<div class=\"elementor-widget-wrap elementor-element-populated\">\n\t\t\t\t\t\t<div class=\"elementor-element elementor-element-3107c40 elementor-widget elementor-widget-text-editor\" data-id=\"3107c40\" data-element_type=\"widget\" data-widget_type=\"text-editor.default\">\n\t\t\t\t<div class=\"elementor-widget-container\">\n\t\t\t\t\t\t\t\t\t<p><em>Szerz\u0151: Cs\u00e9pai Bal\u00e1zs<\/em><\/p>\t\t\t\t\t\t\t\t<\/div>\n\t\t\t\t<\/div>\n\t\t\t\t\t<\/div>\n\t\t<\/div>\n\t\t\t\t\t<\/div>\n\t\t<\/section>\n\t\t\t\t<section class=\"elementor-section elementor-top-section elementor-element elementor-element-afcc765 elementor-section-boxed elementor-section-height-default elementor-section-height-default\" data-id=\"afcc765\" data-element_type=\"section\">\n\t\t\t\t\t\t<div class=\"elementor-container elementor-column-gap-default\">\n\t\t\t\t\t<div class=\"elementor-column elementor-col-50 elementor-top-column elementor-element elementor-element-df3bf2c\" data-id=\"df3bf2c\" data-element_type=\"column\">\n\t\t\t<div class=\"elementor-widget-wrap elementor-element-populated\">\n\t\t\t\t\t\t<div class=\"elementor-element elementor-element-fe55492 elementor-flip-box--direction-left elementor-flip-box--effect-flip elementor-widget elementor-widget-global elementor-global-3770 elementor-widget-flip-box\" data-id=\"fe55492\" data-element_type=\"widget\" data-widget_type=\"flip-box.default\">\n\t\t\t\t<div class=\"elementor-widget-container\">\n\t\t\t\t\t\t\t<div class=\"elementor-flip-box\" tabindex=\"0\">\n\t\t\t<div class=\"elementor-flip-box__layer elementor-flip-box__front\">\n\t\t\t\t<div class=\"elementor-flip-box__layer__overlay\">\n\t\t\t\t\t<div class=\"elementor-flip-box__layer__inner\">\n\t\t\t\t\t\t\t\t\t\t\t\t\t<div class=\"elementor-flip-box__image\">\n\t\t\t\t\t\t\t\t<img decoding=\"async\" src=\"https:\/\/blogs.dlapiper.com\/advocatus\/files\/elementor\/thumbs\/DLA-Piper-Hungary-ps1p0k1v0v05h1mp975tmhr5fu1h7jjqrhqcniicfk.png\" title=\"Cs\u00e9pai Bal\u00e1zs\" alt=\"Cs\u00e9pai Bal\u00e1zs\" loading=\"lazy\" \/>\t\t\t\t\t\t\t<\/div>\n\t\t\t\t\t\t\n\t\t\t\t\t\t\t\t\t\t\t\t\t<h3 class=\"elementor-flip-box__layer__title\">\n\t\t\t\t\t\t\t\tCs\u00e9pai Bal\u00e1zs*\t\t\t\t\t\t\t<\/h3>\n\t\t\t\t\t\t\n\t\t\t\t\t\t\t\t\t\t\t\t\t<div class=\"elementor-flip-box__layer__description\">\n\t\t\t\t\t\t\t\t\u00dcgyv\u00e9d,<p>Senior Associate\n\n\t\t\t\t\t\t\t<\/div>\n\t\t\t\t\t\t\t\t\t\t\t<\/div>\n\t\t\t\t<\/div>\n\t\t\t<\/div>\n\t\t\t<a class=\"elementor-flip-box__layer elementor-flip-box__back\" href=\"mailto:balazs.csepai@dlapiper.com\">\n\t\t\t<div class=\"elementor-flip-box__layer__overlay\">\n\t\t\t\t<div class=\"elementor-flip-box__layer__inner\">\n\t\t\t\t\t\t\t\t\t\t\t<h3 class=\"elementor-flip-box__layer__title\">\n\t\t\t\t\t\t\tCs\u00e9pai Bal\u00e1zs\t\t\t\t\t\t<\/h3>\n\t\t\t\t\t\n\t\t\t\t\t\t\t\t\t\t\t<div class=\"elementor-flip-box__layer__description\">\n\t\t\t\t\t\t\tBal\u00e1zs 20 \u00e9ve foglalkozik versenyjoggal. Dolgozott a Nemzeti Versenyhat\u00f3s\u00e1gn\u00e1l, majd az OECD Competition Division munkat\u00e1rsak\u00e9nt. 2009-t\u0151l 4 \u00e9vig az Eur\u00f3pai Bizotts\u00e1g Kartell Igazgat\u00f3s\u00e1g\u00e1nak munkat\u00e1rsak\u00e9nt r\u00e9szt vett az LCD panel, a Smart Card Chips \u00e9s a tengeri g\u00e9pj\u00e1rm\u0171 sz\u00e1ll\u00edt\u00e1si kartellek vizsg\u00e1lat\u00e1ban. A nemzeti versenyhat\u00f3s\u00e1gt\u00f3l az Antitr\u00f6szt Iroda helyettes vezet\u0151jek\u00e9nt \u00e9s a Kartellvizsg\u00e1lati Csoport vezet\u0151jek\u00e9nt k\u00f6sz\u00f6nt el. 2015 \u00f3ta \u00fcgyv\u00e9dk\u00e9nt dolgozik, a versenyjog mellett a k\u00f6zbeszerz\u00e9si jog, a fogyaszt\u00f3v\u00e9delem, az utaz\u00e1si jog \u00e9s kereskedelmi jogi ter\u00fcleteken. \t\t\t\t\t\t<\/div>\n\t\t\t\t\t\n\t\t\t\t\t\t\t\t\t\t\t<span class=\"elementor-flip-box__button elementor-button elementor-size-xs\">\n\t\t\t\t\t\t\tE-mailt k\u00fcld\u00f6k\t\t\t\t\t\t<\/span>\n\t\t\t\t\t\t\t\t<\/div>\n\t\t<\/div>\n\t\t<\/a>\n\t\t<\/div>\n\t\t\t\t\t\t<\/div>\n\t\t\t\t<\/div>\n\t\t\t\t\t<\/div>\n\t\t<\/div>\n\t\t\t\t<div class=\"elementor-column elementor-col-50 elementor-top-column elementor-element elementor-element-6fc26e3\" data-id=\"6fc26e3\" data-element_type=\"column\">\n\t\t\t<div class=\"elementor-widget-wrap\">\n\t\t\t\t\t\t\t<\/div>\n\t\t<\/div>\n\t\t\t\t\t<\/div>\n\t\t<\/section>\n\t\t\t\t<section class=\"elementor-section elementor-top-section elementor-element elementor-element-f8c04b0 elementor-section-boxed elementor-section-height-default elementor-section-height-default\" data-id=\"f8c04b0\" data-element_type=\"section\">\n\t\t\t\t\t\t<div class=\"elementor-container elementor-column-gap-default\">\n\t\t\t\t\t<div class=\"elementor-column elementor-col-100 elementor-top-column elementor-element elementor-element-20359cb\" data-id=\"20359cb\" data-element_type=\"column\">\n\t\t\t<div class=\"elementor-widget-wrap elementor-element-populated\">\n\t\t\t\t\t\t<div class=\"elementor-element elementor-element-b241e71 elementor-widget elementor-widget-spacer\" data-id=\"b241e71\" data-element_type=\"widget\" data-widget_type=\"spacer.default\">\n\t\t\t\t<div class=\"elementor-widget-container\">\n\t\t\t\t\t\t\t<div class=\"elementor-spacer\">\n\t\t\t<div class=\"elementor-spacer-inner\"><\/div>\n\t\t<\/div>\n\t\t\t\t\t\t<\/div>\n\t\t\t\t<\/div>\n\t\t\t\t\t<\/div>\n\t\t<\/div>\n\t\t\t\t\t<\/div>\n\t\t<\/section>\n\t\t\t\t<section class=\"elementor-section elementor-top-section elementor-element elementor-element-336c3aa4 elementor-section-height-min-height elementor-section-boxed elementor-section-height-default elementor-section-items-middle\" data-id=\"336c3aa4\" data-element_type=\"section\">\n\t\t\t\t\t\t<div class=\"elementor-container elementor-column-gap-narrow\">\n\t\t\t\t\t<div class=\"elementor-column elementor-col-50 elementor-top-column elementor-element elementor-element-4e8a896a\" data-id=\"4e8a896a\" data-element_type=\"column\">\n\t\t\t<div class=\"elementor-widget-wrap elementor-element-populated\">\n\t\t\t\t\t\t<div class=\"elementor-element elementor-element-27e34a32 elementor-widget elementor-widget-text-editor\" data-id=\"27e34a32\" data-element_type=\"widget\" data-widget_type=\"text-editor.default\">\n\t\t\t\t<div class=\"elementor-widget-container\">\n\t\t\t\t\t\t\t\t\t<h2 class=\"elementor-heading-title elementor-size-default\" style=\"font-size: 18px;font-style: normal;margin-bottom: 0px;line-height: 1\"><b>K\u00e9rd\u00e9se van? Keressen minket bizalommal!<\/b><\/h2>\t\t\t\t\t\t\t\t<\/div>\n\t\t\t\t<\/div>\n\t\t\t\t<div class=\"elementor-element elementor-element-4003e14f elementor-align-center elementor-widget elementor-widget-button\" data-id=\"4003e14f\" data-element_type=\"widget\" data-widget_type=\"button.default\">\n\t\t\t\t<div class=\"elementor-widget-container\">\n\t\t\t\t\t\t\t\t\t<div class=\"elementor-button-wrapper\">\n\t\t\t\t\t<a class=\"elementor-button elementor-button-link elementor-size-sm\" href=\"mailto:hungary@dlapiper.com\">\n\t\t\t\t\t\t<span class=\"elementor-button-content-wrapper\">\n\t\t\t\t\t\t\t\t\t<span class=\"elementor-button-text\">Kapcsolatfelv\u00e9tel<\/span>\n\t\t\t\t\t<\/span>\n\t\t\t\t\t<\/a>\n\t\t\t\t<\/div>\n\t\t\t\t\t\t\t\t<\/div>\n\t\t\t\t<\/div>\n\t\t\t\t\t<\/div>\n\t\t<\/div>\n\t\t\t\t<div class=\"elementor-column elementor-col-50 elementor-top-column elementor-element elementor-element-58f4a77f\" data-id=\"58f4a77f\" data-element_type=\"column\">\n\t\t\t<div class=\"elementor-widget-wrap elementor-element-populated\">\n\t\t\t\t\t\t<div class=\"elementor-element elementor-element-1ea98f4d elementor-widget elementor-widget-text-editor\" data-id=\"1ea98f4d\" data-element_type=\"widget\" data-widget_type=\"text-editor.default\">\n\t\t\t\t<div class=\"elementor-widget-container\">\n\t\t\t\t\t\t\t\t\t<h2 class=\"elementor-heading-title elementor-size-default\" style=\"font-size: 18px;font-style: normal;margin-bottom: 0px;line-height: 1\"><b>K\u00f6vesse LinkedIn oldalunkat!<\/b><\/h2>\t\t\t\t\t\t\t\t<\/div>\n\t\t\t\t<\/div>\n\t\t\t\t<div class=\"elementor-element elementor-element-3b7d460c elementor-align-center elementor-widget elementor-widget-button\" data-id=\"3b7d460c\" data-element_type=\"widget\" data-widget_type=\"button.default\">\n\t\t\t\t<div class=\"elementor-widget-container\">\n\t\t\t\t\t\t\t\t\t<div class=\"elementor-button-wrapper\">\n\t\t\t\t\t<a class=\"elementor-button elementor-button-link elementor-size-sm\" href=\"https:\/\/www.linkedin.com\/showcase\/dla-piper-hungary\">\n\t\t\t\t\t\t<span class=\"elementor-button-content-wrapper\">\n\t\t\t\t\t\t\t\t\t<span class=\"elementor-button-text\">DLA Piper Hungary<\/span>\n\t\t\t\t\t<\/span>\n\t\t\t\t\t<\/a>\n\t\t\t\t<\/div>\n\t\t\t\t\t\t\t\t<\/div>\n\t\t\t\t<\/div>\n\t\t\t\t\t<\/div>\n\t\t<\/div>\n\t\t\t\t\t<\/div>\n\t\t<\/section>\n\t\t\t\t<section class=\"elementor-section elementor-top-section elementor-element elementor-element-8e1e870 elementor-section-boxed elementor-section-height-default elementor-section-height-default\" data-id=\"8e1e870\" data-element_type=\"section\">\n\t\t\t\t\t\t<div class=\"elementor-container elementor-column-gap-default\">\n\t\t\t\t\t<div class=\"elementor-column elementor-col-100 elementor-top-column elementor-element elementor-element-679fd54\" data-id=\"679fd54\" data-element_type=\"column\">\n\t\t\t<div class=\"elementor-widget-wrap elementor-element-populated\">\n\t\t\t\t\t\t<div class=\"elementor-element elementor-element-6349285 elementor-widget elementor-widget-spacer\" data-id=\"6349285\" data-element_type=\"widget\" data-widget_type=\"spacer.default\">\n\t\t\t\t<div class=\"elementor-widget-container\">\n\t\t\t\t\t\t\t<div class=\"elementor-spacer\">\n\t\t\t<div class=\"elementor-spacer-inner\"><\/div>\n\t\t<\/div>\n\t\t\t\t\t\t<\/div>\n\t\t\t\t<\/div>\n\t\t\t\t\t<\/div>\n\t\t<\/div>\n\t\t\t\t\t<\/div>\n\t\t<\/section>\n\t\t\t\t<section class=\"elementor-section elementor-top-section elementor-element elementor-element-8696e4b elementor-section-boxed elementor-section-height-default elementor-section-height-default\" data-id=\"8696e4b\" data-element_type=\"section\">\n\t\t\t\t\t\t<div class=\"elementor-container elementor-column-gap-default\">\n\t\t\t\t\t<div class=\"elementor-column elementor-col-100 elementor-top-column elementor-element elementor-element-dd5140a\" data-id=\"dd5140a\" data-element_type=\"column\">\n\t\t\t<div class=\"elementor-widget-wrap elementor-element-populated\">\n\t\t\t\t\t\t<div class=\"elementor-element elementor-element-410f1ad elementor-widget elementor-widget-text-editor\" data-id=\"410f1ad\" data-element_type=\"widget\" data-widget_type=\"text-editor.default\">\n\t\t\t\t<div class=\"elementor-widget-container\">\n\t\t\t\t\t\t\t\t\t<h4><strong>Tov\u00e1bbi cikkeink k\u00f6zbeszerz\u00e9s t\u00e9m\u00e1ban<\/strong><\/h4>\t\t\t\t\t\t\t\t<\/div>\n\t\t\t\t<\/div>\n\t\t\t\t\t<\/div>\n\t\t<\/div>\n\t\t\t\t\t<\/div>\n\t\t<\/section>\n\t\t\t\t<section class=\"elementor-section elementor-top-section elementor-element elementor-element-aaa072c elementor-section-boxed elementor-section-height-default elementor-section-height-default\" data-id=\"aaa072c\" data-element_type=\"section\">\n\t\t\t\t\t\t<div class=\"elementor-container elementor-column-gap-default\">\n\t\t\t\t\t<div class=\"elementor-column elementor-col-100 elementor-top-column elementor-element elementor-element-764e86c\" data-id=\"764e86c\" data-element_type=\"column\">\n\t\t\t<div class=\"elementor-widget-wrap elementor-element-populated\">\n\t\t\t\t\t\t<div class=\"elementor-element elementor-element-5aa9e0e elementor-grid-3 elementor-grid-tablet-2 elementor-grid-mobile-1 elementor-posts--thumbnail-top elementor-posts--show-avatar elementor-card-shadow-yes elementor-posts__hover-gradient elementor-widget elementor-widget-posts\" data-id=\"5aa9e0e\" data-element_type=\"widget\" data-settings=\"{&quot;cards_columns&quot;:&quot;3&quot;,&quot;cards_columns_tablet&quot;:&quot;2&quot;,&quot;cards_columns_mobile&quot;:&quot;1&quot;,&quot;cards_row_gap&quot;:{&quot;unit&quot;:&quot;px&quot;,&quot;size&quot;:35,&quot;sizes&quot;:[]},&quot;cards_row_gap_tablet&quot;:{&quot;unit&quot;:&quot;px&quot;,&quot;size&quot;:&quot;&quot;,&quot;sizes&quot;:[]},&quot;cards_row_gap_mobile&quot;:{&quot;unit&quot;:&quot;px&quot;,&quot;size&quot;:&quot;&quot;,&quot;sizes&quot;:[]}}\" data-widget_type=\"posts.cards\">\n\t\t\t\t<div class=\"elementor-widget-container\">\n\t\t\t\t\t\t\t<div class=\"elementor-posts-container elementor-posts elementor-posts--skin-cards elementor-grid\" role=\"list\">\n\t\t\t\t<article class=\"elementor-post elementor-grid-item post-5246 post type-post status-publish format-standard has-post-thumbnail hentry category-kozbeszerzes tag-kkv tag-kozbeszerzesi-kizaras tag-ontisztazas tag-public-procurement\" role=\"listitem\">\n\t\t\t<div class=\"elementor-post__card\">\n\t\t\t\t<a class=\"elementor-post__thumbnail__link\" href=\"https:\/\/blogs.dlapiper.com\/advocatus\/2025\/04\/ontisztazas-kkv-szemmel\/\" tabindex=\"-1\" ><div class=\"elementor-post__thumbnail\"><img decoding=\"async\" width=\"300\" height=\"75\" src=\"https:\/\/blogs.dlapiper.com\/advocatus\/files\/2025\/03\/adv-chess-300x75.jpg\" class=\"attachment-medium size-medium wp-image-5250\" alt=\"adv-chess\" srcset=\"https:\/\/blogs.dlapiper.com\/advocatus\/files\/2025\/03\/adv-chess-300x75.jpg 300w, https:\/\/blogs.dlapiper.com\/advocatus\/files\/2025\/03\/adv-chess-1024x256.jpg 1024w, https:\/\/blogs.dlapiper.com\/advocatus\/files\/2025\/03\/adv-chess-768x192.jpg 768w, https:\/\/blogs.dlapiper.com\/advocatus\/files\/2025\/03\/adv-chess.jpg 1200w\" sizes=\"(max-width: 300px) 100vw, 300px\" \/><\/div><\/a>\n\t\t\t\t<div class=\"elementor-post__badge\">K\u00f6zbeszerz\u00e9s | Public procurement<\/div>\n\t\t\t\t<div class=\"elementor-post__avatar\">\n\t\t\t\t\t<\/div>\n\t\t\t\t<div class=\"elementor-post__text\">\n\t\t\t\t<h3 class=\"elementor-post__title\">\n\t\t\t<a href=\"https:\/\/blogs.dlapiper.com\/advocatus\/2025\/04\/ontisztazas-kkv-szemmel\/\" >\n\t\t\t\t\u00d6ntiszt\u00e1z\u00e1s KKV szemmel\t\t\t<\/a>\n\t\t<\/h3>\n\t\t\t\t<div class=\"elementor-post__excerpt\">\n\t\t\t<p>Cs\u00e9pai Bal\u00e1zs cikke r\u00e9szletesen bemutatja a kiz\u00e1r\u00e1s c\u00e9lj\u00e1t, a joggyakorlat k\u00f6vetelm\u00e9nyeit, valamint a kisv\u00e1llalkoz\u00e1sok speci\u00e1lis kih\u00edv\u00e1sait.<\/p>\n\t\t<\/div>\n\t\t\t\t\t<div class=\"elementor-post__read-more-wrapper\">\n\t\t\n\t\t<a class=\"elementor-post__read-more\" href=\"https:\/\/blogs.dlapiper.com\/advocatus\/2025\/04\/ontisztazas-kkv-szemmel\/\" aria-label=\"Read more about \u00d6ntiszt\u00e1z\u00e1s KKV szemmel\" tabindex=\"-1\" >\n\t\t\tTov\u00e1bb \u00bb\t\t<\/a>\n\n\t\t\t\t\t<\/div>\n\t\t\t\t<\/div>\n\t\t\t\t<div class=\"elementor-post__meta-data\">\n\t\t\t\t\t<span class=\"elementor-post-author\">\n\t\t\tCs\u00e9pai Bal\u00e1zs\t\t<\/span>\n\t\t\t\t<span class=\"elementor-post-date\">\n\t\t\t2025-04-07\t\t<\/span>\n\t\t\t\t<\/div>\n\t\t\t\t\t<\/div>\n\t\t<\/article>\n\t\t\t\t<article class=\"elementor-post elementor-grid-item post-4378 post type-post status-publish format-standard has-post-thumbnail hentry category-kozbeszerzes category-versenyjog tag-kozbeszerzesi-hatosag tag-kozbeszerzesi-tender tag-versenykorlatozo-megallapodas\" role=\"listitem\">\n\t\t\t<div class=\"elementor-post__card\">\n\t\t\t\t<a class=\"elementor-post__thumbnail__link\" href=\"https:\/\/blogs.dlapiper.com\/advocatus\/2023\/05\/nem-vezet-kozbeszerzesi-kizarasra-a-vertikalis-versenykorlatozas\/\" tabindex=\"-1\" ><div class=\"elementor-post__thumbnail\"><img decoding=\"async\" width=\"300\" height=\"75\" src=\"https:\/\/blogs.dlapiper.com\/advocatus\/files\/2023\/05\/abstract-background-with-low-poly-design-1-1-300x75.jpg\" class=\"attachment-medium size-medium wp-image-4384\" alt=\"\" srcset=\"https:\/\/blogs.dlapiper.com\/advocatus\/files\/2023\/05\/abstract-background-with-low-poly-design-1-1-300x75.jpg 300w, https:\/\/blogs.dlapiper.com\/advocatus\/files\/2023\/05\/abstract-background-with-low-poly-design-1-1-1024x256.jpg 1024w, https:\/\/blogs.dlapiper.com\/advocatus\/files\/2023\/05\/abstract-background-with-low-poly-design-1-1-768x192.jpg 768w, https:\/\/blogs.dlapiper.com\/advocatus\/files\/2023\/05\/abstract-background-with-low-poly-design-1-1.jpg 1200w\" sizes=\"(max-width: 300px) 100vw, 300px\" \/><\/div><\/a>\n\t\t\t\t<div class=\"elementor-post__badge\">K\u00f6zbeszerz\u00e9s | Public procurement<\/div>\n\t\t\t\t<div class=\"elementor-post__avatar\">\n\t\t\t\t\t<\/div>\n\t\t\t\t<div class=\"elementor-post__text\">\n\t\t\t\t<h3 class=\"elementor-post__title\">\n\t\t\t<a href=\"https:\/\/blogs.dlapiper.com\/advocatus\/2023\/05\/nem-vezet-kozbeszerzesi-kizarasra-a-vertikalis-versenykorlatozas\/\" >\n\t\t\t\tNem vezet k\u00f6zbeszerz\u00e9si kiz\u00e1r\u00e1sra a vertik\u00e1lis versenykorl\u00e1toz\u00e1s\t\t\t<\/a>\n\t\t<\/h3>\n\t\t\t\t<div class=\"elementor-post__excerpt\">\n\t\t\t<p>A K\u00f6zbeszerz\u00e9si D\u00f6nt\u0151bizotts\u00e1g hat\u00e1rozott, b\u00e1r n\u00e9mileg vitathat\u00f3 \u00e9rtelmez\u00e9ssel fontos hat\u00e1rt h\u00fazott az egy adott k\u00f6zbeszerz\u00e9si tendert \u00e9rint\u0151 versenytorz\u00edt\u00f3 meg\u00e1llapod\u00e1sok miatti kiz\u00e1r\u00e1s (Kbt. 62.\u00a7 (2) bekezd\u00e9s o) pontja) alkalmazhat\u00f3s\u00e1g\u00e1nak. A r\u00e9szletek megismer\u00e9s\u00e9hez olvasssa el Dr. Fejes G\u00e1bor \u00e9s Dr. Cs\u00e9pai Bal\u00e1zs cikk\u00e9t a t\u00e9m\u00e1ban.<\/p>\n\t\t<\/div>\n\t\t\t\t\t<div class=\"elementor-post__read-more-wrapper\">\n\t\t\n\t\t<a class=\"elementor-post__read-more\" href=\"https:\/\/blogs.dlapiper.com\/advocatus\/2023\/05\/nem-vezet-kozbeszerzesi-kizarasra-a-vertikalis-versenykorlatozas\/\" aria-label=\"Read more about Nem vezet k\u00f6zbeszerz\u00e9si kiz\u00e1r\u00e1sra a vertik\u00e1lis versenykorl\u00e1toz\u00e1s\" tabindex=\"-1\" >\n\t\t\tTov\u00e1bb \u00bb\t\t<\/a>\n\n\t\t\t\t\t<\/div>\n\t\t\t\t<\/div>\n\t\t\t\t<div class=\"elementor-post__meta-data\">\n\t\t\t\t\t<span class=\"elementor-post-author\">\n\t\t\tDLA Piper Competition Budapest\t\t<\/span>\n\t\t\t\t<span class=\"elementor-post-date\">\n\t\t\t2023-05-24\t\t<\/span>\n\t\t\t\t<\/div>\n\t\t\t\t\t<\/div>\n\t\t<\/article>\n\t\t\t\t<article class=\"elementor-post elementor-grid-item post-3790 post type-post status-publish format-standard has-post-thumbnail hentry category-kozbeszerzes tag-kozbeszerzes tag-ontisztazas tag-public-procurement tag-versenyjog-2\" role=\"listitem\">\n\t\t\t<div class=\"elementor-post__card\">\n\t\t\t\t<a class=\"elementor-post__thumbnail__link\" href=\"https:\/\/blogs.dlapiper.com\/advocatus\/2022\/08\/kozbeszerzesi-ontisztazas-technikai-szervezeti-szemelyi-lepesek\/\" tabindex=\"-1\" ><div class=\"elementor-post__thumbnail\"><img decoding=\"async\" width=\"300\" height=\"75\" src=\"https:\/\/blogs.dlapiper.com\/advocatus\/files\/2022\/07\/advocatus-header-3-300x75.png\" class=\"attachment-medium size-medium wp-image-3774\" alt=\"k\u00f6zbeszerz\u00e9s\" srcset=\"https:\/\/blogs.dlapiper.com\/advocatus\/files\/2022\/07\/advocatus-header-3-300x75.png 300w, https:\/\/blogs.dlapiper.com\/advocatus\/files\/2022\/07\/advocatus-header-3-1024x256.png 1024w, https:\/\/blogs.dlapiper.com\/advocatus\/files\/2022\/07\/advocatus-header-3-768x192.png 768w, https:\/\/blogs.dlapiper.com\/advocatus\/files\/2022\/07\/advocatus-header-3.png 1200w\" sizes=\"(max-width: 300px) 100vw, 300px\" \/><\/div><\/a>\n\t\t\t\t<div class=\"elementor-post__badge\">K\u00f6zbeszerz\u00e9s | Public procurement<\/div>\n\t\t\t\t<div class=\"elementor-post__avatar\">\n\t\t\t\t\t<\/div>\n\t\t\t\t<div class=\"elementor-post__text\">\n\t\t\t\t<h3 class=\"elementor-post__title\">\n\t\t\t<a href=\"https:\/\/blogs.dlapiper.com\/advocatus\/2022\/08\/kozbeszerzesi-ontisztazas-technikai-szervezeti-szemelyi-lepesek\/\" >\n\t\t\t\tK\u00f6zbeszerz\u00e9si \u00f6ntiszt\u00e1z\u00e1s \u2013 a technikai, szervezeti \u00e9s szem\u00e9lyi l\u00e9p\u00e9sek\t\t\t<\/a>\n\t\t<\/h3>\n\t\t\t\t<div class=\"elementor-post__excerpt\">\n\t\t\t<p>A k\u00f6zbeszerz\u00e9sekb\u0151l jogs\u00e9rt\u0151 magatart\u00e1sukra tekintettel kiz\u00e1rt v\u00e1llalkoz\u00e1sok \u00f6ntiszt\u00e1z\u00e1si elj\u00e1r\u00e1sban k\u00e9rhetik a K\u00f6zbeszerz\u00e9si Hat\u00f3s\u00e1gt\u00f3l megb\u00edzhat\u00f3s\u00e1guk meg\u00e1llap\u00edt\u00e1s\u00e1t, ami lehet\u0151v\u00e9 teszi a k\u00f6zbeszerz\u00e9seken val\u00f3 ism\u00e9telt r\u00e9szv\u00e9tel\u00fcket. Az \u00f6ntiszt\u00e1z\u00e1s siker\u00e9hez h\u00e1rom szempontra vonatkoz\u00f3 int\u00e9zked\u00e9seiket kell bemutatniuk. E szempontok k\u00f6z\u00fcl a harmadik a j\u00f6v\u0151beli jogs\u00e9rt\u00e9sek megel\u0151z\u00e9se \u00e9rdek\u00e9ben tett l\u00e9p\u00e9sek bemutat\u00e1s\u00e1ra vonatkozik.<\/p>\n\t\t<\/div>\n\t\t\t\t\t<div class=\"elementor-post__read-more-wrapper\">\n\t\t\n\t\t<a class=\"elementor-post__read-more\" href=\"https:\/\/blogs.dlapiper.com\/advocatus\/2022\/08\/kozbeszerzesi-ontisztazas-technikai-szervezeti-szemelyi-lepesek\/\" aria-label=\"Read more about K\u00f6zbeszerz\u00e9si \u00f6ntiszt\u00e1z\u00e1s \u2013 a technikai, szervezeti \u00e9s szem\u00e9lyi l\u00e9p\u00e9sek\" tabindex=\"-1\" >\n\t\t\tTov\u00e1bb \u00bb\t\t<\/a>\n\n\t\t\t\t\t<\/div>\n\t\t\t\t<\/div>\n\t\t\t\t<div class=\"elementor-post__meta-data\">\n\t\t\t\t\t<span class=\"elementor-post-author\">\n\t\t\tCs\u00e9pai Bal\u00e1zs\t\t<\/span>\n\t\t\t\t<span class=\"elementor-post-date\">\n\t\t\t2022-08-11\t\t<\/span>\n\t\t\t\t<\/div>\n\t\t\t\t\t<\/div>\n\t\t<\/article>\n\t\t\t\t<article class=\"elementor-post elementor-grid-item post-3784 post type-post status-publish format-standard has-post-thumbnail hentry category-kozbeszerzes tag-kozbeszerzes tag-ontisztazas tag-public-procurement tag-versenyjog-2\" role=\"listitem\">\n\t\t\t<div class=\"elementor-post__card\">\n\t\t\t\t<a class=\"elementor-post__thumbnail__link\" href=\"https:\/\/blogs.dlapiper.com\/advocatus\/2022\/08\/a-kozbeszerzesi-ontisztazasi-eljaras-feltetelei-egyuttmukodes-a-hatosaggal\/\" tabindex=\"-1\" ><div class=\"elementor-post__thumbnail\"><img decoding=\"async\" width=\"300\" height=\"75\" src=\"https:\/\/blogs.dlapiper.com\/advocatus\/files\/2022\/07\/advocatus-header-3-300x75.png\" class=\"attachment-medium size-medium wp-image-3774\" alt=\"k\u00f6zbeszerz\u00e9s\" srcset=\"https:\/\/blogs.dlapiper.com\/advocatus\/files\/2022\/07\/advocatus-header-3-300x75.png 300w, https:\/\/blogs.dlapiper.com\/advocatus\/files\/2022\/07\/advocatus-header-3-1024x256.png 1024w, https:\/\/blogs.dlapiper.com\/advocatus\/files\/2022\/07\/advocatus-header-3-768x192.png 768w, https:\/\/blogs.dlapiper.com\/advocatus\/files\/2022\/07\/advocatus-header-3.png 1200w\" sizes=\"(max-width: 300px) 100vw, 300px\" \/><\/div><\/a>\n\t\t\t\t<div class=\"elementor-post__badge\">K\u00f6zbeszerz\u00e9s | Public procurement<\/div>\n\t\t\t\t<div class=\"elementor-post__avatar\">\n\t\t\t\t\t<\/div>\n\t\t\t\t<div class=\"elementor-post__text\">\n\t\t\t\t<h3 class=\"elementor-post__title\">\n\t\t\t<a href=\"https:\/\/blogs.dlapiper.com\/advocatus\/2022\/08\/a-kozbeszerzesi-ontisztazasi-eljaras-feltetelei-egyuttmukodes-a-hatosaggal\/\" >\n\t\t\t\tA k\u00f6zbeszerz\u00e9si \u00f6ntiszt\u00e1z\u00e1si elj\u00e1r\u00e1s felt\u00e9telei \u2013 egy\u00fcttm\u0171k\u00f6d\u00e9s a hat\u00f3s\u00e1ggal\t\t\t<\/a>\n\t\t<\/h3>\n\t\t\t\t<div class=\"elementor-post__excerpt\">\n\t\t\t<p>A k\u00f6zbeszerz\u00e9sekb\u0151l jogs\u00e9rt\u0151 magatart\u00e1sukra tekintettel kiz\u00e1rt v\u00e1llalkoz\u00e1sok \u00f6ntiszt\u00e1z\u00e1si elj\u00e1r\u00e1sban k\u00e9rhetik a K\u00f6zbeszerz\u00e9si Hat\u00f3s\u00e1gt\u00f3l megb\u00edzhat\u00f3s\u00e1guk meg\u00e1llap\u00edt\u00e1s\u00e1t, ami lehet\u0151v\u00e9 teszi a k\u00f6zbeszerz\u00e9seken val\u00f3 ism\u00e9telt r\u00e9szv\u00e9tel\u00fcket. Az \u00f6ntiszt\u00e1z\u00e1s siker\u00e9hez sz\u00fcks\u00e9ges h\u00e1rom szempont k\u00f6z\u00fcl a m\u00e1sodik, hogy a k\u00e9relmez\u0151 az illet\u00e9kes hat\u00f3s\u00e1gokkal akt\u00edvan egy\u00fcttm\u0171k\u00f6dve \u00e1tfog\u00f3an tiszt\u00e1zta az \u00fcgy t\u00e9ny\u00e1ll\u00e1s\u00e1t \u00e9s k\u00f6r\u00fclm\u00e9nyeit.<\/p>\n\t\t<\/div>\n\t\t\t\t\t<div class=\"elementor-post__read-more-wrapper\">\n\t\t\n\t\t<a class=\"elementor-post__read-more\" href=\"https:\/\/blogs.dlapiper.com\/advocatus\/2022\/08\/a-kozbeszerzesi-ontisztazasi-eljaras-feltetelei-egyuttmukodes-a-hatosaggal\/\" aria-label=\"Read more about A k\u00f6zbeszerz\u00e9si \u00f6ntiszt\u00e1z\u00e1si elj\u00e1r\u00e1s felt\u00e9telei \u2013 egy\u00fcttm\u0171k\u00f6d\u00e9s a hat\u00f3s\u00e1ggal\" tabindex=\"-1\" >\n\t\t\tTov\u00e1bb \u00bb\t\t<\/a>\n\n\t\t\t\t\t<\/div>\n\t\t\t\t<\/div>\n\t\t\t\t<div class=\"elementor-post__meta-data\">\n\t\t\t\t\t<span class=\"elementor-post-author\">\n\t\t\tCs\u00e9pai Bal\u00e1zs\t\t<\/span>\n\t\t\t\t<span class=\"elementor-post-date\">\n\t\t\t2022-08-03\t\t<\/span>\n\t\t\t\t<\/div>\n\t\t\t\t\t<\/div>\n\t\t<\/article>\n\t\t\t\t<article class=\"elementor-post elementor-grid-item post-3765 post type-post status-publish format-standard has-post-thumbnail hentry category-kozbeszerzes tag-jogsertes tag-kozbeszerzes tag-kozbeszerzesi-hatosag tag-ontisztitas\" role=\"listitem\">\n\t\t\t<div class=\"elementor-post__card\">\n\t\t\t\t<a class=\"elementor-post__thumbnail__link\" href=\"https:\/\/blogs.dlapiper.com\/advocatus\/2022\/07\/a-kozbeszerzesi-ontisztazasi-eljaras-feltetelei-a-kar-megteritese\/\" tabindex=\"-1\" ><div class=\"elementor-post__thumbnail\"><img decoding=\"async\" width=\"300\" height=\"75\" src=\"https:\/\/blogs.dlapiper.com\/advocatus\/files\/2022\/07\/advocatus-header-3-300x75.png\" class=\"attachment-medium size-medium wp-image-3774\" alt=\"k\u00f6zbeszerz\u00e9s\" srcset=\"https:\/\/blogs.dlapiper.com\/advocatus\/files\/2022\/07\/advocatus-header-3-300x75.png 300w, https:\/\/blogs.dlapiper.com\/advocatus\/files\/2022\/07\/advocatus-header-3-1024x256.png 1024w, https:\/\/blogs.dlapiper.com\/advocatus\/files\/2022\/07\/advocatus-header-3-768x192.png 768w, https:\/\/blogs.dlapiper.com\/advocatus\/files\/2022\/07\/advocatus-header-3.png 1200w\" sizes=\"(max-width: 300px) 100vw, 300px\" \/><\/div><\/a>\n\t\t\t\t<div class=\"elementor-post__badge\">K\u00f6zbeszerz\u00e9s | Public procurement<\/div>\n\t\t\t\t<div class=\"elementor-post__avatar\">\n\t\t\t\t\t<\/div>\n\t\t\t\t<div class=\"elementor-post__text\">\n\t\t\t\t<h3 class=\"elementor-post__title\">\n\t\t\t<a href=\"https:\/\/blogs.dlapiper.com\/advocatus\/2022\/07\/a-kozbeszerzesi-ontisztazasi-eljaras-feltetelei-a-kar-megteritese\/\" >\n\t\t\t\tA k\u00f6zbeszerz\u00e9si \u00f6ntiszt\u00e1z\u00e1si elj\u00e1r\u00e1s felt\u00e9telei \u2013 a k\u00e1r megt\u00e9r\u00edt\u00e9se\t\t\t<\/a>\n\t\t<\/h3>\n\t\t\t\t<div class=\"elementor-post__excerpt\">\n\t\t\t<p>A k\u00f6zbeszerz\u00e9sekb\u0151l jogs\u00e9rt\u0151 magatart\u00e1sukra tekintettel kiz\u00e1rt v\u00e1llalkoz\u00e1sok \u00f6ntiszt\u00e1z\u00e1si elj\u00e1r\u00e1sban k\u00e9rhetik a K\u00f6zbeszerz\u00e9si Hat\u00f3s\u00e1gt\u00f3l megb\u00edzhat\u00f3s\u00e1guk meg\u00e1llap\u00edt\u00e1s\u00e1t, ami lehet\u0151v\u00e9 teszi a k\u00f6zbeszerz\u00e9seken val\u00f3 ism\u00e9telt r\u00e9szv\u00e9tel\u00fcket. Az \u00f6ntiszt\u00e1z\u00e1s siker\u00e9hez h\u00e1rom szempontra vonatkoz\u00f3 int\u00e9zked\u00e9seiket kell bemutatniuk. E szempontok k\u00f6z\u00fcl az els\u0151 a kiz\u00e1r\u00e1s alapj\u00e1ul szolg\u00e1l\u00f3 jogs\u00e9rt\u00e9ssel okozott k\u00e1r megt\u00e9r\u00edt\u00e9s\u00e9re vonatkozik.  <\/p>\n\t\t<\/div>\n\t\t\t\t\t<div class=\"elementor-post__read-more-wrapper\">\n\t\t\n\t\t<a class=\"elementor-post__read-more\" href=\"https:\/\/blogs.dlapiper.com\/advocatus\/2022\/07\/a-kozbeszerzesi-ontisztazasi-eljaras-feltetelei-a-kar-megteritese\/\" aria-label=\"Read more about A k\u00f6zbeszerz\u00e9si \u00f6ntiszt\u00e1z\u00e1si elj\u00e1r\u00e1s felt\u00e9telei \u2013 a k\u00e1r megt\u00e9r\u00edt\u00e9se\" tabindex=\"-1\" >\n\t\t\tTov\u00e1bb \u00bb\t\t<\/a>\n\n\t\t\t\t\t<\/div>\n\t\t\t\t<\/div>\n\t\t\t\t<div class=\"elementor-post__meta-data\">\n\t\t\t\t\t<span class=\"elementor-post-author\">\n\t\t\tCs\u00e9pai Bal\u00e1zs\t\t<\/span>\n\t\t\t\t<span class=\"elementor-post-date\">\n\t\t\t2022-07-20\t\t<\/span>\n\t\t\t\t<\/div>\n\t\t\t\t\t<\/div>\n\t\t<\/article>\n\t\t\t\t<\/div>\n\t\t\n\t\t\t\t\t\t<\/div>\n\t\t\t\t<\/div>\n\t\t\t\t\t<\/div>\n\t\t<\/div>\n\t\t\t\t\t<\/div>\n\t\t<\/section>\n\t\t\t\t<\/div>\n\t\t","protected":false},"excerpt":{"rendered":"<p>A K\u00f6zbeszerz\u00e9si D\u00f6nt\u0151bizotts\u00e1g hat\u00e1rozott, b\u00e1r n\u00e9mileg vitathat\u00f3 \u00e9rtelmez\u00e9ssel fontos hat\u00e1rt h\u00fazott az egy adott k\u00f6zbeszerz\u00e9si tendert \u00e9rint\u0151 versenytorz\u00edt\u00f3 meg\u00e1llapod\u00e1sok miatti kiz\u00e1r\u00e1s (Kbt. 62.\u00a7 (2) bekezd\u00e9s o) pontja) alkalmazhat\u00f3s\u00e1g\u00e1nak. A r\u00e9szletek megismer\u00e9s\u00e9hez olvasssa el Dr. Fejes G\u00e1bor \u00e9s Dr. Cs\u00e9pai Bal\u00e1zs cikk\u00e9t a t\u00e9m\u00e1ban.<\/p>\n","protected":false},"author":781,"featured_media":4384,"comment_status":"closed","ping_status":"closed","sticky":false,"template":"","format":"standard","meta":{"site-sidebar-layout":"default","site-content-layout":"default","ast-site-content-layout":"default","site-content-style":"default","site-sidebar-style":"default","ast-global-header-display":"","ast-banner-title-visibility":"","ast-main-header-display":"","ast-hfb-above-header-display":"","ast-hfb-below-header-display":"","ast-hfb-mobile-header-display":"","site-post-title":"","ast-breadcrumbs-content":"","ast-featured-img":"","footer-sml-layout":"","theme-transparent-header-meta":"default","adv-header-id-meta":"","stick-header-meta":"","header-above-stick-meta":"","header-main-stick-meta":"","header-below-stick-meta":"","astra-migrate-meta-layouts":"default","ast-page-background-enabled":"default","ast-page-background-meta":{"desktop":{"background-color":"","background-image":"","background-repeat":"repeat","background-position":"center center","background-size":"auto","background-attachment":"scroll","background-type":"","background-media":"","overlay-type":"","overlay-color":"","overlay-opacity":"","overlay-gradient":""},"tablet":{"background-color":"","background-image":"","background-repeat":"repeat","background-position":"center center","background-size":"auto","background-attachment":"scroll","background-type":"","background-media":"","overlay-type":"","overlay-color":"","overlay-opacity":"","overlay-gradient":""},"mobile":{"background-color":"","background-image":"","background-repeat":"repeat","background-position":"center center","background-size":"auto","background-attachment":"scroll","background-type":"","background-media":"","overlay-type":"","overlay-color":"","overlay-opacity":"","overlay-gradient":""}},"ast-content-background-meta":{"desktop":{"background-color":"var(--ast-global-color-5)","background-image":"","background-repeat":"repeat","background-position":"center center","background-size":"auto","background-attachment":"scroll","background-type":"","background-media":"","overlay-type":"","overlay-color":"","overlay-opacity":"","overlay-gradient":""},"tablet":{"background-color":"var(--ast-global-color-5)","background-image":"","background-repeat":"repeat","background-position":"center center","background-size":"auto","background-attachment":"scroll","background-type":"","background-media":"","overlay-type":"","overlay-color":"","overlay-opacity":"","overlay-gradient":""},"mobile":{"background-color":"var(--ast-global-color-5)","background-image":"","background-repeat":"repeat","background-position":"center center","background-size":"auto","background-attachment":"scroll","background-type":"","background-media":"","overlay-type":"","overlay-color":"","overlay-opacity":"","overlay-gradient":""}},"footnotes":""},"categories":[1290,393],"tags":[1289,1348,1349],"coauthors":[1323],"class_list":["post-4378","post","type-post","status-publish","format-standard","has-post-thumbnail","hentry","category-kozbeszerzes","category-versenyjog","tag-kozbeszerzesi-hatosag","tag-kozbeszerzesi-tender","tag-versenykorlatozo-megallapodas"],"yoast_head":"<!-- This site is optimized with the Yoast SEO plugin v26.1 - https:\/\/yoast.com\/wordpress\/plugins\/seo\/ -->\n<title>Nem vezet k\u00f6zbeszerz\u00e9si kiz\u00e1r\u00e1sra a vertik\u00e1lis versenykorl\u00e1toz\u00e1s<\/title>\n<meta name=\"description\" content=\"A K\u00f6zbeszerz\u00e9si D\u00f6nt\u0151bizotts\u00e1g hat\u00e1rt h\u00fazott az egy adott k\u00f6zbeszerz\u00e9si tendert \u00e9rint\u0151 versenytorz\u00edt\u00f3 meg\u00e1llapod\u00e1sok miatti kiz\u00e1r\u00e1s alkalmazhat\u00f3s\u00e1g\u00e1nak.\" \/>\n<meta name=\"robots\" content=\"index, follow, max-snippet:-1, max-image-preview:large, max-video-preview:-1\" \/>\n<link rel=\"canonical\" href=\"https:\/\/blogs.dlapiper.com\/advocatus\/2023\/05\/nem-vezet-kozbeszerzesi-kizarasra-a-vertikalis-versenykorlatozas\/\" \/>\n<meta property=\"og:locale\" content=\"en_GB\" \/>\n<meta property=\"og:type\" content=\"article\" \/>\n<meta property=\"og:title\" content=\"Nem vezet k\u00f6zbeszerz\u00e9si kiz\u00e1r\u00e1sra a vertik\u00e1lis versenykorl\u00e1toz\u00e1s\" \/>\n<meta property=\"og:description\" content=\"A K\u00f6zbeszerz\u00e9si D\u00f6nt\u0151bizotts\u00e1g hat\u00e1rt h\u00fazott az egy adott k\u00f6zbeszerz\u00e9si tendert \u00e9rint\u0151 versenytorz\u00edt\u00f3 meg\u00e1llapod\u00e1sok miatti kiz\u00e1r\u00e1s alkalmazhat\u00f3s\u00e1g\u00e1nak.\" \/>\n<meta property=\"og:url\" content=\"https:\/\/blogs.dlapiper.com\/advocatus\/2023\/05\/nem-vezet-kozbeszerzesi-kizarasra-a-vertikalis-versenykorlatozas\/\" \/>\n<meta property=\"og:site_name\" content=\"Advocatus\" \/>\n<meta property=\"article:published_time\" content=\"2023-05-24T12:28:48+00:00\" \/>\n<meta property=\"article:modified_time\" content=\"2023-06-06T14:03:38+00:00\" \/>\n<meta property=\"og:image\" content=\"https:\/\/blogs.dlapiper.com\/advocatus\/files\/2023\/05\/abstract-background-with-low-poly-design-1-1.jpg\" \/>\n\t<meta property=\"og:image:width\" content=\"1200\" \/>\n\t<meta property=\"og:image:height\" content=\"300\" \/>\n\t<meta property=\"og:image:type\" content=\"image\/jpeg\" \/>\n<meta name=\"author\" content=\"Cs\u00e9pai Bal\u00e1zs\" \/>\n<meta name=\"twitter:card\" content=\"summary_large_image\" \/>\n<meta name=\"twitter:label1\" content=\"Written by\" \/>\n\t<meta name=\"twitter:data1\" content=\"Cs\u00e9pai Bal\u00e1zs\" \/>\n\t<meta name=\"twitter:label2\" content=\"Estimated reading time\" \/>\n\t<meta name=\"twitter:data2\" content=\"4 minutes\" \/>\n<script type=\"application\/ld+json\" class=\"yoast-schema-graph\">{\"@context\":\"https:\/\/schema.org\",\"@graph\":[{\"@type\":\"Article\",\"@id\":\"https:\/\/blogs.dlapiper.com\/advocatus\/2023\/05\/nem-vezet-kozbeszerzesi-kizarasra-a-vertikalis-versenykorlatozas\/#article\",\"isPartOf\":{\"@id\":\"https:\/\/blogs.dlapiper.com\/advocatus\/2023\/05\/nem-vezet-kozbeszerzesi-kizarasra-a-vertikalis-versenykorlatozas\/\"},\"author\":{\"name\":\"DLA Piper Competition Budapest\",\"@id\":\"https:\/\/blogs.dlapiper.com\/advocatus\/#\/schema\/person\/31cbcb030842471917f8ce19ed4f7bc5\"},\"headline\":\"Nem vezet k\u00f6zbeszerz\u00e9si kiz\u00e1r\u00e1sra a vertik\u00e1lis versenykorl\u00e1toz\u00e1s\",\"datePublished\":\"2023-05-24T12:28:48+00:00\",\"dateModified\":\"2023-06-06T14:03:38+00:00\",\"mainEntityOfPage\":{\"@id\":\"https:\/\/blogs.dlapiper.com\/advocatus\/2023\/05\/nem-vezet-kozbeszerzesi-kizarasra-a-vertikalis-versenykorlatozas\/\"},\"wordCount\":1210,\"publisher\":{\"@id\":\"https:\/\/blogs.dlapiper.com\/advocatus\/#organization\"},\"image\":{\"@id\":\"https:\/\/blogs.dlapiper.com\/advocatus\/2023\/05\/nem-vezet-kozbeszerzesi-kizarasra-a-vertikalis-versenykorlatozas\/#primaryimage\"},\"thumbnailUrl\":\"https:\/\/blogs.dlapiper.com\/advocatus\/files\/2023\/05\/abstract-background-with-low-poly-design-1-1.jpg\",\"keywords\":[\"K\u00f6zbeszerz\u00e9si Hat\u00f3s\u00e1g\",\"k\u00f6zbeszerz\u00e9si tender\",\"versenykorl\u00e1toz\u00f3 meg\u00e1llapod\u00e1s\"],\"articleSection\":[\"K\u00f6zbeszerz\u00e9s | Public procurement\",\"Versenyjog | Competition\"],\"inLanguage\":\"en-GB\"},{\"@type\":\"WebPage\",\"@id\":\"https:\/\/blogs.dlapiper.com\/advocatus\/2023\/05\/nem-vezet-kozbeszerzesi-kizarasra-a-vertikalis-versenykorlatozas\/\",\"url\":\"https:\/\/blogs.dlapiper.com\/advocatus\/2023\/05\/nem-vezet-kozbeszerzesi-kizarasra-a-vertikalis-versenykorlatozas\/\",\"name\":\"Nem vezet k\u00f6zbeszerz\u00e9si kiz\u00e1r\u00e1sra a vertik\u00e1lis versenykorl\u00e1toz\u00e1s\",\"isPartOf\":{\"@id\":\"https:\/\/blogs.dlapiper.com\/advocatus\/#website\"},\"primaryImageOfPage\":{\"@id\":\"https:\/\/blogs.dlapiper.com\/advocatus\/2023\/05\/nem-vezet-kozbeszerzesi-kizarasra-a-vertikalis-versenykorlatozas\/#primaryimage\"},\"image\":{\"@id\":\"https:\/\/blogs.dlapiper.com\/advocatus\/2023\/05\/nem-vezet-kozbeszerzesi-kizarasra-a-vertikalis-versenykorlatozas\/#primaryimage\"},\"thumbnailUrl\":\"https:\/\/blogs.dlapiper.com\/advocatus\/files\/2023\/05\/abstract-background-with-low-poly-design-1-1.jpg\",\"datePublished\":\"2023-05-24T12:28:48+00:00\",\"dateModified\":\"2023-06-06T14:03:38+00:00\",\"description\":\"A K\u00f6zbeszerz\u00e9si D\u00f6nt\u0151bizotts\u00e1g hat\u00e1rt h\u00fazott az egy adott k\u00f6zbeszerz\u00e9si tendert \u00e9rint\u0151 versenytorz\u00edt\u00f3 meg\u00e1llapod\u00e1sok miatti kiz\u00e1r\u00e1s alkalmazhat\u00f3s\u00e1g\u00e1nak.\",\"breadcrumb\":{\"@id\":\"https:\/\/blogs.dlapiper.com\/advocatus\/2023\/05\/nem-vezet-kozbeszerzesi-kizarasra-a-vertikalis-versenykorlatozas\/#breadcrumb\"},\"inLanguage\":\"en-GB\",\"potentialAction\":[{\"@type\":\"ReadAction\",\"target\":[\"https:\/\/blogs.dlapiper.com\/advocatus\/2023\/05\/nem-vezet-kozbeszerzesi-kizarasra-a-vertikalis-versenykorlatozas\/\"]}]},{\"@type\":\"ImageObject\",\"inLanguage\":\"en-GB\",\"@id\":\"https:\/\/blogs.dlapiper.com\/advocatus\/2023\/05\/nem-vezet-kozbeszerzesi-kizarasra-a-vertikalis-versenykorlatozas\/#primaryimage\",\"url\":\"https:\/\/blogs.dlapiper.com\/advocatus\/files\/2023\/05\/abstract-background-with-low-poly-design-1-1.jpg\",\"contentUrl\":\"https:\/\/blogs.dlapiper.com\/advocatus\/files\/2023\/05\/abstract-background-with-low-poly-design-1-1.jpg\",\"width\":1200,\"height\":300},{\"@type\":\"BreadcrumbList\",\"@id\":\"https:\/\/blogs.dlapiper.com\/advocatus\/2023\/05\/nem-vezet-kozbeszerzesi-kizarasra-a-vertikalis-versenykorlatozas\/#breadcrumb\",\"itemListElement\":[{\"@type\":\"ListItem\",\"position\":1,\"name\":\"Home\",\"item\":\"https:\/\/blogs.dlapiper.com\/advocatus\/\"},{\"@type\":\"ListItem\",\"position\":2,\"name\":\"Nem vezet k\u00f6zbeszerz\u00e9si kiz\u00e1r\u00e1sra a vertik\u00e1lis versenykorl\u00e1toz\u00e1s\"}]},{\"@type\":\"WebSite\",\"@id\":\"https:\/\/blogs.dlapiper.com\/advocatus\/#website\",\"url\":\"https:\/\/blogs.dlapiper.com\/advocatus\/\",\"name\":\"Advocatus\",\"description\":\"A DLA Piper Jogi Blogja\",\"publisher\":{\"@id\":\"https:\/\/blogs.dlapiper.com\/advocatus\/#organization\"},\"potentialAction\":[{\"@type\":\"SearchAction\",\"target\":{\"@type\":\"EntryPoint\",\"urlTemplate\":\"https:\/\/blogs.dlapiper.com\/advocatus\/?s={search_term_string}\"},\"query-input\":{\"@type\":\"PropertyValueSpecification\",\"valueRequired\":true,\"valueName\":\"search_term_string\"}}],\"inLanguage\":\"en-GB\"},{\"@type\":\"Organization\",\"@id\":\"https:\/\/blogs.dlapiper.com\/advocatus\/#organization\",\"name\":\"Advocatus\",\"url\":\"https:\/\/blogs.dlapiper.com\/advocatus\/\",\"logo\":{\"@type\":\"ImageObject\",\"inLanguage\":\"en-GB\",\"@id\":\"https:\/\/blogs.dlapiper.com\/advocatus\/#\/schema\/logo\/image\/\",\"url\":\"https:\/\/blogs.dlapiper.com\/advocatus\/files\/2019\/06\/cropped-logo-144-1.png\",\"contentUrl\":\"https:\/\/blogs.dlapiper.com\/advocatus\/files\/2019\/06\/cropped-logo-144-1.png\",\"width\":223,\"height\":130,\"caption\":\"Advocatus\"},\"image\":{\"@id\":\"https:\/\/blogs.dlapiper.com\/advocatus\/#\/schema\/logo\/image\/\"},\"sameAs\":[\"https:\/\/www.linkedin.com\/showcase\/dla-piper-hungary\/\"]},{\"@type\":\"Person\",\"@id\":\"https:\/\/blogs.dlapiper.com\/advocatus\/#\/schema\/person\/31cbcb030842471917f8ce19ed4f7bc5\",\"name\":\"DLA Piper Competition Budapest\",\"url\":\"https:\/\/blogs.dlapiper.com\/advocatus\/author\/dlapipercompetitionbudapest\/\"}]}<\/script>\n<!-- \/ Yoast SEO plugin. -->","yoast_head_json":{"title":"Nem vezet k\u00f6zbeszerz\u00e9si kiz\u00e1r\u00e1sra a vertik\u00e1lis versenykorl\u00e1toz\u00e1s","description":"A K\u00f6zbeszerz\u00e9si D\u00f6nt\u0151bizotts\u00e1g hat\u00e1rt h\u00fazott az egy adott k\u00f6zbeszerz\u00e9si tendert \u00e9rint\u0151 versenytorz\u00edt\u00f3 meg\u00e1llapod\u00e1sok miatti kiz\u00e1r\u00e1s alkalmazhat\u00f3s\u00e1g\u00e1nak.","robots":{"index":"index","follow":"follow","max-snippet":"max-snippet:-1","max-image-preview":"max-image-preview:large","max-video-preview":"max-video-preview:-1"},"canonical":"https:\/\/blogs.dlapiper.com\/advocatus\/2023\/05\/nem-vezet-kozbeszerzesi-kizarasra-a-vertikalis-versenykorlatozas\/","og_locale":"en_GB","og_type":"article","og_title":"Nem vezet k\u00f6zbeszerz\u00e9si kiz\u00e1r\u00e1sra a vertik\u00e1lis versenykorl\u00e1toz\u00e1s","og_description":"A K\u00f6zbeszerz\u00e9si D\u00f6nt\u0151bizotts\u00e1g hat\u00e1rt h\u00fazott az egy adott k\u00f6zbeszerz\u00e9si tendert \u00e9rint\u0151 versenytorz\u00edt\u00f3 meg\u00e1llapod\u00e1sok miatti kiz\u00e1r\u00e1s alkalmazhat\u00f3s\u00e1g\u00e1nak.","og_url":"https:\/\/blogs.dlapiper.com\/advocatus\/2023\/05\/nem-vezet-kozbeszerzesi-kizarasra-a-vertikalis-versenykorlatozas\/","og_site_name":"Advocatus","article_published_time":"2023-05-24T12:28:48+00:00","article_modified_time":"2023-06-06T14:03:38+00:00","og_image":[{"width":1200,"height":300,"url":"https:\/\/blogs.dlapiper.com\/advocatus\/files\/2023\/05\/abstract-background-with-low-poly-design-1-1.jpg","type":"image\/jpeg"}],"author":"Cs\u00e9pai Bal\u00e1zs","twitter_card":"summary_large_image","twitter_misc":{"Written by":"Cs\u00e9pai Bal\u00e1zs","Estimated reading time":"4 minutes"},"schema":{"@context":"https:\/\/schema.org","@graph":[{"@type":"Article","@id":"https:\/\/blogs.dlapiper.com\/advocatus\/2023\/05\/nem-vezet-kozbeszerzesi-kizarasra-a-vertikalis-versenykorlatozas\/#article","isPartOf":{"@id":"https:\/\/blogs.dlapiper.com\/advocatus\/2023\/05\/nem-vezet-kozbeszerzesi-kizarasra-a-vertikalis-versenykorlatozas\/"},"author":{"name":"DLA Piper Competition Budapest","@id":"https:\/\/blogs.dlapiper.com\/advocatus\/#\/schema\/person\/31cbcb030842471917f8ce19ed4f7bc5"},"headline":"Nem vezet k\u00f6zbeszerz\u00e9si kiz\u00e1r\u00e1sra a vertik\u00e1lis versenykorl\u00e1toz\u00e1s","datePublished":"2023-05-24T12:28:48+00:00","dateModified":"2023-06-06T14:03:38+00:00","mainEntityOfPage":{"@id":"https:\/\/blogs.dlapiper.com\/advocatus\/2023\/05\/nem-vezet-kozbeszerzesi-kizarasra-a-vertikalis-versenykorlatozas\/"},"wordCount":1210,"publisher":{"@id":"https:\/\/blogs.dlapiper.com\/advocatus\/#organization"},"image":{"@id":"https:\/\/blogs.dlapiper.com\/advocatus\/2023\/05\/nem-vezet-kozbeszerzesi-kizarasra-a-vertikalis-versenykorlatozas\/#primaryimage"},"thumbnailUrl":"https:\/\/blogs.dlapiper.com\/advocatus\/files\/2023\/05\/abstract-background-with-low-poly-design-1-1.jpg","keywords":["K\u00f6zbeszerz\u00e9si Hat\u00f3s\u00e1g","k\u00f6zbeszerz\u00e9si tender","versenykorl\u00e1toz\u00f3 meg\u00e1llapod\u00e1s"],"articleSection":["K\u00f6zbeszerz\u00e9s | Public procurement","Versenyjog | Competition"],"inLanguage":"en-GB"},{"@type":"WebPage","@id":"https:\/\/blogs.dlapiper.com\/advocatus\/2023\/05\/nem-vezet-kozbeszerzesi-kizarasra-a-vertikalis-versenykorlatozas\/","url":"https:\/\/blogs.dlapiper.com\/advocatus\/2023\/05\/nem-vezet-kozbeszerzesi-kizarasra-a-vertikalis-versenykorlatozas\/","name":"Nem vezet k\u00f6zbeszerz\u00e9si kiz\u00e1r\u00e1sra a vertik\u00e1lis versenykorl\u00e1toz\u00e1s","isPartOf":{"@id":"https:\/\/blogs.dlapiper.com\/advocatus\/#website"},"primaryImageOfPage":{"@id":"https:\/\/blogs.dlapiper.com\/advocatus\/2023\/05\/nem-vezet-kozbeszerzesi-kizarasra-a-vertikalis-versenykorlatozas\/#primaryimage"},"image":{"@id":"https:\/\/blogs.dlapiper.com\/advocatus\/2023\/05\/nem-vezet-kozbeszerzesi-kizarasra-a-vertikalis-versenykorlatozas\/#primaryimage"},"thumbnailUrl":"https:\/\/blogs.dlapiper.com\/advocatus\/files\/2023\/05\/abstract-background-with-low-poly-design-1-1.jpg","datePublished":"2023-05-24T12:28:48+00:00","dateModified":"2023-06-06T14:03:38+00:00","description":"A K\u00f6zbeszerz\u00e9si D\u00f6nt\u0151bizotts\u00e1g hat\u00e1rt h\u00fazott az egy adott k\u00f6zbeszerz\u00e9si tendert \u00e9rint\u0151 versenytorz\u00edt\u00f3 meg\u00e1llapod\u00e1sok miatti kiz\u00e1r\u00e1s alkalmazhat\u00f3s\u00e1g\u00e1nak.","breadcrumb":{"@id":"https:\/\/blogs.dlapiper.com\/advocatus\/2023\/05\/nem-vezet-kozbeszerzesi-kizarasra-a-vertikalis-versenykorlatozas\/#breadcrumb"},"inLanguage":"en-GB","potentialAction":[{"@type":"ReadAction","target":["https:\/\/blogs.dlapiper.com\/advocatus\/2023\/05\/nem-vezet-kozbeszerzesi-kizarasra-a-vertikalis-versenykorlatozas\/"]}]},{"@type":"ImageObject","inLanguage":"en-GB","@id":"https:\/\/blogs.dlapiper.com\/advocatus\/2023\/05\/nem-vezet-kozbeszerzesi-kizarasra-a-vertikalis-versenykorlatozas\/#primaryimage","url":"https:\/\/blogs.dlapiper.com\/advocatus\/files\/2023\/05\/abstract-background-with-low-poly-design-1-1.jpg","contentUrl":"https:\/\/blogs.dlapiper.com\/advocatus\/files\/2023\/05\/abstract-background-with-low-poly-design-1-1.jpg","width":1200,"height":300},{"@type":"BreadcrumbList","@id":"https:\/\/blogs.dlapiper.com\/advocatus\/2023\/05\/nem-vezet-kozbeszerzesi-kizarasra-a-vertikalis-versenykorlatozas\/#breadcrumb","itemListElement":[{"@type":"ListItem","position":1,"name":"Home","item":"https:\/\/blogs.dlapiper.com\/advocatus\/"},{"@type":"ListItem","position":2,"name":"Nem vezet k\u00f6zbeszerz\u00e9si kiz\u00e1r\u00e1sra a vertik\u00e1lis versenykorl\u00e1toz\u00e1s"}]},{"@type":"WebSite","@id":"https:\/\/blogs.dlapiper.com\/advocatus\/#website","url":"https:\/\/blogs.dlapiper.com\/advocatus\/","name":"Advocatus","description":"A DLA Piper Jogi Blogja","publisher":{"@id":"https:\/\/blogs.dlapiper.com\/advocatus\/#organization"},"potentialAction":[{"@type":"SearchAction","target":{"@type":"EntryPoint","urlTemplate":"https:\/\/blogs.dlapiper.com\/advocatus\/?s={search_term_string}"},"query-input":{"@type":"PropertyValueSpecification","valueRequired":true,"valueName":"search_term_string"}}],"inLanguage":"en-GB"},{"@type":"Organization","@id":"https:\/\/blogs.dlapiper.com\/advocatus\/#organization","name":"Advocatus","url":"https:\/\/blogs.dlapiper.com\/advocatus\/","logo":{"@type":"ImageObject","inLanguage":"en-GB","@id":"https:\/\/blogs.dlapiper.com\/advocatus\/#\/schema\/logo\/image\/","url":"https:\/\/blogs.dlapiper.com\/advocatus\/files\/2019\/06\/cropped-logo-144-1.png","contentUrl":"https:\/\/blogs.dlapiper.com\/advocatus\/files\/2019\/06\/cropped-logo-144-1.png","width":223,"height":130,"caption":"Advocatus"},"image":{"@id":"https:\/\/blogs.dlapiper.com\/advocatus\/#\/schema\/logo\/image\/"},"sameAs":["https:\/\/www.linkedin.com\/showcase\/dla-piper-hungary\/"]},{"@type":"Person","@id":"https:\/\/blogs.dlapiper.com\/advocatus\/#\/schema\/person\/31cbcb030842471917f8ce19ed4f7bc5","name":"DLA Piper Competition Budapest","url":"https:\/\/blogs.dlapiper.com\/advocatus\/author\/dlapipercompetitionbudapest\/"}]}},"_links":{"self":[{"href":"https:\/\/blogs.dlapiper.com\/advocatus\/wp-json\/wp\/v2\/posts\/4378","targetHints":{"allow":["GET"]}}],"collection":[{"href":"https:\/\/blogs.dlapiper.com\/advocatus\/wp-json\/wp\/v2\/posts"}],"about":[{"href":"https:\/\/blogs.dlapiper.com\/advocatus\/wp-json\/wp\/v2\/types\/post"}],"author":[{"embeddable":true,"href":"https:\/\/blogs.dlapiper.com\/advocatus\/wp-json\/wp\/v2\/users\/781"}],"replies":[{"embeddable":true,"href":"https:\/\/blogs.dlapiper.com\/advocatus\/wp-json\/wp\/v2\/comments?post=4378"}],"version-history":[{"count":0,"href":"https:\/\/blogs.dlapiper.com\/advocatus\/wp-json\/wp\/v2\/posts\/4378\/revisions"}],"wp:featuredmedia":[{"embeddable":true,"href":"https:\/\/blogs.dlapiper.com\/advocatus\/wp-json\/wp\/v2\/media\/4384"}],"wp:attachment":[{"href":"https:\/\/blogs.dlapiper.com\/advocatus\/wp-json\/wp\/v2\/media?parent=4378"}],"wp:term":[{"taxonomy":"category","embeddable":true,"href":"https:\/\/blogs.dlapiper.com\/advocatus\/wp-json\/wp\/v2\/categories?post=4378"},{"taxonomy":"post_tag","embeddable":true,"href":"https:\/\/blogs.dlapiper.com\/advocatus\/wp-json\/wp\/v2\/tags?post=4378"},{"taxonomy":"author","embeddable":true,"href":"https:\/\/blogs.dlapiper.com\/advocatus\/wp-json\/wp\/v2\/coauthors?post=4378"}],"curies":[{"name":"wp","href":"https:\/\/api.w.org\/{rel}","templated":true}]}}