{"id":3861,"date":"2022-10-25T14:12:16","date_gmt":"2022-10-25T12:12:16","guid":{"rendered":"https:\/\/blogs.dlapiper.com\/advocatus\/?p=3861"},"modified":"2025-02-14T10:27:39","modified_gmt":"2025-02-14T09:27:39","slug":"lehet-e-zoldebb-a-jovo-infrastrukturaja","status":"publish","type":"post","link":"https:\/\/blogs.dlapiper.com\/advocatus\/2022\/10\/lehet-e-zoldebb-a-jovo-infrastrukturaja\/","title":{"rendered":"Lehet-e z\u00f6ldebb a j\u00f6v\u0151 infrastrukt\u00far\u00e1ja?"},"content":{"rendered":"\t\t<div data-elementor-type=\"wp-post\" data-elementor-id=\"3861\" class=\"elementor elementor-3861\" data-elementor-post-type=\"post\">\n\t\t\t\t\t\t<section class=\"elementor-section elementor-top-section elementor-element elementor-element-7838e43 elementor-section-boxed elementor-section-height-default elementor-section-height-default\" data-id=\"7838e43\" data-element_type=\"section\">\n\t\t\t\t\t\t<div class=\"elementor-container elementor-column-gap-default\">\n\t\t\t\t\t<div class=\"elementor-column elementor-col-100 elementor-top-column elementor-element elementor-element-7a41220\" data-id=\"7a41220\" data-element_type=\"column\">\n\t\t\t<div class=\"elementor-widget-wrap elementor-element-populated\">\n\t\t\t\t\t\t<div class=\"elementor-element elementor-element-b426045 elementor-widget elementor-widget-heading\" data-id=\"b426045\" data-element_type=\"widget\" data-widget_type=\"heading.default\">\n\t\t\t\t<div class=\"elementor-widget-container\">\n\t\t\t\t\t<h5 class=\"elementor-heading-title elementor-size-default\">Fenntarthat\u00f3s\u00e1g \u00e9s ESG. Napjainkra mindk\u00e9t fogalom a gazdas\u00e1gi d\u00f6nt\u00e9shoz\u00f3k, befektet\u0151k \u00e9s tan\u00e1csad\u00f3k sz\u00f3t\u00e1r\u00e1nak n\u00e9lk\u00fcl\u00f6zhetetlen r\u00e9sz\u00e9v\u00e9 v\u00e1lt legyen sz\u00f3 tranzakci\u00f3r\u00f3l, finansz\u00edroz\u00e1sr\u00f3l, projektr\u0151l, v\u00e1llalat vezet\u00e9sr\u0151l vagy ak\u00e1r szervezet fejleszt\u00e9sr\u0151l. A fenntarthat\u00f3s\u00e1gi k\u00e9rd\u00e9sek, f\u00fcggetlen\u00fcl a jelenlegi gazdas\u00e1gi \u00e9s piaci k\u00f6r\u00fclm\u00e9nyekt\u0151l, az \u00fczleti \u00e9let \u00e9s jogi szab\u00e1lyoz\u00e1s egyre nagyobb ter\u00fclet\u00e9re vannak hat\u00e1ssal \u00e9s jelennek meg a d\u00f6nt\u00e9sekben, valamint azok v\u00e9grehajt\u00e1s\u00e1ban. \u00cdr\u00e1sunkban annak j\u00e1rtunk ut\u00e1na, hogyan \u00e9rv\u00e9nyes\u00fclhetnek fenntarthat\u00f3s\u00e1gi \u00e9s ESG szempontok a k\u00f6rnyezet\u00fckkel hossz\u00fa t\u00e1v\u00fa \u00e9s intenz\u00edv kapcsolatban \u00e1ll\u00f3 infrastrukt\u00fara fejleszt\u00e9sekben.<\/h5>\t\t\t\t<\/div>\n\t\t\t\t<\/div>\n\t\t\t\t\t<\/div>\n\t\t<\/div>\n\t\t\t\t\t<\/div>\n\t\t<\/section>\n\t\t\t\t<section class=\"elementor-section elementor-top-section elementor-element elementor-element-6b5044a elementor-section-boxed elementor-section-height-default elementor-section-height-default\" data-id=\"6b5044a\" data-element_type=\"section\">\n\t\t\t\t\t\t<div class=\"elementor-container elementor-column-gap-default\">\n\t\t\t\t\t<div class=\"elementor-column elementor-col-100 elementor-top-column elementor-element elementor-element-5969999\" data-id=\"5969999\" data-element_type=\"column\">\n\t\t\t<div class=\"elementor-widget-wrap elementor-element-populated\">\n\t\t\t\t\t\t<div class=\"elementor-element elementor-element-5c8541a elementor-widget elementor-widget-spacer\" data-id=\"5c8541a\" data-element_type=\"widget\" data-widget_type=\"spacer.default\">\n\t\t\t\t<div class=\"elementor-widget-container\">\n\t\t\t\t\t\t\t<div class=\"elementor-spacer\">\n\t\t\t<div class=\"elementor-spacer-inner\"><\/div>\n\t\t<\/div>\n\t\t\t\t\t\t<\/div>\n\t\t\t\t<\/div>\n\t\t\t\t\t<\/div>\n\t\t<\/div>\n\t\t\t\t\t<\/div>\n\t\t<\/section>\n\t\t\t\t<section class=\"elementor-section elementor-top-section elementor-element elementor-element-e9d9fbd elementor-section-boxed elementor-section-height-default elementor-section-height-default\" data-id=\"e9d9fbd\" data-element_type=\"section\">\n\t\t\t\t\t\t<div class=\"elementor-container elementor-column-gap-default\">\n\t\t\t\t\t<div class=\"elementor-column elementor-col-100 elementor-top-column elementor-element elementor-element-4a98782\" data-id=\"4a98782\" data-element_type=\"column\">\n\t\t\t<div class=\"elementor-widget-wrap elementor-element-populated\">\n\t\t\t\t\t\t<div class=\"elementor-element elementor-element-fd849eb elementor-widget elementor-widget-text-editor\" data-id=\"fd849eb\" data-element_type=\"widget\" data-widget_type=\"text-editor.default\">\n\t\t\t\t<div class=\"elementor-widget-container\">\n\t\t\t\t\t\t\t\t\t<h5><strong>Az infrastrukt\u00fara fejleszt\u00e9s fenntarthat\u00f3s\u00e1g\u00e1nak szab\u00e1lyoz\u00e1sa \u00e9s kih\u00edv\u00e1sai<\/strong><\/h5>\t\t\t\t\t\t\t\t<\/div>\n\t\t\t\t<\/div>\n\t\t\t\t\t<\/div>\n\t\t<\/div>\n\t\t\t\t\t<\/div>\n\t\t<\/section>\n\t\t\t\t<section class=\"elementor-section elementor-top-section elementor-element elementor-element-d6a402b elementor-section-boxed elementor-section-height-default elementor-section-height-default\" data-id=\"d6a402b\" data-element_type=\"section\">\n\t\t\t\t\t\t<div class=\"elementor-container elementor-column-gap-default\">\n\t\t\t\t\t<div class=\"elementor-column elementor-col-100 elementor-top-column elementor-element elementor-element-b3e0727\" data-id=\"b3e0727\" data-element_type=\"column\">\n\t\t\t<div class=\"elementor-widget-wrap elementor-element-populated\">\n\t\t\t\t\t\t<div class=\"elementor-element elementor-element-8c0fcce elementor-widget elementor-widget-text-editor\" data-id=\"8c0fcce\" data-element_type=\"widget\" data-widget_type=\"text-editor.default\">\n\t\t\t\t<div class=\"elementor-widget-container\">\n\t\t\t\t\t\t\t\t\t<p>Napjainkban egyre t\u00f6bb befektet\u0151 sz\u00e1m\u00e1ra fontos, hogy a profittermel\u00e9sen t\u00fal hozz\u00e1j\u00e1ruljon sz\u0171kebb \u00e9s t\u00e1gabb k\u00f6rnyezet\u00e9nek fenntarthat\u00f3v\u00e1 t\u00e9tel\u00e9hez. Ennek a megk\u00f6zel\u00edt\u00e9snek lehetnek szem\u00e9lyes okai: bels\u0151 meggy\u0151z\u0151d\u00e9s, aggodalom a j\u00f6v\u0151nk vagy felel\u0151ss\u00e9gv\u00e1llal\u00e1s az elk\u00f6vetkez\u0151 nemzed\u00e9kek sorsa ir\u00e1nt. \u00d6nmag\u00e1ban azonban a szem\u00e9lyes ind\u00edttat\u00e1s, j\u00f3llehet a szil\u00e1rd elk\u00f6telezetts\u00e9g l\u00e9nyeges felt\u00e9tele, a rendszerszint\u0171 v\u00e1ltoz\u00e1shoz \u00e9s a glob\u00e1lis eredm\u00e9nyekhez kev\u00e9s: rendk\u00edv\u00fcl fontos a jogalkot\u00e1s, a szab\u00e1lyoz\u00e1s, valamint a gazdas\u00e1gi \u00e9s piaci \u00f6szt\u00f6nz\u00e9s, amely eszk\u00f6z\u00f6k k\u00e9pesek a fenntarthat\u00f3s\u00e1gi alap\u00fa gondolkod\u00e1s \u00e9s cselekv\u00e9s felgyors\u00edt\u00e1s\u00e1ra, hat\u00e9konys\u00e1g\u00e1nak emel\u00e9s\u00e9re \u00e9s sz\u00e9les k\u00f6rben val\u00f3 alkalmaz\u00e1s\u00e1ra.<\/p>\n<p>A k\u00f6rnyezetileg fenntarthat\u00f3 befektet\u00e9seket \u00e9s v\u00e1llalkoz\u00e1sokat t\u00e1mogat\u00f3, illetve \u00f6szt\u00f6nz\u0151 szab\u00e1lyoz\u00e1s az Eur\u00f3pai Uni\u00f3ban folyamatosan b\u0151v\u00fcl: i) a nem p\u00e9nz\u00fcgyi inform\u00e1ci\u00f3k k\u00f6zz\u00e9t\u00e9tel\u00e9r\u0151l sz\u00f3l\u00f3 ir\u00e1nyelvet<a name=\"_ftnref1\"><\/a> (NFRD) k\u00f6vet\u0151en ii) az EU 2019-ben elfogadta a Green Deal-t \u00e9s m\u00e9g ebben az \u00e9vben iii) a p\u00e9nzpiaci szerepl\u0151k \u00e9s a p\u00e9nz\u00fcgyi tan\u00e1csad\u00f3k vonatkoz\u00e1s\u00e1ban a fenntarthat\u00f3 finansz\u00edroz\u00e1ssal kapcsolatos k\u00f6zz\u00e9t\u00e9telr\u0151l sz\u00f3l\u00f3 <a name=\"_ftnref2\"><\/a>(SFDR), valamint az iv) un. a referenciamutat\u00f3kra vonatkoz\u00f3 Benchmark rendeleteket, majd v) 2020-ban az un. Taxon\u00f3miai rendeletet, amellyel a fenntarthat\u00f3 tev\u00e9kenys\u00e9gek egys\u00e9ges oszt\u00e1lyoz\u00e1si rendszer\u00e9t teremtette meg, \u00e9s egy olyan min\u0151s\u00edt\u00e9si rendszert hozott l\u00e9tre, ami meghat\u00e1rozza, hogy mely gazdas\u00e1gi tev\u00e9kenys\u00e9gek nevezhet\u0151k fenntarthat\u00f3nak, azaz j\u00e1rulnak hozz\u00e1 az uni\u00f3s k\u00f6rnyezetv\u00e9delmi c\u00e9lkit\u0171z\u00e9sek el\u00e9r\u00e9s\u00e9hez.<\/p>\n<p>Az uni\u00f3s szab\u00e1lyoz\u00e1s azonban ezzel m\u00e9g nem \u00e9rt v\u00e9get: \u00fajabb ir\u00e1nyelv javaslatok vannak el\u0151k\u00e9sz\u00edt\u00e9s alatt, amelyek t\u00f6rekednek a gazdas\u00e1gi-\u00fczleti tev\u00e9kenys\u00e9g tekintet\u00e9ben min\u00e9l sz\u00e9lesebb k\u00f6rben a fenntarthat\u00f3s\u00e1gi szempontokat el\u0151t\u00e9rbe helyezni: ilyenek t\u00f6bbek k\u00f6z\u00f6tt a v\u00e1llalati fenntarthat\u00f3s\u00e1gi jelent\u00e9st\u00e9teli ir\u00e1nyelv (CSRD) \u00e9s a fenntarthat\u00f3s\u00e1ggal kapcsolatos v\u00e1llalati \u00e1tvil\u00e1g\u00edt\u00e1sr\u00f3l sz\u00f3l\u00f3 ir\u00e1nyelv (CSDD) javaslatok, amelyek elfogad\u00e1sa \u00e9s hat\u00e1lyba l\u00e9p\u00e9se a k\u00f6zel j\u00f6v\u0151ben v\u00e1rhat\u00f3.<\/p>\n<p>Az infrastrukt\u00fara mennyis\u00e9ge \u00e9s min\u0151s\u00e9ge &#8211; legyen sz\u00f3 energetikai, k\u00f6z\u00fczemi, k\u00f6zleked\u00e9si, sz\u00e1ll\u00edt\u00e1si, telekommunik\u00e1ci\u00f3s,&nbsp;k\u00f6rnyezetv\u00e9delmi, oktat\u00e1si, mez\u0151gazdas\u00e1gi vagy \u00e9ppen szoci\u00e1lis infrastrukt\u00far\u00e1r\u00f3l &#8211; kulcsszerepet j\u00e1tszik az \u00e9let minden ter\u00fclet\u00e9n. Ugyanakkor az infrastrukt\u00fara projektek jelent\u0151s r\u00e9sze nagyon komoly terhel\u00e9st is jelent a term\u00e9szeti k\u00f6rnyezetre, hiszen \u2013 rendeltet\u00e9s\u00fckn\u00e9l fogva \u2013 \u00e9letciklusuk \u00e9s hat\u00e1suk egyar\u00e1nt hossz\u00fa t\u00e1v\u00fa \u00e9s sajnos az esetek z\u00f6m\u00e9ben (gondoljunk csak egy v\u00edzier\u0151m\u0171re, aut\u00f3p\u00e1ly\u00e1ra, kik\u00f6t\u0151re vagy b\u00e1rmely urbaniz\u00e1ci\u00f3s l\u00e9tes\u00edtm\u00e9nyre) k\u00f6rnyezeti hat\u00e1suk visszaford\u00edthatatlan lehet. Ebben az \u00f6sszef\u00fcgg\u00e9sben az infrastrukt\u00fara szektorban befektet\u0151, illetve tev\u00e9kenyked\u0151 v\u00e1llalatok sz\u00e1m\u00e1ra k\u00fcl\u00f6n\u00f6sen fontos a fenntarthat\u00f3s\u00e1gi \u00e9s az ESG szempontokat hat\u00e9konyan integr\u00e1lni. Az ESG keretrendszeren bel\u00fcl a h\u00e1rom f\u0151 pill\u00e9r a k\u00f6rnyezeti hat\u00e1sok vizsg\u00e1lata (<em>environmental<\/em>), a t\u00e1rsadalmi k\u00e9rd\u00e9sek kezel\u00e9se (<em>social<\/em>) \u00e9s a v\u00e1llalatir\u00e1ny\u00edt\u00e1s folyamata (<em>governance<\/em>).<\/p>\n<p>Ezek k\u00f6z\u00fcl az infrastruktur\u00e1lis beruh\u00e1z\u00e1sok fejleszt\u00e9s\u00e9vel kapcsolatban leggyakrabban a k\u00f6rnyezeti hat\u00e1sok gy\u0171jt\u0151fogalom alatti szempontok k\u00f6z\u00fcl is k\u00fcl\u00f6n\u00f6sen azok ker\u00fclnek el\u0151t\u00e9rbe, amelyek a k\u00f6rnyezeti terhel\u00e9sben meghat\u00e1roz\u00f3 szerepet j\u00e1tszanak. Az infrastrukt\u00fara projektek l\u00e9tes\u00edt\u00e9se \u00e9s m\u0171k\u00f6dtet\u00e9se (pld. energia termel\u0151 er\u0151m\u0171vek) a glob\u00e1lis \u00fcvegh\u00e1zhat\u00e1s\u00fa g\u00e1z-kibocs\u00e1t\u00e1s t\u00f6bb mint 60 sz\u00e1zal\u00e9k\u00e1\u00e9rt felel\u0151s, valamint a biol\u00f3giai sokf\u00e9les\u00e9g cs\u00f6kken\u00e9s\u00e9nek (pld. k\u00f6zutak, v\u00edzier\u0151m\u0171vek) egyik legf\u0151bb okoz\u00f3ja. Ez azt jelenti, hogy az infrastruktur\u00e1lis beruh\u00e1z\u00e1sok fenntarthat\u00f3bb megval\u00f3s\u00edt\u00e1s\u00e1ra tett er\u0151fesz\u00edt\u00e9sek kulcsfontoss\u00e1g\u00faak a glob\u00e1lis kl\u00edma \u00e9s fenntarthat\u00f3s\u00e1gi c\u00e9lok el\u00e9r\u00e9s\u00e9hez. A befektet\u00e9si d\u00f6nt\u00e9sek el\u0151k\u00e9sz\u00edt\u00e9se \u00e9s megval\u00f3s\u00edt\u00e1sa sor\u00e1n az ESG szempont\u00fa vizsg\u00e1lat az adott projekt vagy fejleszt\u00e9s tekintet\u00e9ben felmer\u00fcl\u0151 fenntarthat\u00f3s\u00e1gi kock\u00e1zatok \u00e9s k\u00e9rd\u00e9sek sz\u00e9les k\u00f6r\u00e9t komplex m\u00f3don kell, hogy figyelembe vegye, \u00e9s arra keresse a v\u00e1laszt, hogy a k\u00f6rnyezeti, t\u00e1rsadalmi \u00e9s ir\u00e1ny\u00edt\u00e1si t\u00e9nyez\u0151k hogyan befoly\u00e1solj\u00e1k a beruh\u00e1z\u00e1s fenntarthat\u00f3s\u00e1g\u00e1t mind pozit\u00edv, mind negat\u00edv \u00e9rtelemben. P\u00e9ld\u00e1ul egy olaj- \u00e9s g\u00e1zipari v\u00e1llalat \u00e1ltal v\u00e9grehajtott befektet\u00e9s akkor ESG kompatibilis \u00e9s tekinthet\u0151 fenntarthat\u00f3s\u00e1gi szempontb\u00f3l felel\u0151s d\u00f6nt\u00e9sen alapul\u00f3nak, ha m\u0171k\u00f6d\u00e9se sor\u00e1n folyamatosan t\u00f6rekszik a k\u00e1ros anyag kibocs\u00e1t\u00e1s cs\u00f6kkent\u00e9s\u00e9re, \u00e9s ennek kapcs\u00e1n m\u00e9rhet\u0151 pozit\u00edv eredm\u00e9nyekkel rendelkezik, ugyanakkor t\u00e1mogatja, eduk\u00e1lja vagy ak\u00e1r foglalkoztatja azt a k\u00f6z\u00f6ss\u00e9get, ahol az adott er\u0151m\u0171 tal\u00e1lhat\u00f3.<\/p>\n<p>\u00d6sszess\u00e9g\u00e9ben elmondhat\u00f3, hogy megb\u00edzhat\u00f3 \u00e9s hiteles adatot szolg\u00e1ltatni az ESG-szempontok alkalmaz\u00e1s\u00e1r\u00f3l az infrastrukt\u00fara fejleszt\u00e9sek viszonylat\u00e1ban neh\u00e9z feladat, de a fejleszt\u00e9sek j\u00f6v\u0151je, \u00edgy k\u00fcl\u00f6n\u00f6sen finansz\u00edroz\u00e1sa \u00e9s m\u0171k\u00f6dtet\u00e9se szempontj\u00e1b\u00f3l ma m\u00e1r szinte elker\u00fclhetetlen. Az ESG kompatibilit\u00e1s m\u00e9r\u00e9si neh\u00e9zs\u00e9ge alapvet\u0151en az infrastruktur\u00e1lis befektet\u00e9s komplex term\u00e9szet\u00e9re, hossz\u00fa \u00e9letciklus\u00e1ra, sokszor maradand\u00f3 k\u00f6rnyezeti hat\u00e1s\u00e1ra, illetve arra vezethet\u0151 vissza, hogy minden szab\u00e1lyoz\u00e1si t\u00f6rekv\u00e9s ellen\u00e9re neh\u00e9zkes egys\u00e9ges \u00e9s j\u00f3l \u00f6sszehasonl\u00edthat\u00f3 ESG-kertrendszerbe illeszked\u0151 adatokat szolg\u00e1ltatni. Ez pedig alapvet\u0151 felt\u00e9tele annak, hogy az infrastrukt\u00fara szektort is \u00e9rint\u0151 un. \u201ez\u00f6ldre fest\u00e9s\u201d (\u201egreen-washing\u201d) jelens\u00e9g\u00e9t a lehet\u0151 legkisebb m\u00e9rt\u00e9kre siker\u00fclj\u00f6n visszaszor\u00edtani.<\/p>\t\t\t\t\t\t\t\t<\/div>\n\t\t\t\t<\/div>\n\t\t\t\t\t<\/div>\n\t\t<\/div>\n\t\t\t\t\t<\/div>\n\t\t<\/section>\n\t\t\t\t<section class=\"elementor-section elementor-top-section elementor-element elementor-element-302c984 elementor-section-boxed elementor-section-height-default elementor-section-height-default\" data-id=\"302c984\" data-element_type=\"section\">\n\t\t\t\t\t\t<div class=\"elementor-container elementor-column-gap-default\">\n\t\t\t\t\t<div class=\"elementor-column elementor-col-100 elementor-top-column elementor-element elementor-element-dcc506e\" data-id=\"dcc506e\" data-element_type=\"column\">\n\t\t\t<div class=\"elementor-widget-wrap elementor-element-populated\">\n\t\t\t\t\t\t<div class=\"elementor-element elementor-element-a34ea49 elementor-widget elementor-widget-text-editor\" data-id=\"a34ea49\" data-element_type=\"widget\" data-widget_type=\"text-editor.default\">\n\t\t\t\t<div class=\"elementor-widget-container\">\n\t\t\t\t\t\t\t\t\t<h5><strong>ESG minden szinten: szab\u00e1lyoz\u00e1si keretrendszerek, szabv\u00e1nyok, m\u00f3dszertanok \u00e9s kock\u00e1zatok <\/strong><\/h5>\t\t\t\t\t\t\t\t<\/div>\n\t\t\t\t<\/div>\n\t\t\t\t\t<\/div>\n\t\t<\/div>\n\t\t\t\t\t<\/div>\n\t\t<\/section>\n\t\t\t\t<section class=\"elementor-section elementor-top-section elementor-element elementor-element-3e6ca11 elementor-section-boxed elementor-section-height-default elementor-section-height-default\" data-id=\"3e6ca11\" data-element_type=\"section\">\n\t\t\t\t\t\t<div class=\"elementor-container elementor-column-gap-default\">\n\t\t\t\t\t<div class=\"elementor-column elementor-col-100 elementor-top-column elementor-element elementor-element-30a32e3\" data-id=\"30a32e3\" data-element_type=\"column\">\n\t\t\t<div class=\"elementor-widget-wrap elementor-element-populated\">\n\t\t\t\t\t\t<div class=\"elementor-element elementor-element-8b62c16 elementor-widget elementor-widget-text-editor\" data-id=\"8b62c16\" data-element_type=\"widget\" data-widget_type=\"text-editor.default\">\n\t\t\t\t<div class=\"elementor-widget-container\">\n\t\t\t\t\t\t\t\t\t<p>M\u00e1r eddig is sz\u00e1mos nemzetk\u00f6zi szabv\u00e1ny \u00e9s szab\u00e1lyoz\u00e1si keretrendszer ker\u00fclt kidolgoz\u00e1sra annak \u00e9rdek\u00e9ben, hogy a fenntarthat\u00f3s\u00e1gi szempontokat be\u00e9p\u00edts\u00e9k az infrastruktur\u00e1lis beruh\u00e1z\u00e1sokba \u00e9s fejleszt\u00e9sekbe. A keretrendszerek l\u00e9nyege az, hogy ir\u00e1nymutat\u00e1st ny\u00fajtanak az adott befektet\u00e9s \u00e9s\/vagy fejleszt\u00e9s ESG alap\u00fa vizsg\u00e1latakor relev\u00e1ns krit\u00e9riumokr\u00f3l, \u00a0ez\u00e1ltal fenntarthat\u00f3s\u00e1gi szempontb\u00f3l \u00f6sszehasonl\u00edthat\u00f3v\u00e1 \u00e9s \u00e9rt\u00e9kelhet\u0151v\u00e9 t\u00e9ve azokat. Az egyik ilyen, leggyakrabban haszn\u00e1lt keretrendszer az ENSZ \u00e1ltal megalkotott 17 fenntarthat\u00f3 fejl\u0151d\u00e9si c\u00e9l (SDG<a href=\"#magyarazat\" name=\"_ftnref1\">[1]<\/a>) rendszere, de ide tartoznak \u2013 a teljess\u00e9g ig\u00e9nye n\u00e9lk\u00fcl \u2013 az olyan keretrendszerek megalkot\u00e1s\u00e1ra hivatott szervezetek \u00e9s azok szabv\u00e1nyai is, mint p\u00e9ld\u00e1ul az IFC<a href=\"#magyarazat\" name=\"_ftnref2\">[2]<\/a> teljes\u00edtm\u00e9nyszabv\u00e1nyai, a fenntarthat\u00f3 sz\u00e1mviteli szabv\u00e1nyok test\u00fclete (SASB<a href=\"#magyarazat\" name=\"_ftnref3\">[3]<\/a>), a Nemzetk\u00f6zi Szabv\u00e1ny\u00fcgyi Szervezet (ISO<a href=\"#magyarazat\" name=\"_ftnref4\">[4]<\/a>), az integr\u00e1lt jelent\u00e9st\u00e9tel nemzetk\u00f6zi keretrendszere (IR<a href=\"#magyarazat\" name=\"_ftnref5\">[5]<\/a>), a glob\u00e1lis jelent\u00e9st\u00e9teli kezdem\u00e9nyez\u00e9s (GRI<a href=\"#magyarazat\" name=\"_ftnref6\">[6]<\/a>), \u00e9s az ENSZ \u00e1ltal t\u00e1mogatott felel\u0151s befektet\u00e9s alapelvei (UN PRI<a href=\"#magyarazat\" name=\"_ftnref7\">[7]<\/a>). Az Eur\u00f3pai Bizotts\u00e1g is kidolgozott egy \u00faj technikai ir\u00e1nymutat\u00e1st az infrastruktur\u00e1lis projektek \u00e9ghajlatv\u00e1ltoz\u00e1si reziliencia vizsg\u00e1lat\u00e1r\u00f3l, amely a 2021-2027-es id\u0151szakban m\u00e1r alkalmazand\u00f3. Az ir\u00e1nymutat\u00e1s a j\u00f6v\u0151ben el\u0151seg\u00edti az \u00e9ghajlatv\u00e1ltoz\u00e1ssal kapcsolatos megfontol\u00e1sok \u00e1ltal\u00e1nos \u00e9rv\u00e9nyes\u00edt\u00e9s\u00e9t az infrastruktur\u00e1lis projektekre ir\u00e1nyul\u00f3 beruh\u00e1z\u00e1sok tekintet\u00e9ben, legyen sz\u00f3 ak\u00e1r meg\u00fajul\u00f3 energiatermel\u00e9ssel, h\u00e1l\u00f3zati infrastrukt\u00far\u00e1val vagy \u00e9p\u00edtett rendszerekkel \u00e9s eszk\u00f6z\u00f6kkel kapcsolatos infrastrukt\u00fara fejleszt\u00e9sekr\u0151l. V\u00e9g\u00fcl, de nem utols\u00f3 sorban ebben a k\u00f6rben eml\u00edtend\u0151 az eur\u00f3pai fenntarthat\u00f3s\u00e1gi jelent\u00e9si szabv\u00e1ny rendszer (ESRS<a href=\"#magyarazat\" name=\"_ftnref8\">[8]<\/a>), amely \u00f6sszesen 13 k\u00fcl\u00f6nb\u00f6z\u0151 szabv\u00e1nyt foglal mag\u00e1ba, \u00e9s a CSRD strukt\u00far\u00e1j\u00e1t k\u00f6vetve fedi le a relev\u00e1ns ESG ter\u00fcleteket.<\/p><p>Egys\u00e9gesedik a gyakorlata annak is, hogy egy infrastruktur\u00e1lis beruh\u00e1z\u00e1st, tekintettel mind a l\u00e9tes\u00edt\u00e9s\u00e9b\u0151l mind a m\u0171k\u00f6dtet\u00e9s\u00e9b\u0151l fakad\u00f3 hossz\u00fa \u00e9letciklus\u00e1ra, az ESG-szempontok m\u00e9r\u00e9s\u00e9t illet\u0151en milyen szakaszokra \u00e9s alszakaszokra bontunk. Az piaci \u201ebest practice\u201d alapj\u00e1n h\u00e1rom fontosabb m\u00e9r\u00e9si szakaszr\u00f3l besz\u00e9lhet\u00fcnk:<\/p><p><span style=\"font-size: 16px;background-color: var(--ast-global-color-5)\">1) Az infrastrukt\u00fara fejleszt\u00e9st megel\u0151z\u0151 vizsg\u00e1lat:<\/span><\/p><p>El\u0151zetes \u00e1tvil\u00e1g\u00edt\u00e1s \u00e9s sz\u0171r\u00e9s t\u00f6rt\u00e9nik, amelynek c\u00e9lja a tiltott gyakorlatok, term\u00e9kek, szolg\u00e1ltat\u00e1sok, orsz\u00e1gok, szektorok \u00e9s v\u00e1llalatok felt\u00e1r\u00e1sa, amelyek nem vagy kev\u00e9sb\u00e9 felelnek meg az ESG-szempontok \u00e1ltal fel\u00e1ll\u00edtott krit\u00e9riumoknak.<\/p><p><span style=\"font-size: 16px;background-color: var(--ast-global-color-5)\">2) Az infrastrukt\u00fara fejleszt\u00e9s megval\u00f3s\u00edt\u00e1sa alatt t\u00f6rt\u00e9n\u0151 \u00e1tvil\u00e1g\u00edt\u00e1s:<\/span><\/p><ul><li>Kvalitat\u00edv elemz\u00e9s, ahol az ESG-kompatibilit\u00e1s m\u00e9r\u00e9se szabv\u00e1nyok, szab\u00e1lyoz\u00e1si keretrendszerek \u00e9s m\u00f3dszerek seg\u00edts\u00e9g\u00e9vel t\u00f6rt\u00e9nik, alapot szolg\u00e1ltatva a befektet\u00e9si d\u00f6nt\u00e9shez.<\/li><\/ul><ul><li>Kvantitat\u00edv \u00e9rt\u00e9kel\u00e9s, amely az ESG-szempontok hat\u00e1s\u00e1t sz\u00e1mszer\u0171s\u00edthet\u0151 m\u00e9r\u0151sz\u00e1mokk\u00e1 alak\u00edtja \u00e1t, monetiz\u00e1lja \u00e9s k\u00e9s\u0151bb alapul szolg\u00e1lhat p\u00e9ld\u00e1ul a megt\u00e9r\u00fcl\u00e9si sz\u00e1m\u00edt\u00e1sok vagy a finansz\u00edroz\u00e1si k\u00f6lts\u00e9gek modellez\u00e9s\u00e9hez.<\/li><\/ul><div>3)\u00a0<span style=\"font-size: 16px;background-color: var(--ast-global-color-5)\">Az infrastrukt\u00fara fejleszt\u00e9s megval\u00f3s\u00edt\u00e1s\u00e1t k\u00f6vet\u0151 monitoring:<\/span><\/div><div><span style=\"font-size: 16px;background-color: var(--ast-global-color-5)\">\u00a0<\/span><\/div><p>A nyomon k\u00f6vet\u00e9s sor\u00e1n az infrastrukt\u00fara fejleszt\u00e9s ESG-kompatibilit\u00e1s\u00e1nak k\u00f6vet\u00e9se a c\u00e9l, amely r\u00e9v\u00e9n szerzett inform\u00e1ci\u00f3k seg\u00edts\u00e9get ny\u00fajtanak az infrastrukt\u00fara fejleszt\u00e9s refinansz\u00edrozhat\u00f3s\u00e1ga, diveszt\u00edci\u00f3ja vagy a befektet\u0151k \u00e1ltal a befektet\u00e9s t\u00e1rgy\u00e1t k\u00e9pez\u0151 v\u00e1llalatok, illetve fejleszt\u00e9sek folyamatos nyomon k\u00f6vet\u00e9se (ESG Engagement) szempontj\u00e1b\u00f3l.<\/p><p><span style=\"font-size: 16px;background-color: var(--ast-global-color-5)\">Egy, a WWF<\/span><a style=\"font-size: 16px\" href=\"#magyarazat\" name=\"_ftnref9\">[9]<\/a><span style=\"font-size: 16px;background-color: var(--ast-global-color-5)\"> \u00e1ltal v\u00e9gzett kutat\u00e1s az infrastrukt\u00fara fejleszt\u00e9sek tekintet\u00e9ben \u00f6t olyan ter\u00fcletet azonos\u00edtott, amelyekn\u00e9l kiemelked\u0151en magas az ESG szempontok alkalmaz\u00e1sa. A vizsg\u00e1lt ESG-szempontok k\u00f6z\u00e9 tartozott az i) <\/span><em style=\"font-size: 16px;background-color: var(--ast-global-color-5)\">\u00fcvegh\u00e1zhat\u00e1s\u00fa g\u00e1zok kibocs\u00e1t\u00e1s\u00e1val j\u00e1r\u00f3 kock\u00e1zat, ii) az \u00e9ghajlatv\u00e1ltoz\u00e1ssal j\u00e1r\u00f3 kock\u00e1zat, iii) a biol\u00f3giai sokf\u00e9les\u00e9g meg\u0151rz\u00e9se, iv) az energia- \u00e9s er\u0151forr\u00e1s hat\u00e9konys\u00e1g, <\/em><span style=\"font-size: 16px;background-color: var(--ast-global-color-5)\">\u00e9s v) a<\/span><em style=\"font-size: 16px;background-color: var(--ast-global-color-5)\"> l\u00e9gszennyez\u00e9ssel j\u00e1r\u00f3 kock\u00e1zat,<\/em><span style=\"font-size: 16px;background-color: var(--ast-global-color-5)\"> m\u00edg a vizsg\u00e1lt infrastrukt\u00fara szektorok i) az <\/span><em style=\"font-size: 16px;background-color: var(--ast-global-color-5)\">energetika, ii) a k\u00f6zm\u0171, iii) a k\u00f6zleked\u00e9s, iv) a t\u00e1vk\u00f6zl\u00e9s <\/em><span style=\"font-size: 16px;background-color: var(--ast-global-color-5)\">\u00e9s v)<\/span><em style=\"font-size: 16px;background-color: var(--ast-global-color-5)\"> a szoci\u00e1lis szektor<\/em><span style=\"font-size: 16px;background-color: var(--ast-global-color-5)\"> voltak. Noha a sz\u00e1mos v\u00e1ltoz\u00f3 miatt neh\u00e9z egy\u00e9rtelm\u0171 k\u00f6vetkeztet\u00e9seket levonni, az\u00e9rt n\u00e9h\u00e1ny \u00e9rdekes tendencia megfigyelhet\u0151:<\/span><\/p>\t\t\t\t\t\t\t\t<\/div>\n\t\t\t\t<\/div>\n\t\t\t\t\t<\/div>\n\t\t<\/div>\n\t\t\t\t\t<\/div>\n\t\t<\/section>\n\t\t\t\t<section class=\"elementor-section elementor-top-section elementor-element elementor-element-ecbb7e9 elementor-section-boxed elementor-section-height-default elementor-section-height-default\" data-id=\"ecbb7e9\" data-element_type=\"section\">\n\t\t\t\t\t\t<div class=\"elementor-container elementor-column-gap-default\">\n\t\t\t\t\t<div class=\"elementor-column elementor-col-100 elementor-top-column elementor-element elementor-element-84a90cb\" data-id=\"84a90cb\" data-element_type=\"column\">\n\t\t\t<div class=\"elementor-widget-wrap elementor-element-populated\">\n\t\t\t\t\t\t<div class=\"elementor-element elementor-element-3f69da6 elementor-blockquote--skin-boxed elementor-widget elementor-widget-blockquote\" data-id=\"3f69da6\" data-element_type=\"widget\" data-widget_type=\"blockquote.default\">\n\t\t\t\t<div class=\"elementor-widget-container\">\n\t\t\t\t\t\t\t<blockquote class=\"elementor-blockquote\">\n\t\t\t<p class=\"elementor-blockquote__content\">\n\t\t\t\t<b>a)<\/b> A k\u00f6zm\u0171, illetve k\u00f6zleked\u00e9si infrastrukt\u00fara szektor, valamint a h\u0151energia-termel\u00e9s az \u00fcvegh\u00e1zhat\u00e1s\u00fa g\u00e1zok kibocs\u00e1t\u00e1s\u00e1nak els\u0151dleges forr\u00e1sai a vil\u00e1g jelent\u0151s gazdas\u00e1gaiban, a teljes kibocs\u00e1t\u00e1s k\u00f6zel h\u00e1romnegyed\u00e9\u00e9rt felel\u0151sek. A felm\u00e9r\u00e9sek alapj\u00e1n l\u00e1that\u00f3, hogy a befektet\u0151k sz\u00e1m\u00e1ra d\u00f6nt\u00e9seik sor\u00e1n fontosabb az \u00fcvegh\u00e1zhat\u00e1s\u00fa g\u00e1zok kibocs\u00e1t\u00e1si t\u00e9nyez\u0151inek s\u00falyozottabb figyelembev\u00e9tele, mint p\u00e9ld\u00e1ul a sz\u00e9n-dioxid-kibocs\u00e1t\u00e1shoz kapcsol\u00f3d\u00f3 k\u00f6lts\u00e9gek sz\u00e1mszer\u0171s\u00edt\u00e9se \u00e9s azok nyomon k\u00f6vet\u00e9se. Az \u00fcvegh\u00e1zhat\u00e1s\u00fa g\u00e1zok kibocs\u00e1t\u00e1s\u00e1nak m\u00e9rs\u00e9kl\u00e9se \u00e1ltal\u00e1ban az energia- \u00e9s er\u0151forr\u00e1s-hat\u00e9konys\u00e1ghoz kapcsol\u00f3dik, amely sor\u00e1n a befektet\u0151k egyr\u00e9szr\u0151l a kibocs\u00e1t\u00e1sok minimaliz\u00e1l\u00e1s\u00e1t c\u00e9lz\u00f3 \u00faj technol\u00f3gi\u00e1kba val\u00f3 befektet\u00e9seket prefer\u00e1lj\u00e1k, m\u00e1sr\u00e9szr\u0151l pedig a k\u00f6zvetlen p\u00e9nz\u00fcgyi el\u0151ny\u00f6kkel is j\u00e1r\u00f3 energiahat\u00e9konys\u00e1g n\u00f6vel\u00e9s\u00e9re \u00f6sszpontos\u00edtanak.\n\n<p><b>b)<\/b> Az \u00e9ghajlatv\u00e1ltoz\u00e1ssal j\u00e1r\u00f3 kock\u00e1zatok komolyan \u00e9rintik az energetikai \u00e9s t\u00e1vk\u00f6zl\u00e9si infrastrukt\u00far\u00e1t. Szerte a vil\u00e1gon a nagyl\u00e9tsz\u00e1m\u00fa v\u00e1rosok jelent\u0151s r\u00e9sze \u00e9ghajlatv\u00e1ltoz\u00e1snak k\u00fcl\u00f6n\u00f6sen kitett ter\u00fcleten helyezkedik el, p\u00e9ld\u00e1ul olyan tengerparti szakaszokon, ahol egyre jelent\u0151sebbek a tengerszint-emelked\u00e9sb\u0151l \u00e9s fokoz\u00f3d\u00f3 talaj er\u00f3zi\u00f3b\u00f3l sz\u00e1rmaz\u00f3 kock\u00e1zatok. A sz\u00e1razf\u00f6ldi t\u00e1vk\u00f6zl\u00e9shez telep\u00edtett k\u00e1beleket, vagy a partokhoz k\u00f6zel elhelyezett er\u0151m\u0171veket a tengerszint emelked\u00e9se vesz\u00e9lyezteti, a part menti r\u00e9gi\u00f3kban l\u00e9v\u0151 optikai k\u00e1beleket az \u00e1rad\u00e1sok fenyegetik; az emelked\u0151 k\u00f6rnyezeti h\u0151m\u00e9rs\u00e9klet \u00e9s az egyre gyakoribb h\u0151hull\u00e1mok n\u00f6vekv\u0151 intenzit\u00e1sa pedig hat\u00e9konyabb h\u0171t\u0151rendszereket \u00e9s n\u00f6vekv\u0151 h\u0171t\u0151k\u00f6zeg k\u00f6lts\u00e9geket ig\u00e9nyelnek.\n\n<p><b>c)<\/b> Az \u00e9ghajlatv\u00e1ltoz\u00e1si t\u00e9nyez\u0151k szint\u00e9n foglalkoztatj\u00e1k a k\u00f6zm\u0171- \u00e9s a k\u00f6zleked\u00e9si infrastrukt\u00far\u00e1ba befektet\u0151ket. Ezek jellemz\u0151en er\u0151s \u00fczletmenet-folytonoss\u00e1got ig\u00e9nyl\u0151 infrastrukt\u00fara fejleszt\u00e9sek, amelyek t\u00f6bbek k\u00f6z\u00f6tt arra k\u00e9sztetik a befektet\u0151ket, hogy kock\u00e1zatcs\u00f6kkent\u00e9si strat\u00e9gi\u00e1juk r\u00e9szek\u00e9nt figyelembe vegy\u00e9k az \u00e9ghajlatv\u00e1ltoz\u00e1ssal j\u00e1r\u00f3 kock\u00e1zati t\u00e9nyez\u0151ket, k\u00f6zt\u00fck a tengerszintek emelked\u00e9s\u00e9t, valamint a boz\u00f3t- \u00e9s erd\u0151t\u00fczeket. Az \u00e9ghajlatv\u00e1ltoz\u00e1ssal j\u00e1r\u00f3 kock\u00e1zatok jelent\u0151s hat\u00e1ssal lehetnek a meg\u00fajul\u00f3 energi\u00e1t el\u0151\u00e1ll\u00edt\u00f3 infrastrukt\u00far\u00e1ra is. Az emelked\u0151 \u00e1tlagh\u0151m\u00e9rs\u00e9klet s\u00falyos terhel\u00e9s alatt tartja a v\u00edzier\u0151m\u0171veket. A magasabb csapad\u00e9kmennyis\u00e9g \u00e9s a gleccserek olvad\u00e1si sebess\u00e9g\u00e9nek felgyorsul\u00e1sa miatt gyakoribb\u00e1 v\u00e1ltak az \u00e1rvizek, \u00e9s ez\u00e1ltal n\u0151tt a t\u00falzott v\u00edzbe\u00e1raml\u00e1s okozta terhel\u00e9s, amely szerkezeti k\u00e1rokat okozhat a v\u00edzier\u0151m\u0171vi infrastrukt\u00far\u00e1ban. Ugyanakkor a magas h\u0151m\u00e9rs\u00e9klet hat\u00e1ssal lehet a v\u00edzell\u00e1t\u00e1sra is, mivel az emelked\u0151 h\u0151m\u00e9rs\u00e9klet cs\u00f6kkenti a csapad\u00e9kmennyis\u00e9get \u00e9s a tart\u00f3san asz\u00e1lyos id\u0151szakok k\u00e1ros\u00edthatj\u00e1k  a v\u00edzier\u0151m\u0171vek szerkezet\u00e9t \u00e9s teljes\u00edtm\u00e9ny\u00e9t.\n\n<p><b>d)<\/b> A meg\u00fajul\u00f3 energiaforr\u00e1sokra \u00e9p\u00fcl\u0151 er\u0151m\u0171vek l\u00e9tes\u00edt\u00e9se \u00e9s \u00fczemeltet\u00e9se egy\u00e9rtelm\u0171en kihat a biol\u00f3giai sokf\u00e9les\u00e9gre. A leggyakrabban felmer\u00fcl\u0151 kock\u00e1zatok k\u00f6z\u00e9 tartozik a k\u00e1rosanyag-sziv\u00e1rg\u00e1s, a f\u00f6ldhaszn\u00e1lat, valamint a term\u00e9szetes \u00e1llat- \u00e9s n\u00f6v\u00e9nypopul\u00e1ci\u00f3 kihal\u00e1sa, \u00e9l\u0151helyeinek elveszt\u00e9se. A v\u00edzer\u0151m\u0171vek eset\u00e9n a probl\u00e9m\u00e1t leggyakrabban a nem megfelel\u0151 strat\u00e9giai tervez\u00e9s, illetve az er\u0151m\u0171 \u00e1ltal a k\u00f6rnyezetre gyakorolt terhel\u00e9si hat\u00e1s vizsg\u00e1lat\u00e1nak elmarad\u00e1sa okozza. Az eur\u00f3pai \u00e9desv\u00edzi halfajok t\u00f6bb mint egyharmad\u00e1t fenyegeti a kihal\u00e1s, \u00e9s ennek egyik f\u0151 okak\u00e9nt a g\u00e1takat \u00e9s az erre \u00e9p\u00fcl\u0151 v\u00edzier\u0151m\u0171veket eml\u00edtik. A k\u00f6zvetett hat\u00e1sok k\u00f6z\u00e9 tartozik a v\u00edzmin\u0151s\u00e9g roml\u00e1sa \u00e9s a foly\u00f3partokat az \u00e1rvizekt\u0151l \u00e9s a tengerszint emelked\u00e9s\u00e9t\u0151l v\u00e9d\u0151 hordal\u00e9k visszatart\u00e1sa. Hasonl\u00f3k\u00e9ppen kimutatt\u00e1k a kutat\u00e1sok, hogy a sz\u00e9ler\u0151m\u0171vek negat\u00edv hat\u00e1ssal lehetnek a mad\u00e1rpopul\u00e1ci\u00f3ra: a madarak nagy sz\u00e1mban rep\u00fclhetnek bele a sz\u00e9ler\u0151m\u0171vekbe, illet\u0151leg term\u00e9szetes \u00e9l\u0151hely\u00fckr\u0151l is kiszorulhatnak az er\u0151m\u0171vek \u00e1ltal.\t\t\t<\/p>\n\t\t\t\t\t<\/blockquote>\n\t\t\t\t\t\t<\/div>\n\t\t\t\t<\/div>\n\t\t\t\t\t<\/div>\n\t\t<\/div>\n\t\t\t\t\t<\/div>\n\t\t<\/section>\n\t\t\t\t<section class=\"elementor-section elementor-top-section elementor-element elementor-element-ef28067 elementor-section-boxed elementor-section-height-default elementor-section-height-default\" data-id=\"ef28067\" data-element_type=\"section\">\n\t\t\t\t\t\t<div class=\"elementor-container elementor-column-gap-default\">\n\t\t\t\t\t<div class=\"elementor-column elementor-col-100 elementor-top-column elementor-element elementor-element-6d936f4\" data-id=\"6d936f4\" data-element_type=\"column\">\n\t\t\t<div class=\"elementor-widget-wrap elementor-element-populated\">\n\t\t\t\t\t\t<div class=\"elementor-element elementor-element-a3cba40 elementor-widget elementor-widget-text-editor\" data-id=\"a3cba40\" data-element_type=\"widget\" data-widget_type=\"text-editor.default\">\n\t\t\t\t<div class=\"elementor-widget-container\">\n\t\t\t\t\t\t\t\t\t<p>A fenti p\u00e9ld\u00e1k alapj\u00e1n egy\u00e9rtelm\u0171en l\u00e1tszik, hogy az ESG szempontok figyelembev\u00e9tele \u00e9s m\u00e9r\u00e9se sor\u00e1n egy-egy infrastrukt\u00fara fejleszt\u00e9sn\u00e9l k\u00fcl\u00f6nb\u00f6z\u0151 szektorokban k\u00fcl\u00f6nb\u00f6z\u0151 kock\u00e1zati t\u00e9nyez\u0151k vizsg\u00e1land\u00f3k, amelyek adott esetben egym\u00e1sra is hat\u00e1ssal lehetnek. Lehet p\u00e9ld\u00e1ul egy infrastrukt\u00fara fejleszt\u00e9s kedvez\u0151 a l\u00e9gszennyez\u00e9s vagy az \u00fcvegh\u00e1zhat\u00e1s\u00fa g\u00e1zok kibocs\u00e1t\u00e1sa vonatkoz\u00e1s\u00e1ban, ugyanakkor viszont h\u00e1tr\u00e1nyos a biodiverzit\u00e1sra vagy nagyban kitett az \u00e9ghajlatv\u00e1ltoz\u00e1snak. Ez a fajta komplexit\u00e1s az ESG szempontok tekintet\u00e9ben is \u00e9rz\u00e9keny m\u00f3dszertant \u00e9s sokr\u00e9t\u0171 elemz\u00e9st ig\u00e9nyel annak eld\u00f6nt\u00e9s\u00e9hez, hogy egy adott infrastrukt\u00fara projekt ESG mutat\u00f3i milyen el\u0151jel\u0171ek a fenntarthat\u00f3s\u00e1gi c\u00e9lok viszonylat\u00e1ban.<\/p>\t\t\t\t\t\t\t\t<\/div>\n\t\t\t\t<\/div>\n\t\t\t\t\t<\/div>\n\t\t<\/div>\n\t\t\t\t\t<\/div>\n\t\t<\/section>\n\t\t\t\t<section class=\"elementor-section elementor-top-section elementor-element elementor-element-f77fb4e elementor-section-boxed elementor-section-height-default elementor-section-height-default\" data-id=\"f77fb4e\" data-element_type=\"section\">\n\t\t\t\t\t\t<div class=\"elementor-container elementor-column-gap-default\">\n\t\t\t\t\t<div class=\"elementor-column elementor-col-100 elementor-top-column elementor-element elementor-element-1b0736c\" data-id=\"1b0736c\" data-element_type=\"column\">\n\t\t\t<div class=\"elementor-widget-wrap elementor-element-populated\">\n\t\t\t\t\t\t<div class=\"elementor-element elementor-element-c945d64 elementor-widget elementor-widget-text-editor\" data-id=\"c945d64\" data-element_type=\"widget\" data-widget_type=\"text-editor.default\">\n\t\t\t\t<div class=\"elementor-widget-container\">\n\t\t\t\t\t\t\t\t\t<h5><strong>Z\u00f6ld infrastrukt\u00fara projektek ESG nagy\u00edt\u00f3 alatt<\/strong><\/h5>\t\t\t\t\t\t\t\t<\/div>\n\t\t\t\t<\/div>\n\t\t\t\t\t<\/div>\n\t\t<\/div>\n\t\t\t\t\t<\/div>\n\t\t<\/section>\n\t\t\t\t<section class=\"elementor-section elementor-top-section elementor-element elementor-element-bb0e1cc elementor-section-boxed elementor-section-height-default elementor-section-height-default\" data-id=\"bb0e1cc\" data-element_type=\"section\">\n\t\t\t\t\t\t<div class=\"elementor-container elementor-column-gap-default\">\n\t\t\t\t\t<div class=\"elementor-column elementor-col-100 elementor-top-column elementor-element elementor-element-aaf3b45\" data-id=\"aaf3b45\" data-element_type=\"column\">\n\t\t\t<div class=\"elementor-widget-wrap elementor-element-populated\">\n\t\t\t\t\t\t<div class=\"elementor-element elementor-element-54bbc29 elementor-widget elementor-widget-text-editor\" data-id=\"54bbc29\" data-element_type=\"widget\" data-widget_type=\"text-editor.default\">\n\t\t\t\t<div class=\"elementor-widget-container\">\n\t\t\t\t\t\t\t\t\t<p>Az al\u00e1bbiakban n\u00e9h\u00e1ny olyan infrastrukt\u00fara beruh\u00e1z\u00e1st mutatunk be, amelyek nemzetk\u00f6zi \u00f6sszehasonl\u00edt\u00e1sban is \u00e9len j\u00e1rnak az ESG-szempontok alkalmaz\u00e1s\u00e1ban \u00e9s j\u00f3l p\u00e9ld\u00e1zz\u00e1k ezek figyelembev\u00e9tel\u00e9nek pozit\u00edv hat\u00e1s\u00e1t a befektet\u00e9si \u00e9s megval\u00f3s\u00edt\u00e1si folyamat sor\u00e1n.<\/p>\t\t\t\t\t\t\t\t<\/div>\n\t\t\t\t<\/div>\n\t\t\t\t\t<\/div>\n\t\t<\/div>\n\t\t\t\t\t<\/div>\n\t\t<\/section>\n\t\t\t\t<section class=\"elementor-section elementor-top-section elementor-element elementor-element-66aa230 elementor-section-boxed elementor-section-height-default elementor-section-height-default\" data-id=\"66aa230\" data-element_type=\"section\">\n\t\t\t\t\t\t<div class=\"elementor-container elementor-column-gap-default\">\n\t\t\t\t\t<div class=\"elementor-column elementor-col-100 elementor-top-column elementor-element elementor-element-5806b6d\" data-id=\"5806b6d\" data-element_type=\"column\">\n\t\t\t<div class=\"elementor-widget-wrap elementor-element-populated\">\n\t\t\t\t\t\t<div class=\"elementor-element elementor-element-bb08a62 elementor-widget elementor-widget-text-editor\" data-id=\"bb08a62\" data-element_type=\"widget\" data-widget_type=\"text-editor.default\">\n\t\t\t\t<div class=\"elementor-widget-container\">\n\t\t\t\t\t\t\t\t\t<p><em>Eur\u00f3pai Beruh\u00e1z\u00e1si Bank (EBB): K\u00e9m\u00e9nymentes Belv\u00e1ros projekt, Budapest<\/em><\/p><p>Az eredeti projekt\u00f6tlet szerint a 2020-as \u00e9vek elej\u00e9re-k\u00f6zep\u00e9re Magyarorsz\u00e1gon is ki\u00e9p\u00fclhet az un. f\u0151v\u00e1rosi h\u0151gy\u0171r\u0171, amelynek sor\u00e1n a F\u0150T\u00c1V Zrt. \u00f6sszek\u00f6ti a k\u00fclv\u00e1rosi r\u00e9szeken tal\u00e1lhat\u00f3, eddig egym\u00e1st\u00f3l k\u00fcl\u00f6n-k\u00fcl\u00f6n m\u0171k\u00f6d\u0151 h\u0151k\u00f6rzeteket, \u00e9s az egyedi h\u0151forr\u00e1sokat h\u0151k\u00f6zpontokkal tudja kiv\u00e1ltani. Az \u00edgy megval\u00f3sul\u00f3 gy\u0171r\u0171b\u0151l vezet\u00e9k halad majd a belv\u00e1ros fel\u00e9, amelyre, mint a f\u0151v\u00e1rosi t\u00e1vh\u0151h\u00e1l\u00f3zatra, t\u00f6bb t\u00edzezer lak\u00e1s csatlakozhat a K\u00e9m\u00e9nymentes Belv\u00e1ros projekt r\u00e9szek\u00e9nt \u00e9s az egys\u00e9ges h\u00e1l\u00f3zat a bels\u0151 v\u00e1rosr\u00e9szek k\u00f6zint\u00e9zm\u00e9nyeit, irodah\u00e1zait \u00e9s t\u00e1rsash\u00e1zait is el tudja majd l\u00e1tni t\u00e1vh\u0151vel. Az EBB 71 milli\u00f3 eur\u00f3s, az EFSI<a href=\"#magyarazat\" name=\"_ftnref1\">[10]<\/a> \u00e1ltal garant\u00e1lt hitelt hagyott j\u00f3v\u00e1 a budapesti t\u00e1vf\u0171t\u00e9si rendszer korszer\u0171s\u00edt\u00e9se tekintet\u00e9ben megval\u00f3sul\u00f3 beruh\u00e1z\u00e1sok finansz\u00edroz\u00e1s\u00e1ra. A t\u00e1vh\u0151ell\u00e1t\u00e1s sor\u00e1n a sz\u00fcks\u00e9ges h\u0151t a felhaszn\u00e1l\u00f3kt\u00f3l t\u00e1vol fekv\u0151 er\u0151m\u0171vekben \u00e1ll\u00edtj\u00e1k el\u0151, ezzel is seg\u00edtve a meg\u00fajul\u00f3 energia termel\u00e9se, illetve felhaszn\u00e1l\u00e1sa tekintet\u00e9ben az EU 2030 Energia Strat\u00e9gi\u00e1ban, a 2050-ig sz\u00f3l\u00f3 energia\u00fcgyi \u00fctemtervben, \u00e9s a P\u00e1rizsi Meg\u00e1llapod\u00e1sban meghat\u00e1rozott c\u00e9l\u00e9rt\u00e9kek el\u00e9r\u00e9s\u00e9t. Az EBB a projekt \u00e9rt\u00e9kel\u00e9se sor\u00e1n figyelembe vette a t\u00e1vh\u0151ell\u00e1t\u00e1ssal j\u00e1r\u00f3 kedvez\u0151bb k\u00f6lts\u00e9geket, mind a beruh\u00e1z\u00e1s, a t\u00fczel\u0151anyag, mind pedig az \u00fczemeltet\u00e9s ter\u00e9n, illetve vizsg\u00e1lta \u00e9s \u00e9rt\u00e9kelte a t\u00e1vh\u0151ell\u00e1t\u00e1s k\u00f6rnyezetre gyakorolt pozit\u00edv hat\u00e1sait az \u00fcvegh\u00e1zhat\u00e1s\u00fa g\u00e1zok, valamint l\u00e9gszennyez\u0151 anyagok kibocs\u00e1t\u00e1si mennyis\u00e9g\u00e9nek cs\u00f6kkent\u00e9se k\u00f6vetkezt\u00e9ben.<\/p><p><em>Nemzetk\u00f6zi P\u00e9nz\u00fcgyi T\u00e1rsas\u00e1g (IFC): 420 MW-os v\u00edzer\u0151m\u0171-projekt, Nachtigal \u2013 Kamerun<\/em><\/p><p>A kameruni v\u00edzer\u0151m\u0171 projektet a LTIIA \u00fagy eml\u00edti, mint az ESG-szempontokat a gyakorlatban is hat\u00e9konyan alkalmaz\u00f3 infrastrukt\u00fara beruh\u00e1z\u00e1st. 2018 \u00f3ta az \u00c9lectricit\u00e9 de France, a kameruni \u00e1llam, a Nemzetk\u00f6zi P\u00e9nz\u00fcgyi T\u00e1rsas\u00e1g (IFC), az Africa 50 \u00e9s a SOTA egy nagyteljes\u00edtm\u00e9ny\u0171 v\u00edzier\u0151m\u0171 \u00e9p\u00edt\u00e9s\u00e9be fektet be Kamerunban. A kameruni Nachtigal Hydro Power Company (NHPC) t\u00e1rsas\u00e1g \u00e1ltal vezetett projekt c\u00e9lja az orsz\u00e1g villamosenergia-ell\u00e1t\u00e1s\u00e1nak fejleszt\u00e9se. A c\u00e9l egy 420 megawattos v\u00edzer\u0151m\u0171 \u00e9p\u00edt\u00e9se \u00e9s \u00fczemeltet\u00e9se Nachtigalban, a f\u0151v\u00e1rost\u00f3l, Yaound\u00e9t\u00f3l 65 kilom\u00e9terre fekv\u0151 faluban. A Nachtigal-g\u00e1t \u00fczembe helyez\u00e9se ut\u00e1n &#8211; a tervek szerint 2023-ban &#8211; a projekt az afrikai kontinens legnagyobb g\u00e1tja lesz, ahol a meg\u00e9p\u00edtett v\u00edzier\u0151m\u0171 az el\u0151zetes tervek \u00e9s m\u00e9r\u00e9sek alapj\u00e1n 850 kilotonn\u00e1nyi sz\u00e9ndioxid kibocs\u00e1t\u00e1s\u00e1nak elker\u00fcl\u00e9s\u00e9t teheti lehet\u0151v\u00e9 a j\u00f6v\u0151ben. A projekt ESG, azaz k\u00f6rnyezeti \u00e9s t\u00e1rsadalmi c\u00e9ljait ambici\u00f3zus ir\u00e1ny\u00edt\u00e1si rendszerrel \u00e9rik el, amely mag\u00e1ban foglalja t\u00f6bbek k\u00f6z\u00f6tt a t\u00e9rs\u00e9g gazdas\u00e1gfejleszt\u00e9s\u00e9t, valamint a biol\u00f3giai sokf\u00e9les\u00e9ggel \u00e9s a t\u00e1rsadalmi k\u00e9rd\u00e9sekkel kapcsolatos int\u00e9zked\u00e9seket is. Az IFC az erre szakosodott szervezetek t\u00e1mogat\u00e1s\u00e1val az NHPC szem\u00e9lyzet\u00e9nek k\u00fcl\u00f6nb\u00f6z\u0151 oktat\u00e1sokat \u00e9s k\u00e9pz\u00e9seket tartottak \u2013 t\u00f6bbek k\u00f6z\u00f6tt \u2013 a nemi alap\u00fa megk\u00fcl\u00f6nb\u00f6ztet\u00e9s \u00e9s er\u0151szak megel\u0151z\u00e9se, valamint a n\u0151i egyenjog\u00fas\u00e1g er\u0151s\u00edt\u00e9se \u00e9rdek\u00e9ben. A 2020-ban m\u00e9rt adatok alapj\u00e1n a v\u00e1llalat ezen er\u0151fesz\u00edt\u00e9sei sikerrel j\u00e1rtak, hiszen alkalmazottainak 29%-a n\u0151, \u00edgy kiemelt projektnek sz\u00e1m\u00edt az infrastrukt\u00fara vil\u00e1g\u00e1ban. Mindemellett a projekt k\u00f6zel 14 ezer k\u00f6zvetlen \u00e9s k\u00f6zvetett munkahelyet teremtett eddigi m\u0171k\u00f6d\u00e9se sor\u00e1n.<\/p><p><em>Allianz Global Investors: Tideway Tunnel projekt a Temz\u00e9n, London \u00e9s k\u00f6rny\u00e9ke<\/em><\/p><p>Az Allianz az egyik vezet\u0151 finansz\u00edroz\u00f3ja az un. \u201eTideway\u201d konzorciumnak, amely meg\u00e9p\u00edtette \u00e9s jelenleg is m\u0171k\u00f6dteti azt a 25 km hossz\u00fa alagutat, amely \u2013 m\u00e9g a Temz\u00e9be t\u00f6rt\u00e9n\u0151 bel\u00e9p\u00e9se el\u0151tt \u2013 felfogja, t\u00e1rolja \u00e9s v\u00e9g\u00fcl elsz\u00e1ll\u00edtja a szennyv\u00edzhullad\u00e9kot. A Thames Tideway alag\u00fat egy jelent\u0151s fejleszt\u00e9s r\u00e9sze a m\u00e1r megl\u00e9v\u0151 csatornarendszer tekintet\u00e9ben, amelynek c\u00e9lja, hogy 90% feletti hat\u00e9konys\u00e1ggal cs\u00f6kkentse a szennyez\u00e9st a foly\u00f3ban. Az \u00faj csatornarendszer a r\u00e9gi, t\u00f6bb mint 150 \u00e9ves rendszert v\u00e1ltotta fel, amely m\u00e1r korszer\u0171tlen volt az id\u0151k\u00f6zben hatalmas metropolissz\u00e1 n\u0151tt London lakoss\u00e1ga sz\u00e1m\u00e1ra. A projekt sor\u00e1n, amelynek \u00fczemeltet\u0151i \u00e9vente adnak ki fenntarthat\u00f3s\u00e1gi jelent\u00e9st, sz\u00e1mos ESG-t\u00e9nyez\u0151t vettek figyelembe, amelyek k\u00f6z\u00f6tt komoly s\u00fallyal esett latba az \u00e9ghajlatv\u00e1ltoz\u00e1ssal j\u00e1r\u00f3 kock\u00e1zat \u00e9s a biol\u00f3giai sokf\u00e9les\u00e9g meg\u0151rz\u00e9se. Az \u00e9ghajlatv\u00e1ltoz\u00e1ssal j\u00e1r\u00f3 kock\u00e1zati t\u00e9nyez\u0151k vizsg\u00e1lat\u00e1n\u00e1l a Tideway alag\u00fat olyan hat\u00e1sait is m\u00e9rt\u00e9k a k\u00f6rnyezetre, mint p\u00e9ld\u00e1ul a v\u00e1ltoz\u00f3 csapad\u00e9kmennyis\u00e9g hat\u00e1sa szennyv\u00edz\u00e1tfoly\u00e1sokn\u00e1l. A v\u00edzi \u00e9l\u0151vil\u00e1g meg\u0151rz\u00e9s\u00e9vel \u00e9s v\u00e9delm\u00e9vel kapcsolatosan meghat\u00e1roz\u00e1sra ker\u00fclt t\u00f6bb, az \u0151shonos \u00e9l\u0151vil\u00e1got megtart\u00f3 program is. A projekt megval\u00f3s\u00edt\u00f3i nagy hangs\u00falyt fektettek a k\u00f6rnyezeti \u00e9s fenntarthat\u00f3s\u00e1gi c\u00e9lok el\u00e9r\u00e9s\u00e9re, \u00edgy a fentieken t\u00fal a k\u00f6rnyezeti, eg\u00e9szs\u00e9g-biztons\u00e1gi, j\u00f3l\u00e9ti, gazdas\u00e1gi, illetve szem\u00e9lyi szempontokat figyelembe v\u00e9ve. A fejleszt\u00e9s sor\u00e1n az ESG szempontok megval\u00f3sul\u00e1s\u00e1nak nyomon k\u00f6vet\u00e9s\u00e9t t\u00f6bbek k\u00f6z\u00f6tt az S&amp;P Global v\u00e9gzi, az \u00e1ltaluk vizsg\u00e1lt 2022-es adatok alapj\u00e1n a projekt az el\u0151zetesen meghat\u00e1rozott fenntarthat\u00f3s\u00e1gi \u00e9s ESG c\u00e9lkit\u0171z\u00e9seknek megfelel\u0151en halad. Ide tartozik p\u00e9ld\u00e1ul a foly\u00f3 \u00f6kol\u00f3gi\u00e1j\u00e1nak t\u00e1mogat\u00e1sa, illetve egy olyan k\u00f6rnyezeti rendszer kialak\u00edt\u00e1sa, amely t\u00e1mogatja a biodiverzit\u00e1st. A projektt\u00e1rsas\u00e1g igazgat\u00f3tan\u00e1csa l\u00e9trehozott egy biztons\u00e1ggal, eg\u00e9szs\u00e9ggel \u00e9s k\u00f6rnyezetv\u00e9delemmel foglalkoz\u00f3 bizotts\u00e1got<a href=\"#magyarazat\" name=\"_ftnref1\">[11]<\/a> is, amely \u00e9vente k\u00e9tszer \u00fcl\u00e9sezik \u00e9s kulcsszerepet j\u00e1tszik a kock\u00e1zatok kezel\u00e9s\u00e9re vonatkoz\u00f3 k\u00f6vetkezetes m\u00f3dszerek, szabv\u00e1nyok \u00e9s elj\u00e1r\u00e1sok kidolgoz\u00e1s\u00e1ban, fel\u00fclvizsg\u00e1lat\u00e1ban \u00e9s fel\u00fcgyelet\u00e9ben.<\/p>\t\t\t\t\t\t\t\t<\/div>\n\t\t\t\t<\/div>\n\t\t\t\t\t<\/div>\n\t\t<\/div>\n\t\t\t\t\t<\/div>\n\t\t<\/section>\n\t\t\t\t<section class=\"elementor-section elementor-top-section elementor-element elementor-element-d646e4b elementor-section-boxed elementor-section-height-default elementor-section-height-default\" data-id=\"d646e4b\" data-element_type=\"section\">\n\t\t\t\t\t\t<div class=\"elementor-container elementor-column-gap-default\">\n\t\t\t\t\t<div class=\"elementor-column elementor-col-100 elementor-top-column elementor-element elementor-element-5c1f7d6\" data-id=\"5c1f7d6\" data-element_type=\"column\">\n\t\t\t<div class=\"elementor-widget-wrap elementor-element-populated\">\n\t\t\t\t\t\t<div class=\"elementor-element elementor-element-351e54b elementor-widget elementor-widget-spacer\" data-id=\"351e54b\" data-element_type=\"widget\" data-widget_type=\"spacer.default\">\n\t\t\t\t<div class=\"elementor-widget-container\">\n\t\t\t\t\t\t\t<div class=\"elementor-spacer\">\n\t\t\t<div class=\"elementor-spacer-inner\"><\/div>\n\t\t<\/div>\n\t\t\t\t\t\t<\/div>\n\t\t\t\t<\/div>\n\t\t\t\t\t<\/div>\n\t\t<\/div>\n\t\t\t\t\t<\/div>\n\t\t<\/section>\n\t\t\t\t<section class=\"elementor-section elementor-top-section elementor-element elementor-element-2d4bb9e elementor-section-boxed elementor-section-height-default elementor-section-height-default\" data-id=\"2d4bb9e\" data-element_type=\"section\">\n\t\t\t\t\t\t<div class=\"elementor-container elementor-column-gap-default\">\n\t\t\t\t\t<div class=\"elementor-column elementor-col-100 elementor-top-column elementor-element elementor-element-0db9013\" data-id=\"0db9013\" data-element_type=\"column\">\n\t\t\t<div class=\"elementor-widget-wrap elementor-element-populated\">\n\t\t\t\t\t\t<div class=\"elementor-element elementor-element-3e83750 elementor-widget elementor-widget-text-editor\" data-id=\"3e83750\" data-element_type=\"widget\" data-widget_type=\"text-editor.default\">\n\t\t\t\t<div class=\"elementor-widget-container\">\n\t\t\t\t\t\t\t\t\t<p style=\"text-align: left\"><i>A cikk szerz\u0151i: Gy\u00f6rfi-T\u00f3th P\u00e9ter, Bokor J\u00falia<\/i><\/p>\t\t\t\t\t\t\t\t<\/div>\n\t\t\t\t<\/div>\n\t\t\t\t\t<\/div>\n\t\t<\/div>\n\t\t\t\t\t<\/div>\n\t\t<\/section>\n\t\t\t\t<section class=\"elementor-section elementor-top-section elementor-element elementor-element-ed6016d elementor-section-boxed elementor-section-height-default elementor-section-height-default\" data-id=\"ed6016d\" data-element_type=\"section\">\n\t\t\t\t\t\t<div class=\"elementor-container elementor-column-gap-default\">\n\t\t\t\t\t<div class=\"elementor-column elementor-col-50 elementor-top-column elementor-element elementor-element-001f034\" data-id=\"001f034\" data-element_type=\"column\">\n\t\t\t<div class=\"elementor-widget-wrap elementor-element-populated\">\n\t\t\t\t\t\t<div class=\"elementor-element elementor-element-77c0f31 elementor-flip-box--direction-left elementor-flip-box--effect-flip elementor-widget elementor-widget-global elementor-global-3140 elementor-widget-flip-box\" data-id=\"77c0f31\" data-element_type=\"widget\" data-widget_type=\"flip-box.default\">\n\t\t\t\t<div class=\"elementor-widget-container\">\n\t\t\t\t\t\t\t<div class=\"elementor-flip-box\" tabindex=\"0\">\n\t\t\t<div class=\"elementor-flip-box__layer elementor-flip-box__front\">\n\t\t\t\t<div class=\"elementor-flip-box__layer__overlay\">\n\t\t\t\t\t<div class=\"elementor-flip-box__layer__inner\">\n\t\t\t\t\t\t\t\t\t\t\t\t\t<div class=\"elementor-flip-box__image\">\n\t\t\t\t\t\t\t\t<img decoding=\"async\" src=\"https:\/\/blogs.dlapiper.com\/advocatus\/files\/elementor\/thumbs\/Nevtelen-terv-10-pf2ui412t0glnrx3gqbv9tsywnt4koqo911zz141gw.png\" title=\"Gy\u00f6rfi-T\u00f3th P\u00e9ter\" alt=\"Gy\u00f6rfi-T\u00f3th P\u00e9ter\" loading=\"lazy\" \/>\t\t\t\t\t\t\t<\/div>\n\t\t\t\t\t\t\n\t\t\t\t\t\t\t\t\t\t\t\t\t<h3 class=\"elementor-flip-box__layer__title\">\n\t\t\t\t\t\t\t\tGy\u00f6rfi-T\u00f3th P\u00e9ter\t\t\t\t\t\t\t<\/h3>\n\t\t\t\t\t\t\n\t\t\t\t\t\t\t\t\t\t\t\t\t<div class=\"elementor-flip-box__layer__description\">\n\t\t\t\t\t\t\t\tPartner, <p>Projekt \u00e9s Restruktur\u00e1l\u00e1si csoportvezet\u0151,<br>ESG szakter\u00fcletvezet\u0151\n\t\t\t\t\t\t\t<\/div>\n\t\t\t\t\t\t\t\t\t\t\t<\/div>\n\t\t\t\t<\/div>\n\t\t\t<\/div>\n\t\t\t<a class=\"elementor-flip-box__layer elementor-flip-box__back\" href=\"mailto:peter.gyorfi-toth@dlapiper.com\">\n\t\t\t<div class=\"elementor-flip-box__layer__overlay\">\n\t\t\t\t<div class=\"elementor-flip-box__layer__inner\">\n\t\t\t\t\t\t\t\t\t\t\t<h3 class=\"elementor-flip-box__layer__title\">\n\t\t\t\t\t\t\tGy\u00f6rfi-T\u00f3th P\u00e9ter\t\t\t\t\t\t<\/h3>\n\t\t\t\t\t\n\t\t\t\t\t\t\t\t\t\t\t<div class=\"elementor-flip-box__layer__description\">\n\t\t\t\t\t\t\tP\u00e9ter a DLA Piper Hungary partnere, a budapesti \u00e9s a CEE r\u00e9gi\u00f3 projekt \u00e9s restruktur\u00e1l\u00e1si csoportj\u00e1nak vezet\u0151je, valamint  az ESG szakter\u00fclet vezet\u0151je. Helyi \u00e9s hat\u00e1ron \u00e1tny\u00fal\u00f3 jog\u00fcgyletek tan\u00e1csad\u00e1s\u00e1ban j\u00e1rtas, t\u00f6bbek k\u00f6z\u00f6tt az infrastrukt\u00fara-fejleszt\u00e9s, bankjog, projekt- \u00e9s ingatlanfinansz\u00edroz\u00e1s, \u00e1llami szab\u00e1lyoz\u00e1si k\u00e9rd\u00e9sek, k\u00f6zbeszerz\u00e9si jog, re-organiz\u00e1ci\u00f3 \u00e9s restruktur\u00e1l\u00e1s, felsz\u00e1mol\u00e1si- \u00e9s cs\u0151djog ter\u00fcletein. \t\t\t\t\t\t<\/div>\n\t\t\t\t\t\n\t\t\t\t\t\t\t\t\t\t\t<span class=\"elementor-flip-box__button elementor-button elementor-size-xs\">\n\t\t\t\t\t\t\tE-mailt k\u00fcld\u00f6k\t\t\t\t\t\t<\/span>\n\t\t\t\t\t\t\t\t<\/div>\n\t\t<\/div>\n\t\t<\/a>\n\t\t<\/div>\n\t\t\t\t\t\t<\/div>\n\t\t\t\t<\/div>\n\t\t\t\t\t<\/div>\n\t\t<\/div>\n\t\t\t\t<div class=\"elementor-column elementor-col-50 elementor-top-column elementor-element elementor-element-dfdaf86\" data-id=\"dfdaf86\" data-element_type=\"column\">\n\t\t\t<div class=\"elementor-widget-wrap\">\n\t\t\t\t\t\t\t<\/div>\n\t\t<\/div>\n\t\t\t\t\t<\/div>\n\t\t<\/section>\n\t\t\t\t<section class=\"elementor-section elementor-top-section elementor-element elementor-element-c9a900d elementor-section-boxed elementor-section-height-default elementor-section-height-default\" data-id=\"c9a900d\" data-element_type=\"section\">\n\t\t\t\t\t\t<div class=\"elementor-container elementor-column-gap-default\">\n\t\t\t\t\t<div class=\"elementor-column elementor-col-100 elementor-top-column elementor-element elementor-element-ef69542\" data-id=\"ef69542\" data-element_type=\"column\">\n\t\t\t<div class=\"elementor-widget-wrap elementor-element-populated\">\n\t\t\t\t\t\t<div class=\"elementor-element elementor-element-7b08bce elementor-widget elementor-widget-spacer\" data-id=\"7b08bce\" data-element_type=\"widget\" data-widget_type=\"spacer.default\">\n\t\t\t\t<div class=\"elementor-widget-container\">\n\t\t\t\t\t\t\t<div class=\"elementor-spacer\">\n\t\t\t<div class=\"elementor-spacer-inner\"><\/div>\n\t\t<\/div>\n\t\t\t\t\t\t<\/div>\n\t\t\t\t<\/div>\n\t\t\t\t\t<\/div>\n\t\t<\/div>\n\t\t\t\t\t<\/div>\n\t\t<\/section>\n\t\t\t\t<section class=\"elementor-section elementor-top-section elementor-element elementor-element-b81b751 elementor-section-boxed elementor-section-height-default elementor-section-height-default\" data-id=\"b81b751\" data-element_type=\"section\">\n\t\t\t\t\t\t<div class=\"elementor-container elementor-column-gap-default\">\n\t\t\t\t\t<div class=\"elementor-column elementor-col-100 elementor-top-column elementor-element elementor-element-6fc3bd5\" data-id=\"6fc3bd5\" data-element_type=\"column\">\n\t\t\t<div class=\"elementor-widget-wrap elementor-element-populated\">\n\t\t\t\t\t\t<div class=\"elementor-element elementor-element-760c815 elementor-widget elementor-widget-text-editor\" data-id=\"760c815\" data-element_type=\"widget\" id=\"magyarazat\" data-widget_type=\"text-editor.default\">\n\t\t\t\t<div class=\"elementor-widget-container\">\n\t\t\t\t\t\t\t\t\t<h5><strong>Magyar\u00e1zat<\/strong><\/h5>\t\t\t\t\t\t\t\t<\/div>\n\t\t\t\t<\/div>\n\t\t\t\t\t<\/div>\n\t\t<\/div>\n\t\t\t\t\t<\/div>\n\t\t<\/section>\n\t\t\t\t<section class=\"elementor-section elementor-top-section elementor-element elementor-element-b52a106 elementor-section-boxed elementor-section-height-default elementor-section-height-default\" data-id=\"b52a106\" data-element_type=\"section\">\n\t\t\t\t\t\t<div class=\"elementor-container elementor-column-gap-default\">\n\t\t\t\t\t<div class=\"elementor-column elementor-col-50 elementor-top-column elementor-element elementor-element-a4c47c4\" data-id=\"a4c47c4\" data-element_type=\"column\">\n\t\t\t<div class=\"elementor-widget-wrap elementor-element-populated\">\n\t\t\t\t\t\t<div class=\"elementor-element elementor-element-aa21e92 elementor-widget elementor-widget-text-editor\" data-id=\"aa21e92\" data-element_type=\"widget\" data-widget_type=\"text-editor.default\">\n\t\t\t\t<div class=\"elementor-widget-container\">\n\t\t\t\t\t\t\t\t\t<p><a href=\"https:\/\/blogs.dlapiper.com\/advocatus\/2022\/10\/lehet-e-zoldebb-a-jovo-infrastrukturaja\/\" name=\"_ftn1\">[1]<\/a>\u00a0Sustainable Development Goals<\/p><p><a href=\"https:\/\/blogs.dlapiper.com\/advocatus\/2022\/10\/lehet-e-zoldebb-a-jovo-infrastrukturaja\/\" name=\"_ftn2\">[2]<\/a>\u00a0International Finance Corporation<\/p><p><a href=\"https:\/\/blogs.dlapiper.com\/advocatus\/2022\/10\/lehet-e-zoldebb-a-jovo-infrastrukturaja\/\" name=\"_ftn3\">[3]<\/a>\u00a0Sustainability Accouting Standars Board<\/p><p><a href=\"https:\/\/blogs.dlapiper.com\/advocatus\/2022\/10\/lehet-e-zoldebb-a-jovo-infrastrukturaja\/\" name=\"_ftn4\">[4]<\/a>\u00a0International Organization for Standardization<\/p><p><a href=\"https:\/\/blogs.dlapiper.com\/advocatus\/2022\/10\/lehet-e-zoldebb-a-jovo-infrastrukturaja\/\" name=\"_ftn5\">[5]<\/a>\u00a0Integrated Reporting<\/p>\t\t\t\t\t\t\t\t<\/div>\n\t\t\t\t<\/div>\n\t\t\t\t\t<\/div>\n\t\t<\/div>\n\t\t\t\t<div class=\"elementor-column elementor-col-50 elementor-top-column elementor-element elementor-element-01b0d62\" data-id=\"01b0d62\" data-element_type=\"column\">\n\t\t\t<div class=\"elementor-widget-wrap elementor-element-populated\">\n\t\t\t\t\t\t<div class=\"elementor-element elementor-element-5c46fe5 elementor-widget elementor-widget-text-editor\" data-id=\"5c46fe5\" data-element_type=\"widget\" data-widget_type=\"text-editor.default\">\n\t\t\t\t<div class=\"elementor-widget-container\">\n\t\t\t\t\t\t\t\t\t<p><a href=\"https:\/\/blogs.dlapiper.com\/advocatus\/2022\/10\/lehet-e-zoldebb-a-jovo-infrastrukturaja\/\">[6]<\/a>\u00a0Global Reporting Initiative<\/p><p><a href=\"https:\/\/blogs.dlapiper.com\/advocatus\/2022\/10\/lehet-e-zoldebb-a-jovo-infrastrukturaja\/\">[7]<\/a>\u00a0United Nations \/ Principles for Responsible Investment<\/p><p><a href=\"https:\/\/blogs.dlapiper.com\/advocatus\/2022\/10\/lehet-e-zoldebb-a-jovo-infrastrukturaja\/\">[8]<\/a>\u00a0European sustainability reporting standards<\/p><p><a href=\"https:\/\/blogs.dlapiper.com\/advocatus\/2022\/10\/lehet-e-zoldebb-a-jovo-infrastrukturaja\/\">[9]<\/a>\u00a0World Wide Fund for Nature<\/p><p><a href=\"https:\/\/blogs.dlapiper.com\/advocatus\/2022\/10\/lehet-e-zoldebb-a-jovo-infrastrukturaja\/\">[10]<\/a>\u00a0The European Fund for Strategic Investments<\/p><p><a href=\"https:\/\/blogs.dlapiper.com\/advocatus\/2022\/10\/lehet-e-zoldebb-a-jovo-infrastrukturaja\/\" name=\"_ftn1\">[11]<\/a> Health, Safety, Security, and Evironment (HSSE) Committee<\/p>\t\t\t\t\t\t\t\t<\/div>\n\t\t\t\t<\/div>\n\t\t\t\t\t<\/div>\n\t\t<\/div>\n\t\t\t\t\t<\/div>\n\t\t<\/section>\n\t\t\t\t<section class=\"elementor-section elementor-top-section elementor-element elementor-element-4dbb8f4 elementor-section-boxed elementor-section-height-default elementor-section-height-default\" data-id=\"4dbb8f4\" data-element_type=\"section\">\n\t\t\t\t\t\t<div class=\"elementor-container elementor-column-gap-default\">\n\t\t\t\t\t<div class=\"elementor-column elementor-col-33 elementor-top-column elementor-element elementor-element-faaecfd\" data-id=\"faaecfd\" data-element_type=\"column\">\n\t\t\t<div class=\"elementor-widget-wrap\">\n\t\t\t\t\t\t\t<\/div>\n\t\t<\/div>\n\t\t\t\t<div class=\"elementor-column elementor-col-33 elementor-top-column elementor-element elementor-element-6fd5f1b\" data-id=\"6fd5f1b\" data-element_type=\"column\">\n\t\t\t<div class=\"elementor-widget-wrap\">\n\t\t\t\t\t\t\t<\/div>\n\t\t<\/div>\n\t\t\t\t<div class=\"elementor-column elementor-col-33 elementor-top-column elementor-element elementor-element-1252a10\" data-id=\"1252a10\" data-element_type=\"column\">\n\t\t\t<div class=\"elementor-widget-wrap elementor-element-populated\">\n\t\t\t\t\t\t<div class=\"elementor-element elementor-element-15ffee9 elementor-align-center elementor-widget elementor-widget-button\" data-id=\"15ffee9\" data-element_type=\"widget\" data-widget_type=\"button.default\">\n\t\t\t\t<div class=\"elementor-widget-container\">\n\t\t\t\t\t\t\t\t\t<div class=\"elementor-button-wrapper\">\n\t\t\t\t\t<a class=\"elementor-button elementor-button-link elementor-size-sm\" href=\"#\">\n\t\t\t\t\t\t<span class=\"elementor-button-content-wrapper\">\n\t\t\t\t\t\t\t\t\t<span class=\"elementor-button-text\">Vissza az oldal tetej\u00e9re &gt;&gt;<\/span>\n\t\t\t\t\t<\/span>\n\t\t\t\t\t<\/a>\n\t\t\t\t<\/div>\n\t\t\t\t\t\t\t\t<\/div>\n\t\t\t\t<\/div>\n\t\t\t\t\t<\/div>\n\t\t<\/div>\n\t\t\t\t\t<\/div>\n\t\t<\/section>\n\t\t\t\t<section class=\"elementor-section elementor-top-section elementor-element elementor-element-511016d elementor-section-boxed elementor-section-height-default elementor-section-height-default\" data-id=\"511016d\" data-element_type=\"section\">\n\t\t\t\t\t\t<div class=\"elementor-container elementor-column-gap-default\">\n\t\t\t\t\t<div class=\"elementor-column elementor-col-100 elementor-top-column elementor-element elementor-element-34cf20c\" data-id=\"34cf20c\" data-element_type=\"column\">\n\t\t\t<div class=\"elementor-widget-wrap elementor-element-populated\">\n\t\t\t\t\t\t<div class=\"elementor-element elementor-element-79b7380 elementor-widget elementor-widget-spacer\" data-id=\"79b7380\" data-element_type=\"widget\" data-widget_type=\"spacer.default\">\n\t\t\t\t<div class=\"elementor-widget-container\">\n\t\t\t\t\t\t\t<div class=\"elementor-spacer\">\n\t\t\t<div class=\"elementor-spacer-inner\"><\/div>\n\t\t<\/div>\n\t\t\t\t\t\t<\/div>\n\t\t\t\t<\/div>\n\t\t\t\t\t<\/div>\n\t\t<\/div>\n\t\t\t\t\t<\/div>\n\t\t<\/section>\n\t\t\t\t<section class=\"elementor-section elementor-top-section elementor-element elementor-element-0bb7e57 elementor-section-boxed elementor-section-height-default elementor-section-height-default\" data-id=\"0bb7e57\" data-element_type=\"section\">\n\t\t\t\t\t\t<div class=\"elementor-container elementor-column-gap-default\">\n\t\t\t\t\t<div class=\"elementor-column elementor-col-100 elementor-top-column elementor-element elementor-element-4f3a992\" data-id=\"4f3a992\" data-element_type=\"column\">\n\t\t\t<div class=\"elementor-widget-wrap elementor-element-populated\">\n\t\t\t\t\t\t<div class=\"elementor-element elementor-element-4d9f099 elementor-widget elementor-widget-heading\" data-id=\"4d9f099\" data-element_type=\"widget\" data-widget_type=\"heading.default\">\n\t\t\t\t<div class=\"elementor-widget-container\">\n\t\t\t\t\t<h5 class=\"elementor-heading-title elementor-size-default\">Hivatkoz\u00e1sok<\/h5>\t\t\t\t<\/div>\n\t\t\t\t<\/div>\n\t\t\t\t\t<\/div>\n\t\t<\/div>\n\t\t\t\t\t<\/div>\n\t\t<\/section>\n\t\t\t\t<section class=\"elementor-section elementor-top-section elementor-element elementor-element-6047436 elementor-section-boxed elementor-section-height-default elementor-section-height-default\" data-id=\"6047436\" data-element_type=\"section\">\n\t\t\t\t\t\t<div class=\"elementor-container elementor-column-gap-default\">\n\t\t\t\t\t<div class=\"elementor-column elementor-col-100 elementor-top-column elementor-element elementor-element-ce3e5a2\" data-id=\"ce3e5a2\" data-element_type=\"column\">\n\t\t\t<div class=\"elementor-widget-wrap elementor-element-populated\">\n\t\t\t\t\t\t<div class=\"elementor-element elementor-element-d708738 elementor-widget elementor-widget-text-editor\" data-id=\"d708738\" data-element_type=\"widget\" data-widget_type=\"text-editor.default\">\n\t\t\t\t<div class=\"elementor-widget-container\">\n\t\t\t\t\t\t\t\t\t<p><strong>Jogforr\u00e1sok:<\/strong><\/p><ol><li><a href=\"https:\/\/eur-lex.europa.eu\/legal-content\/EN\/TXT\/?qid=1576150542719&amp;uri=COM%3A2019%3A640%3AFIN\">A Bizotts\u00e1g k\u00f6zlem\u00e9nye: Az eur\u00f3pai z\u00f6ld meg\u00e1llapod\u00e1s<\/a><\/li><li><a href=\"https:\/\/eur-lex.europa.eu\/legal-content\/HU\/TXT\/PDF\/?uri=CELEX:32014L0095&amp;from=EN\">Az Eur\u00f3pai Parlament \u00e9s a Tan\u00e1cs 2014\/95\/EU ir\u00e1nyelve (2014. okt\u00f3ber 22.) a 2013\/34\/EU ir\u00e1nyelvnek a nem p\u00e9nz\u00fcgyi \u00e9s a soksz\u00edn\u0171s\u00e9ggel kapcsolatos inform\u00e1ci\u00f3knak bizonyos nagyv\u00e1llalkoz\u00e1sok \u00e9s v\u00e1llalatcsoportok \u00e1ltali k\u00f6zz\u00e9t\u00e9tele tekintet\u00e9ben t\u00f6rt\u00e9n\u0151 m\u00f3dos\u00edt\u00e1s\u00e1r\u00f3l<\/a><\/li><li><a href=\"https:\/\/eur-lex.europa.eu\/legal-content\/HU\/TXT\/PDF\/?uri=CELEX:32019R2088&amp;from=HU\">Az Eur\u00f3pai Parlament \u00e9s a Tan\u00e1cs (EU) 2019\/2088 rendelete (2019. november 27.) a p\u00e9nz\u00fcgyi szolg\u00e1ltat\u00e1si \u00e1gazatban a fenntarthat\u00f3s\u00e1ggal kapcsolatos k\u00f6zz\u00e9t\u00e9telekr\u0151l<\/a><\/li><li><a href=\"https:\/\/eur-lex.europa.eu\/legal-content\/HU\/TXT\/PDF\/?uri=CELEX:32020R0852&amp;from=HU\">Az Eur\u00f3pai Parlament \u00e9s a Tan\u00e1cs (EU) 2020\/852 rendelete (2020. j\u00fanius 18.) a fenntarthat\u00f3 befektet\u00e9sek el\u0151mozd\u00edt\u00e1s\u00e1t c\u00e9lz\u00f3 keret l\u00e9trehoz\u00e1s\u00e1r\u00f3l, valamint az (EU) 2019\/2088 rendelet m\u00f3dos\u00edt\u00e1s\u00e1r\u00f3l<\/a><\/li><li><a href=\"https:\/\/eur-lex.europa.eu\/legal-content\/HU\/TXT\/HTML\/?uri=OJ:C:2021:373:FULL&amp;from=ES\">Technikai ir\u00e1nymutat\u00e1s az infrastrukt\u00fara \u00e9ghajlatv\u00e1ltoz\u00e1si rezilienciavizsg\u00e1lat\u00e1r\u00f3l a 2021\u20132027 k\u00f6z\u00f6tti id\u0151szakban (2021\/C 373\/01)<\/a><\/li><\/ol><p><strong>Internetes hivatkoz\u00e1sok:<\/strong><\/p><ol><li><a href=\"https:\/\/www.oliverwyman.com\/content\/dam\/oliver-wyman\/v2\/publications\/2020\/october\/incorporating-sustainability-into-infrastructure.pdf\">Oliver Wyman &amp; WWF \u2013 Incorporating Sustainability into Infrastructure; How climate and nature-related factors are applied in the investment process<\/a><\/li><li><a href=\"https:\/\/climate.ec.europa.eu\/eu-action\/climate-strategies-targets\/2030-climate-energy-framework_en\">EU 2030 Energy Startegy<\/a><\/li><li><a href=\"https:\/\/ec.europa.eu\/energy\/sites\/ener\/files\/documents\/2012_energy_roadmap_2050_en_0.pdf\">Energy Roadmap 2050<\/a><\/li><li><a href=\"https:\/\/gresb-prd-public.s3.amazonaws.com\/2020\/LTIIA_ESG_Handbook.pdf\">Long-term Infrastructure Investors Association Handbook 2020<\/a><\/li><li><a href=\"https:\/\/www.africa50.com\/\">Africa 50 \u2013 Infrastrukt\u00fara (befektet\u00e9si) alap<\/a><\/li><li><a href=\"http:\/\/www.stoainfraenergy.com\/en\/home-stoa-en\/\">SOTA Infra &amp; Energy \u2013 Infrastrukt\u00fara (befeketet\u00e9si) alap<\/a><\/li><li><a href=\"http:\/\/www.impactprinciples.org\/signatories-reporting\">Operating Principles for Impact Management<\/a><\/li><\/ol>\t\t\t\t\t\t\t\t<\/div>\n\t\t\t\t<\/div>\n\t\t\t\t\t<\/div>\n\t\t<\/div>\n\t\t\t\t\t<\/div>\n\t\t<\/section>\n\t\t\t\t<section class=\"elementor-section elementor-top-section elementor-element elementor-element-746a951 elementor-section-boxed elementor-section-height-default elementor-section-height-default\" data-id=\"746a951\" data-element_type=\"section\">\n\t\t\t\t\t\t<div class=\"elementor-container elementor-column-gap-default\">\n\t\t\t\t\t<div class=\"elementor-column elementor-col-33 elementor-top-column elementor-element elementor-element-e49ee06\" data-id=\"e49ee06\" data-element_type=\"column\">\n\t\t\t<div class=\"elementor-widget-wrap\">\n\t\t\t\t\t\t\t<\/div>\n\t\t<\/div>\n\t\t\t\t<div class=\"elementor-column elementor-col-33 elementor-top-column elementor-element elementor-element-69087df\" data-id=\"69087df\" data-element_type=\"column\">\n\t\t\t<div class=\"elementor-widget-wrap\">\n\t\t\t\t\t\t\t<\/div>\n\t\t<\/div>\n\t\t\t\t<div class=\"elementor-column elementor-col-33 elementor-top-column elementor-element elementor-element-d67f12b\" data-id=\"d67f12b\" data-element_type=\"column\">\n\t\t\t<div class=\"elementor-widget-wrap elementor-element-populated\">\n\t\t\t\t\t\t<div class=\"elementor-element elementor-element-2aefa92 elementor-align-center elementor-widget elementor-widget-button\" data-id=\"2aefa92\" data-element_type=\"widget\" data-widget_type=\"button.default\">\n\t\t\t\t<div class=\"elementor-widget-container\">\n\t\t\t\t\t\t\t\t\t<div class=\"elementor-button-wrapper\">\n\t\t\t\t\t<a class=\"elementor-button elementor-button-link elementor-size-sm\" href=\"#\">\n\t\t\t\t\t\t<span class=\"elementor-button-content-wrapper\">\n\t\t\t\t\t\t\t\t\t<span class=\"elementor-button-text\">Vissza az oldal tetej\u00e9re &gt;&gt;<\/span>\n\t\t\t\t\t<\/span>\n\t\t\t\t\t<\/a>\n\t\t\t\t<\/div>\n\t\t\t\t\t\t\t\t<\/div>\n\t\t\t\t<\/div>\n\t\t\t\t\t<\/div>\n\t\t<\/div>\n\t\t\t\t\t<\/div>\n\t\t<\/section>\n\t\t\t\t<section class=\"elementor-section elementor-top-section elementor-element elementor-element-406181f elementor-section-boxed elementor-section-height-default elementor-section-height-default\" data-id=\"406181f\" data-element_type=\"section\">\n\t\t\t\t\t\t<div class=\"elementor-container elementor-column-gap-default\">\n\t\t\t\t\t<div class=\"elementor-column elementor-col-100 elementor-top-column elementor-element elementor-element-6fb549f\" data-id=\"6fb549f\" data-element_type=\"column\">\n\t\t\t<div class=\"elementor-widget-wrap elementor-element-populated\">\n\t\t\t\t\t\t<div class=\"elementor-element elementor-element-df8a6f2 elementor-widget-divider--view-line elementor-widget elementor-widget-divider\" data-id=\"df8a6f2\" data-element_type=\"widget\" data-widget_type=\"divider.default\">\n\t\t\t\t<div class=\"elementor-widget-container\">\n\t\t\t\t\t\t\t<div class=\"elementor-divider\">\n\t\t\t<span class=\"elementor-divider-separator\">\n\t\t\t\t\t\t<\/span>\n\t\t<\/div>\n\t\t\t\t\t\t<\/div>\n\t\t\t\t<\/div>\n\t\t\t\t\t<\/div>\n\t\t<\/div>\n\t\t\t\t\t<\/div>\n\t\t<\/section>\n\t\t\t\t<section class=\"elementor-section elementor-top-section elementor-element elementor-element-f964862 elementor-section-boxed elementor-section-height-default elementor-section-height-default\" data-id=\"f964862\" data-element_type=\"section\">\n\t\t\t\t\t\t<div class=\"elementor-container elementor-column-gap-default\">\n\t\t\t\t\t<div class=\"elementor-column elementor-col-100 elementor-top-column elementor-element elementor-element-9200109\" data-id=\"9200109\" data-element_type=\"column\">\n\t\t\t<div class=\"elementor-widget-wrap elementor-element-populated\">\n\t\t\t\t\t\t<div class=\"elementor-element elementor-element-fc98f8e elementor-blockquote--skin-boxed elementor-blockquote--align-center elementor-widget elementor-widget-blockquote\" data-id=\"fc98f8e\" data-element_type=\"widget\" data-widget_type=\"blockquote.default\">\n\t\t\t\t<div class=\"elementor-widget-container\">\n\t\t\t\t\t\t\t<blockquote class=\"elementor-blockquote\">\n\t\t\t<p class=\"elementor-blockquote__content\">\n\t\t\t\t\u00c9rtes\u00fclj\u00f6n els\u0151k k\u00f6z\u00f6tt legfrissebb tartalmainkr\u00f3l! <br>\nIratkozzon fel h\u00edrlevel\u00fcnkre!\t\t\t<\/p>\n\t\t\t\t\t<\/blockquote>\n\t\t\t\t\t\t<\/div>\n\t\t\t\t<\/div>\n\t\t\t\t<div class=\"elementor-element elementor-element-d8e7181 elementor-align-center elementor-widget elementor-widget-button\" data-id=\"d8e7181\" data-element_type=\"widget\" data-widget_type=\"button.default\">\n\t\t\t\t<div class=\"elementor-widget-container\">\n\t\t\t\t\t\t\t\t\t<div class=\"elementor-button-wrapper\">\n\t\t\t\t\t<a class=\"elementor-button elementor-button-link elementor-size-sm\" href=\"https:\/\/inform.dlapiper.com\/60\/1486\/landing-pages\/consent-email.asp\">\n\t\t\t\t\t\t<span class=\"elementor-button-content-wrapper\">\n\t\t\t\t\t\t\t\t\t<span class=\"elementor-button-text\">Feliratkozom<\/span>\n\t\t\t\t\t<\/span>\n\t\t\t\t\t<\/a>\n\t\t\t\t<\/div>\n\t\t\t\t\t\t\t\t<\/div>\n\t\t\t\t<\/div>\n\t\t\t\t\t<\/div>\n\t\t<\/div>\n\t\t\t\t\t<\/div>\n\t\t<\/section>\n\t\t\t\t<section class=\"elementor-section elementor-top-section elementor-element elementor-element-6fc836c elementor-section-boxed elementor-section-height-default elementor-section-height-default\" data-id=\"6fc836c\" data-element_type=\"section\">\n\t\t\t\t\t\t<div class=\"elementor-container elementor-column-gap-default\">\n\t\t\t\t\t<div class=\"elementor-column elementor-col-100 elementor-top-column elementor-element elementor-element-ed6389c\" data-id=\"ed6389c\" data-element_type=\"column\">\n\t\t\t<div class=\"elementor-widget-wrap elementor-element-populated\">\n\t\t\t\t\t\t<div class=\"elementor-element elementor-element-cb5df82 elementor-widget elementor-widget-spacer\" data-id=\"cb5df82\" data-element_type=\"widget\" data-widget_type=\"spacer.default\">\n\t\t\t\t<div class=\"elementor-widget-container\">\n\t\t\t\t\t\t\t<div class=\"elementor-spacer\">\n\t\t\t<div class=\"elementor-spacer-inner\"><\/div>\n\t\t<\/div>\n\t\t\t\t\t\t<\/div>\n\t\t\t\t<\/div>\n\t\t\t\t\t<\/div>\n\t\t<\/div>\n\t\t\t\t\t<\/div>\n\t\t<\/section>\n\t\t\t\t<section class=\"elementor-section elementor-top-section elementor-element elementor-element-45574212 elementor-section-height-min-height elementor-section-boxed elementor-section-height-default elementor-section-items-middle\" data-id=\"45574212\" data-element_type=\"section\">\n\t\t\t\t\t\t<div class=\"elementor-container elementor-column-gap-narrow\">\n\t\t\t\t\t<div class=\"elementor-column elementor-col-50 elementor-top-column elementor-element elementor-element-455d716a\" data-id=\"455d716a\" data-element_type=\"column\">\n\t\t\t<div class=\"elementor-widget-wrap elementor-element-populated\">\n\t\t\t\t\t\t<div class=\"elementor-element elementor-element-4138c08a elementor-widget elementor-widget-text-editor\" data-id=\"4138c08a\" data-element_type=\"widget\" data-widget_type=\"text-editor.default\">\n\t\t\t\t<div class=\"elementor-widget-container\">\n\t\t\t\t\t\t\t\t\t<h2 class=\"elementor-heading-title elementor-size-default\" style=\"font-size: 18px;font-style: normal;margin-bottom: 0px;line-height: 1\"><b>K\u00e9rd\u00e9se van? Keressen minket bizalommal!<\/b><\/h2>\t\t\t\t\t\t\t\t<\/div>\n\t\t\t\t<\/div>\n\t\t\t\t<div class=\"elementor-element elementor-element-4f775e25 elementor-align-center elementor-widget elementor-widget-button\" data-id=\"4f775e25\" data-element_type=\"widget\" data-widget_type=\"button.default\">\n\t\t\t\t<div class=\"elementor-widget-container\">\n\t\t\t\t\t\t\t\t\t<div class=\"elementor-button-wrapper\">\n\t\t\t\t\t<a class=\"elementor-button elementor-button-link elementor-size-sm\" href=\"mailto:hungary@dlapiper.com\">\n\t\t\t\t\t\t<span class=\"elementor-button-content-wrapper\">\n\t\t\t\t\t\t\t\t\t<span class=\"elementor-button-text\">Kapcsolatfelv\u00e9tel<\/span>\n\t\t\t\t\t<\/span>\n\t\t\t\t\t<\/a>\n\t\t\t\t<\/div>\n\t\t\t\t\t\t\t\t<\/div>\n\t\t\t\t<\/div>\n\t\t\t\t\t<\/div>\n\t\t<\/div>\n\t\t\t\t<div class=\"elementor-column elementor-col-50 elementor-top-column elementor-element elementor-element-6eb78a9b\" data-id=\"6eb78a9b\" data-element_type=\"column\">\n\t\t\t<div class=\"elementor-widget-wrap elementor-element-populated\">\n\t\t\t\t\t\t<div class=\"elementor-element elementor-element-64af744d elementor-widget elementor-widget-text-editor\" data-id=\"64af744d\" data-element_type=\"widget\" data-widget_type=\"text-editor.default\">\n\t\t\t\t<div class=\"elementor-widget-container\">\n\t\t\t\t\t\t\t\t\t<h2 class=\"elementor-heading-title elementor-size-default\" style=\"font-size: 18px;font-style: normal;margin-bottom: 0px;line-height: 1\"><b>K\u00f6vesse LinkedIn oldalunkat!<\/b><\/h2>\t\t\t\t\t\t\t\t<\/div>\n\t\t\t\t<\/div>\n\t\t\t\t<div class=\"elementor-element elementor-element-257b91b5 elementor-align-center elementor-widget elementor-widget-button\" data-id=\"257b91b5\" data-element_type=\"widget\" data-widget_type=\"button.default\">\n\t\t\t\t<div class=\"elementor-widget-container\">\n\t\t\t\t\t\t\t\t\t<div class=\"elementor-button-wrapper\">\n\t\t\t\t\t<a class=\"elementor-button elementor-button-link elementor-size-sm\" href=\"https:\/\/www.linkedin.com\/showcase\/dla-piper-hungary\">\n\t\t\t\t\t\t<span class=\"elementor-button-content-wrapper\">\n\t\t\t\t\t\t\t\t\t<span class=\"elementor-button-text\">DLA Piper Hungary<\/span>\n\t\t\t\t\t<\/span>\n\t\t\t\t\t<\/a>\n\t\t\t\t<\/div>\n\t\t\t\t\t\t\t\t<\/div>\n\t\t\t\t<\/div>\n\t\t\t\t\t<\/div>\n\t\t<\/div>\n\t\t\t\t\t<\/div>\n\t\t<\/section>\n\t\t\t\t<section class=\"elementor-section elementor-top-section elementor-element elementor-element-914d315 elementor-section-boxed elementor-section-height-default elementor-section-height-default\" data-id=\"914d315\" data-element_type=\"section\">\n\t\t\t\t\t\t<div class=\"elementor-container elementor-column-gap-default\">\n\t\t\t\t\t<div class=\"elementor-column elementor-col-100 elementor-top-column elementor-element elementor-element-1ddf3ca\" data-id=\"1ddf3ca\" data-element_type=\"column\">\n\t\t\t<div class=\"elementor-widget-wrap elementor-element-populated\">\n\t\t\t\t\t\t<div class=\"elementor-element elementor-element-2cb6476 elementor-widget elementor-widget-spacer\" data-id=\"2cb6476\" data-element_type=\"widget\" data-widget_type=\"spacer.default\">\n\t\t\t\t<div class=\"elementor-widget-container\">\n\t\t\t\t\t\t\t<div class=\"elementor-spacer\">\n\t\t\t<div class=\"elementor-spacer-inner\"><\/div>\n\t\t<\/div>\n\t\t\t\t\t\t<\/div>\n\t\t\t\t<\/div>\n\t\t\t\t\t<\/div>\n\t\t<\/div>\n\t\t\t\t\t<\/div>\n\t\t<\/section>\n\t\t\t\t<section class=\"elementor-section elementor-top-section elementor-element elementor-element-d68036d elementor-section-boxed elementor-section-height-default elementor-section-height-default\" data-id=\"d68036d\" data-element_type=\"section\">\n\t\t\t\t\t\t<div class=\"elementor-container elementor-column-gap-default\">\n\t\t\t\t\t<div class=\"elementor-column elementor-col-100 elementor-top-column elementor-element elementor-element-d172732\" data-id=\"d172732\" data-element_type=\"column\">\n\t\t\t<div class=\"elementor-widget-wrap elementor-element-populated\">\n\t\t\t\t\t\t<div class=\"elementor-element elementor-element-5320cca elementor-widget elementor-widget-heading\" data-id=\"5320cca\" data-element_type=\"widget\" data-widget_type=\"heading.default\">\n\t\t\t\t<div class=\"elementor-widget-container\">\n\t\t\t\t\t<h5 class=\"elementor-heading-title elementor-size-default\">Tov\u00e1bbi tartalmaink ESG t\u00e9m\u00e1ban<\/h5>\t\t\t\t<\/div>\n\t\t\t\t<\/div>\n\t\t\t\t\t<\/div>\n\t\t<\/div>\n\t\t\t\t\t<\/div>\n\t\t<\/section>\n\t\t\t\t<section class=\"elementor-section elementor-top-section elementor-element elementor-element-111cb4a elementor-section-boxed elementor-section-height-default elementor-section-height-default\" data-id=\"111cb4a\" data-element_type=\"section\">\n\t\t\t\t\t\t<div class=\"elementor-container elementor-column-gap-default\">\n\t\t\t\t\t<div class=\"elementor-column elementor-col-100 elementor-top-column elementor-element elementor-element-9dd3700\" data-id=\"9dd3700\" data-element_type=\"column\">\n\t\t\t<div class=\"elementor-widget-wrap elementor-element-populated\">\n\t\t\t\t\t\t<div class=\"elementor-element elementor-element-8231bc1 elementor-widget elementor-widget-spacer\" data-id=\"8231bc1\" data-element_type=\"widget\" data-widget_type=\"spacer.default\">\n\t\t\t\t<div class=\"elementor-widget-container\">\n\t\t\t\t\t\t\t<div class=\"elementor-spacer\">\n\t\t\t<div class=\"elementor-spacer-inner\"><\/div>\n\t\t<\/div>\n\t\t\t\t\t\t<\/div>\n\t\t\t\t<\/div>\n\t\t\t\t\t<\/div>\n\t\t<\/div>\n\t\t\t\t\t<\/div>\n\t\t<\/section>\n\t\t\t\t<section class=\"elementor-section elementor-top-section elementor-element elementor-element-7b102fd elementor-section-boxed elementor-section-height-default elementor-section-height-default\" data-id=\"7b102fd\" data-element_type=\"section\">\n\t\t\t\t\t\t<div class=\"elementor-container elementor-column-gap-default\">\n\t\t\t\t\t<div class=\"elementor-column elementor-col-100 elementor-top-column elementor-element elementor-element-e66c13d\" data-id=\"e66c13d\" data-element_type=\"column\">\n\t\t\t<div class=\"elementor-widget-wrap elementor-element-populated\">\n\t\t\t\t\t\t<div class=\"elementor-element elementor-element-5264d46 elementor-grid-3 elementor-grid-tablet-2 elementor-grid-mobile-1 elementor-posts--thumbnail-top elementor-widget elementor-widget-posts\" data-id=\"5264d46\" data-element_type=\"widget\" data-settings=\"{&quot;classic_columns&quot;:&quot;3&quot;,&quot;classic_columns_tablet&quot;:&quot;2&quot;,&quot;classic_columns_mobile&quot;:&quot;1&quot;,&quot;classic_row_gap&quot;:{&quot;unit&quot;:&quot;px&quot;,&quot;size&quot;:35,&quot;sizes&quot;:[]},&quot;classic_row_gap_tablet&quot;:{&quot;unit&quot;:&quot;px&quot;,&quot;size&quot;:&quot;&quot;,&quot;sizes&quot;:[]},&quot;classic_row_gap_mobile&quot;:{&quot;unit&quot;:&quot;px&quot;,&quot;size&quot;:&quot;&quot;,&quot;sizes&quot;:[]}}\" data-widget_type=\"posts.classic\">\n\t\t\t\t<div class=\"elementor-widget-container\">\n\t\t\t\t\t\t\t<div class=\"elementor-posts-container elementor-posts elementor-posts--skin-classic elementor-grid\" role=\"list\">\n\t\t\t\t<article class=\"elementor-post elementor-grid-item post-5448 post type-post status-publish format-standard has-post-thumbnail hentry category-esg tag-esg-torveny-modositasok\" role=\"listitem\">\n\t\t\t\t<a class=\"elementor-post__thumbnail__link\" href=\"https:\/\/blogs.dlapiper.com\/advocatus\/2025\/06\/ujabb-konnyitesek-a-cegek-fenntarthatosagi-jelentesteteli-kotelezettsegeiben-elfogadtak-az-esg-torveny-es-a-szamviteli-torveny-modositasat\/\" tabindex=\"-1\" target=&quot;_blank&quot;>\n\t\t\t<div class=\"elementor-post__thumbnail\"><img fetchpriority=\"high\" decoding=\"async\" width=\"1200\" height=\"300\" src=\"https:\/\/blogs.dlapiper.com\/advocatus\/files\/2025\/03\/esg-torveny.jpg\" class=\"attachment-full size-full wp-image-5203\" alt=\"esg-torveny\" srcset=\"https:\/\/blogs.dlapiper.com\/advocatus\/files\/2025\/03\/esg-torveny.jpg 1200w, https:\/\/blogs.dlapiper.com\/advocatus\/files\/2025\/03\/esg-torveny-300x75.jpg 300w, https:\/\/blogs.dlapiper.com\/advocatus\/files\/2025\/03\/esg-torveny-1024x256.jpg 1024w, https:\/\/blogs.dlapiper.com\/advocatus\/files\/2025\/03\/esg-torveny-768x192.jpg 768w\" sizes=\"(max-width: 1200px) 100vw, 1200px\" \/><\/div>\n\t\t<\/a>\n\t\t\t\t<div class=\"elementor-post__text\">\n\t\t\t\t<h2 class=\"elementor-post__title\">\n\t\t\t<a href=\"https:\/\/blogs.dlapiper.com\/advocatus\/2025\/06\/ujabb-konnyitesek-a-cegek-fenntarthatosagi-jelentesteteli-kotelezettsegeiben-elfogadtak-az-esg-torveny-es-a-szamviteli-torveny-modositasat\/\" target=&quot;_blank&quot;>\n\t\t\t\t\u00dajabb k\u00f6nny\u00edt\u00e9sek a c\u00e9gek fenntarthat\u00f3s\u00e1gi jelent\u00e9st\u00e9teli k\u00f6telezetts\u00e9geiben &#8211; elfogadt\u00e1k az ESG t\u00f6rv\u00e9ny \u00e9s a sz\u00e1mviteli t\u00f6rv\u00e9ny m\u00f3dos\u00edt\u00e1s\u00e1t\t\t\t<\/a>\n\t\t<\/h2>\n\t\t\t\t<div class=\"elementor-post__meta-data\">\n\t\t\t\t\t<span class=\"elementor-post-author\">\n\t\t\tDLA Piper\t\t<\/span>\n\t\t\t\t<span class=\"elementor-post-date\">\n\t\t\t2025-06-27\t\t<\/span>\n\t\t\t\t<\/div>\n\t\t\t\t<div class=\"elementor-post__excerpt\">\n\t\t\t<p>Megjelent a 2023. \u00e9vi CVIII. t\u00f6rv\u00e9ny, azaz az ESG t\u00f6rv\u00e9ny \u00e9s a sz\u00e1mviteli t\u00f6rv\u00e9ny \u00fajabb m\u00f3dos\u00edt\u00e1sa, ami \u00fajabb k\u00f6nny\u00edt\u00e9seket hoz a hazai v\u00e1llalkoz\u00e1sok fenntarthat\u00f3s\u00e1gi \u00e9s kapcsol\u00f3d\u00f3 jelent\u00e9st\u00e9teli k\u00f6telezetts\u00e9geiben. <\/p>\n\t\t<\/div>\n\t\t\t\t\t<div class=\"elementor-post__read-more-wrapper\">\n\t\t\n\t\t<a class=\"elementor-post__read-more\" href=\"https:\/\/blogs.dlapiper.com\/advocatus\/2025\/06\/ujabb-konnyitesek-a-cegek-fenntarthatosagi-jelentesteteli-kotelezettsegeiben-elfogadtak-az-esg-torveny-es-a-szamviteli-torveny-modositasat\/\" aria-label=\"Read more about \u00dajabb k\u00f6nny\u00edt\u00e9sek a c\u00e9gek fenntarthat\u00f3s\u00e1gi jelent\u00e9st\u00e9teli k\u00f6telezetts\u00e9geiben &#8211; elfogadt\u00e1k az ESG t\u00f6rv\u00e9ny \u00e9s a sz\u00e1mviteli t\u00f6rv\u00e9ny m\u00f3dos\u00edt\u00e1s\u00e1t\" tabindex=\"-1\" target=\"_blank\">\n\t\t\tTov\u00e1bb &gt;&gt;\t\t<\/a>\n\n\t\t\t\t\t<\/div>\n\t\t\t\t<\/div>\n\t\t\t\t<\/article>\n\t\t\t\t<article class=\"elementor-post elementor-grid-item post-5197 post type-post status-publish format-standard has-post-thumbnail hentry category-esg tag-esg-jelentesteteli-kotelezettsegek tag-esg-torveny tag-modositasi-javaslat\" role=\"listitem\">\n\t\t\t\t<a class=\"elementor-post__thumbnail__link\" href=\"https:\/\/blogs.dlapiper.com\/advocatus\/2025\/03\/ismet-valtozhat-az-esg-torveny-a-magyar-vallalkozasok-is-mentesulhetnek-az-esg-jelentesteteli-kotelezettsegek-alol\/\" tabindex=\"-1\" target=&quot;_blank&quot;>\n\t\t\t<div class=\"elementor-post__thumbnail\"><img fetchpriority=\"high\" decoding=\"async\" width=\"1200\" height=\"300\" src=\"https:\/\/blogs.dlapiper.com\/advocatus\/files\/2025\/03\/esg-torveny.jpg\" class=\"attachment-full size-full wp-image-5203\" alt=\"esg-torveny\" srcset=\"https:\/\/blogs.dlapiper.com\/advocatus\/files\/2025\/03\/esg-torveny.jpg 1200w, https:\/\/blogs.dlapiper.com\/advocatus\/files\/2025\/03\/esg-torveny-300x75.jpg 300w, https:\/\/blogs.dlapiper.com\/advocatus\/files\/2025\/03\/esg-torveny-1024x256.jpg 1024w, https:\/\/blogs.dlapiper.com\/advocatus\/files\/2025\/03\/esg-torveny-768x192.jpg 768w\" sizes=\"(max-width: 1200px) 100vw, 1200px\" \/><\/div>\n\t\t<\/a>\n\t\t\t\t<div class=\"elementor-post__text\">\n\t\t\t\t<h2 class=\"elementor-post__title\">\n\t\t\t<a href=\"https:\/\/blogs.dlapiper.com\/advocatus\/2025\/03\/ismet-valtozhat-az-esg-torveny-a-magyar-vallalkozasok-is-mentesulhetnek-az-esg-jelentesteteli-kotelezettsegek-alol\/\" target=&quot;_blank&quot;>\n\t\t\t\tIsm\u00e9t v\u00e1ltozhat az ESG t\u00f6rv\u00e9ny \u2013 a magyar v\u00e1llalkoz\u00e1sok is mentes\u00fclhetnek az ESG jelent\u00e9st\u00e9teli k\u00f6telezetts\u00e9gek al\u00f3l\t\t\t<\/a>\n\t\t<\/h2>\n\t\t\t\t<div class=\"elementor-post__meta-data\">\n\t\t\t\t\t<span class=\"elementor-post-author\">\n\t\t\tDLA Piper\t\t<\/span>\n\t\t\t\t<span class=\"elementor-post-date\">\n\t\t\t2025-03-24\t\t<\/span>\n\t\t\t\t<\/div>\n\t\t\t\t<div class=\"elementor-post__excerpt\">\n\t\t\t<p>A m\u00falt h\u00e9t v\u00e9g\u00e9n megjelent a Nemzetgazdas\u00e1gi Miniszt\u00e9rium \u00e9s az SZTFH \u00e1ltal jegyzett javaslat a 2023. \u00e9vi CVIII. t\u00f6rv\u00e9ny, azaz az ESG t\u00f6rv\u00e9ny \u00fajabb m\u00f3dos\u00edt\u00e1s\u00e1r\u00f3l. <\/p>\n\t\t<\/div>\n\t\t\t\t\t<div class=\"elementor-post__read-more-wrapper\">\n\t\t\n\t\t<a class=\"elementor-post__read-more\" href=\"https:\/\/blogs.dlapiper.com\/advocatus\/2025\/03\/ismet-valtozhat-az-esg-torveny-a-magyar-vallalkozasok-is-mentesulhetnek-az-esg-jelentesteteli-kotelezettsegek-alol\/\" aria-label=\"Read more about Ism\u00e9t v\u00e1ltozhat az ESG t\u00f6rv\u00e9ny \u2013 a magyar v\u00e1llalkoz\u00e1sok is mentes\u00fclhetnek az ESG jelent\u00e9st\u00e9teli k\u00f6telezetts\u00e9gek al\u00f3l\" tabindex=\"-1\" target=\"_blank\">\n\t\t\tTov\u00e1bb &gt;&gt;\t\t<\/a>\n\n\t\t\t\t\t<\/div>\n\t\t\t\t<\/div>\n\t\t\t\t<\/article>\n\t\t\t\t<article class=\"elementor-post elementor-grid-item post-5166 post type-post status-publish format-standard has-post-thumbnail hentry category-esg tag-cbam tag-csddd tag-csrd tag-javaslatcsomag tag-modositas tag-omnibusz\" role=\"listitem\">\n\t\t\t\t<a class=\"elementor-post__thumbnail__link\" href=\"https:\/\/blogs.dlapiper.com\/advocatus\/2025\/03\/omnibusz-reszletesen-a-bizottsag-jelentesteteli-javaslatcsomagjarol\/\" tabindex=\"-1\" target=&quot;_blank&quot;>\n\t\t\t<div class=\"elementor-post__thumbnail\"><img decoding=\"async\" width=\"1200\" height=\"300\" src=\"https:\/\/blogs.dlapiper.com\/advocatus\/files\/2025\/03\/advocatus-header-43.png\" class=\"attachment-full size-full wp-image-5179\" alt=\"Omnibusz ESG\" srcset=\"https:\/\/blogs.dlapiper.com\/advocatus\/files\/2025\/03\/advocatus-header-43.png 1200w, https:\/\/blogs.dlapiper.com\/advocatus\/files\/2025\/03\/advocatus-header-43-300x75.png 300w, https:\/\/blogs.dlapiper.com\/advocatus\/files\/2025\/03\/advocatus-header-43-1024x256.png 1024w, https:\/\/blogs.dlapiper.com\/advocatus\/files\/2025\/03\/advocatus-header-43-768x192.png 768w\" sizes=\"(max-width: 1200px) 100vw, 1200px\" \/><\/div>\n\t\t<\/a>\n\t\t\t\t<div class=\"elementor-post__text\">\n\t\t\t\t<h2 class=\"elementor-post__title\">\n\t\t\t<a href=\"https:\/\/blogs.dlapiper.com\/advocatus\/2025\/03\/omnibusz-reszletesen-a-bizottsag-jelentesteteli-javaslatcsomagjarol\/\" target=&quot;_blank&quot;>\n\t\t\t\tOmnibusz \u2013 R\u00e9szletesen a Bizotts\u00e1g jelent\u00e9st\u00e9teli javaslatcsomagj\u00e1r\u00f3l\t\t\t<\/a>\n\t\t<\/h2>\n\t\t\t\t<div class=\"elementor-post__meta-data\">\n\t\t\t\t\t<span class=\"elementor-post-author\">\n\t\t\tDLA Piper\t\t<\/span>\n\t\t\t\t<span class=\"elementor-post-date\">\n\t\t\t2025-03-14\t\t<\/span>\n\t\t\t\t<\/div>\n\t\t\t\t<div class=\"elementor-post__excerpt\">\n\t\t\t<p>Az Eur\u00f3pai Bizotts\u00e1g 2025. febru\u00e1r 26-\u00e1n mutatta be \u00e1tfog\u00f3 javaslat\u00e1t a v\u00e1llalati fenntarthat\u00f3s\u00e1gi jelent\u00e9sr\u0151l sz\u00f3l\u00f3 ir\u00e1nyelv (CSRD), a v\u00e1llalati fenntarthat\u00f3s\u00e1gi \u00e1tvil\u00e1g\u00edt\u00e1si ir\u00e1nyelv (CSDDD) \u00e9s az uni\u00f3s taxon\u00f3miai rendelet m\u00f3dos\u00edt\u00e1s\u00e1ra. <\/p>\n\t\t<\/div>\n\t\t\t\t\t<div class=\"elementor-post__read-more-wrapper\">\n\t\t\n\t\t<a class=\"elementor-post__read-more\" href=\"https:\/\/blogs.dlapiper.com\/advocatus\/2025\/03\/omnibusz-reszletesen-a-bizottsag-jelentesteteli-javaslatcsomagjarol\/\" aria-label=\"Read more about Omnibusz \u2013 R\u00e9szletesen a Bizotts\u00e1g jelent\u00e9st\u00e9teli javaslatcsomagj\u00e1r\u00f3l\" tabindex=\"-1\" target=\"_blank\">\n\t\t\tTov\u00e1bb &gt;&gt;\t\t<\/a>\n\n\t\t\t\t\t<\/div>\n\t\t\t\t<\/div>\n\t\t\t\t<\/article>\n\t\t\t\t<article class=\"elementor-post elementor-grid-item post-5148 post type-post status-publish format-standard has-post-thumbnail hentry category-esg tag-csddd tag-csrd tag-fenntarthatosag tag-omnibus-sipmlification tag-omnibusz-javaslat\" role=\"listitem\">\n\t\t\t\t<a class=\"elementor-post__thumbnail__link\" href=\"https:\/\/blogs.dlapiper.com\/advocatus\/2025\/02\/omnibusz-javaslat-szukseges-egyszerusites-vagy-visszalepes-a-fenntarthatosagi-torekvesekben\/\" tabindex=\"-1\" target=&quot;_blank&quot;>\n\t\t\t<div class=\"elementor-post__thumbnail\"><img decoding=\"async\" width=\"1200\" height=\"300\" src=\"https:\/\/blogs.dlapiper.com\/advocatus\/files\/2025\/02\/omnibusz_advocatus.jpg\" class=\"attachment-full size-full wp-image-5149\" alt=\"omnibusz_advocatus\" srcset=\"https:\/\/blogs.dlapiper.com\/advocatus\/files\/2025\/02\/omnibusz_advocatus.jpg 1200w, https:\/\/blogs.dlapiper.com\/advocatus\/files\/2025\/02\/omnibusz_advocatus-300x75.jpg 300w, https:\/\/blogs.dlapiper.com\/advocatus\/files\/2025\/02\/omnibusz_advocatus-1024x256.jpg 1024w, https:\/\/blogs.dlapiper.com\/advocatus\/files\/2025\/02\/omnibusz_advocatus-768x192.jpg 768w\" sizes=\"(max-width: 1200px) 100vw, 1200px\" \/><\/div>\n\t\t<\/a>\n\t\t\t\t<div class=\"elementor-post__text\">\n\t\t\t\t<h2 class=\"elementor-post__title\">\n\t\t\t<a href=\"https:\/\/blogs.dlapiper.com\/advocatus\/2025\/02\/omnibusz-javaslat-szukseges-egyszerusites-vagy-visszalepes-a-fenntarthatosagi-torekvesekben\/\" target=&quot;_blank&quot;>\n\t\t\t\tOmnibusz javaslat: sz\u00fcks\u00e9ges egyszer\u0171s\u00edt\u00e9s vagy visszal\u00e9p\u00e9s a fenntarthat\u00f3s\u00e1gi t\u00f6rekv\u00e9sekben?!\t\t\t<\/a>\n\t\t<\/h2>\n\t\t\t\t<div class=\"elementor-post__meta-data\">\n\t\t\t\t\t<span class=\"elementor-post-author\">\n\t\t\tDLA Piper\t\t<\/span>\n\t\t\t\t<span class=\"elementor-post-date\">\n\t\t\t2025-02-26\t\t<\/span>\n\t\t\t\t<\/div>\n\t\t\t\t<div class=\"elementor-post__excerpt\">\n\t\t\t<p>Hivatalosan is el\u00e9rhet\u0151v\u00e9 v\u00e1lt a fenntarthat\u00f3s\u00e1gi jelent\u00e9st\u00e9teli k\u00f6telezetts\u00e9gek egyszer\u0171s\u00edt\u00e9s\u00e9t c\u00e9lz\u00f3 \u00fan. Omnibusz javaslat, amellyel az Eur\u00f3pai Bizotts\u00e1g c\u00e9lja az eur\u00f3pai versenyk\u00e9pess\u00e9g jav\u00edt\u00e1sa. <\/p>\n\t\t<\/div>\n\t\t\t\t\t<div class=\"elementor-post__read-more-wrapper\">\n\t\t\n\t\t<a class=\"elementor-post__read-more\" href=\"https:\/\/blogs.dlapiper.com\/advocatus\/2025\/02\/omnibusz-javaslat-szukseges-egyszerusites-vagy-visszalepes-a-fenntarthatosagi-torekvesekben\/\" aria-label=\"Read more about Omnibusz javaslat: sz\u00fcks\u00e9ges egyszer\u0171s\u00edt\u00e9s vagy visszal\u00e9p\u00e9s a fenntarthat\u00f3s\u00e1gi t\u00f6rekv\u00e9sekben?!\" tabindex=\"-1\" target=\"_blank\">\n\t\t\tTov\u00e1bb &gt;&gt;\t\t<\/a>\n\n\t\t\t\t\t<\/div>\n\t\t\t\t<\/div>\n\t\t\t\t<\/article>\n\t\t\t\t<article class=\"elementor-post elementor-grid-item post-5080 post type-post status-publish format-standard has-post-thumbnail hentry category-esg category-fogyasztasi-cikkek tag-esg tag-fenntarthatosag tag-szabalyozas tag-termekek-javitasa\" role=\"listitem\">\n\t\t\t\t<a class=\"elementor-post__thumbnail__link\" href=\"https:\/\/blogs.dlapiper.com\/advocatus\/2024\/12\/ezert-ne-dobja-ki-a-termekeit-uj-esg-szabalyok-a-termekek-javitasa-kapcsan\/\" tabindex=\"-1\" target=&quot;_blank&quot;>\n\t\t\t<div class=\"elementor-post__thumbnail\"><img loading=\"lazy\" decoding=\"async\" width=\"1200\" height=\"300\" src=\"https:\/\/blogs.dlapiper.com\/advocatus\/files\/2024\/11\/esg-cikk.png\" class=\"attachment-full size-full wp-image-5040\" alt=\"esg\" srcset=\"https:\/\/blogs.dlapiper.com\/advocatus\/files\/2024\/11\/esg-cikk.png 1200w, https:\/\/blogs.dlapiper.com\/advocatus\/files\/2024\/11\/esg-cikk-300x75.png 300w, https:\/\/blogs.dlapiper.com\/advocatus\/files\/2024\/11\/esg-cikk-1024x256.png 1024w, https:\/\/blogs.dlapiper.com\/advocatus\/files\/2024\/11\/esg-cikk-768x192.png 768w\" sizes=\"(max-width: 1200px) 100vw, 1200px\" \/><\/div>\n\t\t<\/a>\n\t\t\t\t<div class=\"elementor-post__text\">\n\t\t\t\t<h2 class=\"elementor-post__title\">\n\t\t\t<a href=\"https:\/\/blogs.dlapiper.com\/advocatus\/2024\/12\/ezert-ne-dobja-ki-a-termekeit-uj-esg-szabalyok-a-termekek-javitasa-kapcsan\/\" target=&quot;_blank&quot;>\n\t\t\t\tEz\u00e9rt ne dobja ki a term\u00e9keit &#8211; \u00daj ESG szab\u00e1lyok a term\u00e9kek jav\u00edt\u00e1sa kapcs\u00e1n \u2013 6. r\u00e9sz\t\t\t<\/a>\n\t\t<\/h2>\n\t\t\t\t<div class=\"elementor-post__meta-data\">\n\t\t\t\t\t<span class=\"elementor-post-author\">\n\t\t\tESG Budapest\t\t<\/span>\n\t\t\t\t<span class=\"elementor-post-date\">\n\t\t\t2024-12-18\t\t<\/span>\n\t\t\t\t<\/div>\n\t\t\t\t<div class=\"elementor-post__excerpt\">\n\t\t\t<p>Horv\u00e1th Fanny \u00e9s Reisz R\u00e9ka \u00f6sszefoglalj\u00e1k a 2026-t\u00f3l az Eur\u00f3pai Uni\u00f3ban bevezet\u00e9sre ker\u00fcl\u0151 \u00faj  ir\u00e1nyelvekhez kapcsol\u00f3d\u00f3 legfontosabb tudnival\u00f3kat. <\/p>\n\t\t<\/div>\n\t\t\t\t\t<div class=\"elementor-post__read-more-wrapper\">\n\t\t\n\t\t<a class=\"elementor-post__read-more\" href=\"https:\/\/blogs.dlapiper.com\/advocatus\/2024\/12\/ezert-ne-dobja-ki-a-termekeit-uj-esg-szabalyok-a-termekek-javitasa-kapcsan\/\" aria-label=\"Read more about Ez\u00e9rt ne dobja ki a term\u00e9keit &#8211; \u00daj ESG szab\u00e1lyok a term\u00e9kek jav\u00edt\u00e1sa kapcs\u00e1n \u2013 6. r\u00e9sz\" tabindex=\"-1\" target=\"_blank\">\n\t\t\tTov\u00e1bb &gt;&gt;\t\t<\/a>\n\n\t\t\t\t\t<\/div>\n\t\t\t\t<\/div>\n\t\t\t\t<\/article>\n\t\t\t\t<article class=\"elementor-post elementor-grid-item post-5057 post type-post status-publish format-standard has-post-thumbnail hentry category-esg tag-esg-torveny tag-szabalyozas\" role=\"listitem\">\n\t\t\t\t<a class=\"elementor-post__thumbnail__link\" href=\"https:\/\/blogs.dlapiper.com\/advocatus\/2024\/11\/egyszerusodhetnek-a-fenntarthatosagi-celu-atvilagitasi-kotelezettseggel-kapcsolatos-szabalyok-ismet-modosul-az-esg-torveny\/\" tabindex=\"-1\" target=&quot;_blank&quot;>\n\t\t\t<div class=\"elementor-post__thumbnail\"><img loading=\"lazy\" decoding=\"async\" width=\"1200\" height=\"300\" src=\"https:\/\/blogs.dlapiper.com\/advocatus\/files\/2024\/11\/1080-1.jpg\" class=\"attachment-full size-full wp-image-5060\" alt=\"esg\" srcset=\"https:\/\/blogs.dlapiper.com\/advocatus\/files\/2024\/11\/1080-1.jpg 1200w, https:\/\/blogs.dlapiper.com\/advocatus\/files\/2024\/11\/1080-1-300x75.jpg 300w, https:\/\/blogs.dlapiper.com\/advocatus\/files\/2024\/11\/1080-1-1024x256.jpg 1024w, https:\/\/blogs.dlapiper.com\/advocatus\/files\/2024\/11\/1080-1-768x192.jpg 768w\" sizes=\"(max-width: 1200px) 100vw, 1200px\" \/><\/div>\n\t\t<\/a>\n\t\t\t\t<div class=\"elementor-post__text\">\n\t\t\t\t<h2 class=\"elementor-post__title\">\n\t\t\t<a href=\"https:\/\/blogs.dlapiper.com\/advocatus\/2024\/11\/egyszerusodhetnek-a-fenntarthatosagi-celu-atvilagitasi-kotelezettseggel-kapcsolatos-szabalyok-ismet-modosul-az-esg-torveny\/\" target=&quot;_blank&quot;>\n\t\t\t\tEgyszer\u0171s\u00f6dhetnek a fenntarthat\u00f3s\u00e1gi c\u00e9l\u00fa \u00e1tvil\u00e1g\u00edt\u00e1si k\u00f6telezetts\u00e9ggel kapcsolatos szab\u00e1lyok \u2013 ism\u00e9t m\u00f3dosul az ESG t\u00f6rv\u00e9ny\t\t\t<\/a>\n\t\t<\/h2>\n\t\t\t\t<div class=\"elementor-post__meta-data\">\n\t\t\t\t\t<span class=\"elementor-post-author\">\n\t\t\tESG Budapest\t\t<\/span>\n\t\t\t\t<span class=\"elementor-post-date\">\n\t\t\t2024-11-29\t\t<\/span>\n\t\t\t\t<\/div>\n\t\t\t\t<div class=\"elementor-post__excerpt\">\n\t\t\t<p>A m\u00falt h\u00e9ten nyilv\u00e1nosan is el\u00e9rhet\u0151v\u00e9 v\u00e1lt az ESG t\u00f6rv\u00e9ny \u00fajabb m\u00f3dos\u00edt\u00e1s\u00e1nak tervezete, amely \u2013 a t\u00f6rv\u00e9ny szem\u00e9lyi \u00e9s t\u00e1rgyi hat\u00e1ly\u00e1t \u00e9rint\u0151 m\u00f3dos\u00edt\u00e1sokon t\u00fal \u2013 els\u0151sorban a v\u00e1llalkoz\u00e1sok terheit \u00e9s a t\u00f6rv\u00e9ny alkalmaz\u00e1s\u00e1t k\u00f6nny\u00edt\u0151 rendelkez\u00e9seket tartalmaz.<\/p>\n\t\t<\/div>\n\t\t\t\t\t<div class=\"elementor-post__read-more-wrapper\">\n\t\t\n\t\t<a class=\"elementor-post__read-more\" href=\"https:\/\/blogs.dlapiper.com\/advocatus\/2024\/11\/egyszerusodhetnek-a-fenntarthatosagi-celu-atvilagitasi-kotelezettseggel-kapcsolatos-szabalyok-ismet-modosul-az-esg-torveny\/\" aria-label=\"Read more about Egyszer\u0171s\u00f6dhetnek a fenntarthat\u00f3s\u00e1gi c\u00e9l\u00fa \u00e1tvil\u00e1g\u00edt\u00e1si k\u00f6telezetts\u00e9ggel kapcsolatos szab\u00e1lyok \u2013 ism\u00e9t m\u00f3dosul az ESG t\u00f6rv\u00e9ny\" tabindex=\"-1\" target=\"_blank\">\n\t\t\tTov\u00e1bb &gt;&gt;\t\t<\/a>\n\n\t\t\t\t\t<\/div>\n\t\t\t\t<\/div>\n\t\t\t\t<\/article>\n\t\t\t\t<article class=\"elementor-post elementor-grid-item post-5050 post type-post status-publish format-standard has-post-thumbnail hentry category-esg category-fogyasztasi-cikkek tag-ado tag-csomagolas tag-esg tag-fenntarthatosag tag-fogyasztasi-cikkek tag-szabalyozas\" role=\"listitem\">\n\t\t\t\t<a class=\"elementor-post__thumbnail__link\" href=\"https:\/\/blogs.dlapiper.com\/advocatus\/2024\/11\/adojogi-szempontok-a-fogyasztasi-cikkek-csomagolasa-kapcsan-5-resz\/\" tabindex=\"-1\" target=&quot;_blank&quot;>\n\t\t\t<div class=\"elementor-post__thumbnail\"><img loading=\"lazy\" decoding=\"async\" width=\"1200\" height=\"300\" src=\"https:\/\/blogs.dlapiper.com\/advocatus\/files\/2024\/11\/esg-cikk.png\" class=\"attachment-full size-full wp-image-5040\" alt=\"esg\" srcset=\"https:\/\/blogs.dlapiper.com\/advocatus\/files\/2024\/11\/esg-cikk.png 1200w, https:\/\/blogs.dlapiper.com\/advocatus\/files\/2024\/11\/esg-cikk-300x75.png 300w, https:\/\/blogs.dlapiper.com\/advocatus\/files\/2024\/11\/esg-cikk-1024x256.png 1024w, https:\/\/blogs.dlapiper.com\/advocatus\/files\/2024\/11\/esg-cikk-768x192.png 768w\" sizes=\"(max-width: 1200px) 100vw, 1200px\" \/><\/div>\n\t\t<\/a>\n\t\t\t\t<div class=\"elementor-post__text\">\n\t\t\t\t<h2 class=\"elementor-post__title\">\n\t\t\t<a href=\"https:\/\/blogs.dlapiper.com\/advocatus\/2024\/11\/adojogi-szempontok-a-fogyasztasi-cikkek-csomagolasa-kapcsan-5-resz\/\" target=&quot;_blank&quot;>\n\t\t\t\tAd\u00f3jogi szempontok a fogyaszt\u00e1si cikkek csomagol\u00e1sa kapcs\u00e1n \u2013 5. r\u00e9sz\t\t\t<\/a>\n\t\t<\/h2>\n\t\t\t\t<div class=\"elementor-post__meta-data\">\n\t\t\t\t\t<span class=\"elementor-post-author\">\n\t\t\tESG Budapest\t\t<\/span>\n\t\t\t\t<span class=\"elementor-post-date\">\n\t\t\t2024-11-27\t\t<\/span>\n\t\t\t\t<\/div>\n\t\t\t\t<div class=\"elementor-post__excerpt\">\n\t\t\t<p>Cikk\u00fcnkben \u00f6sszefoglaljuk a fogyaszt\u00e1si cikkek piac\u00e1n a csomagol\u00e1sokhoz kapcsol\u00f3d\u00f3 f\u0151bb ad\u00f3jogi vonatkoz\u00e1sokat, els\u0151sorban az ad\u00f3fizet\u00e9si k\u00f6telezetts\u00e9g t\u00e9mak\u00f6r\u00e9re koncentr\u00e1lva.<\/p>\n\t\t<\/div>\n\t\t\t\t\t<div class=\"elementor-post__read-more-wrapper\">\n\t\t\n\t\t<a class=\"elementor-post__read-more\" href=\"https:\/\/blogs.dlapiper.com\/advocatus\/2024\/11\/adojogi-szempontok-a-fogyasztasi-cikkek-csomagolasa-kapcsan-5-resz\/\" aria-label=\"Read more about Ad\u00f3jogi szempontok a fogyaszt\u00e1si cikkek csomagol\u00e1sa kapcs\u00e1n \u2013 5. r\u00e9sz\" tabindex=\"-1\" target=\"_blank\">\n\t\t\tTov\u00e1bb &gt;&gt;\t\t<\/a>\n\n\t\t\t\t\t<\/div>\n\t\t\t\t<\/div>\n\t\t\t\t<\/article>\n\t\t\t\t<article class=\"elementor-post elementor-grid-item post-5045 post type-post status-publish format-standard has-post-thumbnail hentry category-esg category-fogyasztasi-cikkek tag-csomagolas tag-fenntarthatosag tag-fogyasztasi-cikkek tag-szabalyozas\" role=\"listitem\">\n\t\t\t\t<a class=\"elementor-post__thumbnail__link\" href=\"https:\/\/blogs.dlapiper.com\/advocatus\/2024\/11\/esg-szempontok-a-fogyasztasi-cikkek-csomagolasa-soran-4-resz\/\" tabindex=\"-1\" target=&quot;_blank&quot;>\n\t\t\t<div class=\"elementor-post__thumbnail\"><img loading=\"lazy\" decoding=\"async\" width=\"1200\" height=\"300\" src=\"https:\/\/blogs.dlapiper.com\/advocatus\/files\/2024\/11\/esg-cikk.png\" class=\"attachment-full size-full wp-image-5040\" alt=\"esg\" srcset=\"https:\/\/blogs.dlapiper.com\/advocatus\/files\/2024\/11\/esg-cikk.png 1200w, https:\/\/blogs.dlapiper.com\/advocatus\/files\/2024\/11\/esg-cikk-300x75.png 300w, https:\/\/blogs.dlapiper.com\/advocatus\/files\/2024\/11\/esg-cikk-1024x256.png 1024w, https:\/\/blogs.dlapiper.com\/advocatus\/files\/2024\/11\/esg-cikk-768x192.png 768w\" sizes=\"(max-width: 1200px) 100vw, 1200px\" \/><\/div>\n\t\t<\/a>\n\t\t\t\t<div class=\"elementor-post__text\">\n\t\t\t\t<h2 class=\"elementor-post__title\">\n\t\t\t<a href=\"https:\/\/blogs.dlapiper.com\/advocatus\/2024\/11\/esg-szempontok-a-fogyasztasi-cikkek-csomagolasa-soran-4-resz\/\" target=&quot;_blank&quot;>\n\t\t\t\tESG szempontok a fogyaszt\u00e1si cikkek csomagol\u00e1sa sor\u00e1n \u2013 4. r\u00e9sz\t\t\t<\/a>\n\t\t<\/h2>\n\t\t\t\t<div class=\"elementor-post__meta-data\">\n\t\t\t\t\t<span class=\"elementor-post-author\">\n\t\t\tESG Budapest\t\t<\/span>\n\t\t\t\t<span class=\"elementor-post-date\">\n\t\t\t2024-11-27\t\t<\/span>\n\t\t\t\t<\/div>\n\t\t\t\t<div class=\"elementor-post__excerpt\">\n\t\t\t<p>R\u00e9szletesen megvizsg\u00e1ljuk a csomagol\u00e1si \u00e9s csomagol\u00e1si hullad\u00e9kok kezel\u00e9s\u00e9nek legjobb gyakorlatait \u00e9s az ezekkel kapcsolatos kih\u00edv\u00e1sokat.<\/p>\n\t\t<\/div>\n\t\t\t\t\t<div class=\"elementor-post__read-more-wrapper\">\n\t\t\n\t\t<a class=\"elementor-post__read-more\" href=\"https:\/\/blogs.dlapiper.com\/advocatus\/2024\/11\/esg-szempontok-a-fogyasztasi-cikkek-csomagolasa-soran-4-resz\/\" aria-label=\"Read more about ESG szempontok a fogyaszt\u00e1si cikkek csomagol\u00e1sa sor\u00e1n \u2013 4. r\u00e9sz\" tabindex=\"-1\" target=\"_blank\">\n\t\t\tTov\u00e1bb &gt;&gt;\t\t<\/a>\n\n\t\t\t\t\t<\/div>\n\t\t\t\t<\/div>\n\t\t\t\t<\/article>\n\t\t\t\t<article class=\"elementor-post elementor-grid-item post-5042 post type-post status-publish format-standard has-post-thumbnail hentry category-esg category-fogyasztasi-cikkek tag-cimkezes tag-fenntarthatosag tag-fogyasztasi-cikkek tag-szabalyozas\" role=\"listitem\">\n\t\t\t\t<a class=\"elementor-post__thumbnail__link\" href=\"https:\/\/blogs.dlapiper.com\/advocatus\/2024\/11\/esg-szempontok-a-fogyasztasi-cikkek-cimkezese-soran\/\" tabindex=\"-1\" target=&quot;_blank&quot;>\n\t\t\t<div class=\"elementor-post__thumbnail\"><img loading=\"lazy\" decoding=\"async\" width=\"1200\" height=\"300\" src=\"https:\/\/blogs.dlapiper.com\/advocatus\/files\/2024\/11\/esg-cikk.png\" class=\"attachment-full size-full wp-image-5040\" alt=\"esg\" srcset=\"https:\/\/blogs.dlapiper.com\/advocatus\/files\/2024\/11\/esg-cikk.png 1200w, https:\/\/blogs.dlapiper.com\/advocatus\/files\/2024\/11\/esg-cikk-300x75.png 300w, https:\/\/blogs.dlapiper.com\/advocatus\/files\/2024\/11\/esg-cikk-1024x256.png 1024w, https:\/\/blogs.dlapiper.com\/advocatus\/files\/2024\/11\/esg-cikk-768x192.png 768w\" sizes=\"(max-width: 1200px) 100vw, 1200px\" \/><\/div>\n\t\t<\/a>\n\t\t\t\t<div class=\"elementor-post__text\">\n\t\t\t\t<h2 class=\"elementor-post__title\">\n\t\t\t<a href=\"https:\/\/blogs.dlapiper.com\/advocatus\/2024\/11\/esg-szempontok-a-fogyasztasi-cikkek-cimkezese-soran\/\" target=&quot;_blank&quot;>\n\t\t\t\tESG szempontok a fogyaszt\u00e1si cikkek c\u00edmk\u00e9z\u00e9se sor\u00e1n &#8211; 3. r\u00e9sz\t\t\t<\/a>\n\t\t<\/h2>\n\t\t\t\t<div class=\"elementor-post__meta-data\">\n\t\t\t\t\t<span class=\"elementor-post-author\">\n\t\t\tESG Budapest\t\t<\/span>\n\t\t\t\t<span class=\"elementor-post-date\">\n\t\t\t2024-11-14\t\t<\/span>\n\t\t\t\t<\/div>\n\t\t\t\t<div class=\"elementor-post__excerpt\">\n\t\t\t<p>A fenntarthat\u00f3 c\u00edmk\u00e9z\u00e9si rendszerek lehet\u0151v\u00e9 teszik a fogyaszt\u00f3k sz\u00e1m\u00e1ra is, hogy k\u00f6nnyebben \u00e9s \u00e1tl\u00e1that\u00f3bb m\u00f3don azonos\u00edts\u00e1k azokat a term\u00e9keket, amelyek k\u00f6rnyezetbar\u00e1t, illetve fenntarthat\u00f3 m\u00f3don k\u00e9sz\u00fcltek. Cikksorozatunk ezen r\u00e9sz\u00e9ben a term\u00e9kek c\u00edmk\u00e9z\u00e9re vonatkoz\u00f3, valamint az ahhoz kapcsol\u00f3d\u00f3 k\u00e9rd\u00e9seket vizsg\u00e1ljuk meg r\u00e9szletesebben.<\/p>\n\t\t<\/div>\n\t\t\t\t\t<div class=\"elementor-post__read-more-wrapper\">\n\t\t\n\t\t<a class=\"elementor-post__read-more\" href=\"https:\/\/blogs.dlapiper.com\/advocatus\/2024\/11\/esg-szempontok-a-fogyasztasi-cikkek-cimkezese-soran\/\" aria-label=\"Read more about ESG szempontok a fogyaszt\u00e1si cikkek c\u00edmk\u00e9z\u00e9se sor\u00e1n &#8211; 3. r\u00e9sz\" tabindex=\"-1\" target=\"_blank\">\n\t\t\tTov\u00e1bb &gt;&gt;\t\t<\/a>\n\n\t\t\t\t\t<\/div>\n\t\t\t\t<\/div>\n\t\t\t\t<\/article>\n\t\t\t\t<\/div>\n\t\t\n\t\t\t\t\t\t<\/div>\n\t\t\t\t<\/div>\n\t\t\t\t\t<\/div>\n\t\t<\/div>\n\t\t\t\t\t<\/div>\n\t\t<\/section>\n\t\t\t\t<\/div>\n\t\t","protected":false},"excerpt":{"rendered":"<p>Fenntarthat\u00f3s\u00e1g \u00e9s ESG. Hogyan \u00e9rv\u00e9nyes\u00fclhetnek fenntarthat\u00f3s\u00e1gi \u00e9s ESG szempontok az infrastrukt\u00fara fejleszt\u00e9sekben? Cikksorozatunkban Gy\u00f6rfi-T\u00f3th P\u00e9ter \u00e9s Bokor J\u00falia osztja meg tapasztalatait!<\/p>\n","protected":false},"author":1,"featured_media":3867,"comment_status":"closed","ping_status":"closed","sticky":false,"template":"","format":"standard","meta":{"site-sidebar-layout":"default","site-content-layout":"default","ast-site-content-layout":"default","site-content-style":"default","site-sidebar-style":"default","ast-global-header-display":"","ast-banner-title-visibility":"","ast-main-header-display":"","ast-hfb-above-header-display":"","ast-hfb-below-header-display":"","ast-hfb-mobile-header-display":"","site-post-title":"","ast-breadcrumbs-content":"","ast-featured-img":"","footer-sml-layout":"","theme-transparent-header-meta":"","adv-header-id-meta":"","stick-header-meta":"","header-above-stick-meta":"","header-main-stick-meta":"","header-below-stick-meta":"","astra-migrate-meta-layouts":"default","ast-page-background-enabled":"default","ast-page-background-meta":{"desktop":{"background-color":"","background-image":"","background-repeat":"repeat","background-position":"center center","background-size":"auto","background-attachment":"scroll","background-type":"","background-media":"","overlay-type":"","overlay-color":"","overlay-opacity":"","overlay-gradient":""},"tablet":{"background-color":"","background-image":"","background-repeat":"repeat","background-position":"center center","background-size":"auto","background-attachment":"scroll","background-type":"","background-media":"","overlay-type":"","overlay-color":"","overlay-opacity":"","overlay-gradient":""},"mobile":{"background-color":"","background-image":"","background-repeat":"repeat","background-position":"center center","background-size":"auto","background-attachment":"scroll","background-type":"","background-media":"","overlay-type":"","overlay-color":"","overlay-opacity":"","overlay-gradient":""}},"ast-content-background-meta":{"desktop":{"background-color":"var(--ast-global-color-5)","background-image":"","background-repeat":"repeat","background-position":"center center","background-size":"auto","background-attachment":"scroll","background-type":"","background-media":"","overlay-type":"","overlay-color":"","overlay-opacity":"","overlay-gradient":""},"tablet":{"background-color":"var(--ast-global-color-5)","background-image":"","background-repeat":"repeat","background-position":"center center","background-size":"auto","background-attachment":"scroll","background-type":"","background-media":"","overlay-type":"","overlay-color":"","overlay-opacity":"","overlay-gradient":""},"mobile":{"background-color":"var(--ast-global-color-5)","background-image":"","background-repeat":"repeat","background-position":"center center","background-size":"auto","background-attachment":"scroll","background-type":"","background-media":"","overlay-type":"","overlay-color":"","overlay-opacity":"","overlay-gradient":""}},"footnotes":""},"categories":[1282,1299],"tags":[779,1300,1301],"coauthors":[705],"class_list":["post-3861","post","type-post","status-publish","format-standard","has-post-thumbnail","hentry","category-esg","category-infrastruktura","tag-esg","tag-infrastructure","tag-investment"],"yoast_head":"<!-- This site is optimized with the Yoast SEO plugin v26.1 - https:\/\/yoast.com\/wordpress\/plugins\/seo\/ -->\n<title>Lehet-e z\u00f6ldebb a j\u00f6v\u0151 infrastrukt\u00far\u00e1ja? | DLA Piper Hungary<\/title>\n<meta name=\"description\" content=\"Fenntarthat\u00f3s\u00e1g \u00e9s ESG. Hogyan \u00e9rv\u00e9nyes\u00fclhetnek fenntarthat\u00f3s\u00e1gi \u00e9s ESG szempontok az infrastrukt\u00fara fejleszt\u00e9sekben? Cikksorozat.\" \/>\n<meta name=\"robots\" content=\"index, follow, max-snippet:-1, max-image-preview:large, max-video-preview:-1\" \/>\n<link rel=\"canonical\" href=\"https:\/\/blogs.dlapiper.com\/advocatus\/2022\/10\/lehet-e-zoldebb-a-jovo-infrastrukturaja\/\" \/>\n<meta property=\"og:locale\" content=\"en_GB\" \/>\n<meta property=\"og:type\" content=\"article\" \/>\n<meta property=\"og:title\" content=\"Lehet-e z\u00f6ldebb a j\u00f6v\u0151 infrastrukt\u00far\u00e1ja? | DLA Piper Hungary\" \/>\n<meta property=\"og:description\" content=\"Fenntarthat\u00f3s\u00e1g \u00e9s ESG. Hogyan \u00e9rv\u00e9nyes\u00fclhetnek fenntarthat\u00f3s\u00e1gi \u00e9s ESG szempontok az infrastrukt\u00fara fejleszt\u00e9sekben? Cikksorozat.\" \/>\n<meta property=\"og:url\" content=\"https:\/\/blogs.dlapiper.com\/advocatus\/2022\/10\/lehet-e-zoldebb-a-jovo-infrastrukturaja\/\" \/>\n<meta property=\"og:site_name\" content=\"Advocatus\" \/>\n<meta property=\"article:published_time\" content=\"2022-10-25T12:12:16+00:00\" \/>\n<meta property=\"article:modified_time\" content=\"2025-02-14T09:27:39+00:00\" \/>\n<meta property=\"og:image\" content=\"https:\/\/blogs.dlapiper.com\/advocatus\/files\/2022\/10\/advocatus-header-6.png\" \/>\n\t<meta property=\"og:image:width\" content=\"1200\" \/>\n\t<meta property=\"og:image:height\" content=\"300\" \/>\n\t<meta property=\"og:image:type\" content=\"image\/png\" \/>\n<meta name=\"author\" content=\"ESG Budapest\" \/>\n<meta name=\"twitter:card\" content=\"summary_large_image\" \/>\n<meta name=\"twitter:label1\" content=\"Written by\" \/>\n\t<meta name=\"twitter:data1\" content=\"ESG Budapest\" \/>\n\t<meta name=\"twitter:label2\" content=\"Estimated reading time\" \/>\n\t<meta name=\"twitter:data2\" content=\"14 minutes\" \/>\n<script type=\"application\/ld+json\" class=\"yoast-schema-graph\">{\"@context\":\"https:\/\/schema.org\",\"@graph\":[{\"@type\":\"Article\",\"@id\":\"https:\/\/blogs.dlapiper.com\/advocatus\/2022\/10\/lehet-e-zoldebb-a-jovo-infrastrukturaja\/#article\",\"isPartOf\":{\"@id\":\"https:\/\/blogs.dlapiper.com\/advocatus\/2022\/10\/lehet-e-zoldebb-a-jovo-infrastrukturaja\/\"},\"author\":{\"name\":\"DLA Piper\",\"@id\":\"https:\/\/blogs.dlapiper.com\/advocatus\/#\/schema\/person\/e4f1320bd6f7e07fbf942762d3bd3206\"},\"headline\":\"Lehet-e z\u00f6ldebb a j\u00f6v\u0151 infrastrukt\u00far\u00e1ja?\",\"datePublished\":\"2022-10-25T12:12:16+00:00\",\"dateModified\":\"2025-02-14T09:27:39+00:00\",\"mainEntityOfPage\":{\"@id\":\"https:\/\/blogs.dlapiper.com\/advocatus\/2022\/10\/lehet-e-zoldebb-a-jovo-infrastrukturaja\/\"},\"wordCount\":4708,\"publisher\":{\"@id\":\"https:\/\/blogs.dlapiper.com\/advocatus\/#organization\"},\"image\":{\"@id\":\"https:\/\/blogs.dlapiper.com\/advocatus\/2022\/10\/lehet-e-zoldebb-a-jovo-infrastrukturaja\/#primaryimage\"},\"thumbnailUrl\":\"https:\/\/blogs.dlapiper.com\/advocatus\/files\/2022\/10\/advocatus-header-6.png\",\"keywords\":[\"ESG\",\"infrastructure\",\"investment\"],\"articleSection\":[\"ESG\",\"Infrastrukt\u00fara | Infrastructure\"],\"inLanguage\":\"en-GB\"},{\"@type\":\"WebPage\",\"@id\":\"https:\/\/blogs.dlapiper.com\/advocatus\/2022\/10\/lehet-e-zoldebb-a-jovo-infrastrukturaja\/\",\"url\":\"https:\/\/blogs.dlapiper.com\/advocatus\/2022\/10\/lehet-e-zoldebb-a-jovo-infrastrukturaja\/\",\"name\":\"Lehet-e z\u00f6ldebb a j\u00f6v\u0151 infrastrukt\u00far\u00e1ja? | DLA Piper Hungary\",\"isPartOf\":{\"@id\":\"https:\/\/blogs.dlapiper.com\/advocatus\/#website\"},\"primaryImageOfPage\":{\"@id\":\"https:\/\/blogs.dlapiper.com\/advocatus\/2022\/10\/lehet-e-zoldebb-a-jovo-infrastrukturaja\/#primaryimage\"},\"image\":{\"@id\":\"https:\/\/blogs.dlapiper.com\/advocatus\/2022\/10\/lehet-e-zoldebb-a-jovo-infrastrukturaja\/#primaryimage\"},\"thumbnailUrl\":\"https:\/\/blogs.dlapiper.com\/advocatus\/files\/2022\/10\/advocatus-header-6.png\",\"datePublished\":\"2022-10-25T12:12:16+00:00\",\"dateModified\":\"2025-02-14T09:27:39+00:00\",\"description\":\"Fenntarthat\u00f3s\u00e1g \u00e9s ESG. Hogyan \u00e9rv\u00e9nyes\u00fclhetnek fenntarthat\u00f3s\u00e1gi \u00e9s ESG szempontok az infrastrukt\u00fara fejleszt\u00e9sekben? Cikksorozat.\",\"breadcrumb\":{\"@id\":\"https:\/\/blogs.dlapiper.com\/advocatus\/2022\/10\/lehet-e-zoldebb-a-jovo-infrastrukturaja\/#breadcrumb\"},\"inLanguage\":\"en-GB\",\"potentialAction\":[{\"@type\":\"ReadAction\",\"target\":[\"https:\/\/blogs.dlapiper.com\/advocatus\/2022\/10\/lehet-e-zoldebb-a-jovo-infrastrukturaja\/\"]}]},{\"@type\":\"ImageObject\",\"inLanguage\":\"en-GB\",\"@id\":\"https:\/\/blogs.dlapiper.com\/advocatus\/2022\/10\/lehet-e-zoldebb-a-jovo-infrastrukturaja\/#primaryimage\",\"url\":\"https:\/\/blogs.dlapiper.com\/advocatus\/files\/2022\/10\/advocatus-header-6.png\",\"contentUrl\":\"https:\/\/blogs.dlapiper.com\/advocatus\/files\/2022\/10\/advocatus-header-6.png\",\"width\":1200,\"height\":300,\"caption\":\"infrastrukt\u00fara, ESG\"},{\"@type\":\"BreadcrumbList\",\"@id\":\"https:\/\/blogs.dlapiper.com\/advocatus\/2022\/10\/lehet-e-zoldebb-a-jovo-infrastrukturaja\/#breadcrumb\",\"itemListElement\":[{\"@type\":\"ListItem\",\"position\":1,\"name\":\"Home\",\"item\":\"https:\/\/blogs.dlapiper.com\/advocatus\/\"},{\"@type\":\"ListItem\",\"position\":2,\"name\":\"Lehet-e z\u00f6ldebb a j\u00f6v\u0151 infrastrukt\u00far\u00e1ja?\"}]},{\"@type\":\"WebSite\",\"@id\":\"https:\/\/blogs.dlapiper.com\/advocatus\/#website\",\"url\":\"https:\/\/blogs.dlapiper.com\/advocatus\/\",\"name\":\"Advocatus\",\"description\":\"A DLA Piper Jogi Blogja\",\"publisher\":{\"@id\":\"https:\/\/blogs.dlapiper.com\/advocatus\/#organization\"},\"potentialAction\":[{\"@type\":\"SearchAction\",\"target\":{\"@type\":\"EntryPoint\",\"urlTemplate\":\"https:\/\/blogs.dlapiper.com\/advocatus\/?s={search_term_string}\"},\"query-input\":{\"@type\":\"PropertyValueSpecification\",\"valueRequired\":true,\"valueName\":\"search_term_string\"}}],\"inLanguage\":\"en-GB\"},{\"@type\":\"Organization\",\"@id\":\"https:\/\/blogs.dlapiper.com\/advocatus\/#organization\",\"name\":\"Advocatus\",\"url\":\"https:\/\/blogs.dlapiper.com\/advocatus\/\",\"logo\":{\"@type\":\"ImageObject\",\"inLanguage\":\"en-GB\",\"@id\":\"https:\/\/blogs.dlapiper.com\/advocatus\/#\/schema\/logo\/image\/\",\"url\":\"https:\/\/blogs.dlapiper.com\/advocatus\/files\/2019\/06\/cropped-logo-144-1.png\",\"contentUrl\":\"https:\/\/blogs.dlapiper.com\/advocatus\/files\/2019\/06\/cropped-logo-144-1.png\",\"width\":223,\"height\":130,\"caption\":\"Advocatus\"},\"image\":{\"@id\":\"https:\/\/blogs.dlapiper.com\/advocatus\/#\/schema\/logo\/image\/\"},\"sameAs\":[\"https:\/\/www.linkedin.com\/showcase\/dla-piper-hungary\/\"]},{\"@type\":\"Person\",\"@id\":\"https:\/\/blogs.dlapiper.com\/advocatus\/#\/schema\/person\/e4f1320bd6f7e07fbf942762d3bd3206\",\"name\":\"DLA Piper\",\"url\":\"https:\/\/blogs.dlapiper.com\/advocatus\/author\/blogadmin\/\"}]}<\/script>\n<!-- \/ Yoast SEO plugin. -->","yoast_head_json":{"title":"Lehet-e z\u00f6ldebb a j\u00f6v\u0151 infrastrukt\u00far\u00e1ja? | DLA Piper Hungary","description":"Fenntarthat\u00f3s\u00e1g \u00e9s ESG. Hogyan \u00e9rv\u00e9nyes\u00fclhetnek fenntarthat\u00f3s\u00e1gi \u00e9s ESG szempontok az infrastrukt\u00fara fejleszt\u00e9sekben? Cikksorozat.","robots":{"index":"index","follow":"follow","max-snippet":"max-snippet:-1","max-image-preview":"max-image-preview:large","max-video-preview":"max-video-preview:-1"},"canonical":"https:\/\/blogs.dlapiper.com\/advocatus\/2022\/10\/lehet-e-zoldebb-a-jovo-infrastrukturaja\/","og_locale":"en_GB","og_type":"article","og_title":"Lehet-e z\u00f6ldebb a j\u00f6v\u0151 infrastrukt\u00far\u00e1ja? | DLA Piper Hungary","og_description":"Fenntarthat\u00f3s\u00e1g \u00e9s ESG. Hogyan \u00e9rv\u00e9nyes\u00fclhetnek fenntarthat\u00f3s\u00e1gi \u00e9s ESG szempontok az infrastrukt\u00fara fejleszt\u00e9sekben? Cikksorozat.","og_url":"https:\/\/blogs.dlapiper.com\/advocatus\/2022\/10\/lehet-e-zoldebb-a-jovo-infrastrukturaja\/","og_site_name":"Advocatus","article_published_time":"2022-10-25T12:12:16+00:00","article_modified_time":"2025-02-14T09:27:39+00:00","og_image":[{"width":1200,"height":300,"url":"https:\/\/blogs.dlapiper.com\/advocatus\/files\/2022\/10\/advocatus-header-6.png","type":"image\/png"}],"author":"ESG Budapest","twitter_card":"summary_large_image","twitter_misc":{"Written by":"ESG Budapest","Estimated reading time":"14 minutes"},"schema":{"@context":"https:\/\/schema.org","@graph":[{"@type":"Article","@id":"https:\/\/blogs.dlapiper.com\/advocatus\/2022\/10\/lehet-e-zoldebb-a-jovo-infrastrukturaja\/#article","isPartOf":{"@id":"https:\/\/blogs.dlapiper.com\/advocatus\/2022\/10\/lehet-e-zoldebb-a-jovo-infrastrukturaja\/"},"author":{"name":"DLA Piper","@id":"https:\/\/blogs.dlapiper.com\/advocatus\/#\/schema\/person\/e4f1320bd6f7e07fbf942762d3bd3206"},"headline":"Lehet-e z\u00f6ldebb a j\u00f6v\u0151 infrastrukt\u00far\u00e1ja?","datePublished":"2022-10-25T12:12:16+00:00","dateModified":"2025-02-14T09:27:39+00:00","mainEntityOfPage":{"@id":"https:\/\/blogs.dlapiper.com\/advocatus\/2022\/10\/lehet-e-zoldebb-a-jovo-infrastrukturaja\/"},"wordCount":4708,"publisher":{"@id":"https:\/\/blogs.dlapiper.com\/advocatus\/#organization"},"image":{"@id":"https:\/\/blogs.dlapiper.com\/advocatus\/2022\/10\/lehet-e-zoldebb-a-jovo-infrastrukturaja\/#primaryimage"},"thumbnailUrl":"https:\/\/blogs.dlapiper.com\/advocatus\/files\/2022\/10\/advocatus-header-6.png","keywords":["ESG","infrastructure","investment"],"articleSection":["ESG","Infrastrukt\u00fara | Infrastructure"],"inLanguage":"en-GB"},{"@type":"WebPage","@id":"https:\/\/blogs.dlapiper.com\/advocatus\/2022\/10\/lehet-e-zoldebb-a-jovo-infrastrukturaja\/","url":"https:\/\/blogs.dlapiper.com\/advocatus\/2022\/10\/lehet-e-zoldebb-a-jovo-infrastrukturaja\/","name":"Lehet-e z\u00f6ldebb a j\u00f6v\u0151 infrastrukt\u00far\u00e1ja? | DLA Piper Hungary","isPartOf":{"@id":"https:\/\/blogs.dlapiper.com\/advocatus\/#website"},"primaryImageOfPage":{"@id":"https:\/\/blogs.dlapiper.com\/advocatus\/2022\/10\/lehet-e-zoldebb-a-jovo-infrastrukturaja\/#primaryimage"},"image":{"@id":"https:\/\/blogs.dlapiper.com\/advocatus\/2022\/10\/lehet-e-zoldebb-a-jovo-infrastrukturaja\/#primaryimage"},"thumbnailUrl":"https:\/\/blogs.dlapiper.com\/advocatus\/files\/2022\/10\/advocatus-header-6.png","datePublished":"2022-10-25T12:12:16+00:00","dateModified":"2025-02-14T09:27:39+00:00","description":"Fenntarthat\u00f3s\u00e1g \u00e9s ESG. Hogyan \u00e9rv\u00e9nyes\u00fclhetnek fenntarthat\u00f3s\u00e1gi \u00e9s ESG szempontok az infrastrukt\u00fara fejleszt\u00e9sekben? Cikksorozat.","breadcrumb":{"@id":"https:\/\/blogs.dlapiper.com\/advocatus\/2022\/10\/lehet-e-zoldebb-a-jovo-infrastrukturaja\/#breadcrumb"},"inLanguage":"en-GB","potentialAction":[{"@type":"ReadAction","target":["https:\/\/blogs.dlapiper.com\/advocatus\/2022\/10\/lehet-e-zoldebb-a-jovo-infrastrukturaja\/"]}]},{"@type":"ImageObject","inLanguage":"en-GB","@id":"https:\/\/blogs.dlapiper.com\/advocatus\/2022\/10\/lehet-e-zoldebb-a-jovo-infrastrukturaja\/#primaryimage","url":"https:\/\/blogs.dlapiper.com\/advocatus\/files\/2022\/10\/advocatus-header-6.png","contentUrl":"https:\/\/blogs.dlapiper.com\/advocatus\/files\/2022\/10\/advocatus-header-6.png","width":1200,"height":300,"caption":"infrastrukt\u00fara, ESG"},{"@type":"BreadcrumbList","@id":"https:\/\/blogs.dlapiper.com\/advocatus\/2022\/10\/lehet-e-zoldebb-a-jovo-infrastrukturaja\/#breadcrumb","itemListElement":[{"@type":"ListItem","position":1,"name":"Home","item":"https:\/\/blogs.dlapiper.com\/advocatus\/"},{"@type":"ListItem","position":2,"name":"Lehet-e z\u00f6ldebb a j\u00f6v\u0151 infrastrukt\u00far\u00e1ja?"}]},{"@type":"WebSite","@id":"https:\/\/blogs.dlapiper.com\/advocatus\/#website","url":"https:\/\/blogs.dlapiper.com\/advocatus\/","name":"Advocatus","description":"A DLA Piper Jogi Blogja","publisher":{"@id":"https:\/\/blogs.dlapiper.com\/advocatus\/#organization"},"potentialAction":[{"@type":"SearchAction","target":{"@type":"EntryPoint","urlTemplate":"https:\/\/blogs.dlapiper.com\/advocatus\/?s={search_term_string}"},"query-input":{"@type":"PropertyValueSpecification","valueRequired":true,"valueName":"search_term_string"}}],"inLanguage":"en-GB"},{"@type":"Organization","@id":"https:\/\/blogs.dlapiper.com\/advocatus\/#organization","name":"Advocatus","url":"https:\/\/blogs.dlapiper.com\/advocatus\/","logo":{"@type":"ImageObject","inLanguage":"en-GB","@id":"https:\/\/blogs.dlapiper.com\/advocatus\/#\/schema\/logo\/image\/","url":"https:\/\/blogs.dlapiper.com\/advocatus\/files\/2019\/06\/cropped-logo-144-1.png","contentUrl":"https:\/\/blogs.dlapiper.com\/advocatus\/files\/2019\/06\/cropped-logo-144-1.png","width":223,"height":130,"caption":"Advocatus"},"image":{"@id":"https:\/\/blogs.dlapiper.com\/advocatus\/#\/schema\/logo\/image\/"},"sameAs":["https:\/\/www.linkedin.com\/showcase\/dla-piper-hungary\/"]},{"@type":"Person","@id":"https:\/\/blogs.dlapiper.com\/advocatus\/#\/schema\/person\/e4f1320bd6f7e07fbf942762d3bd3206","name":"DLA Piper","url":"https:\/\/blogs.dlapiper.com\/advocatus\/author\/blogadmin\/"}]}},"_links":{"self":[{"href":"https:\/\/blogs.dlapiper.com\/advocatus\/wp-json\/wp\/v2\/posts\/3861","targetHints":{"allow":["GET"]}}],"collection":[{"href":"https:\/\/blogs.dlapiper.com\/advocatus\/wp-json\/wp\/v2\/posts"}],"about":[{"href":"https:\/\/blogs.dlapiper.com\/advocatus\/wp-json\/wp\/v2\/types\/post"}],"author":[{"embeddable":true,"href":"https:\/\/blogs.dlapiper.com\/advocatus\/wp-json\/wp\/v2\/users\/1"}],"replies":[{"embeddable":true,"href":"https:\/\/blogs.dlapiper.com\/advocatus\/wp-json\/wp\/v2\/comments?post=3861"}],"version-history":[{"count":0,"href":"https:\/\/blogs.dlapiper.com\/advocatus\/wp-json\/wp\/v2\/posts\/3861\/revisions"}],"wp:featuredmedia":[{"embeddable":true,"href":"https:\/\/blogs.dlapiper.com\/advocatus\/wp-json\/wp\/v2\/media\/3867"}],"wp:attachment":[{"href":"https:\/\/blogs.dlapiper.com\/advocatus\/wp-json\/wp\/v2\/media?parent=3861"}],"wp:term":[{"taxonomy":"category","embeddable":true,"href":"https:\/\/blogs.dlapiper.com\/advocatus\/wp-json\/wp\/v2\/categories?post=3861"},{"taxonomy":"post_tag","embeddable":true,"href":"https:\/\/blogs.dlapiper.com\/advocatus\/wp-json\/wp\/v2\/tags?post=3861"},{"taxonomy":"author","embeddable":true,"href":"https:\/\/blogs.dlapiper.com\/advocatus\/wp-json\/wp\/v2\/coauthors?post=3861"}],"curies":[{"name":"wp","href":"https:\/\/api.w.org\/{rel}","templated":true}]}}