{"id":3227,"date":"2021-12-01T16:29:57","date_gmt":"2021-12-01T15:29:57","guid":{"rendered":"https:\/\/blogs.dlapiper.com\/advocatus\/?p=3227"},"modified":"2022-10-27T10:58:18","modified_gmt":"2022-10-27T08:58:18","slug":"fenntarthato-finanszirozasi-formak-hol-tart-a-szektor-termekkinalata","status":"publish","type":"post","link":"https:\/\/blogs.dlapiper.com\/advocatus\/2021\/12\/fenntarthato-finanszirozasi-formak-hol-tart-a-szektor-termekkinalata\/","title":{"rendered":"Fenntarthat\u00f3 finansz\u00edroz\u00e1si form\u00e1k: hol tart a szektor term\u00e9kk\u00edn\u00e1lata?"},"content":{"rendered":"\t\t<div data-elementor-type=\"wp-post\" data-elementor-id=\"3227\" class=\"elementor elementor-3227\" data-elementor-post-type=\"post\">\n\t\t\t\t\t\t<section class=\"elementor-section elementor-top-section elementor-element elementor-element-f1416c8 elementor-section-boxed elementor-section-height-default elementor-section-height-default\" data-id=\"f1416c8\" data-element_type=\"section\">\n\t\t\t\t\t\t<div class=\"elementor-container elementor-column-gap-default\">\n\t\t\t\t\t<div class=\"elementor-column elementor-col-100 elementor-top-column elementor-element elementor-element-b6d827a\" data-id=\"b6d827a\" data-element_type=\"column\">\n\t\t\t<div class=\"elementor-widget-wrap elementor-element-populated\">\n\t\t\t\t\t\t<div class=\"elementor-element elementor-element-df151b3 elementor-widget elementor-widget-text-editor\" data-id=\"df151b3\" data-element_type=\"widget\" data-widget_type=\"text-editor.default\">\n\t\t\t\t<div class=\"elementor-widget-container\">\n\t\t\t\t\t\t\t\t\t<p><strong>2021. \u0151sz\u00e9n zajlott le a vil\u00e1g eddigi legnagyobb z\u00f6ldk\u00f6tv\u00e9ny-kibocs\u00e1t\u00e1sa az Eur\u00f3pai Bizotts\u00e1g NextGeneratioEU nev\u0171 programj\u00e1nak keretein bel\u00fcl, ami bizony\u00edtja, hogy a fenntarthat\u00f3s\u00e1g a p\u00e9nz\u00fcgyi \u00e9s t\u0151kepiaci \u00e1gazatban is egyre nagyobb hangs\u00falyt kap. Ezzel egy\u00fctt egyre t\u00f6bb fenntarthat\u00f3 finansz\u00edroz\u00e1si lehet\u0151s\u00e9g \u00e9s term\u00e9k jelenik meg a piacon.<\/strong><\/p>\n<p>Napjainkban a p\u00e9nz\u00fcgyi int\u00e9zm\u00e9nyek strat\u00e9gi\u00e1juk r\u00e9szek\u00e9nt foglalkoznak a fenntarthat\u00f3s\u00e1ggal \u00e9s elk\u00f6telezettek abban, hogy szolg\u00e1ltat\u00e1saik \u00e1ltal min\u00e9l \u201ez\u00f6ldebb\u00e9\u201d v\u00e1ljon a gazdas\u00e1g m\u0171k\u00f6d\u00e9se. Ennek megfelel\u0151en egyre b\u0151v\u00fcl az el\u00e9rhet\u0151 fenntarthat\u00f3 finansz\u00edroz\u00e1si form\u00e1k sz\u00e1ma is.<\/p>\n<p><strong>Mit \u00e9rt\u00fcnk fenntarthat\u00f3 finansz\u00edroz\u00e1s alatt? <\/strong><\/p>\n<p>A fenntarthat\u00f3 finansz\u00edroz\u00e1s mag\u00e1ba foglalja az \u00e9ghajlati, z\u00f6ld \u00e9s t\u00e1rsadalmi finansz\u00edroz\u00e1st, ugyanakkor sz\u00e9lesebb k\u00f6r\u0171 szempontokat is figyelembe vesz a finansz\u00edrozott szervezetek hosszabb t\u00e1v\u00fa gazdas\u00e1gi fenntarthat\u00f3s\u00e1g\u00e1ra, valamint a teljes p\u00e9nz\u00fcgyi rendszer szerep\u00e9re \u00e9s stabilit\u00e1s\u00e1ra vonatkoz\u00f3an (International Capital Markets Association, ICMA).<\/p>\n<p><strong>Milyen fenntarthat\u00f3 finansz\u00edroz\u00e1si form\u00e1k \u00e9rhet\u0151k el jelenleg?<\/strong><\/p>\n<p>A fenntarthat\u00f3 finansz\u00edroz\u00e1si term\u00e9kek k\u00f6rnyezetv\u00e9delmi \u00e9s t\u00e1rsadalmi c\u00e9llal felvett k\u00f6tv\u00e9nyekre \u00e9s k\u00f6lcs\u00f6n\u00f6kre oszthat\u00f3k. A z\u00f6ld k\u00f6tv\u00e9nyek, z\u00f6ld k\u00f6lcs\u00f6n\u00f6k, szoci\u00e1lis k\u00f6tv\u00e9nyek, szoci\u00e1lis k\u00f6lcs\u00f6n\u00f6k \u00e9s fenntarthat\u00f3s\u00e1gi k\u00f6tv\u00e9nyek eset\u00e9ben a felvett \u00f6sszeget fenntarthat\u00f3, z\u00f6ld (k\u00f6rnyezetv\u00e9delmi) vagy szoci\u00e1lis c\u00e9lokra kell felhaszn\u00e1lni.<\/p>\n<p>A fenntarthat\u00f3s\u00e1ghoz kapcsol\u00f3d\u00f3 k\u00f6tv\u00e9nyek \u00e9s k\u00f6lcs\u00f6n\u00f6k tekintet\u00e9ben azonban a kategoriz\u00e1l\u00e1s nem az \u00f6sszegek felhaszn\u00e1l\u00e1s\u00e1t\u00f3l f\u00fcgg.<\/p>\n<p>A fenntarthat\u00f3s\u00e1ghoz kapcsol\u00f3d\u00f3 k\u00f6lcs\u00f6n\u00f6k b\u00e1rmilyen c\u00e9lra felhaszn\u00e1lhat\u00f3k, ugyanakkor a hitelszerz\u0151d\u00e9s felt\u00e9telei k\u00f6z\u00f6tt fenntarthat\u00f3s\u00e1gra vonatkoz\u00f3 krit\u00e9riumok is megjelennek. Ezek c\u00e9lja, hogy a hitelfelvev\u0151 profilj\u00e1t a fenntarthat\u00f3s\u00e1g szempontj\u00e1b\u00f3l jav\u00edts\u00e1k.<\/p>\n<p>Hasonl\u00f3k\u00e9ppen, a fenntarthat\u00f3s\u00e1ghoz kapcsol\u00f3d\u00f3 k\u00f6tv\u00e9nyekb\u0151l sz\u00e1rmaz\u00f3 p\u00e9nz\u00e1ramok is felhaszn\u00e1lhat\u00f3k \u00e1ltal\u00e1nos v\u00e1llalatfinansz\u00edroz\u00e1si c\u00e9lokra \u00e9s nem kiz\u00e1r\u00f3lag fenntarthat\u00f3 projektekhez kapcsol\u00f3dnak. A k\u00f6tv\u00e9ny p\u00e9nz\u00fcgyi, illetve struktur\u00e1lis jellemz\u0151i k\u00f6z\u00e9ppontj\u00e1ban a m\u00e9rhet\u0151, fenntarthat\u00f3s\u00e1g szempontj\u00e1b\u00f3l kulcsfontoss\u00e1g\u00fa teljes\u00edtm\u00e9nymutat\u00f3k \u00e9s c\u00e9lok be\u00e9p\u00edt\u00e9se \u00e1ll.<\/p>\n<p><strong>Az egyes finansz\u00edroz\u00e1si form\u00e1k f\u0151bb jellemz\u0151i:<\/strong><\/p>\n<p><strong style=\"font-size: 16px;background-color: var(--ast-global-color-5)\">&nbsp;<\/strong><strong style=\"font-size: 16px;background-color: var(--ast-global-color-5)\">1. Z\u00f6ld k\u00f6tv\u00e9ny<\/strong><strong style=\"font-size: 16px;background-color: var(--ast-global-color-5)\"> (Green Bond)<\/strong><\/p>\n<p>B\u00e1rmilyen t\u00edpus\u00fa k\u00f6tv\u00e9ny, amelynek bev\u00e9teleit kiz\u00e1r\u00f3lag \u00faj, illetve megl\u00e9v\u0151 z\u00f6ld projektek r\u00e9szben vagy eg\u00e9szben t\u00f6rt\u00e9n\u0151 finansz\u00edroz\u00e1s\u00e1ra vagy refinansz\u00edroz\u00e1s\u00e1ra ford\u00edtj\u00e1k, \u00e9s amely \u00f6sszhangban van a z\u00f6ld k\u00f6tv\u00e9nyek alapelveinek (<em>Green Bond Principles \u2013 GBP<\/em>) n\u00e9gy f\u0151 elem\u00e9vel: bev\u00e9telek felhaszn\u00e1l\u00e1sa, projektek \u00e9rt\u00e9kel\u00e9s\u00e9nek \u00e9s kiv\u00e1laszt\u00e1s\u00e1nak folyamata, bev\u00e9telek kezel\u00e9se \u00e9s jelent\u00e9s.<\/p>\n<p><span style=\"font-size: 16px;background-color: var(--ast-global-color-5)\"><b>2.<\/b>&nbsp;<\/span><strong style=\"font-size: 16px;background-color: var(--ast-global-color-5)\">Z\u00f6ld k\u00f6lcs\u00f6n (Green Loan)<\/strong><\/p>\n<p>B\u00e1rmilyen t\u00edpus\u00fa hiteleszk\u00f6z, amelyet kiz\u00e1r\u00f3lag \u00faj \u00e9s\/vagy megl\u00e9v\u0151 z\u00f6ld projektek teljes vagy r\u00e9szleges finansz\u00edroz\u00e1s\u00e1ra vagy refinansz\u00edroz\u00e1s\u00e1ra bocs\u00e1tanak rendelkez\u00e9sre.<\/p>\n<p><strong>3. Szoci\u00e1lis k\u00f6tv\u00e9ny (Social Bond)<\/strong><\/p>\n<p>B\u00e1rmilyen t\u00edpus\u00fa k\u00f6tv\u00e9ny, amelynek bev\u00e9teleit kiz\u00e1r\u00f3lag \u00faj \u00e9s\/vagy megl\u00e9v\u0151 t\u00e1rsadalmi projektek r\u00e9szleges vagy teljes finansz\u00edroz\u00e1s\u00e1ra vagy refinansz\u00edroz\u00e1s\u00e1ra ford\u00edtj\u00e1k, \u00e9s amely \u00f6sszhangban van a t\u00e1rsadalmi k\u00f6tv\u00e9nyek alapelveinek (<em>Social Bond Principles \u2013 SBP<\/em>) n\u00e9gy f\u0151 elem\u00e9vel: bev\u00e9telek felhaszn\u00e1l\u00e1sa, projektek \u00e9rt\u00e9kel\u00e9s\u00e9nek \u00e9s kiv\u00e1laszt\u00e1s\u00e1nak folyamata, bev\u00e9telek kezel\u00e9se \u00e9s jelent\u00e9s.<\/p>\n<p><b><span style=\"font-size: 16px;background-color: var(--ast-global-color-5)\">4.&nbsp;<\/span><span style=\"font-size: 16px;background-color: var(--ast-global-color-5)\">Szoci\u00e1lis k\u00f6lcs\u00f6n (Social Loan)<\/span><\/b><\/p>\n<p>B\u00e1rmilyen t\u00edpus\u00fa hitel, amelyet kiz\u00e1r\u00f3lag \u00faj, illetve megl\u00e9v\u0151 t\u00e1rsadalmi projektek (pl. megfizethet\u0151 alapinfrastrukt\u00fara; alapvet\u0151 szolg\u00e1ltat\u00e1sokhoz val\u00f3 hozz\u00e1f\u00e9r\u00e9s; megfizethet\u0151 lakhat\u00e1s; munkahelyteremt\u00e9s) teljes vagy r\u00e9szleges finansz\u00edroz\u00e1s\u00e1ra vagy refinansz\u00edroz\u00e1s\u00e1ra bocs\u00e1tanak rendelkez\u00e9sre.<\/p>\n<p><span style=\"font-size: 16px;background-color: var(--ast-global-color-5)\"><b>5.&nbsp;<\/b><\/span><strong style=\"font-size: 16px;background-color: var(--ast-global-color-5)\">Fenntarthat\u00f3s\u00e1gi k\u00f6tv\u00e9ny (Sustainability Bond)<\/strong><\/p>\n<p>A bev\u00e9telt kiz\u00e1r\u00f3lag z\u00f6ld \u00e9s t\u00e1rsadalmi projektek kombin\u00e1ci\u00f3j\u00e1nak finansz\u00edroz\u00e1s\u00e1ra vagy refinansz\u00edroz\u00e1s\u00e1ra haszn\u00e1lj\u00e1k fel. A fenntarthat\u00f3s\u00e1gi k\u00f6tv\u00e9nyek a GBP \u00e9s a SBP n\u00e9gy f\u0151 elem\u00e9hez igazodnak.<\/p>\n<p><span style=\"font-size: 16px;background-color: var(--ast-global-color-5)\"><b>6.&nbsp;<\/b><\/span><strong style=\"font-size: 16px;background-color: var(--ast-global-color-5)\">Fenntarthat\u00f3s\u00e1ghoz kapcsol\u00f3d\u00f3 k\u00f6tv\u00e9ny<\/strong><strong style=\"font-size: 16px;background-color: var(--ast-global-color-5)\"> (Sustainability-linked Bond)<\/strong><\/p>\n<p>B\u00e1rmely olyan k\u00f6tv\u00e9nyt\u00edpus, amelynek p\u00e9nz\u00fcgyi \u00e9s\/vagy struktur\u00e1lis jellemz\u0151i att\u00f3l f\u00fcgg\u0151en v\u00e1ltozhatnak, hogy a kibocs\u00e1t\u00f3 el\u00e9ri-e az el\u0151re meghat\u00e1rozott fenntarthat\u00f3s\u00e1gi\/k\u00f6rnyezetv\u00e9delmi, t\u00e1rsadalmi \u00e9s ir\u00e1ny\u00edt\u00e1si (<em>Environmental, Social and Governance \u2013 ESG<\/em>) c\u00e9lkit\u0171z\u00e9seket. A k\u00f6tv\u00e9ny p\u00e9nz\u00fcgyi, illetve struktur\u00e1lis jellemz\u0151i att\u00f3l f\u00fcgg\u0151en v\u00e1ltozhatnak, hogy a kiv\u00e1lasztott f\u0151 teljes\u00edtm\u00e9nymutat\u00f3k (KPI-k) el\u00e9rik-e az el\u0151re meghat\u00e1rozott fenntarthat\u00f3s\u00e1gi teljes\u00edtm\u00e9nyc\u00e9lokat.<\/p>\n<p><span style=\"font-size: 16px;background-color: var(--ast-global-color-5)\"><b>7.&nbsp;<\/b><\/span><strong style=\"font-size: 16px;background-color: var(--ast-global-color-5)\">Fenntarthat\u00f3s\u00e1ghoz kapcsol\u00f3d\u00f3 k\u00f6lcs\u00f6n<\/strong><strong style=\"font-size: 16px;background-color: var(--ast-global-color-5)\"> (Sustainability-linked Loan)<\/strong><\/p>\n<p>B\u00e1rmilyen t\u00edpus\u00fa hitel konstrukci\u00f3 (ide\u00e9rtve p\u00e9ld\u00e1ul a garanciakeretet vagy akkredit\u00edvet), amely arra \u00f6szt\u00f6nzi a hitelfelvev\u0151t, hogy el\u0151re meghat\u00e1rozott fenntarthat\u00f3s\u00e1gi teljes\u00edtm\u00e9nyc\u00e9lokat \u00e9rjen el. A bev\u00e9telek felhaszn\u00e1l\u00e1sa nem meghat\u00e1roz\u00f3 a kategoriz\u00e1l\u00e1s szempontj\u00e1b\u00f3l \u00e9s a legt\u00f6bb esetben a fenntarthat\u00f3s\u00e1ghoz k\u00f6t\u00f6tt k\u00f6lcs\u00f6n\u00f6ket \u00e1ltal\u00e1nos v\u00e1llalati c\u00e9lokra haszn\u00e1lj\u00e1k fel. A bev\u00e9tel konkr\u00e9t felhaszn\u00e1l\u00e1s\u00e1nak meghat\u00e1roz\u00e1sa helyett a fenntarthat\u00f3s\u00e1ghoz kapcsol\u00f3d\u00f3 k\u00f6lcs\u00f6n\u00f6k a hitelfelvev\u0151 fenntarthat\u00f3s\u00e1gi profilj\u00e1nak jav\u00edt\u00e1s\u00e1t c\u00e9lozz\u00e1k az\u00e1ltal, hogy a hitelfelt\u00e9teleket (p\u00e9ld\u00e1ul a kamatfel\u00e1r v\u00e1ltoz\u00e1s\u00e1t) a hitelfelvev\u0151nek a vonatkoz\u00f3, el\u0151re meghat\u00e1rozott fenntarthat\u00f3s\u00e1gi c\u00e9lokhoz viszony\u00edtott teljes\u00edtm\u00e9ny\u00e9hez igaz\u00edtj\u00e1k.<\/p>\n<p><i>A fent felsorolt term\u00e9kekr\u0151l b\u0151vebb \u00f6sszefoglal\u00f3 az al\u00e1bbi, az ICMA \u00e9s a Loan Market Association (LMA) \u00e1ltal publik\u00e1lt kiadv\u00e1nyokban olvashat\u00f3, amelyeket magunk is felhaszn\u00e1ltunk:<\/i><\/p>\n<ul>\n<li><a href=\"https:\/\/www.icmagroup.org\/assets\/documents\/Sustainable-finance\/2021-updates\/Green-Bond-Principles-June-2021-140621.pdf\" target=\"_blank\" rel=\"noopener\">Green Bond Principles<\/a><\/li>\n<li><a href=\"https:\/\/www.lma.eu.com\/application\/files\/9115\/4452\/5458\/741_LM_Green_Loan_Principles_Booklet_V8.pdf\" target=\"_blank\" rel=\"noopener\">Green Loan Principles<\/a><\/li>\n<li><a href=\"https:\/\/www.icmagroup.org\/assets\/documents\/Regulatory\/Green-Bonds\/June-2020\/Social-Bond-PrinciplesJune-2020-090620.pdf\" target=\"_blank\" rel=\"noopener\">Social Bond Principles<\/a><\/li>\n<li><a href=\"https:\/\/www.lma.eu.com\/application\/files\/1816\/1829\/9975\/Social_Loan_Principles.pdf\" target=\"_blank\" rel=\"noopener\">Social Loan Principles<\/a><\/li>\n<li><a href=\"https:\/\/www.icmagroup.org\/assets\/documents\/Sustainable-finance\/2021-updates\/Sustainability-Bond-Guidelines-June-2021-140621.pdf\" target=\"_blank\" rel=\"noopener\">Sustainability Bond Guidelines<\/a><\/li>\n<li><a href=\"https:\/\/www.icmagroup.org\/assets\/documents\/Regulatory\/Green-Bonds\/June-2020\/Sustainability-Linked-Bond-Principles-June-2020-171120.pdf\" target=\"_blank\" rel=\"noopener\">Sustainability-Linked Bond Principles&nbsp;<\/a><\/li>\n<li><a href=\"https:\/\/www.icmagroup.org\/assets\/documents\/Regulatory\/Green-Bonds\/LMASustainabilityLinkedLoanPrinciples-270919.pdf\" target=\"_blank\" rel=\"noopener\">Sustainability-Linked Loan Principles<\/a><\/li><\/ul>\t\t\t\t\t\t\t\t<\/div>\n\t\t\t\t<\/div>\n\t\t\t\t\t<\/div>\n\t\t<\/div>\n\t\t\t\t\t<\/div>\n\t\t<\/section>\n\t\t\t\t<\/div>\n\t\t","protected":false},"excerpt":{"rendered":"<p>2021. \u0151sz\u00e9n zajlott le a vil\u00e1g eddigi legnagyobb z\u00f6ldk\u00f6tv\u00e9ny-kibocs\u00e1t\u00e1sa, ami bizony\u00edtja, hogy a fenntarthat\u00f3s\u00e1g a p\u00e9nz\u00fcgyi \u00e9s t\u0151kepiaci \u00e1gazatban is egyre nagyobb hangs\u00falyt kap. Ezzel egy\u00fctt egyre t\u00f6bb fenntarthat\u00f3 finansz\u00edroz\u00e1si lehet\u0151s\u00e9g \u00e9s term\u00e9k jelenik meg a piacon.  Az egyes finansz\u00edroz\u00e1si form\u00e1k f\u0151bb jellemz\u0151ir\u0151l k\u00e9sz\u00edtett \u00f6sszefoglal\u00f3t a DLA Piper Hungary.<\/p>\n","protected":false},"author":1,"featured_media":3120,"comment_status":"closed","ping_status":"closed","sticky":false,"template":"","format":"standard","meta":{"site-sidebar-layout":"default","site-content-layout":"default","ast-site-content-layout":"default","site-content-style":"default","site-sidebar-style":"default","ast-global-header-display":"","ast-banner-title-visibility":"","ast-main-header-display":"","ast-hfb-above-header-display":"","ast-hfb-below-header-display":"","ast-hfb-mobile-header-display":"","site-post-title":"","ast-breadcrumbs-content":"","ast-featured-img":"","footer-sml-layout":"","theme-transparent-header-meta":"default","adv-header-id-meta":"","stick-header-meta":"","header-above-stick-meta":"","header-main-stick-meta":"","header-below-stick-meta":"","astra-migrate-meta-layouts":"default","ast-page-background-enabled":"default","ast-page-background-meta":{"desktop":{"background-color":"","background-image":"","background-repeat":"repeat","background-position":"center center","background-size":"auto","background-attachment":"scroll","background-type":"","background-media":"","overlay-type":"","overlay-color":"","overlay-opacity":"","overlay-gradient":""},"tablet":{"background-color":"","background-image":"","background-repeat":"repeat","background-position":"center center","background-size":"auto","background-attachment":"scroll","background-type":"","background-media":"","overlay-type":"","overlay-color":"","overlay-opacity":"","overlay-gradient":""},"mobile":{"background-color":"","background-image":"","background-repeat":"repeat","background-position":"center center","background-size":"auto","background-attachment":"scroll","background-type":"","background-media":"","overlay-type":"","overlay-color":"","overlay-opacity":"","overlay-gradient":""}},"ast-content-background-meta":{"desktop":{"background-color":"var(--ast-global-color-5)","background-image":"","background-repeat":"repeat","background-position":"center center","background-size":"auto","background-attachment":"scroll","background-type":"","background-media":"","overlay-type":"","overlay-color":"","overlay-opacity":"","overlay-gradient":""},"tablet":{"background-color":"var(--ast-global-color-5)","background-image":"","background-repeat":"repeat","background-position":"center center","background-size":"auto","background-attachment":"scroll","background-type":"","background-media":"","overlay-type":"","overlay-color":"","overlay-opacity":"","overlay-gradient":""},"mobile":{"background-color":"var(--ast-global-color-5)","background-image":"","background-repeat":"repeat","background-position":"center center","background-size":"auto","background-attachment":"scroll","background-type":"","background-media":"","overlay-type":"","overlay-color":"","overlay-opacity":"","overlay-gradient":""}},"footnotes":""},"categories":[1282,4],"tags":[779,685,778,796],"coauthors":[705],"class_list":["post-3227","post","type-post","status-publish","format-standard","has-post-thumbnail","hentry","category-esg","category-finance","tag-esg","tag-fenntarthatosag","tag-zold-finanszirozas","tag-zold-kotveny"],"yoast_head":"<!-- This site is optimized with the Yoast SEO plugin v26.1 - https:\/\/yoast.com\/wordpress\/plugins\/seo\/ -->\n<title>Fenntarthat\u00f3 finansz\u00edroz\u00e1si form\u00e1k | DLA Piper<\/title>\n<meta name=\"description\" content=\"Mit \u00e9rt\u00fcnk fenntarthat\u00f3 finansz\u00edroz\u00e1s alatt? Milyen fenntarthat\u00f3 finansz\u00edroz\u00e1si form\u00e1k \u00e9rhet\u0151k el jelenleg? Tudja meg cikk\u00fcnkb\u0151l!\" \/>\n<meta name=\"robots\" content=\"index, follow, max-snippet:-1, max-image-preview:large, max-video-preview:-1\" \/>\n<link rel=\"canonical\" href=\"https:\/\/blogs.dlapiper.com\/advocatus\/2021\/12\/fenntarthato-finanszirozasi-formak-hol-tart-a-szektor-termekkinalata\/\" \/>\n<meta property=\"og:locale\" content=\"en_GB\" \/>\n<meta property=\"og:type\" content=\"article\" \/>\n<meta property=\"og:title\" content=\"Fenntarthat\u00f3 finansz\u00edroz\u00e1si form\u00e1k | DLA Piper\" \/>\n<meta property=\"og:description\" content=\"Mit \u00e9rt\u00fcnk fenntarthat\u00f3 finansz\u00edroz\u00e1s alatt? Milyen fenntarthat\u00f3 finansz\u00edroz\u00e1si form\u00e1k \u00e9rhet\u0151k el jelenleg? Tudja meg cikk\u00fcnkb\u0151l!\" \/>\n<meta property=\"og:url\" content=\"https:\/\/blogs.dlapiper.com\/advocatus\/2021\/12\/fenntarthato-finanszirozasi-formak-hol-tart-a-szektor-termekkinalata\/\" \/>\n<meta property=\"og:site_name\" content=\"Advocatus\" \/>\n<meta property=\"article:published_time\" content=\"2021-12-01T15:29:57+00:00\" \/>\n<meta property=\"article:modified_time\" content=\"2022-10-27T08:58:18+00:00\" \/>\n<meta property=\"og:image\" content=\"https:\/\/blogs.dlapiper.com\/advocatus\/files\/2021\/11\/advocatus-header-13.png\" \/>\n\t<meta property=\"og:image:width\" content=\"1200\" \/>\n\t<meta property=\"og:image:height\" content=\"300\" \/>\n\t<meta property=\"og:image:type\" content=\"image\/png\" \/>\n<meta name=\"author\" content=\"DLA Piper\" \/>\n<meta name=\"twitter:card\" content=\"summary_large_image\" \/>\n<meta name=\"twitter:label1\" content=\"Written by\" \/>\n\t<meta name=\"twitter:data1\" content=\"DLA Piper\" \/>\n\t<meta name=\"twitter:label2\" content=\"Estimated reading time\" \/>\n\t<meta name=\"twitter:data2\" content=\"3 minutes\" \/>\n<script type=\"application\/ld+json\" class=\"yoast-schema-graph\">{\"@context\":\"https:\/\/schema.org\",\"@graph\":[{\"@type\":\"Article\",\"@id\":\"https:\/\/blogs.dlapiper.com\/advocatus\/2021\/12\/fenntarthato-finanszirozasi-formak-hol-tart-a-szektor-termekkinalata\/#article\",\"isPartOf\":{\"@id\":\"https:\/\/blogs.dlapiper.com\/advocatus\/2021\/12\/fenntarthato-finanszirozasi-formak-hol-tart-a-szektor-termekkinalata\/\"},\"author\":{\"name\":\"DLA Piper\",\"@id\":\"https:\/\/blogs.dlapiper.com\/advocatus\/#\/schema\/person\/e4f1320bd6f7e07fbf942762d3bd3206\"},\"headline\":\"Fenntarthat\u00f3 finansz\u00edroz\u00e1si form\u00e1k: hol tart a szektor term\u00e9kk\u00edn\u00e1lata?\",\"datePublished\":\"2021-12-01T15:29:57+00:00\",\"dateModified\":\"2022-10-27T08:58:18+00:00\",\"mainEntityOfPage\":{\"@id\":\"https:\/\/blogs.dlapiper.com\/advocatus\/2021\/12\/fenntarthato-finanszirozasi-formak-hol-tart-a-szektor-termekkinalata\/\"},\"wordCount\":1129,\"publisher\":{\"@id\":\"https:\/\/blogs.dlapiper.com\/advocatus\/#organization\"},\"image\":{\"@id\":\"https:\/\/blogs.dlapiper.com\/advocatus\/2021\/12\/fenntarthato-finanszirozasi-formak-hol-tart-a-szektor-termekkinalata\/#primaryimage\"},\"thumbnailUrl\":\"https:\/\/blogs.dlapiper.com\/advocatus\/files\/2021\/11\/advocatus-header-13.png\",\"keywords\":[\"ESG\",\"fenntarthat\u00f3s\u00e1g\",\"z\u00f6ld finansz\u00edroz\u00e1s\",\"z\u00f6ld k\u00f6tv\u00e9ny\"],\"articleSection\":[\"ESG\",\"Finance | Bankjog\"],\"inLanguage\":\"en-GB\"},{\"@type\":\"WebPage\",\"@id\":\"https:\/\/blogs.dlapiper.com\/advocatus\/2021\/12\/fenntarthato-finanszirozasi-formak-hol-tart-a-szektor-termekkinalata\/\",\"url\":\"https:\/\/blogs.dlapiper.com\/advocatus\/2021\/12\/fenntarthato-finanszirozasi-formak-hol-tart-a-szektor-termekkinalata\/\",\"name\":\"Fenntarthat\u00f3 finansz\u00edroz\u00e1si form\u00e1k | DLA Piper\",\"isPartOf\":{\"@id\":\"https:\/\/blogs.dlapiper.com\/advocatus\/#website\"},\"primaryImageOfPage\":{\"@id\":\"https:\/\/blogs.dlapiper.com\/advocatus\/2021\/12\/fenntarthato-finanszirozasi-formak-hol-tart-a-szektor-termekkinalata\/#primaryimage\"},\"image\":{\"@id\":\"https:\/\/blogs.dlapiper.com\/advocatus\/2021\/12\/fenntarthato-finanszirozasi-formak-hol-tart-a-szektor-termekkinalata\/#primaryimage\"},\"thumbnailUrl\":\"https:\/\/blogs.dlapiper.com\/advocatus\/files\/2021\/11\/advocatus-header-13.png\",\"datePublished\":\"2021-12-01T15:29:57+00:00\",\"dateModified\":\"2022-10-27T08:58:18+00:00\",\"description\":\"Mit \u00e9rt\u00fcnk fenntarthat\u00f3 finansz\u00edroz\u00e1s alatt? Milyen fenntarthat\u00f3 finansz\u00edroz\u00e1si form\u00e1k \u00e9rhet\u0151k el jelenleg? Tudja meg cikk\u00fcnkb\u0151l!\",\"breadcrumb\":{\"@id\":\"https:\/\/blogs.dlapiper.com\/advocatus\/2021\/12\/fenntarthato-finanszirozasi-formak-hol-tart-a-szektor-termekkinalata\/#breadcrumb\"},\"inLanguage\":\"en-GB\",\"potentialAction\":[{\"@type\":\"ReadAction\",\"target\":[\"https:\/\/blogs.dlapiper.com\/advocatus\/2021\/12\/fenntarthato-finanszirozasi-formak-hol-tart-a-szektor-termekkinalata\/\"]}]},{\"@type\":\"ImageObject\",\"inLanguage\":\"en-GB\",\"@id\":\"https:\/\/blogs.dlapiper.com\/advocatus\/2021\/12\/fenntarthato-finanszirozasi-formak-hol-tart-a-szektor-termekkinalata\/#primaryimage\",\"url\":\"https:\/\/blogs.dlapiper.com\/advocatus\/files\/2021\/11\/advocatus-header-13.png\",\"contentUrl\":\"https:\/\/blogs.dlapiper.com\/advocatus\/files\/2021\/11\/advocatus-header-13.png\",\"width\":1200,\"height\":300,\"caption\":\"green finance-sustainability\"},{\"@type\":\"BreadcrumbList\",\"@id\":\"https:\/\/blogs.dlapiper.com\/advocatus\/2021\/12\/fenntarthato-finanszirozasi-formak-hol-tart-a-szektor-termekkinalata\/#breadcrumb\",\"itemListElement\":[{\"@type\":\"ListItem\",\"position\":1,\"name\":\"Home\",\"item\":\"https:\/\/blogs.dlapiper.com\/advocatus\/\"},{\"@type\":\"ListItem\",\"position\":2,\"name\":\"Fenntarthat\u00f3 finansz\u00edroz\u00e1si form\u00e1k: hol tart a szektor term\u00e9kk\u00edn\u00e1lata?\"}]},{\"@type\":\"WebSite\",\"@id\":\"https:\/\/blogs.dlapiper.com\/advocatus\/#website\",\"url\":\"https:\/\/blogs.dlapiper.com\/advocatus\/\",\"name\":\"Advocatus\",\"description\":\"A DLA Piper Jogi Blogja\",\"publisher\":{\"@id\":\"https:\/\/blogs.dlapiper.com\/advocatus\/#organization\"},\"potentialAction\":[{\"@type\":\"SearchAction\",\"target\":{\"@type\":\"EntryPoint\",\"urlTemplate\":\"https:\/\/blogs.dlapiper.com\/advocatus\/?s={search_term_string}\"},\"query-input\":{\"@type\":\"PropertyValueSpecification\",\"valueRequired\":true,\"valueName\":\"search_term_string\"}}],\"inLanguage\":\"en-GB\"},{\"@type\":\"Organization\",\"@id\":\"https:\/\/blogs.dlapiper.com\/advocatus\/#organization\",\"name\":\"Advocatus\",\"url\":\"https:\/\/blogs.dlapiper.com\/advocatus\/\",\"logo\":{\"@type\":\"ImageObject\",\"inLanguage\":\"en-GB\",\"@id\":\"https:\/\/blogs.dlapiper.com\/advocatus\/#\/schema\/logo\/image\/\",\"url\":\"https:\/\/blogs.dlapiper.com\/advocatus\/files\/2019\/06\/cropped-logo-144-1.png\",\"contentUrl\":\"https:\/\/blogs.dlapiper.com\/advocatus\/files\/2019\/06\/cropped-logo-144-1.png\",\"width\":223,\"height\":130,\"caption\":\"Advocatus\"},\"image\":{\"@id\":\"https:\/\/blogs.dlapiper.com\/advocatus\/#\/schema\/logo\/image\/\"},\"sameAs\":[\"https:\/\/www.linkedin.com\/showcase\/dla-piper-hungary\/\"]},{\"@type\":\"Person\",\"@id\":\"https:\/\/blogs.dlapiper.com\/advocatus\/#\/schema\/person\/e4f1320bd6f7e07fbf942762d3bd3206\",\"name\":\"DLA Piper\",\"url\":\"https:\/\/blogs.dlapiper.com\/advocatus\/author\/blogadmin\/\"}]}<\/script>\n<!-- \/ Yoast SEO plugin. -->","yoast_head_json":{"title":"Fenntarthat\u00f3 finansz\u00edroz\u00e1si form\u00e1k | DLA Piper","description":"Mit \u00e9rt\u00fcnk fenntarthat\u00f3 finansz\u00edroz\u00e1s alatt? Milyen fenntarthat\u00f3 finansz\u00edroz\u00e1si form\u00e1k \u00e9rhet\u0151k el jelenleg? Tudja meg cikk\u00fcnkb\u0151l!","robots":{"index":"index","follow":"follow","max-snippet":"max-snippet:-1","max-image-preview":"max-image-preview:large","max-video-preview":"max-video-preview:-1"},"canonical":"https:\/\/blogs.dlapiper.com\/advocatus\/2021\/12\/fenntarthato-finanszirozasi-formak-hol-tart-a-szektor-termekkinalata\/","og_locale":"en_GB","og_type":"article","og_title":"Fenntarthat\u00f3 finansz\u00edroz\u00e1si form\u00e1k | DLA Piper","og_description":"Mit \u00e9rt\u00fcnk fenntarthat\u00f3 finansz\u00edroz\u00e1s alatt? Milyen fenntarthat\u00f3 finansz\u00edroz\u00e1si form\u00e1k \u00e9rhet\u0151k el jelenleg? Tudja meg cikk\u00fcnkb\u0151l!","og_url":"https:\/\/blogs.dlapiper.com\/advocatus\/2021\/12\/fenntarthato-finanszirozasi-formak-hol-tart-a-szektor-termekkinalata\/","og_site_name":"Advocatus","article_published_time":"2021-12-01T15:29:57+00:00","article_modified_time":"2022-10-27T08:58:18+00:00","og_image":[{"width":1200,"height":300,"url":"https:\/\/blogs.dlapiper.com\/advocatus\/files\/2021\/11\/advocatus-header-13.png","type":"image\/png"}],"author":"DLA Piper","twitter_card":"summary_large_image","twitter_misc":{"Written by":"DLA Piper","Estimated reading time":"3 minutes"},"schema":{"@context":"https:\/\/schema.org","@graph":[{"@type":"Article","@id":"https:\/\/blogs.dlapiper.com\/advocatus\/2021\/12\/fenntarthato-finanszirozasi-formak-hol-tart-a-szektor-termekkinalata\/#article","isPartOf":{"@id":"https:\/\/blogs.dlapiper.com\/advocatus\/2021\/12\/fenntarthato-finanszirozasi-formak-hol-tart-a-szektor-termekkinalata\/"},"author":{"name":"DLA Piper","@id":"https:\/\/blogs.dlapiper.com\/advocatus\/#\/schema\/person\/e4f1320bd6f7e07fbf942762d3bd3206"},"headline":"Fenntarthat\u00f3 finansz\u00edroz\u00e1si form\u00e1k: hol tart a szektor term\u00e9kk\u00edn\u00e1lata?","datePublished":"2021-12-01T15:29:57+00:00","dateModified":"2022-10-27T08:58:18+00:00","mainEntityOfPage":{"@id":"https:\/\/blogs.dlapiper.com\/advocatus\/2021\/12\/fenntarthato-finanszirozasi-formak-hol-tart-a-szektor-termekkinalata\/"},"wordCount":1129,"publisher":{"@id":"https:\/\/blogs.dlapiper.com\/advocatus\/#organization"},"image":{"@id":"https:\/\/blogs.dlapiper.com\/advocatus\/2021\/12\/fenntarthato-finanszirozasi-formak-hol-tart-a-szektor-termekkinalata\/#primaryimage"},"thumbnailUrl":"https:\/\/blogs.dlapiper.com\/advocatus\/files\/2021\/11\/advocatus-header-13.png","keywords":["ESG","fenntarthat\u00f3s\u00e1g","z\u00f6ld finansz\u00edroz\u00e1s","z\u00f6ld k\u00f6tv\u00e9ny"],"articleSection":["ESG","Finance | Bankjog"],"inLanguage":"en-GB"},{"@type":"WebPage","@id":"https:\/\/blogs.dlapiper.com\/advocatus\/2021\/12\/fenntarthato-finanszirozasi-formak-hol-tart-a-szektor-termekkinalata\/","url":"https:\/\/blogs.dlapiper.com\/advocatus\/2021\/12\/fenntarthato-finanszirozasi-formak-hol-tart-a-szektor-termekkinalata\/","name":"Fenntarthat\u00f3 finansz\u00edroz\u00e1si form\u00e1k | DLA Piper","isPartOf":{"@id":"https:\/\/blogs.dlapiper.com\/advocatus\/#website"},"primaryImageOfPage":{"@id":"https:\/\/blogs.dlapiper.com\/advocatus\/2021\/12\/fenntarthato-finanszirozasi-formak-hol-tart-a-szektor-termekkinalata\/#primaryimage"},"image":{"@id":"https:\/\/blogs.dlapiper.com\/advocatus\/2021\/12\/fenntarthato-finanszirozasi-formak-hol-tart-a-szektor-termekkinalata\/#primaryimage"},"thumbnailUrl":"https:\/\/blogs.dlapiper.com\/advocatus\/files\/2021\/11\/advocatus-header-13.png","datePublished":"2021-12-01T15:29:57+00:00","dateModified":"2022-10-27T08:58:18+00:00","description":"Mit \u00e9rt\u00fcnk fenntarthat\u00f3 finansz\u00edroz\u00e1s alatt? Milyen fenntarthat\u00f3 finansz\u00edroz\u00e1si form\u00e1k \u00e9rhet\u0151k el jelenleg? Tudja meg cikk\u00fcnkb\u0151l!","breadcrumb":{"@id":"https:\/\/blogs.dlapiper.com\/advocatus\/2021\/12\/fenntarthato-finanszirozasi-formak-hol-tart-a-szektor-termekkinalata\/#breadcrumb"},"inLanguage":"en-GB","potentialAction":[{"@type":"ReadAction","target":["https:\/\/blogs.dlapiper.com\/advocatus\/2021\/12\/fenntarthato-finanszirozasi-formak-hol-tart-a-szektor-termekkinalata\/"]}]},{"@type":"ImageObject","inLanguage":"en-GB","@id":"https:\/\/blogs.dlapiper.com\/advocatus\/2021\/12\/fenntarthato-finanszirozasi-formak-hol-tart-a-szektor-termekkinalata\/#primaryimage","url":"https:\/\/blogs.dlapiper.com\/advocatus\/files\/2021\/11\/advocatus-header-13.png","contentUrl":"https:\/\/blogs.dlapiper.com\/advocatus\/files\/2021\/11\/advocatus-header-13.png","width":1200,"height":300,"caption":"green finance-sustainability"},{"@type":"BreadcrumbList","@id":"https:\/\/blogs.dlapiper.com\/advocatus\/2021\/12\/fenntarthato-finanszirozasi-formak-hol-tart-a-szektor-termekkinalata\/#breadcrumb","itemListElement":[{"@type":"ListItem","position":1,"name":"Home","item":"https:\/\/blogs.dlapiper.com\/advocatus\/"},{"@type":"ListItem","position":2,"name":"Fenntarthat\u00f3 finansz\u00edroz\u00e1si form\u00e1k: hol tart a szektor term\u00e9kk\u00edn\u00e1lata?"}]},{"@type":"WebSite","@id":"https:\/\/blogs.dlapiper.com\/advocatus\/#website","url":"https:\/\/blogs.dlapiper.com\/advocatus\/","name":"Advocatus","description":"A DLA Piper Jogi Blogja","publisher":{"@id":"https:\/\/blogs.dlapiper.com\/advocatus\/#organization"},"potentialAction":[{"@type":"SearchAction","target":{"@type":"EntryPoint","urlTemplate":"https:\/\/blogs.dlapiper.com\/advocatus\/?s={search_term_string}"},"query-input":{"@type":"PropertyValueSpecification","valueRequired":true,"valueName":"search_term_string"}}],"inLanguage":"en-GB"},{"@type":"Organization","@id":"https:\/\/blogs.dlapiper.com\/advocatus\/#organization","name":"Advocatus","url":"https:\/\/blogs.dlapiper.com\/advocatus\/","logo":{"@type":"ImageObject","inLanguage":"en-GB","@id":"https:\/\/blogs.dlapiper.com\/advocatus\/#\/schema\/logo\/image\/","url":"https:\/\/blogs.dlapiper.com\/advocatus\/files\/2019\/06\/cropped-logo-144-1.png","contentUrl":"https:\/\/blogs.dlapiper.com\/advocatus\/files\/2019\/06\/cropped-logo-144-1.png","width":223,"height":130,"caption":"Advocatus"},"image":{"@id":"https:\/\/blogs.dlapiper.com\/advocatus\/#\/schema\/logo\/image\/"},"sameAs":["https:\/\/www.linkedin.com\/showcase\/dla-piper-hungary\/"]},{"@type":"Person","@id":"https:\/\/blogs.dlapiper.com\/advocatus\/#\/schema\/person\/e4f1320bd6f7e07fbf942762d3bd3206","name":"DLA Piper","url":"https:\/\/blogs.dlapiper.com\/advocatus\/author\/blogadmin\/"}]}},"_links":{"self":[{"href":"https:\/\/blogs.dlapiper.com\/advocatus\/wp-json\/wp\/v2\/posts\/3227","targetHints":{"allow":["GET"]}}],"collection":[{"href":"https:\/\/blogs.dlapiper.com\/advocatus\/wp-json\/wp\/v2\/posts"}],"about":[{"href":"https:\/\/blogs.dlapiper.com\/advocatus\/wp-json\/wp\/v2\/types\/post"}],"author":[{"embeddable":true,"href":"https:\/\/blogs.dlapiper.com\/advocatus\/wp-json\/wp\/v2\/users\/1"}],"replies":[{"embeddable":true,"href":"https:\/\/blogs.dlapiper.com\/advocatus\/wp-json\/wp\/v2\/comments?post=3227"}],"version-history":[{"count":0,"href":"https:\/\/blogs.dlapiper.com\/advocatus\/wp-json\/wp\/v2\/posts\/3227\/revisions"}],"wp:featuredmedia":[{"embeddable":true,"href":"https:\/\/blogs.dlapiper.com\/advocatus\/wp-json\/wp\/v2\/media\/3120"}],"wp:attachment":[{"href":"https:\/\/blogs.dlapiper.com\/advocatus\/wp-json\/wp\/v2\/media?parent=3227"}],"wp:term":[{"taxonomy":"category","embeddable":true,"href":"https:\/\/blogs.dlapiper.com\/advocatus\/wp-json\/wp\/v2\/categories?post=3227"},{"taxonomy":"post_tag","embeddable":true,"href":"https:\/\/blogs.dlapiper.com\/advocatus\/wp-json\/wp\/v2\/tags?post=3227"},{"taxonomy":"author","embeddable":true,"href":"https:\/\/blogs.dlapiper.com\/advocatus\/wp-json\/wp\/v2\/coauthors?post=3227"}],"curies":[{"name":"wp","href":"https:\/\/api.w.org\/{rel}","templated":true}]}}