{"id":2639,"date":"2021-09-23T10:50:11","date_gmt":"2021-09-23T08:50:11","guid":{"rendered":"https:\/\/blogs.dlapiper.com\/advocatus\/?p=2639"},"modified":"2022-10-27T10:59:01","modified_gmt":"2022-10-27T08:59:01","slug":"egyre-kozelebb-a-penzugyi-szektor-a-zold-penzugyi-fordulathoz","status":"publish","type":"post","link":"https:\/\/blogs.dlapiper.com\/advocatus\/2021\/09\/egyre-kozelebb-a-penzugyi-szektor-a-zold-penzugyi-fordulathoz\/","title":{"rendered":"Egyre k\u00f6zelebb a p\u00e9nz\u00fcgyi szektor a z\u00f6ld p\u00e9nz\u00fcgyi fordulathoz"},"content":{"rendered":"\t\t<div data-elementor-type=\"wp-post\" data-elementor-id=\"2639\" class=\"elementor elementor-2639\" data-elementor-post-type=\"post\">\n\t\t\t\t\t\t<section class=\"elementor-section elementor-top-section elementor-element elementor-element-17195e68 elementor-section-boxed elementor-section-height-default elementor-section-height-default\" data-id=\"17195e68\" data-element_type=\"section\">\n\t\t\t\t\t\t<div class=\"elementor-container elementor-column-gap-default\">\n\t\t\t\t\t<div class=\"elementor-column elementor-col-100 elementor-top-column elementor-element elementor-element-a9100e8\" data-id=\"a9100e8\" data-element_type=\"column\">\n\t\t\t<div class=\"elementor-widget-wrap elementor-element-populated\">\n\t\t\t\t\t\t<div class=\"elementor-element elementor-element-7ad73381 elementor-widget elementor-widget-text-editor\" data-id=\"7ad73381\" data-element_type=\"widget\" data-widget_type=\"text-editor.default\">\n\t\t\t\t<div class=\"elementor-widget-container\">\n\t\t\t\t\t\t\t\t\t<p><strong style=\"font-size: 16px\">M\u00e9g ink\u00e1bb f\u00f3kuszba ker\u00fclnek a j\u00f6v\u0151ben a fenntarthat\u00f3s\u00e1gi c\u00e9l\u00fa finansz\u00edroz\u00e1sok Magyarorsz\u00e1gon, miut\u00e1n a nemzetk\u00f6zi z\u00f6ld szab\u00e1lyoz\u00e1s hull\u00e1mai a hazai p\u00e9nz\u00fcgyi szektort is el\u00e9rt\u00e9k.<\/strong><\/p>\n<ul>\n<li><strong>A k\u00f6rnyezetv\u00e9delmi szempontb\u00f3l fenntarthat\u00f3 gazdas\u00e1gi tev\u00e9kenys\u00e9gek \u00e9s beruh\u00e1z\u00e1sok finansz\u00edroz\u00e1s\u00e1t a szab\u00e1lyoz\u00f3i elv\u00e1r\u00e1sokon fel\u00fcl t\u00e1rsadalmi \u00e9rdekek is t\u00e1mogatj\u00e1k.<\/strong><\/li>\n<li><strong>Borb\u00e9ly G\u00e1bor, a DLA Piper Hungary szak\u00e9rt\u0151j\u00e9nek \u00f6sszes\u00edt\u0151 cikke.<\/strong><\/li>\n<\/ul>\n<blockquote><p>A Magyar Nemzeti Bank c\u00e9ljak\u00e9nt kommunik\u00e1lta, hogy 2021 a z\u00f6ld fordulat \u00e9ve legyen Magyarorsz\u00e1gon, azzal az elv\u00e1r\u00e1ssal, hogy a p\u00e9nz\u00fcgyi szektor szerepl\u0151i tegy\u00e9k z\u00f6ldebb\u00e9 term\u00e9keiket, szolg\u00e1ltat\u00e1saikat \u00e9s m\u0171k\u00f6d\u00e9s\u00fcket. Mivel a z\u00f6ld szab\u00e1lyoz\u00e1s hull\u00e1mai a p\u00e9nz\u00fcgyi szektort is el\u00e9rt\u00e9k, a k\u00f6zelj\u00f6v\u0151ben v\u00e1rhat\u00f3an m\u00e9g ink\u00e1bb f\u00f3kuszba ker\u00fclnek a fenntarthat\u00f3s\u00e1gi c\u00e9l\u00fa finansz\u00edroz\u00e1sok.<\/p><\/blockquote>\n<p><strong>Mi t\u00f6rt\u00e9nt eddig?<\/strong><\/p>\n<p>Sz\u00e1mos eur\u00f3pai uni\u00f3s l\u00e9p\u00e9s t\u00f6rt\u00e9nt az elm\u00falt id\u0151szakban, amely az ESG \u00fczleti \u00e9s t\u00e1rsadalmi modell kih\u00edv\u00e1saira hivatott v\u00e1laszokat adni, illetve a felmer\u00fclt k\u00e9rd\u00e9sek kezel\u00e9s\u00e9ben l\u00e9p el\u0151re. Gondoljunk csak a p\u00e9nz\u00fcgyi szolg\u00e1ltat\u00e1si \u00e1gazatban a fenntarthat\u00f3s\u00e1ggal kapcsolatos k\u00f6zz\u00e9t\u00e9telekr\u0151l sz\u00f3l\u00f3 (\u201e<em>SFDR<\/em>\u201d), illetve a fenntarthat\u00f3 befektet\u00e9sek el\u0151mozd\u00edt\u00e1s\u00e1t c\u00e9lz\u00f3 keret l\u00e9trehoz\u00e1s\u00e1r\u00f3l sz\u00f3l\u00f3 (\u201e<em>Taxonomy Regulation<\/em>\u201d*) EU Rendeletekre vagy a Bizotts\u00e1g \u00e1ltal j\u00faliusban meghirdetett, a fenntarthat\u00f3 gazdas\u00e1g \u00e1tmenet\u00e9nek finansz\u00edroz\u00e1s\u00e1ra vonatkoz\u00f3 strat\u00e9gi\u00e1j\u00e1ra (\u201e<em>Strategy for Financing the Transition to a Sustainable Economy<\/em>\u201d). A nyilv\u00e1noss\u00e1gon kereszt\u00fcl el\u00e9rhet\u0151 transzparencia, a k\u00f6z\u00f6s nyelv \u00e9s szabv\u00e1nyok (\u201elabelling\u201d), az egys\u00e9ges min\u0151s\u00edt\u00e9sek \u00e9s technikai vizsg\u00e1lati krit\u00e9riumok megteremt\u00e9se, a m\u00e9g k\u00f6rnyezetterhel\u0151 ipar\u00e1gak \u00e1talakul\u00e1s\u00e1nak biztos\u00edt\u00e1sa \u00e9s az ESG-re \u00e9p\u00fcl\u0151 gazdas\u00e1g \u00e9s a piaci szerepl\u0151k hiteless\u00e9g\u00e9t vesz\u00e9lyeztet\u0151 \u201ez\u00f6ldre fest\u00e9s\u201d (\u201egreenwashing\u201d) visszaszor\u00edt\u00e1sa mind nyomon k\u00f6vethet\u0151 ezekben. A fenntarthat\u00f3s\u00e1g megjelenik a bankok m\u0171k\u00f6d\u00e9si modelljeiben, kock\u00e1zat\u00e9rt\u00e9kel\u00e9si rendszer\u00e9ben \u00e9s magukban a hitelterm\u00e9kekben is. A jegybank, egyebek k\u00f6z\u00f6tt, z\u00f6ld aj\u00e1nl\u00e1s\u00e1t \u00e9s a z\u00f6ld t\u0151kek\u00f6vetelm\u00e9ny kedvezm\u00e9ny keretrendszer\u00e9t k\u00f6zz\u00e9t\u00e9ve ad az int\u00e9zm\u00e9nyeknek ir\u00e1nymutat\u00e1st.<\/p>\n<p>Nyilv\u00e1nval\u00f3 \u00f6sszt\u00e1rsadalmi c\u00e9l a befektet\u0151k \u00f6szt\u00f6nz\u00e9se \u00e9s a befektet\u00e9sek intenzit\u00e1s\u00e1nak n\u00f6vel\u00e9se a fenntarthat\u00f3 gazdas\u00e1g ir\u00e1ny\u00e1ban. A k\u00fcl\u00f6nb\u00f6z\u0151 uni\u00f3s, egy\u00e9b nemzetk\u00f6zi, illetve tag\u00e1llami c\u00e9lok megfogalmaz\u00e1sa \u00e9s a t\u00e1mogat\u00e1si rendszerek l\u00e9trehozatala mellett jelent\u0151s kih\u00edv\u00e1sokkal n\u00e9z szembe a priv\u00e1t finansz\u00edroz\u00f3i szektor is. A kl\u00edmav\u00e1ltoz\u00e1st a fel\u00fcgyeleti int\u00e9zm\u00e9nyek ma m\u00e1r egy\u00e9rtelm\u0171en p\u00e9nz\u00fcgyi kock\u00e1zatnak tekintik.<\/p>\n<blockquote><p>A t\u00e1rsadalmi felel\u0151ss\u00e9gv\u00e1llal\u00e1s \u00e9s a saj\u00e1t befektet\u0151i elv\u00e1r\u00e1sok mellett a z\u00f6ld szab\u00e1lyoz\u00e1s \u00faj finansz\u00edroz\u00e1si term\u00e9keket \u00e9s f\u00f3kuszokat eredm\u00e9nyez, amelyekkel a v\u00e1llalkoz\u00e1soknak is tiszt\u00e1ban kell lenni\u00fck. A bankok z\u00f6ld eszk\u00f6z\u00e9rt\u00e9k\u00e9nek (\u201egreen asset ratio\u201d) k\u00f6zeli publik\u00e1l\u00e1si k\u00f6vetelm\u00e9nye \u00e9s a t\u0151ke-megfelel\u00e9si inszent\u00edv\u00e1k ehhez szint\u00e9n hozz\u00e1j\u00e1rulnak.<\/p><\/blockquote>\n<h4><strong>&nbsp;<\/strong><strong>Fenntarthat\u00f3 finansz\u00edroz\u00e1s a gyakorlatban<\/strong><\/h4>\n<ol>\n<li><strong> A z\u00f6ld hitel \u00e9s k\u00f6tv\u00e9ny <\/strong><\/li>\n<\/ol>\n<p>Az \u00fan. z\u00f6ld finansz\u00edroz\u00e1s ma m\u00e1r l\u00e9pten-nyomon alkalmazott, \u00e9s mind a hitel, mind a k\u00f6tv\u00e9nypiacon megjelent, annak ellen\u00e9re, hogy \u00e1tfog\u00f3an \u201eszabv\u00e1nyos\u00edtott\u201d felt\u00e9telrendszerr\u0151l m\u00e9g nem besz\u00e9lhet\u00fcnk, de p\u00e9ld\u00e1ul a Bizotts\u00e1g m\u00e1r javaslattal \u00e1llt el\u0151 egy eur\u00f3pai \u00f6nk\u00e9ntes z\u00f6ld k\u00f6tv\u00e9ny standardiz\u00e1ci\u00f3 ir\u00e1ny\u00e1ban. A z\u00f6ld hitel \u00e9s k\u00f6tv\u00e9ny f\u0151 jellemz\u0151je, hogy a forr\u00e1st egy kifejezetten k\u00f6rnyezeti c\u00e9lra (z\u00f6ld projektre) kell felhaszn\u00e1lni \u00e9s erre vonatkoz\u00f3an adatot szolg\u00e1ltatni. Ennek m\u00e1r szektor specifikus jellemz\u0151ir\u0151l is lehet besz\u00e9lni, ilyenek p\u00e9ld\u00e1ul a z\u00f6ld \u00e9p\u00fcletek finansz\u00edroz\u00e1si keretei.<\/p>\n<ol start=\"2\">\n<li><strong> A fenntarthat\u00f3s\u00e1gi c\u00e9l\u00fa finansz\u00edroz\u00e1s <\/strong><\/li>\n<\/ol>\n<p>M\u00e1sik, n\u00e9mileg \u00faj finansz\u00edroz\u00e1si term\u00e9k, a fenntarthat\u00f3s\u00e1gi c\u00e9l\u00fa finansz\u00edroz\u00e1s (\u201esustainability linked financing\u201d) mind hitelek, mind k\u00f6tv\u00e9nyek form\u00e1j\u00e1ban. Ez k\u00fcl\u00f6n\u00f6sen olyan szektorok \u00e9s v\u00e1llalkoz\u00e1sok eset\u00e9n lehet relev\u00e1ns, amelyek z\u00f6ld finansz\u00edroz\u00e1st nem tudnak ig\u00e9nybe venni (p\u00e9ld\u00e1ul ilyen projekt hi\u00e1ny\u00e1ban), illetve a z\u00f6ld finansz\u00edroz\u00e1sukat egy\u00e9b fenntarthat\u00f3s\u00e1gi v\u00e1llal\u00e1saik ment\u00e9n ki k\u00edv\u00e1nj\u00e1k eg\u00e9sz\u00edteni. A z\u00f6ld finansz\u00edroz\u00e1shoz k\u00e9pest k\u00fcl\u00f6nbs\u00e9g, hogy maga a hitelc\u00e9l nem ESG jelleg\u0171, hanem p\u00e9ld\u00e1ul \u00e1ltal\u00e1nos v\u00e1llalatfinansz\u00edroz\u00e1s. Ugyanakkor az ad\u00f3s konkr\u00e9tan meghat\u00e1rozott, a finansz\u00edroz\u00f3kkal egy\u00fctt kidolgozott \u00e9s \u00e1ltaluk \u00e9rt\u00e9kelt ESG (teh\u00e1t nem csak k\u00f6rnyezeti, hanem t\u00e1rsadalmi \u00e9s [t\u00e1rsas\u00e1g] ir\u00e1ny\u00edt\u00e1si) ambici\u00f3zus fenntarthat\u00f3s\u00e1gi c\u00e9lt vagy c\u00e9lokat t\u0171z ki. A c\u00e9lok teljes\u00edt\u00e9s\u00e9t a finansz\u00edroz\u00f3 p\u00e9ld\u00e1ul a kamatfel\u00e1r cs\u00f6kkent\u00e9s\u00e9vel honor\u00e1lja egy r\u00f6gz\u00edtett szerz\u0151d\u00e9ses mechanizmuson kereszt\u00fcl, de elmarad\u00e1sukat, a kamatfel\u00e1ron k\u00edv\u00fcl, tipikusan nem felt\u00e9tlen\u00fcl szankcion\u00e1lja. Fontos krit\u00e9rium m\u00e9g a meghat\u00e1rozott c\u00e9l teljes\u00edt\u00e9s\u00e9r\u0151l sz\u00f3l\u00f3 rendszeres ad\u00f3si besz\u00e1mol\u00f3 \u00e9s a k\u00fcls\u0151 szak\u00e9rt\u0151 \u00e1ltali monitoring.<\/p>\n<ol start=\"3\">\n<li><strong> A t\u00e1rsadalmi c\u00e9l\u00fa hitelez\u00e9s <\/strong><\/li>\n<\/ol>\n<p>Harmadik formak\u00e9nt jelenik meg az \u00fan. t\u00e1rsadalmi c\u00e9l\u00fa hitelez\u00e9s (\u201esocial loans\u201d), amely az ESG h\u00e1rom pill\u00e9re (k\u00f6rnyezetre gyakorolt hat\u00e1s, t\u00e1rsadalmi, illetve ir\u00e1ny\u00edt\u00e1si k\u00e9rd\u00e9sek) k\u00f6z\u00fcl a m\u00e1sodik pill\u00e9rt hivatott t\u00e1mogatni. A term\u00e9k LMA (\u201eLoan Market Association\u201d) \u00e1ltal aj\u00e1nlott elvei k\u00f6z\u00f6tt k\u00fcl\u00f6n\u00f6sen fontos a forr\u00e1s felhaszn\u00e1l\u00e1s\u00e1nak a k\u00f6vethet\u0151s\u00e9ge.<\/p>\n<h4><strong>Mi v\u00e1rhat\u00f3 a k\u00f6zelj\u00f6v\u0151ben?<\/strong><\/h4>\n<blockquote><p>A k\u00f6zelj\u00f6v\u0151ben v\u00e1rhat\u00f3an m\u00e9g jobban felgyorsulnak a z\u00f6ld finansz\u00edroz\u00e1si term\u00e9kfejleszt\u00e9sek, hiszen mind racion\u00e1lis t\u00e1rsadalmi \u00e9rdek, mind szab\u00e1lyoz\u00f3i elv\u00e1r\u00e1s, hogy Magyarorsz\u00e1gon biztos\u00edtani kell a k\u00f6rnyezetv\u00e9delmi szempontb\u00f3l fenntarthat\u00f3 gazdas\u00e1gi tev\u00e9kenys\u00e9gek \u00e9s beruh\u00e1z\u00e1sok finansz\u00edroz\u00e1s\u00e1t.<\/p><\/blockquote>\n<p>A jegybank \u00e9s a nemzetk\u00f6zi szervezetek (LMA, ICMA, LSTA) sz\u00e1mos, a fenti finansz\u00edroz\u00e1sok kereteit \u00e9s elveit lefektet\u0151 anyagot publik\u00e1ltak az elm\u00falt id\u0151szakban, amelyek kifejezetten hasznos ir\u00e1nymutat\u00e1st \u00e9s harmoniz\u00e1ci\u00f3s lehet\u0151s\u00e9get ny\u00fajtanak a piaci szerepl\u0151k sz\u00e1m\u00e1ra.<\/p>\n<p><em>* <\/em><em>A fenntarthat\u00f3 befektet\u00e9sek el\u0151mozd\u00edt\u00e1s\u00e1t c\u00e9lz\u00f3 keret l\u00e9trehoz\u00e1s\u00e1r\u00f3l sz\u00f3l\u00f3 EU Rendelet (\u201eTaxonomy Regulation\u201d) c\u00e9lja, hogy cs\u00f6kkentse a fenntarthat\u00f3 finansz\u00edroz\u00e1si gyakorlat sz\u00e9ttagolts\u00e1g\u00e1t \u00e9s megakad\u00e1lyozza az \u00fan. \u201ez\u00f6ldre fest\u00e9st\u201d p\u00e9nz\u00fcgyi term\u00e9kekn\u00e9l. Meghat\u00e1rozza a k\u00f6rnyezeti szempontb\u00f3l fenntarthat\u00f3 tev\u00e9kenys\u00e9geket, s bevezeti a technikai vizsg\u00e1lati krit\u00e9riumokra vonatkoz\u00f3 k\u00f6vetelm\u00e9nyeket.<\/em><\/p>\n<hr>\n<p><em>Szak\u00e9rt\u0151nk b\u00e1rmely k\u00e9rd\u00e9s eset\u00e9n \u00e1ll sz\u00edves rendelkez\u00e9s\u00fckre:<\/em><\/p>\t\t\t\t\t\t\t\t<\/div>\n\t\t\t\t<\/div>\n\t\t\t\t\t<\/div>\n\t\t<\/div>\n\t\t\t\t\t<\/div>\n\t\t<\/section>\n\t\t\t\t<section class=\"elementor-section elementor-top-section elementor-element elementor-element-be4a5ff elementor-section-boxed elementor-section-height-default elementor-section-height-default\" data-id=\"be4a5ff\" data-element_type=\"section\">\n\t\t\t\t\t\t<div class=\"elementor-container elementor-column-gap-default\">\n\t\t\t\t\t<div class=\"elementor-column elementor-col-50 elementor-top-column elementor-element elementor-element-52eb94d\" data-id=\"52eb94d\" data-element_type=\"column\">\n\t\t\t<div class=\"elementor-widget-wrap elementor-element-populated\">\n\t\t\t\t\t\t<div class=\"elementor-element elementor-element-7e21298 elementor-flip-box--direction-left elementor-flip-box--effect-flip elementor-widget elementor-widget-global elementor-global-2919 elementor-widget-flip-box\" data-id=\"7e21298\" data-element_type=\"widget\" data-widget_type=\"flip-box.default\">\n\t\t\t\t<div class=\"elementor-widget-container\">\n\t\t\t\t\t\t\t<div class=\"elementor-flip-box\" tabindex=\"0\">\n\t\t\t<div class=\"elementor-flip-box__layer elementor-flip-box__front\">\n\t\t\t\t<div class=\"elementor-flip-box__layer__overlay\">\n\t\t\t\t\t<div class=\"elementor-flip-box__layer__inner\">\n\t\t\t\t\t\t\t\t\t\t\t\t\t<div class=\"elementor-flip-box__image\">\n\t\t\t\t\t\t\t\t<img decoding=\"async\" src=\"https:\/\/blogs.dlapiper.com\/advocatus\/files\/elementor\/thumbs\/Borbely-Gabor_szurke_hatter-rgaar3s9as2e568zmug5uy2059a8bllvf5ixm6i640.png\" title=\"Borb\u00e9ly G\u00e1bor\" alt=\"Borb\u00e9ly G\u00e1bor\" loading=\"lazy\" \/>\t\t\t\t\t\t\t<\/div>\n\t\t\t\t\t\t\n\t\t\t\t\t\t\t\t\t\t\t\t\t<h3 class=\"elementor-flip-box__layer__title\">\n\t\t\t\t\t\t\t\tBorb\u00e9ly G\u00e1bor\t\t\t\t\t\t\t<\/h3>\n\t\t\t\t\t\t\n\t\t\t\t\t\t\t\t\t\t\t\t\t<div class=\"elementor-flip-box__layer__description\">\n\t\t\t\t\t\t\t\tPartner, <p>Finansz\u00edroz\u00e1si \u00e9s Ingatlanjogi Csoportvezet\u0151\n\n\n\t\t\t\t\t\t\t<\/div>\n\t\t\t\t\t\t\t\t\t\t\t<\/div>\n\t\t\t\t<\/div>\n\t\t\t<\/div>\n\t\t\t<a class=\"elementor-flip-box__layer elementor-flip-box__back\" href=\"mailto:gabor.borbely@dlapiper.com\">\n\t\t\t<div class=\"elementor-flip-box__layer__overlay\">\n\t\t\t\t<div class=\"elementor-flip-box__layer__inner\">\n\t\t\t\t\t\t\t\t\t\t\t<h3 class=\"elementor-flip-box__layer__title\">\n\t\t\t\t\t\t\tBorb\u00e9ly G\u00e1bor\t\t\t\t\t\t<\/h3>\n\t\t\t\t\t\n\t\t\t\t\t\t\t\t\t\t\t<div class=\"elementor-flip-box__layer__description\">\n\t\t\t\t\t\t\tG\u00e1bor a DLA Piper Hungary partnere, a finansz\u00edroz\u00e1si praxis vezet\u0151je. Sz\u00e9lesk\u00f6r\u0171 tapasztalattal rendelkezik a magyarorsz\u00e1gi piachoz k\u00f6t\u0151d\u0151, valamint a hat\u00e1ron \u00e1tny\u00fal\u00f3 nemzetk\u00f6zi finansz\u00edroz\u00e1si \u00fcgyletek, k\u00e9toldal\u00fa, valamint a szindik\u00e1lt hitelkonstrukci\u00f3k jogi struktur\u00e1l\u00e1sa ter\u00e9n.\t\t\t\t\t\t<\/div>\n\t\t\t\t\t\n\t\t\t\t\t\t\t\t\t\t\t<span class=\"elementor-flip-box__button elementor-button elementor-size-xs\">\n\t\t\t\t\t\t\tE-mailt k\u00fcld\u00f6k\t\t\t\t\t\t<\/span>\n\t\t\t\t\t\t\t\t<\/div>\n\t\t<\/div>\n\t\t<\/a>\n\t\t<\/div>\n\t\t\t\t\t\t<\/div>\n\t\t\t\t<\/div>\n\t\t\t\t\t<\/div>\n\t\t<\/div>\n\t\t\t\t<div class=\"elementor-column elementor-col-50 elementor-top-column elementor-element elementor-element-eff8f40\" data-id=\"eff8f40\" data-element_type=\"column\">\n\t\t\t<div class=\"elementor-widget-wrap\">\n\t\t\t\t\t\t\t<\/div>\n\t\t<\/div>\n\t\t\t\t\t<\/div>\n\t\t<\/section>\n\t\t\t\t<\/div>\n\t\t","protected":false},"excerpt":{"rendered":"<p>M\u00e9g ink\u00e1bb f\u00f3kuszba ker\u00fclnek a j\u00f6v\u0151ben a fenntarthat\u00f3s\u00e1gi c\u00e9l\u00fa finansz\u00edroz\u00e1sok Magyarorsz\u00e1gon, miut\u00e1n a nemzetk\u00f6zi z\u00f6ld szab\u00e1lyoz\u00e1s hull\u00e1mai a hazai p\u00e9nz\u00fcgyi szektort is el\u00e9rt\u00e9k. A k\u00f6rnyezetv\u00e9delmi szempontb\u00f3l fenntarthat\u00f3 gazdas\u00e1gi tev\u00e9kenys\u00e9gek \u00e9s beruh\u00e1z\u00e1sok finansz\u00edroz\u00e1s\u00e1t a szab\u00e1lyoz\u00f3i elv\u00e1r\u00e1sokon fel\u00fcl t\u00e1rsadalmi \u00e9rdekek is t\u00e1mogatj\u00e1k. Borb\u00e9ly G\u00e1bor, a DLA Piper Hungary szak\u00e9rt\u0151j\u00e9nek \u00f6sszes\u00edt\u0151 cikke.<\/p>\n","protected":false},"author":9,"featured_media":2787,"comment_status":"closed","ping_status":"closed","sticky":false,"template":"","format":"standard","meta":{"site-sidebar-layout":"default","site-content-layout":"default","ast-site-content-layout":"default","site-content-style":"default","site-sidebar-style":"default","ast-global-header-display":"","ast-banner-title-visibility":"","ast-main-header-display":"","ast-hfb-above-header-display":"","ast-hfb-below-header-display":"","ast-hfb-mobile-header-display":"","site-post-title":"","ast-breadcrumbs-content":"","ast-featured-img":"","footer-sml-layout":"","theme-transparent-header-meta":"default","adv-header-id-meta":"","stick-header-meta":"","header-above-stick-meta":"","header-main-stick-meta":"","header-below-stick-meta":"","astra-migrate-meta-layouts":"default","ast-page-background-enabled":"default","ast-page-background-meta":{"desktop":{"background-color":"","background-image":"","background-repeat":"repeat","background-position":"center center","background-size":"auto","background-attachment":"scroll","background-type":"","background-media":"","overlay-type":"","overlay-color":"","overlay-opacity":"","overlay-gradient":""},"tablet":{"background-color":"","background-image":"","background-repeat":"repeat","background-position":"center center","background-size":"auto","background-attachment":"scroll","background-type":"","background-media":"","overlay-type":"","overlay-color":"","overlay-opacity":"","overlay-gradient":""},"mobile":{"background-color":"","background-image":"","background-repeat":"repeat","background-position":"center center","background-size":"auto","background-attachment":"scroll","background-type":"","background-media":"","overlay-type":"","overlay-color":"","overlay-opacity":"","overlay-gradient":""}},"ast-content-background-meta":{"desktop":{"background-color":"var(--ast-global-color-5)","background-image":"","background-repeat":"repeat","background-position":"center center","background-size":"auto","background-attachment":"scroll","background-type":"","background-media":"","overlay-type":"","overlay-color":"","overlay-opacity":"","overlay-gradient":""},"tablet":{"background-color":"var(--ast-global-color-5)","background-image":"","background-repeat":"repeat","background-position":"center center","background-size":"auto","background-attachment":"scroll","background-type":"","background-media":"","overlay-type":"","overlay-color":"","overlay-opacity":"","overlay-gradient":""},"mobile":{"background-color":"var(--ast-global-color-5)","background-image":"","background-repeat":"repeat","background-position":"center center","background-size":"auto","background-attachment":"scroll","background-type":"","background-media":"","overlay-type":"","overlay-color":"","overlay-opacity":"","overlay-gradient":""}},"footnotes":""},"categories":[1282,4],"tags":[779,32,778,777],"coauthors":[740],"class_list":["post-2639","post","type-post","status-publish","format-standard","has-post-thumbnail","hentry","category-esg","category-finance","tag-esg","tag-szabalyozas","tag-zold-finanszirozas","tag-zold-fordulat"],"yoast_head":"<!-- This site is optimized with the Yoast SEO plugin v26.1 - https:\/\/yoast.com\/wordpress\/plugins\/seo\/ -->\n<title>Egyre k\u00f6zelebb a p\u00e9nz\u00fcgyi szektor a z\u00f6ld p\u00e9nz\u00fcgyi fordulathoz | DLA Piper<\/title>\n<meta name=\"description\" content=\"M\u00e9g ink\u00e1bb f\u00f3kuszba ker\u00fclnek a j\u00f6v\u0151ben a fenntarthat\u00f3s\u00e1gi c\u00e9l\u00fa finansz\u00edroz\u00e1sok Magyarorsz\u00e1gon, olvassa el \u00f6sszefoglal\u00f3nkat!\" \/>\n<meta name=\"robots\" content=\"index, follow, max-snippet:-1, max-image-preview:large, max-video-preview:-1\" \/>\n<link rel=\"canonical\" href=\"https:\/\/blogs.dlapiper.com\/advocatus\/2021\/09\/egyre-kozelebb-a-penzugyi-szektor-a-zold-penzugyi-fordulathoz\/\" \/>\n<meta property=\"og:locale\" content=\"en_GB\" \/>\n<meta property=\"og:type\" content=\"article\" \/>\n<meta property=\"og:title\" content=\"Egyre k\u00f6zelebb a p\u00e9nz\u00fcgyi szektor a z\u00f6ld p\u00e9nz\u00fcgyi fordulathoz | DLA Piper\" \/>\n<meta property=\"og:description\" content=\"M\u00e9g ink\u00e1bb f\u00f3kuszba ker\u00fclnek a j\u00f6v\u0151ben a fenntarthat\u00f3s\u00e1gi c\u00e9l\u00fa finansz\u00edroz\u00e1sok Magyarorsz\u00e1gon, olvassa el \u00f6sszefoglal\u00f3nkat!\" \/>\n<meta property=\"og:url\" content=\"https:\/\/blogs.dlapiper.com\/advocatus\/2021\/09\/egyre-kozelebb-a-penzugyi-szektor-a-zold-penzugyi-fordulathoz\/\" \/>\n<meta property=\"og:site_name\" content=\"Advocatus\" \/>\n<meta property=\"article:published_time\" content=\"2021-09-23T08:50:11+00:00\" \/>\n<meta property=\"article:modified_time\" content=\"2022-10-27T08:59:01+00:00\" \/>\n<meta property=\"og:image\" content=\"https:\/\/blogs.dlapiper.com\/advocatus\/files\/2021\/09\/advocatus-header-1.png\" \/>\n\t<meta property=\"og:image:width\" content=\"1200\" \/>\n\t<meta property=\"og:image:height\" content=\"300\" \/>\n\t<meta property=\"og:image:type\" content=\"image\/png\" \/>\n<meta name=\"author\" content=\"Borb\u00e9ly G\u00e1bor\" \/>\n<meta name=\"twitter:card\" content=\"summary_large_image\" \/>\n<meta name=\"twitter:label1\" content=\"Written by\" \/>\n\t<meta name=\"twitter:data1\" content=\"Borb\u00e9ly G\u00e1bor\" \/>\n\t<meta name=\"twitter:label2\" content=\"Estimated reading time\" \/>\n\t<meta name=\"twitter:data2\" content=\"4 minutes\" \/>\n<script type=\"application\/ld+json\" class=\"yoast-schema-graph\">{\"@context\":\"https:\/\/schema.org\",\"@graph\":[{\"@type\":\"Article\",\"@id\":\"https:\/\/blogs.dlapiper.com\/advocatus\/2021\/09\/egyre-kozelebb-a-penzugyi-szektor-a-zold-penzugyi-fordulathoz\/#article\",\"isPartOf\":{\"@id\":\"https:\/\/blogs.dlapiper.com\/advocatus\/2021\/09\/egyre-kozelebb-a-penzugyi-szektor-a-zold-penzugyi-fordulathoz\/\"},\"author\":{\"name\":\"Borb\u00e9ly G\u00e1bor\",\"@id\":\"https:\/\/blogs.dlapiper.com\/advocatus\/#\/schema\/person\/5b17fbe49b5b27430250ec1df93ba955\"},\"headline\":\"Egyre k\u00f6zelebb a p\u00e9nz\u00fcgyi szektor a z\u00f6ld p\u00e9nz\u00fcgyi fordulathoz\",\"datePublished\":\"2021-09-23T08:50:11+00:00\",\"dateModified\":\"2022-10-27T08:59:01+00:00\",\"mainEntityOfPage\":{\"@id\":\"https:\/\/blogs.dlapiper.com\/advocatus\/2021\/09\/egyre-kozelebb-a-penzugyi-szektor-a-zold-penzugyi-fordulathoz\/\"},\"wordCount\":1408,\"publisher\":{\"@id\":\"https:\/\/blogs.dlapiper.com\/advocatus\/#organization\"},\"image\":{\"@id\":\"https:\/\/blogs.dlapiper.com\/advocatus\/2021\/09\/egyre-kozelebb-a-penzugyi-szektor-a-zold-penzugyi-fordulathoz\/#primaryimage\"},\"thumbnailUrl\":\"https:\/\/blogs.dlapiper.com\/advocatus\/files\/2021\/09\/advocatus-header-1.png\",\"keywords\":[\"ESG\",\"szab\u00e1lyoz\u00e1s\",\"z\u00f6ld finansz\u00edroz\u00e1s\",\"z\u00f6ld fordulat\"],\"articleSection\":[\"ESG\",\"Finance | Bankjog\"],\"inLanguage\":\"en-GB\"},{\"@type\":\"WebPage\",\"@id\":\"https:\/\/blogs.dlapiper.com\/advocatus\/2021\/09\/egyre-kozelebb-a-penzugyi-szektor-a-zold-penzugyi-fordulathoz\/\",\"url\":\"https:\/\/blogs.dlapiper.com\/advocatus\/2021\/09\/egyre-kozelebb-a-penzugyi-szektor-a-zold-penzugyi-fordulathoz\/\",\"name\":\"Egyre k\u00f6zelebb a p\u00e9nz\u00fcgyi szektor a z\u00f6ld p\u00e9nz\u00fcgyi fordulathoz | DLA Piper\",\"isPartOf\":{\"@id\":\"https:\/\/blogs.dlapiper.com\/advocatus\/#website\"},\"primaryImageOfPage\":{\"@id\":\"https:\/\/blogs.dlapiper.com\/advocatus\/2021\/09\/egyre-kozelebb-a-penzugyi-szektor-a-zold-penzugyi-fordulathoz\/#primaryimage\"},\"image\":{\"@id\":\"https:\/\/blogs.dlapiper.com\/advocatus\/2021\/09\/egyre-kozelebb-a-penzugyi-szektor-a-zold-penzugyi-fordulathoz\/#primaryimage\"},\"thumbnailUrl\":\"https:\/\/blogs.dlapiper.com\/advocatus\/files\/2021\/09\/advocatus-header-1.png\",\"datePublished\":\"2021-09-23T08:50:11+00:00\",\"dateModified\":\"2022-10-27T08:59:01+00:00\",\"description\":\"M\u00e9g ink\u00e1bb f\u00f3kuszba ker\u00fclnek a j\u00f6v\u0151ben a fenntarthat\u00f3s\u00e1gi c\u00e9l\u00fa finansz\u00edroz\u00e1sok Magyarorsz\u00e1gon, olvassa el \u00f6sszefoglal\u00f3nkat!\",\"breadcrumb\":{\"@id\":\"https:\/\/blogs.dlapiper.com\/advocatus\/2021\/09\/egyre-kozelebb-a-penzugyi-szektor-a-zold-penzugyi-fordulathoz\/#breadcrumb\"},\"inLanguage\":\"en-GB\",\"potentialAction\":[{\"@type\":\"ReadAction\",\"target\":[\"https:\/\/blogs.dlapiper.com\/advocatus\/2021\/09\/egyre-kozelebb-a-penzugyi-szektor-a-zold-penzugyi-fordulathoz\/\"]}]},{\"@type\":\"ImageObject\",\"inLanguage\":\"en-GB\",\"@id\":\"https:\/\/blogs.dlapiper.com\/advocatus\/2021\/09\/egyre-kozelebb-a-penzugyi-szektor-a-zold-penzugyi-fordulathoz\/#primaryimage\",\"url\":\"https:\/\/blogs.dlapiper.com\/advocatus\/files\/2021\/09\/advocatus-header-1.png\",\"contentUrl\":\"https:\/\/blogs.dlapiper.com\/advocatus\/files\/2021\/09\/advocatus-header-1.png\",\"width\":1200,\"height\":300},{\"@type\":\"BreadcrumbList\",\"@id\":\"https:\/\/blogs.dlapiper.com\/advocatus\/2021\/09\/egyre-kozelebb-a-penzugyi-szektor-a-zold-penzugyi-fordulathoz\/#breadcrumb\",\"itemListElement\":[{\"@type\":\"ListItem\",\"position\":1,\"name\":\"Home\",\"item\":\"https:\/\/blogs.dlapiper.com\/advocatus\/\"},{\"@type\":\"ListItem\",\"position\":2,\"name\":\"Egyre k\u00f6zelebb a p\u00e9nz\u00fcgyi szektor a z\u00f6ld p\u00e9nz\u00fcgyi fordulathoz\"}]},{\"@type\":\"WebSite\",\"@id\":\"https:\/\/blogs.dlapiper.com\/advocatus\/#website\",\"url\":\"https:\/\/blogs.dlapiper.com\/advocatus\/\",\"name\":\"Advocatus\",\"description\":\"A DLA Piper Jogi Blogja\",\"publisher\":{\"@id\":\"https:\/\/blogs.dlapiper.com\/advocatus\/#organization\"},\"potentialAction\":[{\"@type\":\"SearchAction\",\"target\":{\"@type\":\"EntryPoint\",\"urlTemplate\":\"https:\/\/blogs.dlapiper.com\/advocatus\/?s={search_term_string}\"},\"query-input\":{\"@type\":\"PropertyValueSpecification\",\"valueRequired\":true,\"valueName\":\"search_term_string\"}}],\"inLanguage\":\"en-GB\"},{\"@type\":\"Organization\",\"@id\":\"https:\/\/blogs.dlapiper.com\/advocatus\/#organization\",\"name\":\"Advocatus\",\"url\":\"https:\/\/blogs.dlapiper.com\/advocatus\/\",\"logo\":{\"@type\":\"ImageObject\",\"inLanguage\":\"en-GB\",\"@id\":\"https:\/\/blogs.dlapiper.com\/advocatus\/#\/schema\/logo\/image\/\",\"url\":\"https:\/\/blogs.dlapiper.com\/advocatus\/files\/2019\/06\/cropped-logo-144-1.png\",\"contentUrl\":\"https:\/\/blogs.dlapiper.com\/advocatus\/files\/2019\/06\/cropped-logo-144-1.png\",\"width\":223,\"height\":130,\"caption\":\"Advocatus\"},\"image\":{\"@id\":\"https:\/\/blogs.dlapiper.com\/advocatus\/#\/schema\/logo\/image\/\"},\"sameAs\":[\"https:\/\/www.linkedin.com\/showcase\/dla-piper-hungary\/\"]},{\"@type\":\"Person\",\"@id\":\"https:\/\/blogs.dlapiper.com\/advocatus\/#\/schema\/person\/5b17fbe49b5b27430250ec1df93ba955\",\"name\":\"Borb\u00e9ly G\u00e1bor\",\"url\":\"https:\/\/blogs.dlapiper.com\/advocatus\/author\/borbelyg\/\"}]}<\/script>\n<!-- \/ Yoast SEO plugin. -->","yoast_head_json":{"title":"Egyre k\u00f6zelebb a p\u00e9nz\u00fcgyi szektor a z\u00f6ld p\u00e9nz\u00fcgyi fordulathoz | DLA Piper","description":"M\u00e9g ink\u00e1bb f\u00f3kuszba ker\u00fclnek a j\u00f6v\u0151ben a fenntarthat\u00f3s\u00e1gi c\u00e9l\u00fa finansz\u00edroz\u00e1sok Magyarorsz\u00e1gon, olvassa el \u00f6sszefoglal\u00f3nkat!","robots":{"index":"index","follow":"follow","max-snippet":"max-snippet:-1","max-image-preview":"max-image-preview:large","max-video-preview":"max-video-preview:-1"},"canonical":"https:\/\/blogs.dlapiper.com\/advocatus\/2021\/09\/egyre-kozelebb-a-penzugyi-szektor-a-zold-penzugyi-fordulathoz\/","og_locale":"en_GB","og_type":"article","og_title":"Egyre k\u00f6zelebb a p\u00e9nz\u00fcgyi szektor a z\u00f6ld p\u00e9nz\u00fcgyi fordulathoz | DLA Piper","og_description":"M\u00e9g ink\u00e1bb f\u00f3kuszba ker\u00fclnek a j\u00f6v\u0151ben a fenntarthat\u00f3s\u00e1gi c\u00e9l\u00fa finansz\u00edroz\u00e1sok Magyarorsz\u00e1gon, olvassa el \u00f6sszefoglal\u00f3nkat!","og_url":"https:\/\/blogs.dlapiper.com\/advocatus\/2021\/09\/egyre-kozelebb-a-penzugyi-szektor-a-zold-penzugyi-fordulathoz\/","og_site_name":"Advocatus","article_published_time":"2021-09-23T08:50:11+00:00","article_modified_time":"2022-10-27T08:59:01+00:00","og_image":[{"width":1200,"height":300,"url":"https:\/\/blogs.dlapiper.com\/advocatus\/files\/2021\/09\/advocatus-header-1.png","type":"image\/png"}],"author":"Borb\u00e9ly G\u00e1bor","twitter_card":"summary_large_image","twitter_misc":{"Written by":"Borb\u00e9ly G\u00e1bor","Estimated reading time":"4 minutes"},"schema":{"@context":"https:\/\/schema.org","@graph":[{"@type":"Article","@id":"https:\/\/blogs.dlapiper.com\/advocatus\/2021\/09\/egyre-kozelebb-a-penzugyi-szektor-a-zold-penzugyi-fordulathoz\/#article","isPartOf":{"@id":"https:\/\/blogs.dlapiper.com\/advocatus\/2021\/09\/egyre-kozelebb-a-penzugyi-szektor-a-zold-penzugyi-fordulathoz\/"},"author":{"name":"Borb\u00e9ly G\u00e1bor","@id":"https:\/\/blogs.dlapiper.com\/advocatus\/#\/schema\/person\/5b17fbe49b5b27430250ec1df93ba955"},"headline":"Egyre k\u00f6zelebb a p\u00e9nz\u00fcgyi szektor a z\u00f6ld p\u00e9nz\u00fcgyi fordulathoz","datePublished":"2021-09-23T08:50:11+00:00","dateModified":"2022-10-27T08:59:01+00:00","mainEntityOfPage":{"@id":"https:\/\/blogs.dlapiper.com\/advocatus\/2021\/09\/egyre-kozelebb-a-penzugyi-szektor-a-zold-penzugyi-fordulathoz\/"},"wordCount":1408,"publisher":{"@id":"https:\/\/blogs.dlapiper.com\/advocatus\/#organization"},"image":{"@id":"https:\/\/blogs.dlapiper.com\/advocatus\/2021\/09\/egyre-kozelebb-a-penzugyi-szektor-a-zold-penzugyi-fordulathoz\/#primaryimage"},"thumbnailUrl":"https:\/\/blogs.dlapiper.com\/advocatus\/files\/2021\/09\/advocatus-header-1.png","keywords":["ESG","szab\u00e1lyoz\u00e1s","z\u00f6ld finansz\u00edroz\u00e1s","z\u00f6ld fordulat"],"articleSection":["ESG","Finance | Bankjog"],"inLanguage":"en-GB"},{"@type":"WebPage","@id":"https:\/\/blogs.dlapiper.com\/advocatus\/2021\/09\/egyre-kozelebb-a-penzugyi-szektor-a-zold-penzugyi-fordulathoz\/","url":"https:\/\/blogs.dlapiper.com\/advocatus\/2021\/09\/egyre-kozelebb-a-penzugyi-szektor-a-zold-penzugyi-fordulathoz\/","name":"Egyre k\u00f6zelebb a p\u00e9nz\u00fcgyi szektor a z\u00f6ld p\u00e9nz\u00fcgyi fordulathoz | DLA Piper","isPartOf":{"@id":"https:\/\/blogs.dlapiper.com\/advocatus\/#website"},"primaryImageOfPage":{"@id":"https:\/\/blogs.dlapiper.com\/advocatus\/2021\/09\/egyre-kozelebb-a-penzugyi-szektor-a-zold-penzugyi-fordulathoz\/#primaryimage"},"image":{"@id":"https:\/\/blogs.dlapiper.com\/advocatus\/2021\/09\/egyre-kozelebb-a-penzugyi-szektor-a-zold-penzugyi-fordulathoz\/#primaryimage"},"thumbnailUrl":"https:\/\/blogs.dlapiper.com\/advocatus\/files\/2021\/09\/advocatus-header-1.png","datePublished":"2021-09-23T08:50:11+00:00","dateModified":"2022-10-27T08:59:01+00:00","description":"M\u00e9g ink\u00e1bb f\u00f3kuszba ker\u00fclnek a j\u00f6v\u0151ben a fenntarthat\u00f3s\u00e1gi c\u00e9l\u00fa finansz\u00edroz\u00e1sok Magyarorsz\u00e1gon, olvassa el \u00f6sszefoglal\u00f3nkat!","breadcrumb":{"@id":"https:\/\/blogs.dlapiper.com\/advocatus\/2021\/09\/egyre-kozelebb-a-penzugyi-szektor-a-zold-penzugyi-fordulathoz\/#breadcrumb"},"inLanguage":"en-GB","potentialAction":[{"@type":"ReadAction","target":["https:\/\/blogs.dlapiper.com\/advocatus\/2021\/09\/egyre-kozelebb-a-penzugyi-szektor-a-zold-penzugyi-fordulathoz\/"]}]},{"@type":"ImageObject","inLanguage":"en-GB","@id":"https:\/\/blogs.dlapiper.com\/advocatus\/2021\/09\/egyre-kozelebb-a-penzugyi-szektor-a-zold-penzugyi-fordulathoz\/#primaryimage","url":"https:\/\/blogs.dlapiper.com\/advocatus\/files\/2021\/09\/advocatus-header-1.png","contentUrl":"https:\/\/blogs.dlapiper.com\/advocatus\/files\/2021\/09\/advocatus-header-1.png","width":1200,"height":300},{"@type":"BreadcrumbList","@id":"https:\/\/blogs.dlapiper.com\/advocatus\/2021\/09\/egyre-kozelebb-a-penzugyi-szektor-a-zold-penzugyi-fordulathoz\/#breadcrumb","itemListElement":[{"@type":"ListItem","position":1,"name":"Home","item":"https:\/\/blogs.dlapiper.com\/advocatus\/"},{"@type":"ListItem","position":2,"name":"Egyre k\u00f6zelebb a p\u00e9nz\u00fcgyi szektor a z\u00f6ld p\u00e9nz\u00fcgyi fordulathoz"}]},{"@type":"WebSite","@id":"https:\/\/blogs.dlapiper.com\/advocatus\/#website","url":"https:\/\/blogs.dlapiper.com\/advocatus\/","name":"Advocatus","description":"A DLA Piper Jogi Blogja","publisher":{"@id":"https:\/\/blogs.dlapiper.com\/advocatus\/#organization"},"potentialAction":[{"@type":"SearchAction","target":{"@type":"EntryPoint","urlTemplate":"https:\/\/blogs.dlapiper.com\/advocatus\/?s={search_term_string}"},"query-input":{"@type":"PropertyValueSpecification","valueRequired":true,"valueName":"search_term_string"}}],"inLanguage":"en-GB"},{"@type":"Organization","@id":"https:\/\/blogs.dlapiper.com\/advocatus\/#organization","name":"Advocatus","url":"https:\/\/blogs.dlapiper.com\/advocatus\/","logo":{"@type":"ImageObject","inLanguage":"en-GB","@id":"https:\/\/blogs.dlapiper.com\/advocatus\/#\/schema\/logo\/image\/","url":"https:\/\/blogs.dlapiper.com\/advocatus\/files\/2019\/06\/cropped-logo-144-1.png","contentUrl":"https:\/\/blogs.dlapiper.com\/advocatus\/files\/2019\/06\/cropped-logo-144-1.png","width":223,"height":130,"caption":"Advocatus"},"image":{"@id":"https:\/\/blogs.dlapiper.com\/advocatus\/#\/schema\/logo\/image\/"},"sameAs":["https:\/\/www.linkedin.com\/showcase\/dla-piper-hungary\/"]},{"@type":"Person","@id":"https:\/\/blogs.dlapiper.com\/advocatus\/#\/schema\/person\/5b17fbe49b5b27430250ec1df93ba955","name":"Borb\u00e9ly G\u00e1bor","url":"https:\/\/blogs.dlapiper.com\/advocatus\/author\/borbelyg\/"}]}},"_links":{"self":[{"href":"https:\/\/blogs.dlapiper.com\/advocatus\/wp-json\/wp\/v2\/posts\/2639","targetHints":{"allow":["GET"]}}],"collection":[{"href":"https:\/\/blogs.dlapiper.com\/advocatus\/wp-json\/wp\/v2\/posts"}],"about":[{"href":"https:\/\/blogs.dlapiper.com\/advocatus\/wp-json\/wp\/v2\/types\/post"}],"author":[{"embeddable":true,"href":"https:\/\/blogs.dlapiper.com\/advocatus\/wp-json\/wp\/v2\/users\/9"}],"replies":[{"embeddable":true,"href":"https:\/\/blogs.dlapiper.com\/advocatus\/wp-json\/wp\/v2\/comments?post=2639"}],"version-history":[{"count":0,"href":"https:\/\/blogs.dlapiper.com\/advocatus\/wp-json\/wp\/v2\/posts\/2639\/revisions"}],"wp:featuredmedia":[{"embeddable":true,"href":"https:\/\/blogs.dlapiper.com\/advocatus\/wp-json\/wp\/v2\/media\/2787"}],"wp:attachment":[{"href":"https:\/\/blogs.dlapiper.com\/advocatus\/wp-json\/wp\/v2\/media?parent=2639"}],"wp:term":[{"taxonomy":"category","embeddable":true,"href":"https:\/\/blogs.dlapiper.com\/advocatus\/wp-json\/wp\/v2\/categories?post=2639"},{"taxonomy":"post_tag","embeddable":true,"href":"https:\/\/blogs.dlapiper.com\/advocatus\/wp-json\/wp\/v2\/tags?post=2639"},{"taxonomy":"author","embeddable":true,"href":"https:\/\/blogs.dlapiper.com\/advocatus\/wp-json\/wp\/v2\/coauthors?post=2639"}],"curies":[{"name":"wp","href":"https:\/\/api.w.org\/{rel}","templated":true}]}}