{"id":2489,"date":"2020-05-11T09:00:53","date_gmt":"2020-05-11T07:00:53","guid":{"rendered":"https:\/\/blogs.dlapiper.com\/advocatus\/?p=2489"},"modified":"2023-01-06T13:18:44","modified_gmt":"2023-01-06T12:18:44","slug":"elektronikus-berleti-szerzodesek-mire-varunk-meg","status":"publish","type":"post","link":"https:\/\/blogs.dlapiper.com\/advocatus\/2020\/05\/elektronikus-berleti-szerzodesek-mire-varunk-meg\/","title":{"rendered":"Elektronikus b\u00e9rleti szerz\u0151d\u00e9sek: mire v\u00e1runk m\u00e9g?"},"content":{"rendered":"\t\t<div data-elementor-type=\"wp-post\" data-elementor-id=\"2489\" class=\"elementor elementor-2489\" data-elementor-post-type=\"post\">\n\t\t\t\t\t\t<section class=\"elementor-section elementor-top-section elementor-element elementor-element-2b55ffd8 elementor-section-boxed elementor-section-height-default elementor-section-height-default\" data-id=\"2b55ffd8\" data-element_type=\"section\">\n\t\t\t\t\t\t<div class=\"elementor-container elementor-column-gap-default\">\n\t\t\t\t\t<div class=\"elementor-column elementor-col-100 elementor-top-column elementor-element elementor-element-b687802\" data-id=\"b687802\" data-element_type=\"column\">\n\t\t\t<div class=\"elementor-widget-wrap elementor-element-populated\">\n\t\t\t\t\t\t<div class=\"elementor-element elementor-element-60801fc1 elementor-widget elementor-widget-text-editor\" data-id=\"60801fc1\" data-element_type=\"widget\" data-widget_type=\"text-editor.default\">\n\t\t\t\t<div class=\"elementor-widget-container\">\n\t\t\t\t\t\t\t\t\t<ul><li><strong>A COVID-19 vil\u00e1gj\u00e1rv\u00e1ny okozta v\u00e1ltoz\u00e1sok nagy hat\u00e1st fejtenek ki az \u00fczleti ter\u00fcletekre mind a produktivit\u00e1s, mind a mindennapi tev\u00e9kenys\u00e9gek tekintet\u00e9ben. <\/strong><\/li><li><strong>Az \u00fczletek megk\u00f6t\u00e9s\u00e9nek a szerz\u0151d\u00e9s al\u00e1\u00edr\u00e1sa biztos\u00edtja a jogi alapot, azonban a k\u00e9rd\u00e9s a glob\u00e1lis helyzetet tekintve egy\u00e9rtelm\u0171en k\u00f6vetkezik: hogyan lehets\u00e9ges az elektronikus szerz\u0151d\u00e9sk\u00f6t\u00e9s, \u00e9s mi teheti hivataloss\u00e1 azt?\u00a0<\/strong><\/li><li><strong>Az al\u00e1bbi bejegyz\u00e9sben a DLA Piper Hungary szak\u00e9rt\u0151je Kozma Zolt\u00e1n, tov\u00e1bb\u00e1 Kui Szil\u00e1rd az elektronikus b\u00e9rleti szerz\u0151d\u00e9sk\u00f6t\u00e9sek m\u00f3djait j\u00e1rj\u00e1k k\u00f6r\u00fcl.\u00a0<\/strong><\/li><\/ul><p>A COVID-19 j\u00e1rv\u00e1ny \u00e9s a home office k\u00f6zepette \u00fcgyfeleink r\u00e9sz\u00e9r\u0151l gyakrabban mer\u00fcl fel az a k\u00e9rd\u00e9s, hogy lehet-e elektronikus \u00faton ingatlan b\u00e9rleti szerz\u0151d\u00e9st k\u00f6tni, \u00e9s ha igen milyen k\u00f6vetelm\u00e9nyek \u00e9s felt\u00e9telek mellett. Ahogy az az ilyen egyszer\u0171 k\u00e9rd\u00e9sekn\u00e9l gyakran el\u0151fordul, a v\u00e1lasz nem is annyira k\u00e9zenfekv\u0151 \u00e9s t\u00f6bb jogszab\u00e1lyb\u00f3l lehet csak a mozaik darabk\u00e1it \u00f6sszeszedni.<\/p><p><strong>\u00cdr\u00e1sbelis\u00e9g k\u00f6vetelm\u00e9nye vs. bizony\u00edthat\u00f3s\u00e1g<\/strong><\/p><p>A kiindul\u00f3pontot az jelenti, hogy a jelenleg hat\u00e1lyos szab\u00e1lyoz\u00e1s szerint a Magyarorsz\u00e1g ter\u00fclet\u00e9n tal\u00e1lhat\u00f3 b\u00e1rmely ingatlan b\u00e9rlet\u00e9re \u00e9rv\u00e9nyesen csak \u00edr\u00e1sban k\u00f6thet\u00fcnk b\u00e9rleti szerz\u0151d\u00e9st. Ez nem t\u0171nik teljes\u00edthetetlen kit\u00e9telnek \u00e9s egybeesik a j\u00f3zan \u00e9sz k\u00f6vetelm\u00e9nyeivel is: aligha v\u00e1rhat\u00f3 el a felekt\u0151l, hogy \u00e9vekkel k\u00e9s\u0151bb ugyan\u00fagy eml\u00e9kezzenek a megk\u00f6t\u00f6tt alku minden egyes apr\u00f3 r\u00e9szlet\u00e9re.<\/p><p>Felv\u00e9rtezve a tud\u00e1ssal, hogy csak \u00edr\u00e1sban k\u00f6thet\u00fcnk ingatlan b\u00e9rleti szerz\u0151d\u00e9st, ad\u00f3dik a k\u00e9rd\u00e9s: mi is min\u0151s\u00fcl \u00edr\u00e1sbeli szerz\u0151d\u00e9snek? Egy, a felek \u00e1ltal e-mailbe foglalt szerz\u0151d\u00e9s ugyan\u00fagy \u00edr\u00e1sbeli, mint egy sz\u00e9p \u00fajrahasznos\u00edtott A4-es pap\u00edrlapon meg\u00edrt szerz\u0151d\u00e9s? Nos, itt kezd\u00fcnk igaz\u00e1n \u00e9rdekes ter\u00fcletre \u00e9rni.<\/p><blockquote><p>A Ptk. 6:7.\u00a7 (3) bekezd\u00e9se \u00fagy rendelkezik, hogy \u201e<em>\u00edr\u00e1sba foglaltnak kell tekinteni a jognyilatkozatot akkor is, ha annak k\u00f6zl\u00e9s\u00e9re a jognyilatkozatban foglalt tartalom v\u00e1ltozatlan visszaid\u00e9z\u00e9s\u00e9re, a nyilatkozattev\u0151 szem\u00e9ly\u00e9nek \u00e9s a nyilatkozat megt\u00e9tele id\u0151pontj\u00e1nak azonos\u00edt\u00e1s\u00e1ra alkalmas form\u00e1ban ker\u00fcl sor<\/em>\u201d.<\/p><\/blockquote><p>Mit is jelent ez? Az elektronikus b\u00e9rleti szerz\u0151d\u00e9s\u00fcnk akkor min\u0151s\u00fcl \u00edr\u00e1sbelinek \u00e9s \u00edgy akkor j\u00f6n l\u00e9tre \u00e9rv\u00e9nyesen, ha alkalmas:<\/p><ul><li>az abban foglalt tartalom v\u00e1ltozatlan visszaid\u00e9z\u00e9s\u00e9re, azaz valah\u00e1nyszor megnyitjuk, b\u00edzhatunk abban, hogy az eredeti, a felek \u00e1ltal meg\u00e1llapodott tartalmat l\u00e1tjuk;<\/li><li>a nyilatkozattev\u0151 szem\u00e9ly\u00e9nek azonos\u00edt\u00e1s\u00e1ra; azaz meg\u00e1llap\u00edthat\u00f3 bel\u0151le, hogy ki \u00edrta al\u00e1 a b\u00e9rleti szerz\u0151d\u00e9st (vagy jogi szem\u00e9lyek eset\u00e9ben ki \u00edrta al\u00e1 b\u00e9rleti szerz\u0151d\u00e9st a jogi szem\u00e9ly k\u00e9pviselet\u00e9ben; \u00e9s<\/li><li>a szerz\u0151d\u00e9s al\u00e1\u00edr\u00e1sa id\u0151pontj\u00e1nak azonos\u00edt\u00e1s\u00e1ra.<\/li><\/ul><p>K\u00f6nnyen bel\u00e1that\u00f3, hogy a fenti p\u00e9ld\u00e1nkban eml\u00edtett e-mailbe foglalt b\u00e9rleti szerz\u0151d\u00e9s\u00fcnk hamar elv\u00e9rezhet ezen a jogszab\u00e1lyi h\u00e1rompr\u00f3b\u00e1n. El\u00e9g csak arra gondolnunk, hogy maximum abban lehet\u00fcnk biztosak, hogy milyen e-mail c\u00edmr\u0151l \u00e9rkezett az e-mail, de azt m\u00e1r nem felt\u00e9tlen tudjuk majd bizony\u00edtani, hogy kihez tartozik az e-mail c\u00edm, ki \u00edrta meg az e-mailt, \u00e9s nyomott r\u00e1 a \u201ek\u00fcld\u00e9s\u201d gombra.<\/p><p>A Ptk. fenti szab\u00e1ly\u00e1val kapcsolatban gyakran ism\u00e9telt t\u00e9tel, hogy technol\u00f3gia semleges \u00e9s j\u00f6v\u0151bemutat\u00f3. Nem bajl\u00f3dik a haszn\u00e1land\u00f3 technol\u00f3gia le\u00edr\u00e1s\u00e1val hanem eleg\u00e1nsan azt hat\u00e1rozza meg, hogy mit kell egy adott technol\u00f3gi\u00e1nak teljes\u00edtenie ahhoz, hogy \u00edr\u00e1sbelinek lehessen elismerni.<\/p><blockquote><p>Ez azt is jelenti, hogy az \u00fat nyitva \u00e1ll el\u0151tt\u00fcnk arra, hogy egy jogvita eset\u00e9n meggy\u0151zz\u00fck a b\u00edr\u00f3s\u00e1got arr\u00f3l, hogy a felek \u00e1ltal v\u00e1lasztott technol\u00f3giai megold\u00e1s kiel\u00e9g\u00edti a Ptk. fenti k\u00f6vetelm\u00e9ny\u00e9t (ak\u00e1r m\u00e9g a fent eml\u00edtett email-es p\u00e9lda eset\u00e9n is). A jelenlegi b\u00edr\u00f3s\u00e1gi gyakorlat alapj\u00e1n abban az egyben szinte bizonyosak lehet\u00fcnk, hogy amennyiben egy elektronikus al\u00e1\u00edr\u00e1s megfelel az al\u00e1bbiakban r\u00e9szletezett fokozott biztons\u00e1g\u00fa elektronikus al\u00e1\u00edr\u00e1s felt\u00e9teleinek, akkor az kiel\u00e9g\u00edti az \u00edr\u00e1sbelis\u00e9g k\u00f6vetelm\u00e9ny\u00e9t.<\/p><\/blockquote><p>Arra tekintettel azonban, hogy a gyakorlatban v\u00e9lhet\u0151leg nem arr\u00f3l fogunk vitatkozni, hogy egy nyilatkozat, vagy szerz\u0151d\u00e9s \u00edr\u00e1sban sz\u00fcletett-e meg, hanem ink\u00e1bb arr\u00f3l, hogy megsz\u00fcletett-e egy\u00e1ltal\u00e1n a nyilatkozattev\u0151 r\u00e9sz\u00e9r\u0151l, illetve akkor \u00e9s azzal a tartalommal sz\u00fcletett-e meg, ahogy az az elektronikus dokumentumunkban szerepel, n\u00e9ha m\u00e9gis tan\u00e1csosnak t\u0171nik olyan megold\u00e1st v\u00e1lasztani, amely nagyobb garanci\u00e1t ny\u00fajt sz\u00e1munkra egy ilyen jogvita eset\u00e9n.<\/p><p>Ez\u00e9rt ha valamilyen okb\u00f3l (pl. \u00fcgy\u00e9rt\u00e9k, vagy \u00fcgy t\u00e1rgya) miatt nagyobb biztons\u00e1gra t\u00f6reksz\u00fcnk, c\u00e9lszer\u0171 a Pp. teljes bizony\u00edt\u00f3 erej\u0171 mag\u00e1nokiratokra vonatkoz\u00f3 szab\u00e1lyainak megfelel\u0151 elektronikus dokumentum haszn\u00e1lata.<\/p><blockquote><p>Ilyen pl. ha az elektronikus okiraton az al\u00e1\u00edr\u00f3 az al\u00e1bbiakban ismertetett min\u0151s\u00edtett vagy min\u0151s\u00edtett tan\u00fas\u00edtv\u00e1nyon alapul\u00f3 fokozott biztons\u00e1g\u00fa elektronikus al\u00e1\u00edr\u00e1s\u00e1t vagy b\u00e9lyegz\u0151j\u00e9t helyezte el, \u00e9s &#8211; amennyiben jogszab\u00e1ly \u00fagy rendelkezik &#8211; azon id\u0151b\u00e9lyegz\u0151t helyez el, vagy ha az elektronikus okiratot az al\u00e1\u00edr\u00f3 azonos\u00edt\u00e1sra visszavezetett dokumentumhiteles\u00edt\u00e9s szolg\u00e1ltat\u00e1ssal hiteles\u00edti (AVDH). Felh\u00edvjuk a figyelmet azonban, hogy az AVDH szolg\u00e1ltat\u00e1s c\u00e9gjegyz\u00e9sre t\u00f6rt\u00e9n\u0151 ig\u00e9nybev\u00e9tele a gyakorlatban k\u00e9rd\u0151jeles.<\/p><\/blockquote><p>Fontos kiemelni ugyanakkor, hogy a Ltv. nem k\u00f6veteli meg a teljes bizony\u00edt\u00f3 erej\u0171 mag\u00e1nokirati form\u00e1t a b\u00e9rleti szerz\u0151d\u00e9sekn\u00e9l, \u00edgy az enn\u00e9l kev\u00e9sb\u00e9 biztons\u00e1gos, illetve m\u00e1s t\u00edpus\u00fa elektronikus al\u00e1\u00edr\u00e1ssal ell\u00e1tott szerz\u0151d\u00e9sek is \u00edr\u00e1sbeli szerz\u0151d\u00e9st eredm\u00e9nyezhetnek \u00e9s egy esetleges b\u00edr\u00f3s\u00e1gi elj\u00e1r\u00e1sban is felhaszn\u00e1lhat\u00f3k, a bizony\u00edt\u00e1s azonban \u2013 ha a m\u00e1sik f\u00e9l vitatja azok hiteless\u00e9g\u00e9t \u2013 k\u00f6r\u00fclm\u00e9nyesebb lehet.<\/p><p><strong>Az elektronikus al\u00e1\u00edr\u00e1sok fajt\u00e1i <\/strong><\/p><p>A vonatkoz\u00f3 uni\u00f3s szab\u00e1lyoz\u00e1s a biztons\u00e1g szintj\u00e9nek szempontj\u00e1b\u00f3l k\u00fcl\u00f6nbs\u00e9get tesz \u201esima\u201d elektronikus al\u00e1\u00edr\u00e1s, fokozott biztons\u00e1g\u00fa elektronikus al\u00e1\u00edr\u00e1s, min\u0151s\u00edtett tan\u00fas\u00edtv\u00e1nyon alapul\u00f3 fokozott biztons\u00e1g\u00fa elektronikus al\u00e1\u00edr\u00e1s \u00e9s min\u0151s\u00edtett elektronikus al\u00e1\u00edr\u00e1s k\u00f6z\u00f6tt.<\/p><p>A \u201esima\u201d elektronikus al\u00e1\u00edr\u00e1s b\u00e1rmilyen elektronikus form\u00e1ban sz\u00fclethet (pl. email, vagy egy szkennelt dokumentum).<\/p><blockquote><p>Ezzel szemben a fokozott biztons\u00e1g\u00fa elektronikus al\u00e1\u00edr\u00e1snak az al\u00e1bbi k\u00f6vetelm\u00e9nyeknek kell megfelelnie: a) kiz\u00e1r\u00f3lag az al\u00e1\u00edr\u00f3hoz k\u00f6thet\u0151; b) alkalmas az al\u00e1\u00edr\u00f3 azonos\u00edt\u00e1s\u00e1ra; c) olyan, elektronikus al\u00e1\u00edr\u00e1s l\u00e9trehoz\u00e1s\u00e1hoz haszn\u00e1lt adatok felhaszn\u00e1l\u00e1s\u00e1val hozz\u00e1k l\u00e9tre, amelyeket az al\u00e1\u00edr\u00f3 nagy megb\u00edzhat\u00f3s\u00e1ggal kiz\u00e1r\u00f3lag saj\u00e1t maga haszn\u00e1lhat; \u00e9s d) olyan m\u00f3don kapcsol\u00f3dik azokhoz az adatokhoz, amelyeket al\u00e1\u00edrtak vele, hogy az adatok minden k\u00e9s\u0151bbi v\u00e1ltoz\u00e1sa nyomon k\u00f6vethet\u0151.<\/p><\/blockquote><p>A fokozott biztons\u00e1g\u00fa elektronikus al\u00e1\u00edr\u00e1sra (csak\u00fagy mint a fent eml\u00edtett \u00edr\u00e1sbelis\u00e9gi szab\u00e1ly eset\u00e9n) semmilyen m\u00e1s magyar el\u0151\u00edr\u00e1s nincsen, teh\u00e1t mindenkinek saj\u00e1t kock\u00e1zat\u00e1ra kell eld\u00f6ntenie, hogy amennyiben egy szolg\u00e1ltat\u00f3t\u00f3l ilyen al\u00e1\u00edr\u00e1st vesz ig\u00e9nybe (v\u00e1s\u00e1rol), akkor az t\u00e9nyleg megfelel-e a fenti felt\u00e9teleknek.<\/p><p>A min\u0151s\u00edtett elektronikus al\u00e1\u00edr\u00e1s ezzel szemben m\u00e1r olyan fokozott biztons\u00e1g\u00fa al\u00e1\u00edr\u00e1s, amely (min\u0151s\u00edtett szolg\u00e1ltat\u00f3 \u00e1ltal kibocs\u00e1tott) min\u0151s\u00edtett tan\u00fas\u00edtv\u00e1nyon alapul \u00e9s min\u0151s\u00edtett al\u00e1\u00edr\u00e1st l\u00e9trehoz\u00f3 eszk\u00f6zzel hozt\u00e1k l\u00e9tre. Mind a tan\u00fas\u00edtv\u00e1ny tartalm\u00e1t, mind a kibocs\u00e1t\u00e1s m\u00f3dj\u00e1t m\u0171szaki el\u0151\u00edr\u00e1sok r\u00f6gz\u00edtik, amelyek egy\u00fcttesen m\u00e1r egy nagyon magasfok\u00fa biztons\u00e1got garant\u00e1lnak. A k\u00fcl\u00f6nbs\u00e9g pedig a min\u0151s\u00edtett al\u00e1\u00edr\u00e1s \u00e9s a min\u0151s\u00edtett tan\u00fas\u00edtv\u00e1nyon alapul\u00f3 fokozott biztons\u00e1g\u00fa al\u00e1\u00edr\u00e1s k\u00f6z\u00f6tt az, hogy min\u0151s\u00edtett al\u00e1\u00edr\u00e1st l\u00e9trehoz\u00f3 eszk\u00f6zzel hozt\u00e1k-e l\u00e9tre. Ha nem, \u00fagy a biztons\u00e1g szintje alacsonyabb, mint egy min\u0151s\u00edtett al\u00e1\u00edr\u00e1s eset\u00e9n.<\/p><p><strong>Az elektronikus szerz\u0151d\u00e9sk\u00f6t\u00e9s<\/strong><\/p><p>Az elektronikus al\u00e1\u00edr\u00e1s egyik legnagyobb el\u0151nye a rugalmass\u00e1g. Nem kell szem\u00e9lyes tal\u00e1lkoz\u00f3t szervezni a b\u00e9rleti szerz\u0151d\u00e9s al\u00e1\u00edr\u00e1s\u00e1ra, mindk\u00e9t f\u00e9l k\u00e9nyelmesen, a saj\u00e1t napi feladatai k\u00f6z\u00e9 illesztve tudja al\u00e1\u00edrni a szerz\u0151d\u00e9st.<\/p><p>A feleknek nem kell pap\u00edr alap\u00fa szerz\u0151d\u00e9ssel bajl\u00f3dni, amelyek \u00fagyis a szkennerben k\u00f6tnek ki, mivel manaps\u00e1g mindenki (tulajdonos, b\u00e9rl\u0151, bank, ingatlankezel\u0151, \u00fcgyn\u00f6k, stb.) az elektronikus v\u00e1ltozatokkal dolgozik.<\/p><p>Az elektronikus szerz\u0151d\u00e9sek k\u00f6nnyen t\u00e1rolhat\u00f3k, rendszerezhet\u0151k \u00e9s azonnal hozz\u00e1f\u00e9rhet\u0151k.<\/p><p>Az elektronikus al\u00e1\u00edr\u00e1s beszerz\u00e9se \u00e9s bevezet\u00e9se n\u00e9h\u00e1ny nap alatt megoldhat\u00f3, jelenleg Magyarorsz\u00e1gon t\u00f6bb olyan \u00fagynevezett bizalmi szolg\u00e1ltat\u00f3 van, aki jogosult elektronikus al\u00e1\u00edr\u00e1s szolg\u00e1ltat\u00e1st ny\u00fajtani (fokozott biztons\u00e1g\u00fa, vagy min\u0151s\u00edtett al\u00e1\u00edr\u00e1s).<\/p><p>\u00datraval\u00f3k\u00e9nt k\u00e9t z\u00e1r\u00f3 tan\u00e1csot tudunk m\u00e9g adni:<\/p><ul><li>az elektronikus al\u00e1\u00edr\u00e1s beszerz\u00e9se el\u0151tt \u00e9rdemes \u00e1tgondolni, hogy milyen t\u00edpus\u00fa elektronikus al\u00e1\u00edr\u00e1st k\u00edv\u00e1nunk v\u00e1s\u00e1rolni, pontosan mire fogjuk \u00e9s mennyit haszn\u00e1lni;<\/li><li>m\u00e1r a b\u00e9rleti szerz\u0151d\u00e9s t\u00e1rgyal\u00e1s\u00e1nak megkezd\u00e9sekor \u00e9rdemes jelezni a m\u00e1sik f\u00e9lnek, hogy elektronikus \u00faton k\u00edv\u00e1nunk szerz\u0151d\u00e9st k\u00f6tni, \u00edgy a m\u00e1sik f\u00e9lnek is el\u00e9g id\u0151t adunk arra, hogy beszerezze a megfelel\u0151 elektronikus al\u00e1\u00edr\u00e1st, ha m\u00e9g nem rendelkezne vele.<\/li><\/ul><hr \/><p><em>Amennyiben b\u00e1rmilyen jogi k\u00e9rd\u00e9se mer\u00fclne fel a t\u00e9ma kapcs\u00e1n, keresse bizalommal a cikk szerz\u0151j\u00e9t.<\/em><span style=\"font-size: 16px;background-color: var(--ast-global-color-5)\">\u00a0 \u00a0 \u00a0<\/span><\/p>\t\t\t\t\t\t\t\t<\/div>\n\t\t\t\t<\/div>\n\t\t\t\t\t<\/div>\n\t\t<\/div>\n\t\t\t\t\t<\/div>\n\t\t<\/section>\n\t\t\t\t<section class=\"elementor-section elementor-top-section elementor-element elementor-element-d2939f0 elementor-section-boxed elementor-section-height-default elementor-section-height-default\" data-id=\"d2939f0\" data-element_type=\"section\">\n\t\t\t\t\t\t<div class=\"elementor-container elementor-column-gap-default\">\n\t\t\t\t\t<div class=\"elementor-column elementor-col-100 elementor-top-column elementor-element elementor-element-6cc21a9\" data-id=\"6cc21a9\" data-element_type=\"column\">\n\t\t\t<div class=\"elementor-widget-wrap elementor-element-populated\">\n\t\t\t\t\t\t<div class=\"elementor-element elementor-element-ca130a1 elementor-widget elementor-widget-text-editor\" data-id=\"ca130a1\" data-element_type=\"widget\" data-widget_type=\"text-editor.default\">\n\t\t\t\t<div class=\"elementor-widget-container\">\n\t\t\t\t\t\t\t\t\t<p><em>Szerz\u0151k: Kozma Zolt\u00e1n, Kui Szil\u00e1rd<\/em><\/p>\t\t\t\t\t\t\t\t<\/div>\n\t\t\t\t<\/div>\n\t\t\t\t\t<\/div>\n\t\t<\/div>\n\t\t\t\t\t<\/div>\n\t\t<\/section>\n\t\t\t\t<section class=\"elementor-section elementor-top-section elementor-element elementor-element-b4ec455 elementor-section-boxed elementor-section-height-default elementor-section-height-default\" data-id=\"b4ec455\" data-element_type=\"section\">\n\t\t\t\t\t\t<div class=\"elementor-container elementor-column-gap-default\">\n\t\t\t\t\t<div class=\"elementor-column elementor-col-50 elementor-top-column elementor-element elementor-element-c8e9816\" data-id=\"c8e9816\" data-element_type=\"column\">\n\t\t\t<div class=\"elementor-widget-wrap elementor-element-populated\">\n\t\t\t\t\t\t<div class=\"elementor-element elementor-element-4e8c362 elementor-flip-box--direction-left elementor-flip-box--effect-flip elementor-widget elementor-widget-global elementor-global-2884 elementor-widget-flip-box\" data-id=\"4e8c362\" data-element_type=\"widget\" data-widget_type=\"flip-box.default\">\n\t\t\t\t<div class=\"elementor-widget-container\">\n\t\t\t\t\t\t\t<div class=\"elementor-flip-box\" tabindex=\"0\">\n\t\t\t<div class=\"elementor-flip-box__layer elementor-flip-box__front\">\n\t\t\t\t<div class=\"elementor-flip-box__layer__overlay\">\n\t\t\t\t\t<div class=\"elementor-flip-box__layer__inner\">\n\t\t\t\t\t\t\t\t\t\t\t\t\t<div class=\"elementor-flip-box__image\">\n\t\t\t\t\t\t\t\t<img decoding=\"async\" src=\"https:\/\/blogs.dlapiper.com\/advocatus\/files\/elementor\/thumbs\/Nevtelen-terv-15-pf2v34p5mn8f9vdzqbejj0v13u7lp16lh27vary4c0.png\" title=\"Kozma Zolt\u00e1n\" alt=\"Kozma Zolt\u00e1n\" loading=\"lazy\" \/>\t\t\t\t\t\t\t<\/div>\n\t\t\t\t\t\t\n\t\t\t\t\t\t\t\t\t\t\t\t\t<h3 class=\"elementor-flip-box__layer__title\">\n\t\t\t\t\t\t\t\tKozma Zolt\u00e1n\t\t\t\t\t\t\t<\/h3>\n\t\t\t\t\t\t\n\t\t\t\t\t\t\t\t\t\t\t\t\t<div class=\"elementor-flip-box__layer__description\">\n\t\t\t\t\t\t\t\tPartner, <p>Szellemi Alkot\u00e1sok \u00e9s Technol\u00f3giai csoportvezet\u0151\n\n\t\t\t\t\t\t\t<\/div>\n\t\t\t\t\t\t\t\t\t\t\t<\/div>\n\t\t\t\t<\/div>\n\t\t\t<\/div>\n\t\t\t<div class=\"elementor-flip-box__layer elementor-flip-box__back\">\n\t\t\t<div class=\"elementor-flip-box__layer__overlay\">\n\t\t\t\t<div class=\"elementor-flip-box__layer__inner\">\n\t\t\t\t\t\t\t\t\t\t\t<h3 class=\"elementor-flip-box__layer__title\">\n\t\t\t\t\t\t\tKozma Zolt\u00e1n\t\t\t\t\t\t<\/h3>\n\t\t\t\t\t\n\t\t\t\t\t\t\t\t\t\t\t<div class=\"elementor-flip-box__layer__description\">\n\t\t\t\t\t\t\tZolt\u00e1n tranzakci\u00f3kkal \u00e9s kereskedelmi k\u00e9rd\u00e9sekkel kapcsolatban ny\u00fajt tan\u00e1csad\u00e1si szolg\u00e1ltat\u00e1sokat a technol\u00f3gia, m\u00e9dia \u00e9s t\u00e1vk\u00f6zl\u00e9s ter\u00fclet\u00e9n, az \u00e1llami \u00e9s a mag\u00e1nszektorban tev\u00e9kenyked\u0151 \u00fcgyfelek r\u00e9sz\u00e9re egyar\u00e1nt. Szakter\u00fclete tov\u00e1bb\u00e1 az adatv\u00e9delem minden aspektusa, \u00edgy t\u00f6bbek k\u00f6z\u00f6tt az inform\u00e1ci\u00f3szabads\u00e1g ter\u00fclete is. \nEmellett egy multinacion\u00e1lis informatikai c\u00e9g bels\u0151 jog\u00e1szak\u00e9nt is dolgozott, ahol jogi t\u00e1mogat\u00e1st ny\u00fajtott a magyarorsz\u00e1gi \u00fczleti \u00e9s vezet\u0151i csapatoknak, k\u00fcl\u00f6n\u00f6s tekintettel az informatikai tranzakci\u00f3kkal kapcsolatos tranzakci\u00f3s t\u00e1mogat\u00e1sra, valamint szoftverterm\u00e9kek \u00e9s online (cloud) szolg\u00e1ltat\u00e1sok licencel\u00e9s\u00e9re, forgalmaz\u00e1s\u00e1ra \u00e9s marketingj\u00e9re.\t\t\t\t\t\t<\/div>\n\t\t\t\t\t\n\t\t\t\t\t\t\t\t\t\t\t<a class=\"elementor-flip-box__button elementor-button elementor-size-xs\" href=\"mailto:zoltan.kozma@dlapiper.com\">\n\t\t\t\t\t\t\tE-mailt k\u00fcld\u00f6k\t\t\t\t\t\t<\/a>\n\t\t\t\t\t\t\t\t<\/div>\n\t\t<\/div>\n\t\t<\/div>\n\t\t<\/div>\n\t\t\t\t\t\t<\/div>\n\t\t\t\t<\/div>\n\t\t\t\t\t<\/div>\n\t\t<\/div>\n\t\t\t\t<div class=\"elementor-column elementor-col-50 elementor-top-column elementor-element elementor-element-94cc047\" data-id=\"94cc047\" data-element_type=\"column\">\n\t\t\t<div class=\"elementor-widget-wrap\">\n\t\t\t\t\t\t\t<\/div>\n\t\t<\/div>\n\t\t\t\t\t<\/div>\n\t\t<\/section>\n\t\t\t\t<\/div>\n\t\t","protected":false},"excerpt":{"rendered":"<p>A vil\u00e1gj\u00e1rv\u00e1ny okozta v\u00e1ltoz\u00e1sok nagy hat\u00e1st fejtenek ki az \u00fczleti ter\u00fcletekre mind a produktivit\u00e1s, mind a mindennapi tev\u00e9kenys\u00e9gek tekintet\u00e9ben. Az \u00fczletek megk\u00f6t\u00e9s\u00e9nek a szerz\u0151d\u00e9s al\u00e1\u00edr\u00e1sa biztos\u00edtja a jogi alapot, azonban a k\u00e9rd\u00e9s a glob\u00e1lis helyzetet tekintve egy\u00e9rtelm\u0171en k\u00f6vetkezik: hogyan lehets\u00e9ges az elektronikus szerz\u0151d\u00e9sk\u00f6t\u00e9s, \u00e9s mi teheti hivataloss\u00e1 azt? <\/p>\n","protected":false},"author":10,"featured_media":3046,"comment_status":"closed","ping_status":"closed","sticky":false,"template":"","format":"standard","meta":{"site-sidebar-layout":"default","site-content-layout":"default","ast-site-content-layout":"default","site-content-style":"default","site-sidebar-style":"default","ast-global-header-display":"","ast-banner-title-visibility":"","ast-main-header-display":"","ast-hfb-above-header-display":"","ast-hfb-below-header-display":"","ast-hfb-mobile-header-display":"","site-post-title":"","ast-breadcrumbs-content":"","ast-featured-img":"","footer-sml-layout":"","theme-transparent-header-meta":"default","adv-header-id-meta":"","stick-header-meta":"","header-above-stick-meta":"","header-main-stick-meta":"","header-below-stick-meta":"","astra-migrate-meta-layouts":"default","ast-page-background-enabled":"default","ast-page-background-meta":{"desktop":{"background-color":"","background-image":"","background-repeat":"repeat","background-position":"center center","background-size":"auto","background-attachment":"scroll","background-type":"","background-media":"","overlay-type":"","overlay-color":"","overlay-opacity":"","overlay-gradient":""},"tablet":{"background-color":"","background-image":"","background-repeat":"repeat","background-position":"center center","background-size":"auto","background-attachment":"scroll","background-type":"","background-media":"","overlay-type":"","overlay-color":"","overlay-opacity":"","overlay-gradient":""},"mobile":{"background-color":"","background-image":"","background-repeat":"repeat","background-position":"center center","background-size":"auto","background-attachment":"scroll","background-type":"","background-media":"","overlay-type":"","overlay-color":"","overlay-opacity":"","overlay-gradient":""}},"ast-content-background-meta":{"desktop":{"background-color":"var(--ast-global-color-5)","background-image":"","background-repeat":"repeat","background-position":"center center","background-size":"auto","background-attachment":"scroll","background-type":"","background-media":"","overlay-type":"","overlay-color":"","overlay-opacity":"","overlay-gradient":""},"tablet":{"background-color":"var(--ast-global-color-5)","background-image":"","background-repeat":"repeat","background-position":"center center","background-size":"auto","background-attachment":"scroll","background-type":"","background-media":"","overlay-type":"","overlay-color":"","overlay-opacity":"","overlay-gradient":""},"mobile":{"background-color":"var(--ast-global-color-5)","background-image":"","background-repeat":"repeat","background-position":"center center","background-size":"auto","background-attachment":"scroll","background-type":"","background-media":"","overlay-type":"","overlay-color":"","overlay-opacity":"","overlay-gradient":""}},"footnotes":""},"categories":[387],"tags":[502,459,853,620,656,657,846,256,852],"coauthors":[707],"class_list":["post-2489","post","type-post","status-publish","format-standard","has-post-thumbnail","hentry","category-ingatlan","tag-berlet","tag-berleti-szerzodes","tag-bizonyithatosag","tag-covid-19","tag-elektronikus-alairas","tag-elektronikus-szerzodes","tag-home-office","tag-ingatlan","tag-irasbeliseg"],"yoast_head":"<!-- This site is optimized with the Yoast SEO plugin v26.1 - https:\/\/yoast.com\/wordpress\/plugins\/seo\/ -->\n<title>Elektronikus b\u00e9rleti szerz\u0151d\u00e9sek: mire v\u00e1runk m\u00e9g?<\/title>\n<meta name=\"description\" content=\"A DLA Piper Hungary szak\u00e9rt\u0151je Kozma Zolt\u00e1n, tov\u00e1bb\u00e1 Kui Szil\u00e1rd az elektronikus b\u00e9rleti szerz\u0151d\u00e9sk\u00f6t\u00e9sek m\u00f3djait j\u00e1rj\u00e1k k\u00f6r\u00fcl.\" \/>\n<meta name=\"robots\" content=\"index, follow, max-snippet:-1, max-image-preview:large, max-video-preview:-1\" \/>\n<link rel=\"canonical\" href=\"https:\/\/blogs.dlapiper.com\/advocatus\/2020\/05\/elektronikus-berleti-szerzodesek-mire-varunk-meg\/\" \/>\n<meta property=\"og:locale\" content=\"en_GB\" \/>\n<meta property=\"og:type\" content=\"article\" \/>\n<meta property=\"og:title\" content=\"Elektronikus b\u00e9rleti szerz\u0151d\u00e9sek: mire v\u00e1runk m\u00e9g?\" \/>\n<meta property=\"og:description\" content=\"A DLA Piper Hungary szak\u00e9rt\u0151je Kozma Zolt\u00e1n, tov\u00e1bb\u00e1 Kui Szil\u00e1rd az elektronikus b\u00e9rleti szerz\u0151d\u00e9sk\u00f6t\u00e9sek m\u00f3djait j\u00e1rj\u00e1k k\u00f6r\u00fcl.\" \/>\n<meta property=\"og:url\" content=\"https:\/\/blogs.dlapiper.com\/advocatus\/2020\/05\/elektronikus-berleti-szerzodesek-mire-varunk-meg\/\" \/>\n<meta property=\"og:site_name\" content=\"Advocatus\" \/>\n<meta property=\"article:published_time\" content=\"2020-05-11T07:00:53+00:00\" \/>\n<meta property=\"article:modified_time\" content=\"2023-01-06T12:18:44+00:00\" \/>\n<meta property=\"og:image\" content=\"https:\/\/blogs.dlapiper.com\/advocatus\/files\/2021\/11\/resized2.jpg\" \/>\n\t<meta property=\"og:image:width\" content=\"1200\" \/>\n\t<meta property=\"og:image:height\" content=\"300\" \/>\n\t<meta property=\"og:image:type\" content=\"image\/jpeg\" \/>\n<meta name=\"author\" content=\"Kozma Zolt\u00e1n\" \/>\n<meta name=\"twitter:card\" content=\"summary_large_image\" \/>\n<meta name=\"twitter:label1\" content=\"Written by\" \/>\n\t<meta name=\"twitter:data1\" content=\"Kozma Zolt\u00e1n\" \/>\n\t<meta name=\"twitter:label2\" content=\"Estimated reading time\" \/>\n\t<meta name=\"twitter:data2\" content=\"6 minutes\" \/>\n<script type=\"application\/ld+json\" class=\"yoast-schema-graph\">{\"@context\":\"https:\/\/schema.org\",\"@graph\":[{\"@type\":\"Article\",\"@id\":\"https:\/\/blogs.dlapiper.com\/advocatus\/2020\/05\/elektronikus-berleti-szerzodesek-mire-varunk-meg\/#article\",\"isPartOf\":{\"@id\":\"https:\/\/blogs.dlapiper.com\/advocatus\/2020\/05\/elektronikus-berleti-szerzodesek-mire-varunk-meg\/\"},\"author\":{\"name\":\"Kozma Zolt\u00e1n\",\"@id\":\"https:\/\/blogs.dlapiper.com\/advocatus\/#\/schema\/person\/217ac84deeb406e7bf0c303ce7a3f022\"},\"headline\":\"Elektronikus b\u00e9rleti szerz\u0151d\u00e9sek: mire v\u00e1runk m\u00e9g?\",\"datePublished\":\"2020-05-11T07:00:53+00:00\",\"dateModified\":\"2023-01-06T12:18:44+00:00\",\"mainEntityOfPage\":{\"@id\":\"https:\/\/blogs.dlapiper.com\/advocatus\/2020\/05\/elektronikus-berleti-szerzodesek-mire-varunk-meg\/\"},\"wordCount\":1921,\"publisher\":{\"@id\":\"https:\/\/blogs.dlapiper.com\/advocatus\/#organization\"},\"image\":{\"@id\":\"https:\/\/blogs.dlapiper.com\/advocatus\/2020\/05\/elektronikus-berleti-szerzodesek-mire-varunk-meg\/#primaryimage\"},\"thumbnailUrl\":\"https:\/\/blogs.dlapiper.com\/advocatus\/files\/2021\/11\/resized2.jpg\",\"keywords\":[\"b\u00e9rlet\",\"b\u00e9rleti szerz\u0151d\u00e9s\",\"bizony\u00edthat\u00f3s\u00e1g\",\"COVID-19\",\"elektronikus al\u00e1\u00edr\u00e1s\",\"elektronikus szerz\u0151d\u00e9s\",\"home office\",\"ingatlan\",\"\u00edr\u00e1sbelis\u00e9g\"],\"articleSection\":[\"Ingatlan | Real Estate\"],\"inLanguage\":\"en-GB\"},{\"@type\":\"WebPage\",\"@id\":\"https:\/\/blogs.dlapiper.com\/advocatus\/2020\/05\/elektronikus-berleti-szerzodesek-mire-varunk-meg\/\",\"url\":\"https:\/\/blogs.dlapiper.com\/advocatus\/2020\/05\/elektronikus-berleti-szerzodesek-mire-varunk-meg\/\",\"name\":\"Elektronikus b\u00e9rleti szerz\u0151d\u00e9sek: mire v\u00e1runk m\u00e9g?\",\"isPartOf\":{\"@id\":\"https:\/\/blogs.dlapiper.com\/advocatus\/#website\"},\"primaryImageOfPage\":{\"@id\":\"https:\/\/blogs.dlapiper.com\/advocatus\/2020\/05\/elektronikus-berleti-szerzodesek-mire-varunk-meg\/#primaryimage\"},\"image\":{\"@id\":\"https:\/\/blogs.dlapiper.com\/advocatus\/2020\/05\/elektronikus-berleti-szerzodesek-mire-varunk-meg\/#primaryimage\"},\"thumbnailUrl\":\"https:\/\/blogs.dlapiper.com\/advocatus\/files\/2021\/11\/resized2.jpg\",\"datePublished\":\"2020-05-11T07:00:53+00:00\",\"dateModified\":\"2023-01-06T12:18:44+00:00\",\"description\":\"A DLA Piper Hungary szak\u00e9rt\u0151je Kozma Zolt\u00e1n, tov\u00e1bb\u00e1 Kui Szil\u00e1rd az elektronikus b\u00e9rleti szerz\u0151d\u00e9sk\u00f6t\u00e9sek m\u00f3djait j\u00e1rj\u00e1k k\u00f6r\u00fcl.\",\"breadcrumb\":{\"@id\":\"https:\/\/blogs.dlapiper.com\/advocatus\/2020\/05\/elektronikus-berleti-szerzodesek-mire-varunk-meg\/#breadcrumb\"},\"inLanguage\":\"en-GB\",\"potentialAction\":[{\"@type\":\"ReadAction\",\"target\":[\"https:\/\/blogs.dlapiper.com\/advocatus\/2020\/05\/elektronikus-berleti-szerzodesek-mire-varunk-meg\/\"]}]},{\"@type\":\"ImageObject\",\"inLanguage\":\"en-GB\",\"@id\":\"https:\/\/blogs.dlapiper.com\/advocatus\/2020\/05\/elektronikus-berleti-szerzodesek-mire-varunk-meg\/#primaryimage\",\"url\":\"https:\/\/blogs.dlapiper.com\/advocatus\/files\/2021\/11\/resized2.jpg\",\"contentUrl\":\"https:\/\/blogs.dlapiper.com\/advocatus\/files\/2021\/11\/resized2.jpg\",\"width\":1200,\"height\":300},{\"@type\":\"BreadcrumbList\",\"@id\":\"https:\/\/blogs.dlapiper.com\/advocatus\/2020\/05\/elektronikus-berleti-szerzodesek-mire-varunk-meg\/#breadcrumb\",\"itemListElement\":[{\"@type\":\"ListItem\",\"position\":1,\"name\":\"Home\",\"item\":\"https:\/\/blogs.dlapiper.com\/advocatus\/\"},{\"@type\":\"ListItem\",\"position\":2,\"name\":\"Elektronikus b\u00e9rleti szerz\u0151d\u00e9sek: mire v\u00e1runk m\u00e9g?\"}]},{\"@type\":\"WebSite\",\"@id\":\"https:\/\/blogs.dlapiper.com\/advocatus\/#website\",\"url\":\"https:\/\/blogs.dlapiper.com\/advocatus\/\",\"name\":\"Advocatus\",\"description\":\"A DLA Piper Jogi Blogja\",\"publisher\":{\"@id\":\"https:\/\/blogs.dlapiper.com\/advocatus\/#organization\"},\"potentialAction\":[{\"@type\":\"SearchAction\",\"target\":{\"@type\":\"EntryPoint\",\"urlTemplate\":\"https:\/\/blogs.dlapiper.com\/advocatus\/?s={search_term_string}\"},\"query-input\":{\"@type\":\"PropertyValueSpecification\",\"valueRequired\":true,\"valueName\":\"search_term_string\"}}],\"inLanguage\":\"en-GB\"},{\"@type\":\"Organization\",\"@id\":\"https:\/\/blogs.dlapiper.com\/advocatus\/#organization\",\"name\":\"Advocatus\",\"url\":\"https:\/\/blogs.dlapiper.com\/advocatus\/\",\"logo\":{\"@type\":\"ImageObject\",\"inLanguage\":\"en-GB\",\"@id\":\"https:\/\/blogs.dlapiper.com\/advocatus\/#\/schema\/logo\/image\/\",\"url\":\"https:\/\/blogs.dlapiper.com\/advocatus\/files\/2019\/06\/cropped-logo-144-1.png\",\"contentUrl\":\"https:\/\/blogs.dlapiper.com\/advocatus\/files\/2019\/06\/cropped-logo-144-1.png\",\"width\":223,\"height\":130,\"caption\":\"Advocatus\"},\"image\":{\"@id\":\"https:\/\/blogs.dlapiper.com\/advocatus\/#\/schema\/logo\/image\/\"},\"sameAs\":[\"https:\/\/www.linkedin.com\/showcase\/dla-piper-hungary\/\"]},{\"@type\":\"Person\",\"@id\":\"https:\/\/blogs.dlapiper.com\/advocatus\/#\/schema\/person\/217ac84deeb406e7bf0c303ce7a3f022\",\"name\":\"Kozma Zolt\u00e1n\",\"url\":\"https:\/\/blogs.dlapiper.com\/advocatus\/author\/kozmaz\/\"}]}<\/script>\n<!-- \/ Yoast SEO plugin. -->","yoast_head_json":{"title":"Elektronikus b\u00e9rleti szerz\u0151d\u00e9sek: mire v\u00e1runk m\u00e9g?","description":"A DLA Piper Hungary szak\u00e9rt\u0151je Kozma Zolt\u00e1n, tov\u00e1bb\u00e1 Kui Szil\u00e1rd az elektronikus b\u00e9rleti szerz\u0151d\u00e9sk\u00f6t\u00e9sek m\u00f3djait j\u00e1rj\u00e1k k\u00f6r\u00fcl.","robots":{"index":"index","follow":"follow","max-snippet":"max-snippet:-1","max-image-preview":"max-image-preview:large","max-video-preview":"max-video-preview:-1"},"canonical":"https:\/\/blogs.dlapiper.com\/advocatus\/2020\/05\/elektronikus-berleti-szerzodesek-mire-varunk-meg\/","og_locale":"en_GB","og_type":"article","og_title":"Elektronikus b\u00e9rleti szerz\u0151d\u00e9sek: mire v\u00e1runk m\u00e9g?","og_description":"A DLA Piper Hungary szak\u00e9rt\u0151je Kozma Zolt\u00e1n, tov\u00e1bb\u00e1 Kui Szil\u00e1rd az elektronikus b\u00e9rleti szerz\u0151d\u00e9sk\u00f6t\u00e9sek m\u00f3djait j\u00e1rj\u00e1k k\u00f6r\u00fcl.","og_url":"https:\/\/blogs.dlapiper.com\/advocatus\/2020\/05\/elektronikus-berleti-szerzodesek-mire-varunk-meg\/","og_site_name":"Advocatus","article_published_time":"2020-05-11T07:00:53+00:00","article_modified_time":"2023-01-06T12:18:44+00:00","og_image":[{"width":1200,"height":300,"url":"https:\/\/blogs.dlapiper.com\/advocatus\/files\/2021\/11\/resized2.jpg","type":"image\/jpeg"}],"author":"Kozma Zolt\u00e1n","twitter_card":"summary_large_image","twitter_misc":{"Written by":"Kozma Zolt\u00e1n","Estimated reading time":"6 minutes"},"schema":{"@context":"https:\/\/schema.org","@graph":[{"@type":"Article","@id":"https:\/\/blogs.dlapiper.com\/advocatus\/2020\/05\/elektronikus-berleti-szerzodesek-mire-varunk-meg\/#article","isPartOf":{"@id":"https:\/\/blogs.dlapiper.com\/advocatus\/2020\/05\/elektronikus-berleti-szerzodesek-mire-varunk-meg\/"},"author":{"name":"Kozma Zolt\u00e1n","@id":"https:\/\/blogs.dlapiper.com\/advocatus\/#\/schema\/person\/217ac84deeb406e7bf0c303ce7a3f022"},"headline":"Elektronikus b\u00e9rleti szerz\u0151d\u00e9sek: mire v\u00e1runk m\u00e9g?","datePublished":"2020-05-11T07:00:53+00:00","dateModified":"2023-01-06T12:18:44+00:00","mainEntityOfPage":{"@id":"https:\/\/blogs.dlapiper.com\/advocatus\/2020\/05\/elektronikus-berleti-szerzodesek-mire-varunk-meg\/"},"wordCount":1921,"publisher":{"@id":"https:\/\/blogs.dlapiper.com\/advocatus\/#organization"},"image":{"@id":"https:\/\/blogs.dlapiper.com\/advocatus\/2020\/05\/elektronikus-berleti-szerzodesek-mire-varunk-meg\/#primaryimage"},"thumbnailUrl":"https:\/\/blogs.dlapiper.com\/advocatus\/files\/2021\/11\/resized2.jpg","keywords":["b\u00e9rlet","b\u00e9rleti szerz\u0151d\u00e9s","bizony\u00edthat\u00f3s\u00e1g","COVID-19","elektronikus al\u00e1\u00edr\u00e1s","elektronikus szerz\u0151d\u00e9s","home office","ingatlan","\u00edr\u00e1sbelis\u00e9g"],"articleSection":["Ingatlan | Real Estate"],"inLanguage":"en-GB"},{"@type":"WebPage","@id":"https:\/\/blogs.dlapiper.com\/advocatus\/2020\/05\/elektronikus-berleti-szerzodesek-mire-varunk-meg\/","url":"https:\/\/blogs.dlapiper.com\/advocatus\/2020\/05\/elektronikus-berleti-szerzodesek-mire-varunk-meg\/","name":"Elektronikus b\u00e9rleti szerz\u0151d\u00e9sek: mire v\u00e1runk m\u00e9g?","isPartOf":{"@id":"https:\/\/blogs.dlapiper.com\/advocatus\/#website"},"primaryImageOfPage":{"@id":"https:\/\/blogs.dlapiper.com\/advocatus\/2020\/05\/elektronikus-berleti-szerzodesek-mire-varunk-meg\/#primaryimage"},"image":{"@id":"https:\/\/blogs.dlapiper.com\/advocatus\/2020\/05\/elektronikus-berleti-szerzodesek-mire-varunk-meg\/#primaryimage"},"thumbnailUrl":"https:\/\/blogs.dlapiper.com\/advocatus\/files\/2021\/11\/resized2.jpg","datePublished":"2020-05-11T07:00:53+00:00","dateModified":"2023-01-06T12:18:44+00:00","description":"A DLA Piper Hungary szak\u00e9rt\u0151je Kozma Zolt\u00e1n, tov\u00e1bb\u00e1 Kui Szil\u00e1rd az elektronikus b\u00e9rleti szerz\u0151d\u00e9sk\u00f6t\u00e9sek m\u00f3djait j\u00e1rj\u00e1k k\u00f6r\u00fcl.","breadcrumb":{"@id":"https:\/\/blogs.dlapiper.com\/advocatus\/2020\/05\/elektronikus-berleti-szerzodesek-mire-varunk-meg\/#breadcrumb"},"inLanguage":"en-GB","potentialAction":[{"@type":"ReadAction","target":["https:\/\/blogs.dlapiper.com\/advocatus\/2020\/05\/elektronikus-berleti-szerzodesek-mire-varunk-meg\/"]}]},{"@type":"ImageObject","inLanguage":"en-GB","@id":"https:\/\/blogs.dlapiper.com\/advocatus\/2020\/05\/elektronikus-berleti-szerzodesek-mire-varunk-meg\/#primaryimage","url":"https:\/\/blogs.dlapiper.com\/advocatus\/files\/2021\/11\/resized2.jpg","contentUrl":"https:\/\/blogs.dlapiper.com\/advocatus\/files\/2021\/11\/resized2.jpg","width":1200,"height":300},{"@type":"BreadcrumbList","@id":"https:\/\/blogs.dlapiper.com\/advocatus\/2020\/05\/elektronikus-berleti-szerzodesek-mire-varunk-meg\/#breadcrumb","itemListElement":[{"@type":"ListItem","position":1,"name":"Home","item":"https:\/\/blogs.dlapiper.com\/advocatus\/"},{"@type":"ListItem","position":2,"name":"Elektronikus b\u00e9rleti szerz\u0151d\u00e9sek: mire v\u00e1runk m\u00e9g?"}]},{"@type":"WebSite","@id":"https:\/\/blogs.dlapiper.com\/advocatus\/#website","url":"https:\/\/blogs.dlapiper.com\/advocatus\/","name":"Advocatus","description":"A DLA Piper Jogi Blogja","publisher":{"@id":"https:\/\/blogs.dlapiper.com\/advocatus\/#organization"},"potentialAction":[{"@type":"SearchAction","target":{"@type":"EntryPoint","urlTemplate":"https:\/\/blogs.dlapiper.com\/advocatus\/?s={search_term_string}"},"query-input":{"@type":"PropertyValueSpecification","valueRequired":true,"valueName":"search_term_string"}}],"inLanguage":"en-GB"},{"@type":"Organization","@id":"https:\/\/blogs.dlapiper.com\/advocatus\/#organization","name":"Advocatus","url":"https:\/\/blogs.dlapiper.com\/advocatus\/","logo":{"@type":"ImageObject","inLanguage":"en-GB","@id":"https:\/\/blogs.dlapiper.com\/advocatus\/#\/schema\/logo\/image\/","url":"https:\/\/blogs.dlapiper.com\/advocatus\/files\/2019\/06\/cropped-logo-144-1.png","contentUrl":"https:\/\/blogs.dlapiper.com\/advocatus\/files\/2019\/06\/cropped-logo-144-1.png","width":223,"height":130,"caption":"Advocatus"},"image":{"@id":"https:\/\/blogs.dlapiper.com\/advocatus\/#\/schema\/logo\/image\/"},"sameAs":["https:\/\/www.linkedin.com\/showcase\/dla-piper-hungary\/"]},{"@type":"Person","@id":"https:\/\/blogs.dlapiper.com\/advocatus\/#\/schema\/person\/217ac84deeb406e7bf0c303ce7a3f022","name":"Kozma Zolt\u00e1n","url":"https:\/\/blogs.dlapiper.com\/advocatus\/author\/kozmaz\/"}]}},"_links":{"self":[{"href":"https:\/\/blogs.dlapiper.com\/advocatus\/wp-json\/wp\/v2\/posts\/2489","targetHints":{"allow":["GET"]}}],"collection":[{"href":"https:\/\/blogs.dlapiper.com\/advocatus\/wp-json\/wp\/v2\/posts"}],"about":[{"href":"https:\/\/blogs.dlapiper.com\/advocatus\/wp-json\/wp\/v2\/types\/post"}],"author":[{"embeddable":true,"href":"https:\/\/blogs.dlapiper.com\/advocatus\/wp-json\/wp\/v2\/users\/10"}],"replies":[{"embeddable":true,"href":"https:\/\/blogs.dlapiper.com\/advocatus\/wp-json\/wp\/v2\/comments?post=2489"}],"version-history":[{"count":0,"href":"https:\/\/blogs.dlapiper.com\/advocatus\/wp-json\/wp\/v2\/posts\/2489\/revisions"}],"wp:featuredmedia":[{"embeddable":true,"href":"https:\/\/blogs.dlapiper.com\/advocatus\/wp-json\/wp\/v2\/media\/3046"}],"wp:attachment":[{"href":"https:\/\/blogs.dlapiper.com\/advocatus\/wp-json\/wp\/v2\/media?parent=2489"}],"wp:term":[{"taxonomy":"category","embeddable":true,"href":"https:\/\/blogs.dlapiper.com\/advocatus\/wp-json\/wp\/v2\/categories?post=2489"},{"taxonomy":"post_tag","embeddable":true,"href":"https:\/\/blogs.dlapiper.com\/advocatus\/wp-json\/wp\/v2\/tags?post=2489"},{"taxonomy":"author","embeddable":true,"href":"https:\/\/blogs.dlapiper.com\/advocatus\/wp-json\/wp\/v2\/coauthors?post=2489"}],"curies":[{"name":"wp","href":"https:\/\/api.w.org\/{rel}","templated":true}]}}