{"id":2445,"date":"2020-03-25T08:36:51","date_gmt":"2020-03-25T07:36:51","guid":{"rendered":"https:\/\/blogs.dlapiper.com\/advocatus\/?p=2445"},"modified":"2022-03-11T15:58:22","modified_gmt":"2022-03-11T14:58:22","slug":"az-europai-bizottsag-lazitja-az-allami-tamogatasi-szabalyokat-a-koronavirus-karos-gazdasagi-hatasainak-visszaszoritasa-erdekeben","status":"publish","type":"post","link":"https:\/\/blogs.dlapiper.com\/advocatus\/2020\/03\/az-europai-bizottsag-lazitja-az-allami-tamogatasi-szabalyokat-a-koronavirus-karos-gazdasagi-hatasainak-visszaszoritasa-erdekeben\/","title":{"rendered":"Az Eur\u00f3pai Bizotts\u00e1g laz\u00edtja az \u00e1llami t\u00e1mogat\u00e1si szab\u00e1lyokat a koronav\u00edrus k\u00e1ros gazdas\u00e1gi hat\u00e1sainak visszaszor\u00edt\u00e1sa \u00e9rdek\u00e9ben"},"content":{"rendered":"\t\t<div data-elementor-type=\"wp-post\" data-elementor-id=\"2445\" class=\"elementor elementor-2445\" data-elementor-post-type=\"post\">\n\t\t\t\t\t\t<section class=\"elementor-section elementor-top-section elementor-element elementor-element-4843ac5f elementor-section-boxed elementor-section-height-default elementor-section-height-default\" data-id=\"4843ac5f\" data-element_type=\"section\">\n\t\t\t\t\t\t<div class=\"elementor-container elementor-column-gap-default\">\n\t\t\t\t\t<div class=\"elementor-column elementor-col-100 elementor-top-column elementor-element elementor-element-5bc18857\" data-id=\"5bc18857\" data-element_type=\"column\">\n\t\t\t<div class=\"elementor-widget-wrap elementor-element-populated\">\n\t\t\t\t\t\t<div class=\"elementor-element elementor-element-44dab307 elementor-widget elementor-widget-text-editor\" data-id=\"44dab307\" data-element_type=\"widget\" data-widget_type=\"text-editor.default\">\n\t\t\t\t<div class=\"elementor-widget-container\">\n\t\t\t\t\t\t\t\t\t<ul>\n<li><strong>2020 m\u00e1rcius 19-\u00e9n az Eur\u00f3pai Bizotts\u00e1g versenyjogi biztosa, Margrethe Vestager bemutatta a Bizotts\u00e1g ideiglenes \u00e1llami t\u00e1mogat\u00e1si keretrendszer\u00e9t (\u201c<em>Temporary Framework for State aid measures<\/em>\u201d), amely a v\u00e1llalkoz\u00e1sok p\u00e9nz\u00fcgyi jelleg\u0171 \u00e1llami forr\u00e1sokhoz val\u00f3 egyszer\u0171bb hozz\u00e1jut\u00e1s\u00e1t hivatott biztos\u00edtani. <\/strong><\/li>\n<li><strong>A Bizotts\u00e1g azon t\u00fal, hogy meger\u0151s\u00edtette a jelenleg is hat\u00e1lyos \u00e1llami t\u00e1mogat\u00e1si rendelkez\u00e9seknek a koronav\u00edrus \u00e1ltal el\u0151id\u00e9zett helyzetre val\u00f3 alkalmazhat\u00f3s\u00e1g\u00e1t, az ideiglenes keretrendszer bevezet\u00e9s\u00e9vel sz\u00e1mos olyan lehet\u0151s\u00e9get k\u00edn\u00e1lt fel, amelyek seg\u00edts\u00e9g\u00e9vel a tag\u00e1llamok el\u0151seg\u00edthetik a v\u00edrus \u00e1ltal k\u00fcl\u00f6n\u00f6sen h\u00e1tr\u00e1nyosan \u00e9rintett szektorok vagy v\u00e1llalkoz\u00e1sok fizet\u0151k\u00e9pess\u00e9g\u00e9nek fenntart\u00e1s\u00e1t.<\/strong><\/li>\n<li><b>Vir\u00e1g P\u00e9ter, a DLA Piper Hungary versenyjogi csoportj\u00e1nak szenior \u00fcgyv\u00e9dje az al\u00e1bbi bejegyz\u00e9sben \u00e1ttekinti az ideiglenes keretrendszer int\u00e9zked\u00e9seit.<\/b><\/li>\n<\/ul>\n<h2><strong>A hat\u00e1lyos \u00e1llami t\u00e1mogat\u00e1si rendelkez\u00e9sek bizotts\u00e1g \u00e1ltali rugalmasabb alkalmaz\u00e1sa <\/strong><\/h2>\n<p>A Bizotts\u00e1g m\u00e1rcius 13-\u00e1n kiadott k\u00f6zlem\u00e9ny\u00e9ben hangs\u00falyozta, hogy a jelenlegi \u00e1llami t\u00e1mogat\u00e1si keretrendszerben is lehet\u0151s\u00e9g van arra, hogy \u00e1ltal\u00e1nos jelleg\u0171 \u2013 <strong><em>\u00e1llami t\u00e1mogat\u00e1snak nem min\u0151s\u00fcl\u0151<\/em><\/strong> \u2013 int\u00e9zked\u00e9sek ker\u00fcljenek az egyes tag\u00e1llamokban elfogad\u00e1sra, pl. minden v\u00e1llalkoz\u00e1sra kiterjed\u0151 ad\u00f3fizet\u00e9si k\u00f6telezetts\u00e9g (pl. TAO, \u00c1FA, szoci\u00e1lis hozz\u00e1j\u00e1rul\u00e1si ad\u00f3) felf\u00fcggeszt\u00e9se form\u00e1j\u00e1ban. Tov\u00e1bb\u00e1 kiemelte, hogy a mag\u00e1nszem\u00e9lyeknek ny\u00fajtott hozz\u00e1j\u00e1rul\u00e1s (pl. egy elmaradt utaz\u00e1s, sportesem\u00e9ny miatt) szint\u00e9n nem min\u0151s\u00fcl \u00e1llami t\u00e1mogat\u00e1snak. Ezent\u00fal meger\u0151s\u00edtette, hogy az \u00c1ltal\u00e1nos Csoportmentess\u00e9gi Rendelet (651\/2014\/EU Rendelet) \u00e9s a De minimis Rendelet (1407\/2013\/EU Rendelet) alapj\u00e1n a tag\u00e1llamok a tov\u00e1bbiakban is ny\u00fajthatnak saj\u00e1t hat\u00e1sk\u00f6rben \u00e1llami t\u00e1mogat\u00e1st.<\/p>\n<blockquote><p>A fenitek figyelembev\u00e9tel\u00e9vel ny\u00fajtott \u00e1llami int\u00e9zked\u00e9sek teh\u00e1t <strong>nem ig\u00e9nylik az Bizotts\u00e1g el\u0151zetes j\u00f3v\u00e1hagy\u00e1s\u00e1t<\/strong>, \u00edgy azokat a tag\u00e1llamok bizotts\u00e1gi bejelent\u00e9s hi\u00e1ny\u00e1ban is v\u00e9grehajthatj\u00e1k.<\/p><\/blockquote>\n<p>Abban az esetben, ha a tag\u00e1llamok fentiekt\u0151l elt\u00e9r\u0151 jogc\u00edmen (mert pl. az \u00c1ltal\u00e1nos Csoportmentess\u00e9gi Rendelet, vagy a De minimis Rendelet \u00e1ltal megengedett m\u00e9rt\u00e9ket meghalad\u00f3 t\u00e1mogat\u00e1sra van sz\u00fcks\u00e9g) k\u00edv\u00e1nnak a koronav\u00edrus \u00e1ltal k\u00fcl\u00f6n\u00f6sen s\u00falyosan \u00e9rintett <strong><em>\u00e1gazatokban<\/em><\/strong> (p\u00e9ld\u00e1ul k\u00f6zleked\u00e9s, idegenforgalom, kult\u00fara, vend\u00e9gl\u00e1t\u00e1s \u00e9s kiskereskedelem) m\u0171k\u00f6d\u0151 v\u00e1llalkoz\u00e1sokat t\u00e1mogatni, tov\u00e1bbra is <strong><em>bizotts\u00e1gi bejelent\u00e9sre van sz\u00fcks\u00e9g<\/em><\/strong>. Ez t\u00f6rt\u00e9nhet az <strong><em>EUMSZ 107. cikke (2) bekezd\u00e9s\u00e9nek b) pontj\u00e1ra<\/em><\/strong> hivatkoz\u00e1ssal (\u201e<em>a term\u00e9szeti csap\u00e1sok vagy m\u00e1s rendk\u00edv\u00fcli esem\u00e9nyek \u00e1ltal okozott k\u00e1rok helyre\u00e1ll\u00edt\u00e1s\u00e1ra ny\u00fajtott t\u00e1mogat\u00e1s<\/em>\u201d), amely alapj\u00e1n<\/p>\n<blockquote><p>a Bizotts\u00e1g hozz\u00e1j\u00e1rulhat, hogy a tag\u00e1llamok ellent\u00e9telezz\u00e9k azokat a k\u00e1rokat, amelyeket k\u00f6zvetlen\u00fcl a COVID-19-j\u00e1rv\u00e1ny kit\u00f6r\u00e9se okozott.<\/p><\/blockquote>\n<p>Erre figyelemmel a Bizotts\u00e1g 24 \u00f3ra alatt enged\u00e9lyezte D\u00e1ni\u00e1nak a koronav\u00edrusra hivatkoz\u00e1ssal lemondott nagy nyilv\u00e1nos esem\u00e9nyek szervez\u0151inek ny\u00fajtand\u00f3 12 milli\u00f3 eur\u00f3s t\u00e1mogat\u00e1si programot.<\/p>\n<h2><strong>Az \u00faj, ideiglenes keretrendszer keret\u00e9ben bevezetett int\u00e9zked\u00e9sek<\/strong><\/h2>\n<p>Az ideiglenes keretrendszer keret\u00e9ben a fentieken t\u00fal olyan kieg\u00e9sz\u00edt\u0151 jelleg\u0171, ideiglenes \u00e1llami t\u00e1mogat\u00e1si int\u00e9zked\u00e9sek ker\u00fcltek bevezet\u00e9sre, amelyeket a Bizotts\u00e1g az EUMSZ 107. cikke (3) bekezd\u00e9s\u00e9nek b) pontja alapj\u00e1n hagyhat j\u00f3v\u00e1. Tov\u00e1bbra is lehet\u0151s\u00e9g van t\u00e1mogat\u00e1si programok \u00e9s egyedi int\u00e9zked\u00e9sek ak\u00e1r egy\u00fcttes bejelent\u00e9s\u00e9re is. Amennyiben teh\u00e1t a tag\u00e1llamok \u00fagy \u00edt\u00e9lik meg, hogy az eredeti \u00e1llami t\u00e1mogat\u00e1si keretrendszerbe nem f\u00e9rnek bele, az ideiglenes \u00e1llami t\u00e1mogat\u00e1si int\u00e9zked\u00e9sek\u00e9rt folyamodhatnak, amely azonban a <strong><em>Bizotts\u00e1g el\u0151zetes j\u00f3v\u00e1hagy\u00e1s\u00e1hoz k\u00f6t\u00f6tt<\/em><\/strong>.<\/p>\n<p>A kieg\u00e9sz\u00edt\u0151, ideiglenes \u00e1llami t\u00e1mogat\u00e1si int\u00e9zked\u00e9sek, melyek t\u00f6bbs\u00e9g\u00e9t ak\u00e1r egym\u00e1ssal kombin\u00e1lva is lehet alkalmazni, az al\u00e1bbi \u00f6t csoportba rendezhet\u0151k:<\/p>\n<h4><u>A k\u00f6zvetlen t\u00e1mogat\u00e1sok, visszafizetend\u0151 el\u0151legek vagy ad\u00f3kedvezm\u00e9nyek form\u00e1j\u00e1ban ny\u00fajtott t\u00e1mogat\u00e1s<\/u><\/h4>\n<p>A t\u00e1mogat\u00e1s \u00f6sszege v\u00e1llalkoz\u00e1sonk\u00e9nt (= v\u00e1llalkoz\u00e1scsoport) nem haladhatja meg a 800.000 eur\u00f3t, \u00e9s arra csak abban az esetben ker\u00fclhet sor, ha a v\u00e1llalkoz\u00e1s 2019. december 31-\u00e9n nem volt neh\u00e9z helyzetben l\u00e9v\u0151. A t\u00e1mogat\u00e1st legk\u00e9s\u0151bb 2020. december 31-ig ny\u00fajthatj\u00e1k. A mez\u0151gazdas\u00e1gi, a hal\u00e1szati \u00e9s az akvakult\u00fara-\u00e1gazatra k\u00fcl\u00f6nleges felt\u00e9telek vonatkoznak.<\/p>\n<h4><u>Hitelgaranci\u00e1k form\u00e1j\u00e1ban ny\u00fajtott t\u00e1mogat\u00e1s<\/u><\/h4>\n<p>Annak \u00e9rdek\u00e9ben, hogy a hirtelen likvidit\u00e1shi\u00e1nnyal k\u00fczd\u0151 v\u00e1llalkoz\u00e1sok likvidit\u00e1shoz val\u00f3 hozz\u00e1f\u00e9r\u00e9s\u00e9t biztos\u00edtsa, a Bizotts\u00e1g a bizonyos felt\u00e9teleknek megfelel\u0151 \u00e1llami hitelgaranci\u00e1kat a bels\u0151 piaccal \u00f6sszeegyeztethet\u0151nek fogja tekinteni. A garancia a beruh\u00e1z\u00e1si \u00e9s m\u0171k\u00f6d\u0151t\u0151ke-hitelekre is vonatkozhat.<\/p>\n<h4><u>Kedvezm\u00e9nyes hitelkamatl\u00e1bak form\u00e1j\u00e1ban ny\u00fajtott t\u00e1mogat\u00e1sok<\/u><\/h4>\n<p>A hirtelen likvidit\u00e1shi\u00e1nnyal k\u00fczd\u0151 v\u00e1llalkoz\u00e1sok likvidit\u00e1shoz val\u00f3 hozz\u00e1f\u00e9r\u00e9s\u00e9nek biztos\u00edt\u00e1s\u00e1hoz megfelel\u0151, sz\u00fcks\u00e9ges \u00e9s c\u00e9lzott megold\u00e1st k\u00edn\u00e1lhatnak a kedvezm\u00e9nyes kamatl\u00e1bak is. Ezen t\u00e1mogat\u00e1sok felt\u00e9telei a v\u00e1llalkoz\u00e1s m\u00e9ret\u00e9t\u0151l \u00e9s hitel futamidej\u00e9t\u0151l f\u00fcggnek.<\/p>\n<h4><u>A hitelint\u00e9zeteken vagy m\u00e1s p\u00e9nz\u00fcgyi int\u00e9zm\u00e9nyeken kereszt\u00fcl garancia vagy hitel form\u00e1j\u00e1ban ny\u00fajtott t\u00e1mogat\u00e1s <\/u><\/h4>\n<p>Az ezen t\u00e1mogat\u00e1s keret\u00e9ben ny\u00fajtott \u00e1llami hitelgaranci\u00e1kat \u00e9s kedvezm\u00e9nyes k\u00f6lcs\u00f6n\u00f6ket hitelint\u00e9zetek \u00e9s m\u00e1s, p\u00e9nz\u00fcgyi k\u00f6zvet\u00edt\u0151k\u00e9nt elj\u00e1r\u00f3 p\u00e9nz\u00fcgyi int\u00e9zm\u00e9nyek biztos\u00edtj\u00e1k azzal, hogy az ilyen t\u00e1mogat\u00e1s k\u00f6zvetlen\u00fcl a hirtelen likvidit\u00e1shi\u00e1nnyal szembes\u00fcl\u0151 v\u00e1llalkoz\u00e1sokra ir\u00e1nyul, nem pedig a hitelint\u00e9zetekre vagy m\u00e1s p\u00e9nz\u00fcgyi int\u00e9zm\u00e9nyekre, ez\u00e9rt javasolt bizonyos biztos\u00edt\u00e9kokat bevezetni a hitelint\u00e9zeteknek vagy m\u00e1s p\u00e9nz\u00fcgyi int\u00e9zm\u00e9nyeknek ny\u00fajtand\u00f3 esetleges k\u00f6zvetett t\u00e1mogat\u00e1ssal kapcsolatban.<\/p>\n<h4><u>R\u00f6vid lej\u00e1rat\u00fa exporthitel-biztos\u00edt\u00e1s <\/u><\/h4>\n<p>A jelenleg hat\u00e1lyban l\u00e9v\u0151 szab\u00e1lyok szerint a piack\u00e9pes kock\u00e1zatok nem fedezhet\u0151k a tag\u00e1llamok \u00e1ltal t\u00e1mogatott exporthitel-biztos\u00edt\u00e1ssal. A jelenlegi j\u00e1rv\u00e1ny k\u00f6vetkezt\u00e9ben nem z\u00e1rhat\u00f3 ki, hogy bizonyos orsz\u00e1gokban id\u0151legesen nem lesz fedezet a piack\u00e9pes kock\u00e1zatokra.<\/p>\n<p>Ebben az \u00f6sszef\u00fcgg\u00e9sben a tag\u00e1llamok a mag\u00e1nbiztos\u00edt\u00e1si piacon az adott kock\u00e1zatra vonatkoz\u00f3 fedezet hi\u00e1ny\u00e1t igazol\u00f3 megfelel\u0151 bizony\u00edt\u00e9kkal bizony\u00edthatj\u00e1k a piac hi\u00e1ny\u00e1t, mint p\u00e9ld\u00e1ul (i) egy j\u00f3l ismert, nemzetk\u00f6zi mag\u00e1ntulajdon\u00fa exporthitel-biztos\u00edt\u00f3 \u00e9s egy orsz\u00e1gos hitelbiztos\u00edt\u00f3 igazol\u00e1ssal bizony\u00edtja, hogy a fedezet nem \u00e1ll rendelkez\u00e9sre; vagy (ii) a tag\u00e1llam legal\u00e1bb n\u00e9gy elismert export\u0151re igazolja, hogy meghat\u00e1rozott m\u0171veletek eset\u00e9ben a biztos\u00edt\u00f3k megtagadt\u00e1k a biztos\u00edt\u00e1st.<\/p>\n<blockquote><p>Fontos kiemelni, hogy a fenti int\u00e9zked\u00e9sek csak olyan v\u00e1llalkoz\u00e1soknak ny\u00fajthat\u00f3k, amelyek <strong><em>2019. december 31-\u00e9n nem voltak neh\u00e9z helyzetben l\u00e9v\u0151k<\/em><\/strong>. Ellenkez\u0151 esetben a tag\u00e1llamok a megment\u00e9si \u00e9s szerkezet\u00e1talak\u00edt\u00e1si t\u00e1mogat\u00e1sokra vonatkoz\u00f3 ir\u00e1nymutat\u00e1s (2014\/C 246\/01) hat\u00e1lya al\u00e1 tartoz\u00f3, \u00e9s szint\u00e9n bizotts\u00e1gi j\u00f3v\u00e1hagy\u00e1shoz k\u00f6t\u00f6tt t\u00e1mogat\u00e1sokat ny\u00fajthatnak annak \u00e9rdek\u00e9ben, hogy az akut likvidit\u00e1si neh\u00e9zs\u00e9ggel k\u00fczd\u0151 v\u00e1llalkoz\u00e1sokat t\u00e1mogass\u00e1k.<\/p><\/blockquote>\n<p>Az ideiglenes \u00e1llami t\u00e1mogat\u00e1si keretrendszer 2020. m\u00e1rcius 19-t\u0151l december 31-ig alkalmazand\u00f3.<\/p>\n<hr>\n<p><em>A cikk szerz\u0151je:<\/em><\/p>\t\t\t\t\t\t\t\t<\/div>\n\t\t\t\t<\/div>\n\t\t\t\t\t<\/div>\n\t\t<\/div>\n\t\t\t\t\t<\/div>\n\t\t<\/section>\n\t\t\t\t<section class=\"elementor-section elementor-top-section elementor-element elementor-element-732d7b8 elementor-section-boxed elementor-section-height-default elementor-section-height-default\" data-id=\"732d7b8\" data-element_type=\"section\">\n\t\t\t\t\t\t<div class=\"elementor-container elementor-column-gap-default\">\n\t\t\t\t\t<div class=\"elementor-column elementor-col-50 elementor-top-column elementor-element elementor-element-4338441\" data-id=\"4338441\" data-element_type=\"column\">\n\t\t\t<div class=\"elementor-widget-wrap elementor-element-populated\">\n\t\t\t\t\t\t<div class=\"elementor-element elementor-element-2e2aedb elementor-flip-box--direction-left elementor-flip-box--effect-flip elementor-widget elementor-widget-global elementor-global-2929 elementor-widget-flip-box\" data-id=\"2e2aedb\" data-element_type=\"widget\" data-widget_type=\"flip-box.default\">\n\t\t\t\t<div class=\"elementor-widget-container\">\n\t\t\t\t\t\t\t<div class=\"elementor-flip-box\" tabindex=\"0\">\n\t\t\t<div class=\"elementor-flip-box__layer elementor-flip-box__front\">\n\t\t\t\t<div class=\"elementor-flip-box__layer__overlay\">\n\t\t\t\t\t<div class=\"elementor-flip-box__layer__inner\">\n\t\t\t\t\t\t\t\t\t\t\t\t\t<div class=\"elementor-flip-box__image\">\n\t\t\t\t\t\t\t\t<img decoding=\"async\" src=\"https:\/\/blogs.dlapiper.com\/advocatus\/files\/2021\/10\/Nevtelen-terv-47.png\" title=\"\" alt=\"\" loading=\"lazy\" \/>\t\t\t\t\t\t\t<\/div>\n\t\t\t\t\t\t\n\t\t\t\t\t\t\t\t\t\t\t\t\t<h3 class=\"elementor-flip-box__layer__title\">\n\t\t\t\t\t\t\t\tVir\u00e1g P\u00e9ter\t\t\t\t\t\t\t<\/h3>\n\t\t\t\t\t\t\n\t\t\t\t\t\t\t\t\t\t\t\t\t<div class=\"elementor-flip-box__layer__description\">\n\t\t\t\t\t\t\t\t\u00dcgyv\u00e9d,<p>Senior Associate\n\t\t\t\t\t\t\t<\/div>\n\t\t\t\t\t\t\t\t\t\t\t<\/div>\n\t\t\t\t<\/div>\n\t\t\t<\/div>\n\t\t\t<a class=\"elementor-flip-box__layer elementor-flip-box__back\" href=\"mailto:peter.virag@dlapiper.com\">\n\t\t\t<div class=\"elementor-flip-box__layer__overlay\">\n\t\t\t\t<div class=\"elementor-flip-box__layer__inner\">\n\t\t\t\t\t\t\t\t\t\t\t<h3 class=\"elementor-flip-box__layer__title\">\n\t\t\t\t\t\t\tVir\u00e1g P\u00e9ter\t\t\t\t\t\t<\/h3>\n\t\t\t\t\t\n\t\t\t\t\t\t\t\t\t\t\t<div class=\"elementor-flip-box__layer__description\">\n\t\t\t\t\t\t\tP\u00e9ter a DLA Piper Hungary versenyjogi csoportj\u00e1nak \u00fcgyv\u00e9dje. Jelent\u0151s szakmai tapasztalattal rendelkezik a versenyjog sz\u00e1mos ter\u00fclet\u00e9n, \u00edgy az antitr\u00f6szt (kartell \u00e9s er\u0151f\u00f6l\u00e9ny), a f\u00fazi\u00f3kontroll, \u00e9s \u00e1llami t\u00e1mogat\u00e1si (state aid) \u00fcgyekben t\u00f6rt\u00e9n\u0151 tan\u00e1csad\u00e1sban, valamint a hat\u00f3s\u00e1gok \u00e9s b\u00edr\u00f3s\u00e1gok el\u0151tti elj\u00e1r\u00e1sban.\t\t\t\t\t\t<\/div>\n\t\t\t\t\t\n\t\t\t\t\t\t\t\t\t\t\t<span class=\"elementor-flip-box__button elementor-button elementor-size-xs\">\n\t\t\t\t\t\t\tE-mailt k\u00fcld\u00f6k\t\t\t\t\t\t<\/span>\n\t\t\t\t\t\t\t\t<\/div>\n\t\t<\/div>\n\t\t<\/a>\n\t\t<\/div>\n\t\t\t\t\t\t<\/div>\n\t\t\t\t<\/div>\n\t\t\t\t\t<\/div>\n\t\t<\/div>\n\t\t\t\t<div class=\"elementor-column elementor-col-50 elementor-top-column elementor-element elementor-element-b5be950\" data-id=\"b5be950\" data-element_type=\"column\">\n\t\t\t<div class=\"elementor-widget-wrap\">\n\t\t\t\t\t\t\t<\/div>\n\t\t<\/div>\n\t\t\t\t\t<\/div>\n\t\t<\/section>\n\t\t\t\t<\/div>\n\t\t","protected":false},"excerpt":{"rendered":"<p>Vir\u00e1g P\u00e9ter, a DLA Piper Hungary versenyjogi csoportj\u00e1nak szenior \u00fcgyv\u00e9dje az al\u00e1bbi bejegyz\u00e9sben \u00e1ttekinti az ideiglenes keretrendszer int\u00e9zked\u00e9seit.<\/p>\n","protected":false},"author":468,"featured_media":3012,"comment_status":"closed","ping_status":"closed","sticky":false,"template":"","format":"standard","meta":{"site-sidebar-layout":"default","site-content-layout":"default","ast-site-content-layout":"default","site-content-style":"default","site-sidebar-style":"default","ast-global-header-display":"","ast-banner-title-visibility":"","ast-main-header-display":"","ast-hfb-above-header-display":"","ast-hfb-below-header-display":"","ast-hfb-mobile-header-display":"","site-post-title":"","ast-breadcrumbs-content":"","ast-featured-img":"","footer-sml-layout":"","theme-transparent-header-meta":"default","adv-header-id-meta":"","stick-header-meta":"","header-above-stick-meta":"","header-main-stick-meta":"","header-below-stick-meta":"","astra-migrate-meta-layouts":"default","ast-page-background-enabled":"default","ast-page-background-meta":{"desktop":{"background-color":"","background-image":"","background-repeat":"repeat","background-position":"center center","background-size":"auto","background-attachment":"scroll","background-type":"","background-media":"","overlay-type":"","overlay-color":"","overlay-opacity":"","overlay-gradient":""},"tablet":{"background-color":"","background-image":"","background-repeat":"repeat","background-position":"center center","background-size":"auto","background-attachment":"scroll","background-type":"","background-media":"","overlay-type":"","overlay-color":"","overlay-opacity":"","overlay-gradient":""},"mobile":{"background-color":"","background-image":"","background-repeat":"repeat","background-position":"center center","background-size":"auto","background-attachment":"scroll","background-type":"","background-media":"","overlay-type":"","overlay-color":"","overlay-opacity":"","overlay-gradient":""}},"ast-content-background-meta":{"desktop":{"background-color":"var(--ast-global-color-5)","background-image":"","background-repeat":"repeat","background-position":"center center","background-size":"auto","background-attachment":"scroll","background-type":"","background-media":"","overlay-type":"","overlay-color":"","overlay-opacity":"","overlay-gradient":""},"tablet":{"background-color":"var(--ast-global-color-5)","background-image":"","background-repeat":"repeat","background-position":"center center","background-size":"auto","background-attachment":"scroll","background-type":"","background-media":"","overlay-type":"","overlay-color":"","overlay-opacity":"","overlay-gradient":""},"mobile":{"background-color":"var(--ast-global-color-5)","background-image":"","background-repeat":"repeat","background-position":"center center","background-size":"auto","background-attachment":"scroll","background-type":"","background-media":"","overlay-type":"","overlay-color":"","overlay-opacity":"","overlay-gradient":""}},"footnotes":""},"categories":[393],"tags":[633,625,620,632,1012,57,627,629,628,630,561,626,624,631,295],"coauthors":[709],"class_list":["post-2445","post","type-post","status-publish","format-standard","has-post-thumbnail","hentry","category-versenyjog","tag-adokedvezmeny","tag-allami-tamogatas","tag-covid-19","tag-eloleg","tag-eumsz","tag-europai-bizottsag","tag-exporthitel","tag-garancia","tag-hitel","tag-hitelkamatlab","tag-kedvezmeny","tag-keretrendszer","tag-koronavirus","tag-kozvetlen-tamogatas","tag-versenyjog-2"],"yoast_head":"<!-- This site is optimized with the Yoast SEO plugin v26.1 - https:\/\/yoast.com\/wordpress\/plugins\/seo\/ -->\n<title>Az Eur\u00f3pai Bizotts\u00e1g laz\u00edtja az \u00e1llami t\u00e1mogat\u00e1si szab\u00e1lyokat<\/title>\n<meta name=\"description\" content=\"A COVID-19 k\u00e1ros gazdas\u00e1gi hat\u00e1sainak visszaszor\u00edt\u00e1s\u00e1val kapcsolatos tudnival\u00f3kat Vir\u00e1g P\u00e9ter, a DLA Piper Hungary szenior \u00fcgyv\u00e9dje \u00f6sszegzi.\" \/>\n<meta name=\"robots\" content=\"index, follow, max-snippet:-1, max-image-preview:large, max-video-preview:-1\" \/>\n<link rel=\"canonical\" href=\"https:\/\/blogs.dlapiper.com\/advocatus\/2020\/03\/az-europai-bizottsag-lazitja-az-allami-tamogatasi-szabalyokat-a-koronavirus-karos-gazdasagi-hatasainak-visszaszoritasa-erdekeben\/\" \/>\n<meta property=\"og:locale\" content=\"en_GB\" \/>\n<meta property=\"og:type\" content=\"article\" \/>\n<meta property=\"og:title\" content=\"Az Eur\u00f3pai Bizotts\u00e1g laz\u00edtja az \u00e1llami t\u00e1mogat\u00e1si szab\u00e1lyokat\" \/>\n<meta property=\"og:description\" content=\"A COVID-19 k\u00e1ros gazdas\u00e1gi hat\u00e1sainak visszaszor\u00edt\u00e1s\u00e1val kapcsolatos tudnival\u00f3kat Vir\u00e1g P\u00e9ter, a DLA Piper Hungary szenior \u00fcgyv\u00e9dje \u00f6sszegzi.\" \/>\n<meta property=\"og:url\" content=\"https:\/\/blogs.dlapiper.com\/advocatus\/2020\/03\/az-europai-bizottsag-lazitja-az-allami-tamogatasi-szabalyokat-a-koronavirus-karos-gazdasagi-hatasainak-visszaszoritasa-erdekeben\/\" \/>\n<meta property=\"og:site_name\" content=\"Advocatus\" \/>\n<meta property=\"article:published_time\" content=\"2020-03-25T07:36:51+00:00\" \/>\n<meta property=\"article:modified_time\" content=\"2022-03-11T14:58:22+00:00\" \/>\n<meta property=\"og:image\" content=\"https:\/\/blogs.dlapiper.com\/advocatus\/files\/2021\/11\/Regulatory3.jpg\" \/>\n\t<meta property=\"og:image:width\" content=\"1200\" \/>\n\t<meta property=\"og:image:height\" content=\"300\" \/>\n\t<meta property=\"og:image:type\" content=\"image\/jpeg\" \/>\n<meta name=\"author\" content=\"Vir\u00e1g P\u00e9ter\" \/>\n<meta name=\"twitter:card\" content=\"summary_large_image\" \/>\n<meta name=\"twitter:label1\" content=\"Written by\" \/>\n\t<meta name=\"twitter:data1\" content=\"Vir\u00e1g P\u00e9ter\" \/>\n\t<meta name=\"twitter:label2\" content=\"Estimated reading time\" \/>\n\t<meta name=\"twitter:data2\" content=\"4 minutes\" \/>\n<script type=\"application\/ld+json\" class=\"yoast-schema-graph\">{\"@context\":\"https:\/\/schema.org\",\"@graph\":[{\"@type\":\"Article\",\"@id\":\"https:\/\/blogs.dlapiper.com\/advocatus\/2020\/03\/az-europai-bizottsag-lazitja-az-allami-tamogatasi-szabalyokat-a-koronavirus-karos-gazdasagi-hatasainak-visszaszoritasa-erdekeben\/#article\",\"isPartOf\":{\"@id\":\"https:\/\/blogs.dlapiper.com\/advocatus\/2020\/03\/az-europai-bizottsag-lazitja-az-allami-tamogatasi-szabalyokat-a-koronavirus-karos-gazdasagi-hatasainak-visszaszoritasa-erdekeben\/\"},\"author\":{\"name\":\"Vir\u00e1g P\u00e9ter\",\"@id\":\"https:\/\/blogs.dlapiper.com\/advocatus\/#\/schema\/person\/a100e23177f82a2171f6d7a3609c6edc\"},\"headline\":\"Az Eur\u00f3pai Bizotts\u00e1g laz\u00edtja az \u00e1llami t\u00e1mogat\u00e1si szab\u00e1lyokat a koronav\u00edrus k\u00e1ros gazdas\u00e1gi hat\u00e1sainak visszaszor\u00edt\u00e1sa \u00e9rdek\u00e9ben\",\"datePublished\":\"2020-03-25T07:36:51+00:00\",\"dateModified\":\"2022-03-11T14:58:22+00:00\",\"mainEntityOfPage\":{\"@id\":\"https:\/\/blogs.dlapiper.com\/advocatus\/2020\/03\/az-europai-bizottsag-lazitja-az-allami-tamogatasi-szabalyokat-a-koronavirus-karos-gazdasagi-hatasainak-visszaszoritasa-erdekeben\/\"},\"wordCount\":1469,\"publisher\":{\"@id\":\"https:\/\/blogs.dlapiper.com\/advocatus\/#organization\"},\"image\":{\"@id\":\"https:\/\/blogs.dlapiper.com\/advocatus\/2020\/03\/az-europai-bizottsag-lazitja-az-allami-tamogatasi-szabalyokat-a-koronavirus-karos-gazdasagi-hatasainak-visszaszoritasa-erdekeben\/#primaryimage\"},\"thumbnailUrl\":\"https:\/\/blogs.dlapiper.com\/advocatus\/files\/2021\/11\/Regulatory3.jpg\",\"keywords\":[\"ad\u00f3kedvezm\u00e9ny\",\"\u00e1llami t\u00e1mogat\u00e1s\",\"COVID-19\",\"el\u0151leg\",\"EUMSz\",\"eur\u00f3pai bizotts\u00e1g\",\"exporthitel\",\"garancia\",\"hitel\",\"hitelkamatl\u00e1b\",\"kedvezm\u00e9ny\",\"keretrendszer\",\"koronav\u00edrus\",\"k\u00f6zvetlen t\u00e1mogat\u00e1s\",\"versenyjog\"],\"articleSection\":[\"Versenyjog | Competition\"],\"inLanguage\":\"en-GB\"},{\"@type\":\"WebPage\",\"@id\":\"https:\/\/blogs.dlapiper.com\/advocatus\/2020\/03\/az-europai-bizottsag-lazitja-az-allami-tamogatasi-szabalyokat-a-koronavirus-karos-gazdasagi-hatasainak-visszaszoritasa-erdekeben\/\",\"url\":\"https:\/\/blogs.dlapiper.com\/advocatus\/2020\/03\/az-europai-bizottsag-lazitja-az-allami-tamogatasi-szabalyokat-a-koronavirus-karos-gazdasagi-hatasainak-visszaszoritasa-erdekeben\/\",\"name\":\"Az Eur\u00f3pai Bizotts\u00e1g laz\u00edtja az \u00e1llami t\u00e1mogat\u00e1si szab\u00e1lyokat\",\"isPartOf\":{\"@id\":\"https:\/\/blogs.dlapiper.com\/advocatus\/#website\"},\"primaryImageOfPage\":{\"@id\":\"https:\/\/blogs.dlapiper.com\/advocatus\/2020\/03\/az-europai-bizottsag-lazitja-az-allami-tamogatasi-szabalyokat-a-koronavirus-karos-gazdasagi-hatasainak-visszaszoritasa-erdekeben\/#primaryimage\"},\"image\":{\"@id\":\"https:\/\/blogs.dlapiper.com\/advocatus\/2020\/03\/az-europai-bizottsag-lazitja-az-allami-tamogatasi-szabalyokat-a-koronavirus-karos-gazdasagi-hatasainak-visszaszoritasa-erdekeben\/#primaryimage\"},\"thumbnailUrl\":\"https:\/\/blogs.dlapiper.com\/advocatus\/files\/2021\/11\/Regulatory3.jpg\",\"datePublished\":\"2020-03-25T07:36:51+00:00\",\"dateModified\":\"2022-03-11T14:58:22+00:00\",\"description\":\"A COVID-19 k\u00e1ros gazdas\u00e1gi hat\u00e1sainak visszaszor\u00edt\u00e1s\u00e1val kapcsolatos tudnival\u00f3kat Vir\u00e1g P\u00e9ter, a DLA Piper Hungary szenior \u00fcgyv\u00e9dje \u00f6sszegzi.\",\"breadcrumb\":{\"@id\":\"https:\/\/blogs.dlapiper.com\/advocatus\/2020\/03\/az-europai-bizottsag-lazitja-az-allami-tamogatasi-szabalyokat-a-koronavirus-karos-gazdasagi-hatasainak-visszaszoritasa-erdekeben\/#breadcrumb\"},\"inLanguage\":\"en-GB\",\"potentialAction\":[{\"@type\":\"ReadAction\",\"target\":[\"https:\/\/blogs.dlapiper.com\/advocatus\/2020\/03\/az-europai-bizottsag-lazitja-az-allami-tamogatasi-szabalyokat-a-koronavirus-karos-gazdasagi-hatasainak-visszaszoritasa-erdekeben\/\"]}]},{\"@type\":\"ImageObject\",\"inLanguage\":\"en-GB\",\"@id\":\"https:\/\/blogs.dlapiper.com\/advocatus\/2020\/03\/az-europai-bizottsag-lazitja-az-allami-tamogatasi-szabalyokat-a-koronavirus-karos-gazdasagi-hatasainak-visszaszoritasa-erdekeben\/#primaryimage\",\"url\":\"https:\/\/blogs.dlapiper.com\/advocatus\/files\/2021\/11\/Regulatory3.jpg\",\"contentUrl\":\"https:\/\/blogs.dlapiper.com\/advocatus\/files\/2021\/11\/Regulatory3.jpg\",\"width\":1200,\"height\":300},{\"@type\":\"BreadcrumbList\",\"@id\":\"https:\/\/blogs.dlapiper.com\/advocatus\/2020\/03\/az-europai-bizottsag-lazitja-az-allami-tamogatasi-szabalyokat-a-koronavirus-karos-gazdasagi-hatasainak-visszaszoritasa-erdekeben\/#breadcrumb\",\"itemListElement\":[{\"@type\":\"ListItem\",\"position\":1,\"name\":\"Home\",\"item\":\"https:\/\/blogs.dlapiper.com\/advocatus\/\"},{\"@type\":\"ListItem\",\"position\":2,\"name\":\"Az Eur\u00f3pai Bizotts\u00e1g laz\u00edtja az \u00e1llami t\u00e1mogat\u00e1si szab\u00e1lyokat a koronav\u00edrus k\u00e1ros gazdas\u00e1gi hat\u00e1sainak visszaszor\u00edt\u00e1sa \u00e9rdek\u00e9ben\"}]},{\"@type\":\"WebSite\",\"@id\":\"https:\/\/blogs.dlapiper.com\/advocatus\/#website\",\"url\":\"https:\/\/blogs.dlapiper.com\/advocatus\/\",\"name\":\"Advocatus\",\"description\":\"A DLA Piper Jogi Blogja\",\"publisher\":{\"@id\":\"https:\/\/blogs.dlapiper.com\/advocatus\/#organization\"},\"potentialAction\":[{\"@type\":\"SearchAction\",\"target\":{\"@type\":\"EntryPoint\",\"urlTemplate\":\"https:\/\/blogs.dlapiper.com\/advocatus\/?s={search_term_string}\"},\"query-input\":{\"@type\":\"PropertyValueSpecification\",\"valueRequired\":true,\"valueName\":\"search_term_string\"}}],\"inLanguage\":\"en-GB\"},{\"@type\":\"Organization\",\"@id\":\"https:\/\/blogs.dlapiper.com\/advocatus\/#organization\",\"name\":\"Advocatus\",\"url\":\"https:\/\/blogs.dlapiper.com\/advocatus\/\",\"logo\":{\"@type\":\"ImageObject\",\"inLanguage\":\"en-GB\",\"@id\":\"https:\/\/blogs.dlapiper.com\/advocatus\/#\/schema\/logo\/image\/\",\"url\":\"https:\/\/blogs.dlapiper.com\/advocatus\/files\/2019\/06\/cropped-logo-144-1.png\",\"contentUrl\":\"https:\/\/blogs.dlapiper.com\/advocatus\/files\/2019\/06\/cropped-logo-144-1.png\",\"width\":223,\"height\":130,\"caption\":\"Advocatus\"},\"image\":{\"@id\":\"https:\/\/blogs.dlapiper.com\/advocatus\/#\/schema\/logo\/image\/\"},\"sameAs\":[\"https:\/\/www.linkedin.com\/showcase\/dla-piper-hungary\/\"]},{\"@type\":\"Person\",\"@id\":\"https:\/\/blogs.dlapiper.com\/advocatus\/#\/schema\/person\/a100e23177f82a2171f6d7a3609c6edc\",\"name\":\"Vir\u00e1g P\u00e9ter\",\"description\":\"P\u00e9ter a budapesti iroda Versenyjogi csoportj\u00e1nak \u00fcgyv\u00e9dje. Jelent\u0151s szakmai tapasztalattal rendelkezik a versenyjog sz\u00e1mos ter\u00fclet\u00e9n, \u00edgy az antitr\u00f6szt (kartell \u00e9s er\u0151f\u00f6l\u00e9ny), a f\u00fazi\u00f3kontroll, \u00e9s \u00e1llami t\u00e1mogat\u00e1si (state aid) \u00fcgyekben t\u00f6rt\u00e9n\u0151 tan\u00e1csad\u00e1sban, valamint a hat\u00f3s\u00e1gok \u00e9s b\u00edr\u00f3s\u00e1gok el\u0151tti elj\u00e1r\u00e1sban. P\u00e9ter a budapesti irod\u00e1hoz t\u00f6rt\u00e9n\u0151 2016-os csatlakoz\u00e1s\u00e1t megel\u0151z\u0151en t\u00f6bb \u00e9ven \u00e1t a Gazdas\u00e1gi Versenyhivatal Antitr\u00f6szt Irod\u00e1j\u00e1nak vizsg\u00e1l\u00f3jak\u00e9nt dolgozott, \u00edgy a versenyjogi elj\u00e1r\u00e1sokban a hat\u00f3s\u00e1gi oldalr\u00f3l is komoly tapasztalatot szerzett.\",\"url\":\"https:\/\/blogs.dlapiper.com\/advocatus\/author\/viragp\/\"}]}<\/script>\n<!-- \/ Yoast SEO plugin. -->","yoast_head_json":{"title":"Az Eur\u00f3pai Bizotts\u00e1g laz\u00edtja az \u00e1llami t\u00e1mogat\u00e1si szab\u00e1lyokat","description":"A COVID-19 k\u00e1ros gazdas\u00e1gi hat\u00e1sainak visszaszor\u00edt\u00e1s\u00e1val kapcsolatos tudnival\u00f3kat Vir\u00e1g P\u00e9ter, a DLA Piper Hungary szenior \u00fcgyv\u00e9dje \u00f6sszegzi.","robots":{"index":"index","follow":"follow","max-snippet":"max-snippet:-1","max-image-preview":"max-image-preview:large","max-video-preview":"max-video-preview:-1"},"canonical":"https:\/\/blogs.dlapiper.com\/advocatus\/2020\/03\/az-europai-bizottsag-lazitja-az-allami-tamogatasi-szabalyokat-a-koronavirus-karos-gazdasagi-hatasainak-visszaszoritasa-erdekeben\/","og_locale":"en_GB","og_type":"article","og_title":"Az Eur\u00f3pai Bizotts\u00e1g laz\u00edtja az \u00e1llami t\u00e1mogat\u00e1si szab\u00e1lyokat","og_description":"A COVID-19 k\u00e1ros gazdas\u00e1gi hat\u00e1sainak visszaszor\u00edt\u00e1s\u00e1val kapcsolatos tudnival\u00f3kat Vir\u00e1g P\u00e9ter, a DLA Piper Hungary szenior \u00fcgyv\u00e9dje \u00f6sszegzi.","og_url":"https:\/\/blogs.dlapiper.com\/advocatus\/2020\/03\/az-europai-bizottsag-lazitja-az-allami-tamogatasi-szabalyokat-a-koronavirus-karos-gazdasagi-hatasainak-visszaszoritasa-erdekeben\/","og_site_name":"Advocatus","article_published_time":"2020-03-25T07:36:51+00:00","article_modified_time":"2022-03-11T14:58:22+00:00","og_image":[{"width":1200,"height":300,"url":"https:\/\/blogs.dlapiper.com\/advocatus\/files\/2021\/11\/Regulatory3.jpg","type":"image\/jpeg"}],"author":"Vir\u00e1g P\u00e9ter","twitter_card":"summary_large_image","twitter_misc":{"Written by":"Vir\u00e1g P\u00e9ter","Estimated reading time":"4 minutes"},"schema":{"@context":"https:\/\/schema.org","@graph":[{"@type":"Article","@id":"https:\/\/blogs.dlapiper.com\/advocatus\/2020\/03\/az-europai-bizottsag-lazitja-az-allami-tamogatasi-szabalyokat-a-koronavirus-karos-gazdasagi-hatasainak-visszaszoritasa-erdekeben\/#article","isPartOf":{"@id":"https:\/\/blogs.dlapiper.com\/advocatus\/2020\/03\/az-europai-bizottsag-lazitja-az-allami-tamogatasi-szabalyokat-a-koronavirus-karos-gazdasagi-hatasainak-visszaszoritasa-erdekeben\/"},"author":{"name":"Vir\u00e1g P\u00e9ter","@id":"https:\/\/blogs.dlapiper.com\/advocatus\/#\/schema\/person\/a100e23177f82a2171f6d7a3609c6edc"},"headline":"Az Eur\u00f3pai Bizotts\u00e1g laz\u00edtja az \u00e1llami t\u00e1mogat\u00e1si szab\u00e1lyokat a koronav\u00edrus k\u00e1ros gazdas\u00e1gi hat\u00e1sainak visszaszor\u00edt\u00e1sa \u00e9rdek\u00e9ben","datePublished":"2020-03-25T07:36:51+00:00","dateModified":"2022-03-11T14:58:22+00:00","mainEntityOfPage":{"@id":"https:\/\/blogs.dlapiper.com\/advocatus\/2020\/03\/az-europai-bizottsag-lazitja-az-allami-tamogatasi-szabalyokat-a-koronavirus-karos-gazdasagi-hatasainak-visszaszoritasa-erdekeben\/"},"wordCount":1469,"publisher":{"@id":"https:\/\/blogs.dlapiper.com\/advocatus\/#organization"},"image":{"@id":"https:\/\/blogs.dlapiper.com\/advocatus\/2020\/03\/az-europai-bizottsag-lazitja-az-allami-tamogatasi-szabalyokat-a-koronavirus-karos-gazdasagi-hatasainak-visszaszoritasa-erdekeben\/#primaryimage"},"thumbnailUrl":"https:\/\/blogs.dlapiper.com\/advocatus\/files\/2021\/11\/Regulatory3.jpg","keywords":["ad\u00f3kedvezm\u00e9ny","\u00e1llami t\u00e1mogat\u00e1s","COVID-19","el\u0151leg","EUMSz","eur\u00f3pai bizotts\u00e1g","exporthitel","garancia","hitel","hitelkamatl\u00e1b","kedvezm\u00e9ny","keretrendszer","koronav\u00edrus","k\u00f6zvetlen t\u00e1mogat\u00e1s","versenyjog"],"articleSection":["Versenyjog | Competition"],"inLanguage":"en-GB"},{"@type":"WebPage","@id":"https:\/\/blogs.dlapiper.com\/advocatus\/2020\/03\/az-europai-bizottsag-lazitja-az-allami-tamogatasi-szabalyokat-a-koronavirus-karos-gazdasagi-hatasainak-visszaszoritasa-erdekeben\/","url":"https:\/\/blogs.dlapiper.com\/advocatus\/2020\/03\/az-europai-bizottsag-lazitja-az-allami-tamogatasi-szabalyokat-a-koronavirus-karos-gazdasagi-hatasainak-visszaszoritasa-erdekeben\/","name":"Az Eur\u00f3pai Bizotts\u00e1g laz\u00edtja az \u00e1llami t\u00e1mogat\u00e1si szab\u00e1lyokat","isPartOf":{"@id":"https:\/\/blogs.dlapiper.com\/advocatus\/#website"},"primaryImageOfPage":{"@id":"https:\/\/blogs.dlapiper.com\/advocatus\/2020\/03\/az-europai-bizottsag-lazitja-az-allami-tamogatasi-szabalyokat-a-koronavirus-karos-gazdasagi-hatasainak-visszaszoritasa-erdekeben\/#primaryimage"},"image":{"@id":"https:\/\/blogs.dlapiper.com\/advocatus\/2020\/03\/az-europai-bizottsag-lazitja-az-allami-tamogatasi-szabalyokat-a-koronavirus-karos-gazdasagi-hatasainak-visszaszoritasa-erdekeben\/#primaryimage"},"thumbnailUrl":"https:\/\/blogs.dlapiper.com\/advocatus\/files\/2021\/11\/Regulatory3.jpg","datePublished":"2020-03-25T07:36:51+00:00","dateModified":"2022-03-11T14:58:22+00:00","description":"A COVID-19 k\u00e1ros gazdas\u00e1gi hat\u00e1sainak visszaszor\u00edt\u00e1s\u00e1val kapcsolatos tudnival\u00f3kat Vir\u00e1g P\u00e9ter, a DLA Piper Hungary szenior \u00fcgyv\u00e9dje \u00f6sszegzi.","breadcrumb":{"@id":"https:\/\/blogs.dlapiper.com\/advocatus\/2020\/03\/az-europai-bizottsag-lazitja-az-allami-tamogatasi-szabalyokat-a-koronavirus-karos-gazdasagi-hatasainak-visszaszoritasa-erdekeben\/#breadcrumb"},"inLanguage":"en-GB","potentialAction":[{"@type":"ReadAction","target":["https:\/\/blogs.dlapiper.com\/advocatus\/2020\/03\/az-europai-bizottsag-lazitja-az-allami-tamogatasi-szabalyokat-a-koronavirus-karos-gazdasagi-hatasainak-visszaszoritasa-erdekeben\/"]}]},{"@type":"ImageObject","inLanguage":"en-GB","@id":"https:\/\/blogs.dlapiper.com\/advocatus\/2020\/03\/az-europai-bizottsag-lazitja-az-allami-tamogatasi-szabalyokat-a-koronavirus-karos-gazdasagi-hatasainak-visszaszoritasa-erdekeben\/#primaryimage","url":"https:\/\/blogs.dlapiper.com\/advocatus\/files\/2021\/11\/Regulatory3.jpg","contentUrl":"https:\/\/blogs.dlapiper.com\/advocatus\/files\/2021\/11\/Regulatory3.jpg","width":1200,"height":300},{"@type":"BreadcrumbList","@id":"https:\/\/blogs.dlapiper.com\/advocatus\/2020\/03\/az-europai-bizottsag-lazitja-az-allami-tamogatasi-szabalyokat-a-koronavirus-karos-gazdasagi-hatasainak-visszaszoritasa-erdekeben\/#breadcrumb","itemListElement":[{"@type":"ListItem","position":1,"name":"Home","item":"https:\/\/blogs.dlapiper.com\/advocatus\/"},{"@type":"ListItem","position":2,"name":"Az Eur\u00f3pai Bizotts\u00e1g laz\u00edtja az \u00e1llami t\u00e1mogat\u00e1si szab\u00e1lyokat a koronav\u00edrus k\u00e1ros gazdas\u00e1gi hat\u00e1sainak visszaszor\u00edt\u00e1sa \u00e9rdek\u00e9ben"}]},{"@type":"WebSite","@id":"https:\/\/blogs.dlapiper.com\/advocatus\/#website","url":"https:\/\/blogs.dlapiper.com\/advocatus\/","name":"Advocatus","description":"A DLA Piper Jogi Blogja","publisher":{"@id":"https:\/\/blogs.dlapiper.com\/advocatus\/#organization"},"potentialAction":[{"@type":"SearchAction","target":{"@type":"EntryPoint","urlTemplate":"https:\/\/blogs.dlapiper.com\/advocatus\/?s={search_term_string}"},"query-input":{"@type":"PropertyValueSpecification","valueRequired":true,"valueName":"search_term_string"}}],"inLanguage":"en-GB"},{"@type":"Organization","@id":"https:\/\/blogs.dlapiper.com\/advocatus\/#organization","name":"Advocatus","url":"https:\/\/blogs.dlapiper.com\/advocatus\/","logo":{"@type":"ImageObject","inLanguage":"en-GB","@id":"https:\/\/blogs.dlapiper.com\/advocatus\/#\/schema\/logo\/image\/","url":"https:\/\/blogs.dlapiper.com\/advocatus\/files\/2019\/06\/cropped-logo-144-1.png","contentUrl":"https:\/\/blogs.dlapiper.com\/advocatus\/files\/2019\/06\/cropped-logo-144-1.png","width":223,"height":130,"caption":"Advocatus"},"image":{"@id":"https:\/\/blogs.dlapiper.com\/advocatus\/#\/schema\/logo\/image\/"},"sameAs":["https:\/\/www.linkedin.com\/showcase\/dla-piper-hungary\/"]},{"@type":"Person","@id":"https:\/\/blogs.dlapiper.com\/advocatus\/#\/schema\/person\/a100e23177f82a2171f6d7a3609c6edc","name":"Vir\u00e1g P\u00e9ter","description":"P\u00e9ter a budapesti iroda Versenyjogi csoportj\u00e1nak \u00fcgyv\u00e9dje. Jelent\u0151s szakmai tapasztalattal rendelkezik a versenyjog sz\u00e1mos ter\u00fclet\u00e9n, \u00edgy az antitr\u00f6szt (kartell \u00e9s er\u0151f\u00f6l\u00e9ny), a f\u00fazi\u00f3kontroll, \u00e9s \u00e1llami t\u00e1mogat\u00e1si (state aid) \u00fcgyekben t\u00f6rt\u00e9n\u0151 tan\u00e1csad\u00e1sban, valamint a hat\u00f3s\u00e1gok \u00e9s b\u00edr\u00f3s\u00e1gok el\u0151tti elj\u00e1r\u00e1sban. P\u00e9ter a budapesti irod\u00e1hoz t\u00f6rt\u00e9n\u0151 2016-os csatlakoz\u00e1s\u00e1t megel\u0151z\u0151en t\u00f6bb \u00e9ven \u00e1t a Gazdas\u00e1gi Versenyhivatal Antitr\u00f6szt Irod\u00e1j\u00e1nak vizsg\u00e1l\u00f3jak\u00e9nt dolgozott, \u00edgy a versenyjogi elj\u00e1r\u00e1sokban a hat\u00f3s\u00e1gi oldalr\u00f3l is komoly tapasztalatot szerzett.","url":"https:\/\/blogs.dlapiper.com\/advocatus\/author\/viragp\/"}]}},"_links":{"self":[{"href":"https:\/\/blogs.dlapiper.com\/advocatus\/wp-json\/wp\/v2\/posts\/2445","targetHints":{"allow":["GET"]}}],"collection":[{"href":"https:\/\/blogs.dlapiper.com\/advocatus\/wp-json\/wp\/v2\/posts"}],"about":[{"href":"https:\/\/blogs.dlapiper.com\/advocatus\/wp-json\/wp\/v2\/types\/post"}],"author":[{"embeddable":true,"href":"https:\/\/blogs.dlapiper.com\/advocatus\/wp-json\/wp\/v2\/users\/468"}],"replies":[{"embeddable":true,"href":"https:\/\/blogs.dlapiper.com\/advocatus\/wp-json\/wp\/v2\/comments?post=2445"}],"version-history":[{"count":0,"href":"https:\/\/blogs.dlapiper.com\/advocatus\/wp-json\/wp\/v2\/posts\/2445\/revisions"}],"wp:featuredmedia":[{"embeddable":true,"href":"https:\/\/blogs.dlapiper.com\/advocatus\/wp-json\/wp\/v2\/media\/3012"}],"wp:attachment":[{"href":"https:\/\/blogs.dlapiper.com\/advocatus\/wp-json\/wp\/v2\/media?parent=2445"}],"wp:term":[{"taxonomy":"category","embeddable":true,"href":"https:\/\/blogs.dlapiper.com\/advocatus\/wp-json\/wp\/v2\/categories?post=2445"},{"taxonomy":"post_tag","embeddable":true,"href":"https:\/\/blogs.dlapiper.com\/advocatus\/wp-json\/wp\/v2\/tags?post=2445"},{"taxonomy":"author","embeddable":true,"href":"https:\/\/blogs.dlapiper.com\/advocatus\/wp-json\/wp\/v2\/coauthors?post=2445"}],"curies":[{"name":"wp","href":"https:\/\/api.w.org\/{rel}","templated":true}]}}