{"id":2144,"date":"2018-07-31T11:07:11","date_gmt":"2018-07-31T09:07:11","guid":{"rendered":"https:\/\/blogs.dlapiper.com\/advocatus\/?p=2144"},"modified":"2022-03-21T14:46:17","modified_gmt":"2022-03-21T13:46:17","slug":"frissult-magyarorszag-adatvedelmi-szabalyzata","status":"publish","type":"post","link":"https:\/\/blogs.dlapiper.com\/advocatus\/2018\/07\/frissult-magyarorszag-adatvedelmi-szabalyzata\/","title":{"rendered":"Friss\u00fclt Magyarorsz\u00e1g adatv\u00e9delmi szab\u00e1lyzata"},"content":{"rendered":"\t\t<div data-elementor-type=\"wp-post\" data-elementor-id=\"2144\" class=\"elementor elementor-2144\" data-elementor-post-type=\"post\">\n\t\t\t\t\t\t<section class=\"elementor-section elementor-top-section elementor-element elementor-element-54b3e2a elementor-section-boxed elementor-section-height-default elementor-section-height-default\" data-id=\"54b3e2a\" data-element_type=\"section\">\n\t\t\t\t\t\t<div class=\"elementor-container elementor-column-gap-default\">\n\t\t\t\t\t<div class=\"elementor-column elementor-col-100 elementor-top-column elementor-element elementor-element-246cb7f4\" data-id=\"246cb7f4\" data-element_type=\"column\">\n\t\t\t<div class=\"elementor-widget-wrap elementor-element-populated\">\n\t\t\t\t\t\t<div class=\"elementor-element elementor-element-1e1248ef elementor-widget elementor-widget-text-editor\" data-id=\"1e1248ef\" data-element_type=\"widget\" data-widget_type=\"text-editor.default\">\n\t\t\t\t<div class=\"elementor-widget-container\">\n\t\t\t\t\t\t\t\t\t<p><em>Adatai v\u00e9delme fontos sz\u00e1munkra, ez\u00e9rt k\u00e9rj\u00fck, olvassa el a lenti t\u00e1j\u00e9koztat\u00f3nkat<\/em><\/p>\n<p>K\u00f6zel k\u00e9t h\u00f3napos cs\u00fasz\u00e1ssal v\u00e9g\u00fcl 2018. j\u00falius 25-\u00e9n ker\u00fclt kihirdet\u00e9sre, majd j\u00falius 26-\u00e1n hat\u00e1lyba is l\u00e9pett az inform\u00e1ci\u00f3s \u00f6nrendelkez\u00e9si jogr\u00f3l \u00e9s az inform\u00e1ci\u00f3szabads\u00e1gr\u00f3l sz\u00f3l\u00f3 2011. \u00e9vi CXII. t\u00f6rv\u00e9ny (Info. t\u00f6rv\u00e9ny) \u00e1tfog\u00f3 m\u00f3dos\u00edt\u00e1sa, amelyben t\u00f6bbek k\u00f6z\u00f6tt az Eur\u00f3pai Uni\u00f3 Adatv\u00e9delmi Rendelete (GDPR) \u00e1ltal nyitva hagyott egyes ter\u00fcletek ker\u00fcltek szab\u00e1lyoz\u00e1sra. Cikk\u00fcnkben \u00f6sszefoglaltuk a legfontosabb v\u00e1ltoz\u00e1sokat.<\/p>\n<p><strong>GDPR \u00e9s\/vagy Info. t\u00f6rv\u00e9ny?<\/strong><\/p>\n<p>Az \u00faj szab\u00e1lyoz\u00e1s alapja az Info. t\u00f6rv\u00e9ny \u00e1ltal\u00e1nos rendelkez\u00e9sei k\u00f6z\u00f6tt elhelyezett \u00faj szakasz, amely teljes k\u00f6r\u0171en felsorolja az Info. t\u00f6rv\u00e9ny azon rendelkez\u00e9seit, amelyeket a GDPR hat\u00e1lya al\u00e1 tartoz\u00f3 adatkezel\u00e9sek eset\u00e9n alkalmazni kell. Az itt felsorolt rendelkez\u00e9sek teh\u00e1t kieg\u00e9sz\u00edtik a GDPR szab\u00e1lyait, ez\u00e9rt az Info. t\u00f6rv\u00e9ny hat\u00e1lya al\u00e1 es\u0151 adatkezel\u00e9sek eset\u00e9n a GDPR mellett ezeket a szab\u00e1lyokat is vizsg\u00e1lni sz\u00fcks\u00e9ges.<\/p>\n<p>M\u00f3dosultak az Info. t\u00f6rv\u00e9ny hat\u00e1ly\u00e1t szab\u00e1lyoz\u00f3 rendelkez\u00e9sek is. Az \u00faj&nbsp; szab\u00e1lyok rendezik azt a k\u00e9rd\u00e9st, hogy milyen esetekben terjed ki az Info. t\u00f6rv\u00e9ny hat\u00e1lya azon adatkezel\u00e9sekre, amelyek alapvet\u0151en a GDPR hat\u00e1lya al\u00e1 tartoznak, azaz hogy az ilyen adatkezel\u00e9sek eset\u00e9ben mikor kell alkalmazni az Info. t\u00f6rv\u00e9nynek az el\u0151z\u0151 bekezd\u00e9sben bemutatottak szerint alkalmazand\u00f3 szab\u00e1lyait.<\/p>\n<p>Az \u00faj rendelkez\u00e9sek alapj\u00e1n az ilyen adatkezel\u00e9sekre alapvet\u0151en akkor terjed ki az Info. t\u00f6rv\u00e9ny hat\u00e1lya, ha az adatkezel\u0151 tev\u00e9kenys\u00e9gi k\u00f6zpontja, vagy az EU-n bel\u00fcli egyetlen tev\u00e9kenys\u00e9gi helye Magyarorsz\u00e1gon van, illetve ennek hi\u00e1ny\u00e1ban ha az adatkezel\u0151 vagy az \u00e1ltala megb\u00edzott adatfeldolgoz\u00f3 \u00e1ltal v\u00e9gzett adatkezel\u00e9si m\u0171velet Magyarorsz\u00e1gon tart\u00f3zkod\u00f3 szem\u00e9lyek fel\u00e9 ir\u00e1nyul\u00f3 \u00e1ru\u00e9rt\u00e9kes\u00edt\u00e9shez vagy szolg\u00e1ltat\u00e1sny\u00fajt\u00e1shoz, illetve szem\u00e9lyek magyarorsz\u00e1gi viselked\u00e9s\u00e9nek megfigyel\u00e9s\u00e9hez kapcsol\u00f3dik. A tev\u00e9kenys\u00e9gi k\u00f6zpont fogalma megegyezik a GDPR-ban meghat\u00e1rozott fogalommal, azonban a &#8220;tev\u00e9kenys\u00e9gi hely&#8221; fogalm\u00e1t sem a GDPR, sem az Info. t\u00f6rv\u00e9ny nem hat\u00e1rozza meg, \u00edgy feltehet\u0151en ez a fogalom m\u00e9g \u00e9rtelmez\u00e9si k\u00e9rd\u00e9seket fog felvetni.<\/p>\n<p><strong>\u00daj k\u00f6telezetts\u00e9g: h\u00e1rom\u00e9ves k\u00f6telez\u0151 fel\u00fclvizsg\u00e1lat<\/strong><\/p>\n<p>Jelent\u0151s \u00faj\u00edt\u00e1s, hogy az Info. t\u00f6rv\u00e9ny a jogszab\u00e1lyi k\u00f6telezetts\u00e9gen alapul\u00f3 (GDPR 6. cikk (1) bek. c) pont) vagy k\u00f6z\u00e9rdekb\u0151l sz\u00fcks\u00e9ges (GDPR 6. cikk (1) bek. e) pont) adatkezel\u00e9sek eset\u00e9ben el\u0151\u00edrja, hogy amennyiben az adatkezel\u00e9s alapj\u00e1ul szolg\u00e1l\u00f3 t\u00f6rv\u00e9ny vagy \u00f6nkorm\u00e1nyzati rendelet nem \u00edrja el\u0151 az adatkezel\u00e9s sz\u00fcks\u00e9gess\u00e9g\u00e9nek id\u0151szakos fel\u00fclvizsg\u00e1lat\u00e1t, \u00fagy az adatkezel\u0151 k\u00f6teles az ilyen vizsg\u00e1latot legal\u00e1bb h\u00e1rom\u00e9vente elv\u00e9gezni.<\/p>\n<p>Tekintettel arra, hogy az ilyen adatkezel\u00e9sek alapj\u00e1t k\u00e9pez\u0151 magyar \u00e1gazati jogszab\u00e1lyok jellemz\u0151en nem \u00edrnak el\u0151 ilyen fel\u00fclvizsg\u00e1lati k\u00f6telezetts\u00e9get, \u00edgy a gyakorlatban ez az \u00faj szab\u00e1ly azt eredm\u00e9nyezi, hogy p\u00e9ld\u00e1ul a jogalapk\u00e9nt gyakran alkalmazott jogszab\u00e1lyi k\u00f6telezetts\u00e9gen alapul\u00f3 adatkezel\u00e9sek (pl. b\u00e9rsz\u00e1mfejt\u00e9s, ad\u00f3z\u00e1s) eset\u00e9n az adatkezel\u0151nek h\u00e1rom\u00e9vente el kell v\u00e9geznie az adatkezel\u00e9s sz\u00fcks\u00e9gess\u00e9g\u00e9nek fel\u00fclvizsg\u00e1lat\u00e1t. A 2018. m\u00e1jus 25-\u00e9t megel\u0151z\u0151en megkezdett adatkezel\u00e9sek eset\u00e9ben a vizsg\u00e1latot 2021. m\u00e1jus 25-ig kell elv\u00e9gezni. A vizsg\u00e1lat eredm\u00e9ny\u00e9t az adatkezel\u0151nek 10 \u00e9vig meg kell \u0151riznie, \u00e9s k\u00e9r\u00e9s eset\u00e9n azt be kell ny\u00fajtania a fel\u00fcgyeleti hat\u00f3s\u00e1g r\u00e9sz\u00e9re, \u00edgy mindenk\u00e9ppen sz\u00fcks\u00e9ges, hogy a vizsg\u00e1latr\u00f3l megfelel\u0151 dokument\u00e1ci\u00f3 is k\u00e9sz\u00fclj\u00f6n.<\/p>\n<p><strong>Tisztvisel\u0151i titoktart\u00e1s<\/strong><\/p>\n<p>A GDPR \u00faj int\u00e9zm\u00e9nyk\u00e9nt vezette be az egyes kiemelt adatkezel\u0151k \u00e1ltal k\u00f6telez\u0151en alkalmazand\u00f3 adatv\u00e9delmi tisztvisel\u0151i feladatk\u00f6rt. Ennek k\u00f6vetkezt\u00e9ben sz\u00fcks\u00e9gess\u00e9 v\u00e1lt a magyar adatv\u00e9delmi jog \u00e1ltal kor\u00e1bban ismert hasonl\u00f3 szerepk\u00f6rre, a bels\u0151 adatv\u00e9delmi felel\u0151s\u00f6kre vonatkoz\u00f3 rendelkez\u00e9sek hat\u00e1lyon k\u00edv\u00fcl helyez\u00e9se, amit az Info. t\u00f6rv\u00e9ny m\u00e1sodik m\u00f3dos\u00edt\u00e1sa megfelel\u0151en el is v\u00e9gzett.<\/p>\n<p>A GDPR meglehet\u0151sen r\u00e9szletesen meghat\u00e1rozza az adatv\u00e9delmi tisztvisel\u0151k jogait \u00e9s k\u00f6telezetts\u00e9geit, \u00edgy az egyes tag\u00e1llamok csak az adatv\u00e9delmi tisztvisel\u0151re vonatkoz\u00f3 titoktart\u00e1si k\u00f6telezetts\u00e9g tekintet\u00e9ben kapnak felhatalmaz\u00e1st saj\u00e1t szab\u00e1lyok megalkot\u00e1s\u00e1ra.<\/p>\n<p>Az Info. t\u00f6rv\u00e9ny ennek megfelel\u0151en, a GDPR r\u00e9szletszab\u00e1lyainak mintegy kieg\u00e9sz\u00edt\u00e9sek\u00e9nt mondja ki, hogy az adatv\u00e9delmi tisztvisel\u0151 ezen jogviszony\u00e1nak fenn\u00e1ll\u00e1sa alatt \u00e9s azt k\u00f6vet\u0151en is k\u00f6teles titokk\u00e9nt meg\u0151rizni a vonatkoz\u00f3 tev\u00e9kenys\u00e9g\u00e9vel kapcsolatban tudom\u00e1s\u00e1ra jutott azon szem\u00e9lyes adatot, min\u0151s\u00edtett adatot, t\u00f6rv\u00e9ny \u00e1ltal titoknak min\u0151s\u00edtett adatot, illetve minden olyan adatot, t\u00e9nyt vagy k\u00f6r\u00fclm\u00e9nyt, amelyet az \u0151t alkalmaz\u00f3 adatkezel\u0151 vagy adatfeldolgoz\u00f3 t\u00f6rv\u00e9ny el\u0151\u00edr\u00e1sa alapj\u00e1n nem k\u00f6teles nyilv\u00e1noss\u00e1gra hozni.<\/p>\n<p><strong>B\u00edr\u00f3s\u00e1gi jog\u00e9rv\u00e9nyes\u00edt\u00e9s<\/strong><\/p>\n<p>Az Info. t\u00f6rv\u00e9ny a GDPR vonatkoz\u00f3 rendelkez\u00e9s\u00e9vel \u00f6sszhangban biztos\u00edtja a jogot az \u00e9rintettek sz\u00e1m\u00e1ra, hogy a fel\u00fcgyeleti hat\u00f3s\u00e1ghoz t\u00f6rt\u00e9n\u0151 panaszt\u00e9tellel p\u00e1rhuzamosan b\u00edr\u00f3s\u00e1gi jogorvoslatot is ig\u00e9nyeljenek, amennyiben meg\u00edt\u00e9l\u00e9s\u00fck szerint valamely adatkezel\u0151 vagy adatfeldolgoz\u00f3 a szem\u00e9lyes adataiknak kezel\u00e9se sor\u00e1n megs\u00e9rtette adatv\u00e9delemre vonatkoz\u00f3 jogaikat.<\/p>\n<p>Az Info. t\u00f6rv\u00e9ny \u00e1ltal kor\u00e1bban is tartalmazott k\u00f6zvetlen b\u00edr\u00f3s\u00e1gi jog\u00e9rv\u00e9nyes\u00edt\u00e9sre vonatkoz\u00f3 r\u00e9szletszab\u00e1lyok ugyan nem v\u00e1ltoztak gy\u00f6keresen a GDPR nyom\u00e1n, azonban egyr\u00e9szr\u0151l a most elfogadott t\u00f6rv\u00e9nym\u00f3dos\u00edt\u00e1s n\u00e9h\u00e1ny helyen pontos\u00edtja \u00e9s kieg\u00e9sz\u00edti a kor\u00e1bbi rendelkez\u00e9seket, m\u00e1sr\u00e9szr\u0151l pedig a vonatkoz\u00f3 jogosults\u00e1gokra \u00e9s k\u00f6telezetts\u00e9gekre mindenk\u00e9ppen \u00e9rdemes ism\u00e9telten felh\u00edvni a figyelmet.<\/p>\n<p>Fontos szab\u00e1ly, hogy az \u00e9rintett \u00e1ltal kezdem\u00e9nyezett b\u00edr\u00f3s\u00e1gi elj\u00e1r\u00e1s sor\u00e1n nem az \u00e9rintettnek kell bizony\u00edtania adatv\u00e9delemmel kapcsolatos jogai megs\u00e9rt\u00e9s\u00e9t, hanem az adatkezel\u0151 vagy adatfeldolgoz\u00f3 k\u00f6teles bizony\u00edtani azt, hogy az \u00e9rintett ezen jogai nem s\u00e9r\u00fcltek. Ford\u00edtott teh\u00e1t a bizony\u00edt\u00e1si teher, \u00edgy az adatkezel\u0151k sz\u00e1m\u00e1ra a gyakorlatban is rendk\u00edv\u00fcl fontos lehet annak biztos\u00edt\u00e1sa, hogy val\u00f3ban csak olyan adatkezel\u00e9si tev\u00e9kenys\u00e9geket v\u00e9gezzenek, amelyek jogszer\u0171s\u00e9g\u00e9t ak\u00e1r b\u00edr\u00f3s\u00e1g el\u0151tt is k\u00e9pesek bizony\u00edtani.<\/p>\n<p>Amennyiben a b\u00edr\u00f3s\u00e1g az \u00e9rintett kereset\u00e9nek helyt ad, alapvet\u0151en a jogs\u00e9rt\u00e9s t\u00e9ny\u00e9nek meg\u00e1llap\u00edt\u00e1s\u00e1ra, a jogellenes adatkezel\u00e9si m\u0171velet megsz\u00fcntet\u00e9s\u00e9nek elrendel\u00e9s\u00e9re, k\u00e1rt\u00e9r\u00edt\u00e9s vagy s\u00e9relemd\u00edj meg\u00e1llap\u00edt\u00e1s\u00e1ra jogosult, illetve k\u00f6telezheti az adatkezel\u0151t valamely meghat\u00e1rozott magatart\u00e1s tan\u00fas\u00edt\u00e1s\u00e1ra is.<\/p>\n<p>Hat\u00e1lyban marad azonban az a tov\u00e1bbi szankci\u00f3s lehet\u0151s\u00e9g is, amely szerint a b\u00edr\u00f3s\u00e1g bizonyos esetekben elrendelheti marasztal\u00f3 \u00edt\u00e9let\u00e9nek az adatkezel\u0151 azonos\u00edt\u00f3 adatainak k\u00f6zz\u00e9t\u00e9tel\u00e9vel t\u00f6rt\u00e9n\u0151 nyilv\u00e1noss\u00e1gra hozatal\u00e1t. A b\u00edr\u00f3s\u00e1gok ugyan eddig is \u00e9lhettek ezzel a lehet\u0151s\u00e9ggel, azonban a k\u00f6zv\u00e9lem\u00e9ny GDPR-nak k\u00f6sz\u00f6nhet\u0151en megn\u00f6vekedett adatv\u00e9delmi tudatoss\u00e1ga, valamint a k\u00f6zelm\u00faltban bek\u00f6vetkezett \u00e9s nagy sajt\u00f3nyilv\u00e1noss\u00e1got kapott adatv\u00e9delmi incidensek k\u00f6vetkezt\u00e9ben nem kiz\u00e1rt, hogy egy-egy marasztal\u00f3 \u00edt\u00e9let ilyen m\u00f3don t\u00f6rt\u00e9n\u0151 nyilv\u00e1noss\u00e1gra hozatala az \u00e9rintett adatkezel\u0151k sz\u00e1m\u00e1ra az eddigin\u00e9l jelent\u0151sebb reput\u00e1ci\u00f3s kock\u00e1zatot jelent majd.<\/p>\n<p><strong>Adatv\u00e9delem a t\u00falvil\u00e1gon<\/strong><\/p>\n<p>Az Info. t\u00f6rv\u00e9ny \u00faj\u00edt\u00e1sa, hogy az \u00e9rintettek bizonyos esetekben ak\u00e1r m\u00e9g a t\u00falvil\u00e1gr\u00f3l is &#8220;k\u00eds\u00e9rthetik&#8221; a szem\u00e9lyes adatokkal nem megfelel\u0151en b\u00e1n\u00f3 adatkezel\u0151ket. Az Info. t\u00f6rv\u00e9ny ugyanis lehet\u0151v\u00e9 teszi az \u00e9rintettek sz\u00e1m\u00e1ra, hogy okiratban kijel\u00f6ljenek egy olyan szem\u00e9lyt, aki az \u00e9rintett hal\u00e1la eset\u00e9n \u00f6t \u00e9ven bel\u00fcl m\u00e9g gyakorolhatja az \u00e9rintett \u00e9rdek\u00e9ben a GDPR-ban meghat\u00e1rozott \u00e9rintetti jogokat (az adathordozhat\u00f3s\u00e1g kiv\u00e9tel\u00e9vel).<\/p>\n<p>Azonban okirat hi\u00e1ny\u00e1ban sem kell a j\u00f6v\u0151ben t\u00e9tlen\u00fcl n\u00e9zn\u00fcnk a t\u00falvil\u00e1gr\u00f3l az adatainkkal val\u00f3 vissza\u00e9l\u00e9st, ugyanis az Info. t\u00f6rv\u00e9ny bizonyos jogokat biztos\u00edt az \u00e9rintett k\u00f6zeli hozz\u00e1tartoz\u00f3inak is, amely jogok szint\u00e9n az \u00e9rintett hal\u00e1l\u00e1t k\u00f6vet\u0151 \u00f6t \u00e9ven bel\u00fcl lesznek gyakorolhat\u00f3k.<\/p>\n<p><strong>Jut is, marad is<\/strong><\/p>\n<p>L\u00e1thatjuk, hogy megk\u00e9sve b\u00e1r, de az Info. t\u00f6rv\u00e9ny m\u00e1sodik m\u00f3dos\u00edt\u00e1sa r\u00e9v\u00e9n m\u00e9gis megt\u00f6rt\u00e9nt a GDPR implement\u00e1l\u00e1s\u00e1val kapcsolatos legfontosabb k\u00e9rd\u00e9sek rendez\u00e9se. Ez azonban \u00edgy is csak a jogalkot\u00f3i munka els\u0151 l\u00e9p\u00e9s\u00e9nek tekinthet\u0151, ugyanis van m\u00e9g legal\u00e1bb egy fontos ter\u00fclet, aminek (\u00fajra)szab\u00e1lyoz\u00e1s\u00e1val tov\u00e1bbra is ad\u00f3s maradt a jogalkot\u00f3. Ez pedig a szektor\u00e1lis jogszab\u00e1lyok GDPR-nak megfelel\u0151 m\u00f3dos\u00edt\u00e1sa.<\/p>\n<p>Az Info. t\u00f6rv\u00e9ny most elfogadott m\u00f3dos\u00edt\u00e1s\u00e1nak egy kor\u00e1bbi tervezete m\u00e9g tartalmazta a legfontosabb \u00e1gazati jogszab\u00e1lyok m\u00f3dos\u00edt\u00e1s\u00e1t is, azonban a v\u00e9g\u00fcl a Parlament el\u00e9 ker\u00fcl\u0151 javaslatb\u00f3l ezek kimaradtak.<\/p>\n<p>\u00cdgy teh\u00e1t sz\u00e1mos szektor\u00e1lis jogszab\u00e1ly (pl. a biztos\u00edt\u00e1si t\u00f6rv\u00e9ny, a munka t\u00f6rv\u00e9nyk\u00f6nyve vagy a vagyonv\u00e9delmi t\u00f6rv\u00e9ny) tartalmaz tov\u00e1bbra is olyan adatv\u00e9delmi vonatkoz\u00e1s\u00fa rendelkez\u00e9seket, amelyeket j\u00f3val a GDPR hat\u00e1lyba l\u00e9p\u00e9se el\u0151tt fogadtak el, \u00e9s amelyek \u00edgy egy\u00e1ltal\u00e1n nem \u00e1llnak \u00f6sszhangban a GDPR alapelveivel, strukt\u00far\u00e1j\u00e1val vagy \u00e9ppen k\u00f6vetelm\u00e9nyeivel.<\/p>\n<p>Ez a gyakorlatban jelent\u0151s jog\u00e9rtelmez\u00e9si bizonytalans\u00e1gokat okozhat az egyes \u00e9rintett szektorokban tev\u00e9kenyked\u0151 adatkezel\u0151k sz\u00e1m\u00e1ra, aminek k\u00f6vetkezt\u00e9ben azok m\u00e9g jogk\u00f6vet\u0151 magatart\u00e1s ir\u00e1nti elk\u00f6telezetts\u00e9g\u00fck eset\u00e9n sem lehetnek biztosak adatkezel\u00e9si tev\u00e9kenys\u00e9geik jogszer\u0171s\u00e9g\u00e9ben. Minderre tekintettel teh\u00e1t k\u00fcl\u00f6n\u00f6sen fontos volna az \u00e1ltal\u00e1nos adatv\u00e9delmi szab\u00e1lyokon t\u00fal, az \u00e1gazati szab\u00e1lyok mihamarabbi megfelel\u0151 m\u00f3dos\u00edt\u00e1sa is.<\/p>\n<p><i>Szerz\u0151k: Gondos Orsolya \u00e9s T\u00e1los D\u00e1niel<\/i><\/p>\t\t\t\t\t\t\t\t<\/div>\n\t\t\t\t<\/div>\n\t\t\t\t\t<\/div>\n\t\t<\/div>\n\t\t\t\t\t<\/div>\n\t\t<\/section>\n\t\t\t\t<\/div>\n\t\t","protected":false},"excerpt":{"rendered":"<p>K\u00f6zel k\u00e9t h\u00f3napos cs\u00fasz\u00e1ssal v\u00e9g\u00fcl 2018. j\u00falius 25-\u00e9n ker\u00fclt kihirdet\u00e9sre, majd j\u00falius 26-\u00e1n hat\u00e1lyba is l\u00e9pett az inform\u00e1ci\u00f3s \u00f6nrendelkez\u00e9si jogr\u00f3l \u00e9s az inform\u00e1ci\u00f3szabads\u00e1gr\u00f3l sz\u00f3l\u00f3 2011. \u00e9vi CXII. t\u00f6rv\u00e9ny (Info. t\u00f6rv\u00e9ny) \u00e1tfog\u00f3 m\u00f3dos\u00edt\u00e1sa, amelyben t\u00f6bbek k\u00f6z\u00f6tt az Eur\u00f3pai Uni\u00f3 Adatv\u00e9delmi Rendelete (GDPR) \u00e1ltal nyitva hagyott egyes ter\u00fcletek ker\u00fcltek szab\u00e1lyoz\u00e1sra. Cikk\u00fcnkben \u00f6sszefoglaltuk a legfontosabb v\u00e1ltoz\u00e1sokat.<\/p>\n","protected":false},"author":1,"featured_media":3012,"comment_status":"closed","ping_status":"open","sticky":false,"template":"","format":"standard","meta":{"site-sidebar-layout":"default","site-content-layout":"default","ast-site-content-layout":"default","site-content-style":"default","site-sidebar-style":"default","ast-global-header-display":"","ast-banner-title-visibility":"","ast-main-header-display":"","ast-hfb-above-header-display":"","ast-hfb-below-header-display":"","ast-hfb-mobile-header-display":"","site-post-title":"","ast-breadcrumbs-content":"","ast-featured-img":"","footer-sml-layout":"","theme-transparent-header-meta":"default","adv-header-id-meta":"","stick-header-meta":"","header-above-stick-meta":"","header-main-stick-meta":"","header-below-stick-meta":"","astra-migrate-meta-layouts":"default","ast-page-background-enabled":"default","ast-page-background-meta":{"desktop":{"background-color":"","background-image":"","background-repeat":"repeat","background-position":"center center","background-size":"auto","background-attachment":"scroll","background-type":"","background-media":"","overlay-type":"","overlay-color":"","overlay-opacity":"","overlay-gradient":""},"tablet":{"background-color":"","background-image":"","background-repeat":"repeat","background-position":"center center","background-size":"auto","background-attachment":"scroll","background-type":"","background-media":"","overlay-type":"","overlay-color":"","overlay-opacity":"","overlay-gradient":""},"mobile":{"background-color":"","background-image":"","background-repeat":"repeat","background-position":"center center","background-size":"auto","background-attachment":"scroll","background-type":"","background-media":"","overlay-type":"","overlay-color":"","overlay-opacity":"","overlay-gradient":""}},"ast-content-background-meta":{"desktop":{"background-color":"var(--ast-global-color-5)","background-image":"","background-repeat":"repeat","background-position":"center center","background-size":"auto","background-attachment":"scroll","background-type":"","background-media":"","overlay-type":"","overlay-color":"","overlay-opacity":"","overlay-gradient":""},"tablet":{"background-color":"var(--ast-global-color-5)","background-image":"","background-repeat":"repeat","background-position":"center center","background-size":"auto","background-attachment":"scroll","background-type":"","background-media":"","overlay-type":"","overlay-color":"","overlay-opacity":"","overlay-gradient":""},"mobile":{"background-color":"var(--ast-global-color-5)","background-image":"","background-repeat":"repeat","background-position":"center center","background-size":"auto","background-attachment":"scroll","background-type":"","background-media":"","overlay-type":"","overlay-color":"","overlay-opacity":"","overlay-gradient":""}},"footnotes":""},"categories":[5],"tags":[469,40,471,909,474,353,466,473,910,468],"coauthors":[705,801,810],"class_list":["post-2144","post","type-post","status-publish","format-standard","has-post-thumbnail","hentry","category-adatvedelem","tag-adatkezeles","tag-adatvedelem-2","tag-adatvedelmi-tisztviselo","tag-birosagi-jogervenyesites","tag-europai-unio-adatvedelmi-rendelete","tag-gdpr","tag-infotorveny","tag-jogellenes-adatkezelesi-muvelet","tag-tisztviseloi-titoktartas","tag-titoktartasi-kotelezettseg"],"yoast_head":"<!-- This site is optimized with the Yoast SEO plugin v26.1 - https:\/\/yoast.com\/wordpress\/plugins\/seo\/ -->\n<title>Friss\u00fclt Magyarorsz\u00e1g adatv\u00e9delmi szab\u00e1lyzata<\/title>\n<meta name=\"description\" content=\"2018. j\u00falius 26-\u00e1n hat\u00e1lyba l\u00e9pett az inform\u00e1ci\u00f3s \u00f6nrendelkez\u00e9si jogr\u00f3l sz\u00f3l\u00f3 2011. \u00e9vi CXII. t\u00f6rv\u00e9ny \u00e1tfog\u00f3 m\u00f3dos\u00edt\u00e1sa.\" \/>\n<meta name=\"robots\" content=\"index, follow, max-snippet:-1, max-image-preview:large, max-video-preview:-1\" \/>\n<link rel=\"canonical\" href=\"https:\/\/blogs.dlapiper.com\/advocatus\/2018\/07\/frissult-magyarorszag-adatvedelmi-szabalyzata\/\" \/>\n<meta property=\"og:locale\" content=\"en_GB\" \/>\n<meta property=\"og:type\" content=\"article\" \/>\n<meta property=\"og:title\" content=\"Friss\u00fclt Magyarorsz\u00e1g adatv\u00e9delmi szab\u00e1lyzata\" \/>\n<meta property=\"og:description\" content=\"2018. j\u00falius 26-\u00e1n hat\u00e1lyba l\u00e9pett az inform\u00e1ci\u00f3s \u00f6nrendelkez\u00e9si jogr\u00f3l sz\u00f3l\u00f3 2011. \u00e9vi CXII. t\u00f6rv\u00e9ny \u00e1tfog\u00f3 m\u00f3dos\u00edt\u00e1sa.\" \/>\n<meta property=\"og:url\" content=\"https:\/\/blogs.dlapiper.com\/advocatus\/2018\/07\/frissult-magyarorszag-adatvedelmi-szabalyzata\/\" \/>\n<meta property=\"og:site_name\" content=\"Advocatus\" \/>\n<meta property=\"article:published_time\" content=\"2018-07-31T09:07:11+00:00\" \/>\n<meta property=\"article:modified_time\" content=\"2022-03-21T13:46:17+00:00\" \/>\n<meta property=\"og:image\" content=\"https:\/\/blogs.dlapiper.com\/advocatus\/files\/2021\/11\/Regulatory3.jpg\" \/>\n\t<meta property=\"og:image:width\" content=\"1200\" \/>\n\t<meta property=\"og:image:height\" content=\"300\" \/>\n\t<meta property=\"og:image:type\" content=\"image\/jpeg\" \/>\n<meta name=\"author\" content=\"DLA Piper, Gondos Orsolya, T\u00e1los D\u00e1niel\" \/>\n<meta name=\"twitter:card\" content=\"summary_large_image\" \/>\n<meta name=\"twitter:label1\" content=\"Written by\" \/>\n\t<meta name=\"twitter:data1\" content=\"DLA Piper, Gondos Orsolya, T\u00e1los D\u00e1niel\" \/>\n\t<meta name=\"twitter:label2\" content=\"Estimated reading time\" \/>\n\t<meta name=\"twitter:data2\" content=\"5 minutes\" \/>\n<script type=\"application\/ld+json\" class=\"yoast-schema-graph\">{\"@context\":\"https:\/\/schema.org\",\"@graph\":[{\"@type\":\"Article\",\"@id\":\"https:\/\/blogs.dlapiper.com\/advocatus\/2018\/07\/frissult-magyarorszag-adatvedelmi-szabalyzata\/#article\",\"isPartOf\":{\"@id\":\"https:\/\/blogs.dlapiper.com\/advocatus\/2018\/07\/frissult-magyarorszag-adatvedelmi-szabalyzata\/\"},\"author\":{\"name\":\"DLA Piper\",\"@id\":\"https:\/\/blogs.dlapiper.com\/advocatus\/#\/schema\/person\/e4f1320bd6f7e07fbf942762d3bd3206\"},\"headline\":\"Friss\u00fclt Magyarorsz\u00e1g adatv\u00e9delmi szab\u00e1lyzata\",\"datePublished\":\"2018-07-31T09:07:11+00:00\",\"dateModified\":\"2022-03-21T13:46:17+00:00\",\"mainEntityOfPage\":{\"@id\":\"https:\/\/blogs.dlapiper.com\/advocatus\/2018\/07\/frissult-magyarorszag-adatvedelmi-szabalyzata\/\"},\"wordCount\":1885,\"publisher\":{\"@id\":\"https:\/\/blogs.dlapiper.com\/advocatus\/#organization\"},\"image\":{\"@id\":\"https:\/\/blogs.dlapiper.com\/advocatus\/2018\/07\/frissult-magyarorszag-adatvedelmi-szabalyzata\/#primaryimage\"},\"thumbnailUrl\":\"https:\/\/blogs.dlapiper.com\/advocatus\/files\/2021\/11\/Regulatory3.jpg\",\"keywords\":[\"adatkezel\u00e9s\",\"adatv\u00e9delem\",\"adatv\u00e9delmi tisztvisel\u0151\",\"B\u00edr\u00f3s\u00e1gi jog\u00e9rv\u00e9nyes\u00edt\u00e9s\",\"Eur\u00f3pai Uni\u00f3 Adatv\u00e9delmi Rendelete\",\"GDPR\",\"Infot\u00f6rv\u00e9ny\",\"jogellenes adatkezel\u00e9si m\u0171velet\",\"Tisztvisel\u0151i titoktart\u00e1s\",\"titoktart\u00e1si k\u00f6telezetts\u00e9g\"],\"articleSection\":[\"Szellemi tulajdon, Adatv\u00e9delem | IPT, Data Protection\"],\"inLanguage\":\"en-GB\"},{\"@type\":\"WebPage\",\"@id\":\"https:\/\/blogs.dlapiper.com\/advocatus\/2018\/07\/frissult-magyarorszag-adatvedelmi-szabalyzata\/\",\"url\":\"https:\/\/blogs.dlapiper.com\/advocatus\/2018\/07\/frissult-magyarorszag-adatvedelmi-szabalyzata\/\",\"name\":\"Friss\u00fclt Magyarorsz\u00e1g adatv\u00e9delmi szab\u00e1lyzata\",\"isPartOf\":{\"@id\":\"https:\/\/blogs.dlapiper.com\/advocatus\/#website\"},\"primaryImageOfPage\":{\"@id\":\"https:\/\/blogs.dlapiper.com\/advocatus\/2018\/07\/frissult-magyarorszag-adatvedelmi-szabalyzata\/#primaryimage\"},\"image\":{\"@id\":\"https:\/\/blogs.dlapiper.com\/advocatus\/2018\/07\/frissult-magyarorszag-adatvedelmi-szabalyzata\/#primaryimage\"},\"thumbnailUrl\":\"https:\/\/blogs.dlapiper.com\/advocatus\/files\/2021\/11\/Regulatory3.jpg\",\"datePublished\":\"2018-07-31T09:07:11+00:00\",\"dateModified\":\"2022-03-21T13:46:17+00:00\",\"description\":\"2018. j\u00falius 26-\u00e1n hat\u00e1lyba l\u00e9pett az inform\u00e1ci\u00f3s \u00f6nrendelkez\u00e9si jogr\u00f3l sz\u00f3l\u00f3 2011. \u00e9vi CXII. t\u00f6rv\u00e9ny \u00e1tfog\u00f3 m\u00f3dos\u00edt\u00e1sa.\",\"breadcrumb\":{\"@id\":\"https:\/\/blogs.dlapiper.com\/advocatus\/2018\/07\/frissult-magyarorszag-adatvedelmi-szabalyzata\/#breadcrumb\"},\"inLanguage\":\"en-GB\",\"potentialAction\":[{\"@type\":\"ReadAction\",\"target\":[\"https:\/\/blogs.dlapiper.com\/advocatus\/2018\/07\/frissult-magyarorszag-adatvedelmi-szabalyzata\/\"]}]},{\"@type\":\"ImageObject\",\"inLanguage\":\"en-GB\",\"@id\":\"https:\/\/blogs.dlapiper.com\/advocatus\/2018\/07\/frissult-magyarorszag-adatvedelmi-szabalyzata\/#primaryimage\",\"url\":\"https:\/\/blogs.dlapiper.com\/advocatus\/files\/2021\/11\/Regulatory3.jpg\",\"contentUrl\":\"https:\/\/blogs.dlapiper.com\/advocatus\/files\/2021\/11\/Regulatory3.jpg\",\"width\":1200,\"height\":300},{\"@type\":\"BreadcrumbList\",\"@id\":\"https:\/\/blogs.dlapiper.com\/advocatus\/2018\/07\/frissult-magyarorszag-adatvedelmi-szabalyzata\/#breadcrumb\",\"itemListElement\":[{\"@type\":\"ListItem\",\"position\":1,\"name\":\"Home\",\"item\":\"https:\/\/blogs.dlapiper.com\/advocatus\/\"},{\"@type\":\"ListItem\",\"position\":2,\"name\":\"Friss\u00fclt Magyarorsz\u00e1g adatv\u00e9delmi szab\u00e1lyzata\"}]},{\"@type\":\"WebSite\",\"@id\":\"https:\/\/blogs.dlapiper.com\/advocatus\/#website\",\"url\":\"https:\/\/blogs.dlapiper.com\/advocatus\/\",\"name\":\"Advocatus\",\"description\":\"A DLA Piper Jogi Blogja\",\"publisher\":{\"@id\":\"https:\/\/blogs.dlapiper.com\/advocatus\/#organization\"},\"potentialAction\":[{\"@type\":\"SearchAction\",\"target\":{\"@type\":\"EntryPoint\",\"urlTemplate\":\"https:\/\/blogs.dlapiper.com\/advocatus\/?s={search_term_string}\"},\"query-input\":{\"@type\":\"PropertyValueSpecification\",\"valueRequired\":true,\"valueName\":\"search_term_string\"}}],\"inLanguage\":\"en-GB\"},{\"@type\":\"Organization\",\"@id\":\"https:\/\/blogs.dlapiper.com\/advocatus\/#organization\",\"name\":\"Advocatus\",\"url\":\"https:\/\/blogs.dlapiper.com\/advocatus\/\",\"logo\":{\"@type\":\"ImageObject\",\"inLanguage\":\"en-GB\",\"@id\":\"https:\/\/blogs.dlapiper.com\/advocatus\/#\/schema\/logo\/image\/\",\"url\":\"https:\/\/blogs.dlapiper.com\/advocatus\/files\/2019\/06\/cropped-logo-144-1.png\",\"contentUrl\":\"https:\/\/blogs.dlapiper.com\/advocatus\/files\/2019\/06\/cropped-logo-144-1.png\",\"width\":223,\"height\":130,\"caption\":\"Advocatus\"},\"image\":{\"@id\":\"https:\/\/blogs.dlapiper.com\/advocatus\/#\/schema\/logo\/image\/\"},\"sameAs\":[\"https:\/\/www.linkedin.com\/showcase\/dla-piper-hungary\/\"]},{\"@type\":\"Person\",\"@id\":\"https:\/\/blogs.dlapiper.com\/advocatus\/#\/schema\/person\/e4f1320bd6f7e07fbf942762d3bd3206\",\"name\":\"DLA Piper\",\"url\":\"https:\/\/blogs.dlapiper.com\/advocatus\/author\/blogadmin\/\"}]}<\/script>\n<!-- \/ Yoast SEO plugin. -->","yoast_head_json":{"title":"Friss\u00fclt Magyarorsz\u00e1g adatv\u00e9delmi szab\u00e1lyzata","description":"2018. j\u00falius 26-\u00e1n hat\u00e1lyba l\u00e9pett az inform\u00e1ci\u00f3s \u00f6nrendelkez\u00e9si jogr\u00f3l sz\u00f3l\u00f3 2011. \u00e9vi CXII. t\u00f6rv\u00e9ny \u00e1tfog\u00f3 m\u00f3dos\u00edt\u00e1sa.","robots":{"index":"index","follow":"follow","max-snippet":"max-snippet:-1","max-image-preview":"max-image-preview:large","max-video-preview":"max-video-preview:-1"},"canonical":"https:\/\/blogs.dlapiper.com\/advocatus\/2018\/07\/frissult-magyarorszag-adatvedelmi-szabalyzata\/","og_locale":"en_GB","og_type":"article","og_title":"Friss\u00fclt Magyarorsz\u00e1g adatv\u00e9delmi szab\u00e1lyzata","og_description":"2018. j\u00falius 26-\u00e1n hat\u00e1lyba l\u00e9pett az inform\u00e1ci\u00f3s \u00f6nrendelkez\u00e9si jogr\u00f3l sz\u00f3l\u00f3 2011. \u00e9vi CXII. t\u00f6rv\u00e9ny \u00e1tfog\u00f3 m\u00f3dos\u00edt\u00e1sa.","og_url":"https:\/\/blogs.dlapiper.com\/advocatus\/2018\/07\/frissult-magyarorszag-adatvedelmi-szabalyzata\/","og_site_name":"Advocatus","article_published_time":"2018-07-31T09:07:11+00:00","article_modified_time":"2022-03-21T13:46:17+00:00","og_image":[{"width":1200,"height":300,"url":"https:\/\/blogs.dlapiper.com\/advocatus\/files\/2021\/11\/Regulatory3.jpg","type":"image\/jpeg"}],"author":"DLA Piper, Gondos Orsolya, T\u00e1los D\u00e1niel","twitter_card":"summary_large_image","twitter_misc":{"Written by":"DLA Piper, Gondos Orsolya, T\u00e1los D\u00e1niel","Estimated reading time":"5 minutes"},"schema":{"@context":"https:\/\/schema.org","@graph":[{"@type":"Article","@id":"https:\/\/blogs.dlapiper.com\/advocatus\/2018\/07\/frissult-magyarorszag-adatvedelmi-szabalyzata\/#article","isPartOf":{"@id":"https:\/\/blogs.dlapiper.com\/advocatus\/2018\/07\/frissult-magyarorszag-adatvedelmi-szabalyzata\/"},"author":{"name":"DLA Piper","@id":"https:\/\/blogs.dlapiper.com\/advocatus\/#\/schema\/person\/e4f1320bd6f7e07fbf942762d3bd3206"},"headline":"Friss\u00fclt Magyarorsz\u00e1g adatv\u00e9delmi szab\u00e1lyzata","datePublished":"2018-07-31T09:07:11+00:00","dateModified":"2022-03-21T13:46:17+00:00","mainEntityOfPage":{"@id":"https:\/\/blogs.dlapiper.com\/advocatus\/2018\/07\/frissult-magyarorszag-adatvedelmi-szabalyzata\/"},"wordCount":1885,"publisher":{"@id":"https:\/\/blogs.dlapiper.com\/advocatus\/#organization"},"image":{"@id":"https:\/\/blogs.dlapiper.com\/advocatus\/2018\/07\/frissult-magyarorszag-adatvedelmi-szabalyzata\/#primaryimage"},"thumbnailUrl":"https:\/\/blogs.dlapiper.com\/advocatus\/files\/2021\/11\/Regulatory3.jpg","keywords":["adatkezel\u00e9s","adatv\u00e9delem","adatv\u00e9delmi tisztvisel\u0151","B\u00edr\u00f3s\u00e1gi jog\u00e9rv\u00e9nyes\u00edt\u00e9s","Eur\u00f3pai Uni\u00f3 Adatv\u00e9delmi Rendelete","GDPR","Infot\u00f6rv\u00e9ny","jogellenes adatkezel\u00e9si m\u0171velet","Tisztvisel\u0151i titoktart\u00e1s","titoktart\u00e1si k\u00f6telezetts\u00e9g"],"articleSection":["Szellemi tulajdon, Adatv\u00e9delem | IPT, Data Protection"],"inLanguage":"en-GB"},{"@type":"WebPage","@id":"https:\/\/blogs.dlapiper.com\/advocatus\/2018\/07\/frissult-magyarorszag-adatvedelmi-szabalyzata\/","url":"https:\/\/blogs.dlapiper.com\/advocatus\/2018\/07\/frissult-magyarorszag-adatvedelmi-szabalyzata\/","name":"Friss\u00fclt Magyarorsz\u00e1g adatv\u00e9delmi szab\u00e1lyzata","isPartOf":{"@id":"https:\/\/blogs.dlapiper.com\/advocatus\/#website"},"primaryImageOfPage":{"@id":"https:\/\/blogs.dlapiper.com\/advocatus\/2018\/07\/frissult-magyarorszag-adatvedelmi-szabalyzata\/#primaryimage"},"image":{"@id":"https:\/\/blogs.dlapiper.com\/advocatus\/2018\/07\/frissult-magyarorszag-adatvedelmi-szabalyzata\/#primaryimage"},"thumbnailUrl":"https:\/\/blogs.dlapiper.com\/advocatus\/files\/2021\/11\/Regulatory3.jpg","datePublished":"2018-07-31T09:07:11+00:00","dateModified":"2022-03-21T13:46:17+00:00","description":"2018. j\u00falius 26-\u00e1n hat\u00e1lyba l\u00e9pett az inform\u00e1ci\u00f3s \u00f6nrendelkez\u00e9si jogr\u00f3l sz\u00f3l\u00f3 2011. \u00e9vi CXII. t\u00f6rv\u00e9ny \u00e1tfog\u00f3 m\u00f3dos\u00edt\u00e1sa.","breadcrumb":{"@id":"https:\/\/blogs.dlapiper.com\/advocatus\/2018\/07\/frissult-magyarorszag-adatvedelmi-szabalyzata\/#breadcrumb"},"inLanguage":"en-GB","potentialAction":[{"@type":"ReadAction","target":["https:\/\/blogs.dlapiper.com\/advocatus\/2018\/07\/frissult-magyarorszag-adatvedelmi-szabalyzata\/"]}]},{"@type":"ImageObject","inLanguage":"en-GB","@id":"https:\/\/blogs.dlapiper.com\/advocatus\/2018\/07\/frissult-magyarorszag-adatvedelmi-szabalyzata\/#primaryimage","url":"https:\/\/blogs.dlapiper.com\/advocatus\/files\/2021\/11\/Regulatory3.jpg","contentUrl":"https:\/\/blogs.dlapiper.com\/advocatus\/files\/2021\/11\/Regulatory3.jpg","width":1200,"height":300},{"@type":"BreadcrumbList","@id":"https:\/\/blogs.dlapiper.com\/advocatus\/2018\/07\/frissult-magyarorszag-adatvedelmi-szabalyzata\/#breadcrumb","itemListElement":[{"@type":"ListItem","position":1,"name":"Home","item":"https:\/\/blogs.dlapiper.com\/advocatus\/"},{"@type":"ListItem","position":2,"name":"Friss\u00fclt Magyarorsz\u00e1g adatv\u00e9delmi szab\u00e1lyzata"}]},{"@type":"WebSite","@id":"https:\/\/blogs.dlapiper.com\/advocatus\/#website","url":"https:\/\/blogs.dlapiper.com\/advocatus\/","name":"Advocatus","description":"A DLA Piper Jogi Blogja","publisher":{"@id":"https:\/\/blogs.dlapiper.com\/advocatus\/#organization"},"potentialAction":[{"@type":"SearchAction","target":{"@type":"EntryPoint","urlTemplate":"https:\/\/blogs.dlapiper.com\/advocatus\/?s={search_term_string}"},"query-input":{"@type":"PropertyValueSpecification","valueRequired":true,"valueName":"search_term_string"}}],"inLanguage":"en-GB"},{"@type":"Organization","@id":"https:\/\/blogs.dlapiper.com\/advocatus\/#organization","name":"Advocatus","url":"https:\/\/blogs.dlapiper.com\/advocatus\/","logo":{"@type":"ImageObject","inLanguage":"en-GB","@id":"https:\/\/blogs.dlapiper.com\/advocatus\/#\/schema\/logo\/image\/","url":"https:\/\/blogs.dlapiper.com\/advocatus\/files\/2019\/06\/cropped-logo-144-1.png","contentUrl":"https:\/\/blogs.dlapiper.com\/advocatus\/files\/2019\/06\/cropped-logo-144-1.png","width":223,"height":130,"caption":"Advocatus"},"image":{"@id":"https:\/\/blogs.dlapiper.com\/advocatus\/#\/schema\/logo\/image\/"},"sameAs":["https:\/\/www.linkedin.com\/showcase\/dla-piper-hungary\/"]},{"@type":"Person","@id":"https:\/\/blogs.dlapiper.com\/advocatus\/#\/schema\/person\/e4f1320bd6f7e07fbf942762d3bd3206","name":"DLA Piper","url":"https:\/\/blogs.dlapiper.com\/advocatus\/author\/blogadmin\/"}]}},"_links":{"self":[{"href":"https:\/\/blogs.dlapiper.com\/advocatus\/wp-json\/wp\/v2\/posts\/2144","targetHints":{"allow":["GET"]}}],"collection":[{"href":"https:\/\/blogs.dlapiper.com\/advocatus\/wp-json\/wp\/v2\/posts"}],"about":[{"href":"https:\/\/blogs.dlapiper.com\/advocatus\/wp-json\/wp\/v2\/types\/post"}],"author":[{"embeddable":true,"href":"https:\/\/blogs.dlapiper.com\/advocatus\/wp-json\/wp\/v2\/users\/1"}],"replies":[{"embeddable":true,"href":"https:\/\/blogs.dlapiper.com\/advocatus\/wp-json\/wp\/v2\/comments?post=2144"}],"version-history":[{"count":0,"href":"https:\/\/blogs.dlapiper.com\/advocatus\/wp-json\/wp\/v2\/posts\/2144\/revisions"}],"wp:featuredmedia":[{"embeddable":true,"href":"https:\/\/blogs.dlapiper.com\/advocatus\/wp-json\/wp\/v2\/media\/3012"}],"wp:attachment":[{"href":"https:\/\/blogs.dlapiper.com\/advocatus\/wp-json\/wp\/v2\/media?parent=2144"}],"wp:term":[{"taxonomy":"category","embeddable":true,"href":"https:\/\/blogs.dlapiper.com\/advocatus\/wp-json\/wp\/v2\/categories?post=2144"},{"taxonomy":"post_tag","embeddable":true,"href":"https:\/\/blogs.dlapiper.com\/advocatus\/wp-json\/wp\/v2\/tags?post=2144"},{"taxonomy":"author","embeddable":true,"href":"https:\/\/blogs.dlapiper.com\/advocatus\/wp-json\/wp\/v2\/coauthors?post=2144"}],"curies":[{"name":"wp","href":"https:\/\/api.w.org\/{rel}","templated":true}]}}