{"id":2062,"date":"2017-09-06T09:41:33","date_gmt":"2017-09-06T07:41:33","guid":{"rendered":"https:\/\/blogs.dlapiper.com\/advocatus\/?p=2062"},"modified":"2022-03-21T15:16:18","modified_gmt":"2022-03-21T14:16:18","slug":"elektromos-autotoltes-arazasa-ime-az-uj-magyar-szabalyozas","status":"publish","type":"post","link":"https:\/\/blogs.dlapiper.com\/advocatus\/2017\/09\/elektromos-autotoltes-arazasa-ime-az-uj-magyar-szabalyozas\/","title":{"rendered":"Elektromos aut\u00f3t\u00f6lt\u00e9s \u00e1raz\u00e1sa &#8211; \u00edme az \u00faj magyar szab\u00e1lyoz\u00e1s"},"content":{"rendered":"\t\t<div data-elementor-type=\"wp-post\" data-elementor-id=\"2062\" class=\"elementor elementor-2062\" data-elementor-post-type=\"post\">\n\t\t\t\t\t\t<section class=\"elementor-section elementor-top-section elementor-element elementor-element-11dea299 elementor-section-boxed elementor-section-height-default elementor-section-height-default\" data-id=\"11dea299\" data-element_type=\"section\">\n\t\t\t\t\t\t<div class=\"elementor-container elementor-column-gap-default\">\n\t\t\t\t\t<div class=\"elementor-column elementor-col-100 elementor-top-column elementor-element elementor-element-e7ed424\" data-id=\"e7ed424\" data-element_type=\"column\">\n\t\t\t<div class=\"elementor-widget-wrap elementor-element-populated\">\n\t\t\t\t\t\t<div class=\"elementor-element elementor-element-27f6186a elementor-widget elementor-widget-text-editor\" data-id=\"27f6186a\" data-element_type=\"widget\" data-widget_type=\"text-editor.default\">\n\t\t\t\t<div class=\"elementor-widget-container\">\n\t\t\t\t\t\t\t\t\t<p><strong>Az elektromos aut\u00f3z\u00e1s terjed\u00e9s\u00e9vel p\u00e1rhuzamosan nyilv\u00e1nval\u00f3v\u00e1 v\u00e1lik, hogy a t\u00f6lt\u0151\u00e1llom\u00e1sok \u00fczemeltet\u00e9s\u00e9nek jelenlegi, ingyeness\u00e9gre \u00e9p\u00fcl\u0151 rendszer\u00e9t fel kell v\u00e1ltaniuk a <a href=\"http:\/\/advocatus.dlapiper.hu\/?p=2060\">rent\u00e1bilis \u00fczleti modelleknek<\/a>. Az al\u00e1bbiakban az elektromos g\u00e9pj\u00e1rm\u0171t\u00f6lt\u00e9s id\u00e9n ny\u00e1ron hat\u00e1lyba l\u00e9pett szab\u00e1lyoz\u00e1s\u00e1t tekintj\u00fck \u00e1t.<\/strong><\/p>\n<p>2017. j\u00falius 15-\u00e9n l\u00e9pett hat\u00e1lyba az elektromos g\u00e9pj\u00e1rm\u0171t\u00f6lt\u00e9si szolg\u00e1ltat\u00e1s egyes k\u00e9rd\u00e9seir\u0151l sz\u00f3l\u00f3 <strong>170\/2017. (VI. 29.) Korm. rendelet<\/strong> (\u201eKorm\u00e1nyrendelet\u201d), amely a 2014\/94\/EU Ir\u00e1nyelvvel \u00f6sszhangban meghat\u00e1rozza:<\/p>\n<p>&#8211; felhaszn\u00e1l\u00f3 \u00e9s a szolg\u00e1ltat\u00f3 k\u00f6z\u00f6tti szerz\u0151d\u00e9sk\u00f6t\u00e9s egyes k\u00e9rd\u00e9seit,<\/p>\n<p>&#8211; az \u00fczemeltet\u0151 k\u00f6telezetts\u00e9geit, illetve<\/p>\n<p>&#8211; a szolg\u00e1ltat\u00f3 \u00e1ltali \u00e1rmeghat\u00e1roz\u00e1s kereteit.<\/p>\n<p><\/p><\/div><\/div><\/div><\/div><\/div><\/section><\/div> &hellip;<p class=\"ast-the-content-more-link\"> <a class=\"\" href=\"https:\/\/blogs.dlapiper.com\/advocatus\/2017\/09\/elektromos-autotoltes-arazasa-ime-az-uj-magyar-szabalyozas\/\"> <span class=\"screen-reader-text\">Elektromos aut\u00f3t\u00f6lt\u00e9s \u00e1raz\u00e1sa &#8211; \u00edme az \u00faj magyar szab\u00e1lyoz\u00e1s<\/span>Read More &raquo;<\/a><\/p>","protected":false},"excerpt":{"rendered":"<p>Az elektromos aut\u00f3z\u00e1s terjed\u00e9s\u00e9vel p\u00e1rhuzamosan nyilv\u00e1nval\u00f3v\u00e1 v\u00e1lik, hogy a t\u00f6lt\u0151\u00e1llom\u00e1sok \u00fczemeltet\u00e9s\u00e9nek jelenlegi, ingyeness\u00e9gre \u00e9p\u00fcl\u0151 rendszer\u00e9t fel kell v\u00e1ltaniuk a rent\u00e1bilis \u00fczleti modelleknek. Az al\u00e1bbiakban az elektromos g\u00e9pj\u00e1rm\u0171t\u00f6lt\u00e9s id\u00e9n ny\u00e1ron hat\u00e1lyba l\u00e9pett szab\u00e1lyoz\u00e1s\u00e1t tekintj\u00fck \u00e1t.<\/p>\n","protected":false},"author":443,"featured_media":2881,"comment_status":"closed","ping_status":"open","sticky":false,"template":"","format":"standard","meta":{"site-sidebar-layout":"default","site-content-layout":"default","ast-site-content-layout":"default","site-content-style":"default","site-sidebar-style":"default","ast-global-header-display":"","ast-banner-title-visibility":"","ast-main-header-display":"","ast-hfb-above-header-display":"","ast-hfb-below-header-display":"","ast-hfb-mobile-header-display":"","site-post-title":"","ast-breadcrumbs-content":"","ast-featured-img":"","footer-sml-layout":"","theme-transparent-header-meta":"default","adv-header-id-meta":"","stick-header-meta":"","header-above-stick-meta":"","header-main-stick-meta":"","header-below-stick-meta":"","astra-migrate-meta-layouts":"default","ast-page-background-enabled":"default","ast-page-background-meta":{"desktop":{"background-color":"","background-image":"","background-repeat":"repeat","background-position":"center center","background-size":"auto","background-attachment":"scroll","background-type":"","background-media":"","overlay-type":"","overlay-color":"","overlay-opacity":"","overlay-gradient":""},"tablet":{"background-color":"","background-image":"","background-repeat":"repeat","background-position":"center center","background-size":"auto","background-attachment":"scroll","background-type":"","background-media":"","overlay-type":"","overlay-color":"","overlay-opacity":"","overlay-gradient":""},"mobile":{"background-color":"","background-image":"","background-repeat":"repeat","background-position":"center center","background-size":"auto","background-attachment":"scroll","background-type":"","background-media":"","overlay-type":"","overlay-color":"","overlay-opacity":"","overlay-gradient":""}},"ast-content-background-meta":{"desktop":{"background-color":"var(--ast-global-color-5)","background-image":"","background-repeat":"repeat","background-position":"center center","background-size":"auto","background-attachment":"scroll","background-type":"","background-media":"","overlay-type":"","overlay-color":"","overlay-opacity":"","overlay-gradient":""},"tablet":{"background-color":"var(--ast-global-color-5)","background-image":"","background-repeat":"repeat","background-position":"center center","background-size":"auto","background-attachment":"scroll","background-type":"","background-media":"","overlay-type":"","overlay-color":"","overlay-opacity":"","overlay-gradient":""},"mobile":{"background-color":"var(--ast-global-color-5)","background-image":"","background-repeat":"repeat","background-position":"center center","background-size":"auto","background-attachment":"scroll","background-type":"","background-media":"","overlay-type":"","overlay-color":"","overlay-opacity":"","overlay-gradient":""}},"footnotes":""},"categories":[391],"tags":[409,951,949,407,408,953,417,895,1161,954,952,950],"coauthors":[688],"class_list":["post-2062","post","type-post","status-publish","format-standard","has-post-thumbnail","hentry","category-emobility","tag-alternativ-uzemanyagok","tag-arazas","tag-autotoltes","tag-e-mobilitas","tag-elektromos-jarmuvek","tag-elektromos-toltopont","tag-iranyelv","tag-kormanyrendelet","tag-nyilvanos-elektromos-toltopont","tag-szerzodesek-konstrukcioi","tag-toltes","tag-uzleti-modell"],"yoast_head":"<!-- This site is optimized with the Yoast SEO plugin v26.1 - https:\/\/yoast.com\/wordpress\/plugins\/seo\/ -->\n<title>Elektromos aut\u00f3t\u00f6lt\u00e9s \u00e1raz\u00e1sa \u2013 \u00edme az \u00faj magyar szab\u00e1lyoz\u00e1s<\/title>\n<meta name=\"description\" content=\"Az elektromos aut\u00f3z\u00e1s terjed\u00e9s\u00e9vel p\u00e1rhuzamosan nyilv\u00e1nval\u00f3v\u00e1 v\u00e1lik, hogy a t\u00f6lt\u0151\u00e1llom\u00e1sok \u00fczemeltet\u00e9s\u00e9nek jelenlegi, ingyeness\u00e9gre \u00e9p\u00fcl\u0151 rendszer\u00e9t fel kell v\u00e1ltaniuk a rent\u00e1bilis \u00fczleti modelleknek.\" \/>\n<meta name=\"robots\" content=\"index, follow, max-snippet:-1, max-image-preview:large, max-video-preview:-1\" \/>\n<link rel=\"canonical\" href=\"https:\/\/blogs.dlapiper.com\/advocatus\/2017\/09\/elektromos-autotoltes-arazasa-ime-az-uj-magyar-szabalyozas\/\" \/>\n<meta property=\"og:locale\" content=\"en_GB\" \/>\n<meta property=\"og:type\" content=\"article\" \/>\n<meta property=\"og:title\" content=\"Elektromos aut\u00f3t\u00f6lt\u00e9s \u00e1raz\u00e1sa \u2013 \u00edme az \u00faj magyar szab\u00e1lyoz\u00e1s\" \/>\n<meta property=\"og:description\" content=\"Az elektromos aut\u00f3z\u00e1s terjed\u00e9s\u00e9vel p\u00e1rhuzamosan nyilv\u00e1nval\u00f3v\u00e1 v\u00e1lik, hogy a t\u00f6lt\u0151\u00e1llom\u00e1sok \u00fczemeltet\u00e9s\u00e9nek jelenlegi, ingyeness\u00e9gre \u00e9p\u00fcl\u0151 rendszer\u00e9t fel kell v\u00e1ltaniuk a rent\u00e1bilis \u00fczleti modelleknek.\" \/>\n<meta property=\"og:url\" content=\"https:\/\/blogs.dlapiper.com\/advocatus\/2017\/09\/elektromos-autotoltes-arazasa-ime-az-uj-magyar-szabalyozas\/\" \/>\n<meta property=\"og:site_name\" content=\"Advocatus\" \/>\n<meta property=\"article:published_time\" content=\"2017-09-06T07:41:33+00:00\" \/>\n<meta property=\"article:modified_time\" content=\"2022-03-21T14:16:18+00:00\" \/>\n<meta property=\"og:image\" content=\"https:\/\/blogs.dlapiper.com\/advocatus\/files\/2021\/11\/13.png\" \/>\n\t<meta property=\"og:image:width\" content=\"1200\" \/>\n\t<meta property=\"og:image:height\" content=\"300\" \/>\n\t<meta property=\"og:image:type\" content=\"image\/png\" \/>\n<meta name=\"author\" content=\"Simon G\u00e1bor\" \/>\n<meta name=\"twitter:card\" content=\"summary_large_image\" \/>\n<meta name=\"twitter:label1\" content=\"Written by\" \/>\n\t<meta name=\"twitter:data1\" content=\"Simon G\u00e1bor\" \/>\n\t<meta name=\"twitter:label2\" content=\"Estimated reading time\" \/>\n\t<meta name=\"twitter:data2\" content=\"4 minutes\" \/>\n<script type=\"application\/ld+json\" class=\"yoast-schema-graph\">{\"@context\":\"https:\/\/schema.org\",\"@graph\":[{\"@type\":\"Article\",\"@id\":\"https:\/\/blogs.dlapiper.com\/advocatus\/2017\/09\/elektromos-autotoltes-arazasa-ime-az-uj-magyar-szabalyozas\/#article\",\"isPartOf\":{\"@id\":\"https:\/\/blogs.dlapiper.com\/advocatus\/2017\/09\/elektromos-autotoltes-arazasa-ime-az-uj-magyar-szabalyozas\/\"},\"author\":{\"name\":\"Simon G\u00e1bor\",\"@id\":\"https:\/\/blogs.dlapiper.com\/advocatus\/#\/schema\/person\/ed358fe94d7e92470f141cd7fa7b7072\"},\"headline\":\"Elektromos aut\u00f3t\u00f6lt\u00e9s \u00e1raz\u00e1sa &#8211; \u00edme az \u00faj magyar szab\u00e1lyoz\u00e1s\",\"datePublished\":\"2017-09-06T07:41:33+00:00\",\"dateModified\":\"2022-03-21T14:16:18+00:00\",\"mainEntityOfPage\":{\"@id\":\"https:\/\/blogs.dlapiper.com\/advocatus\/2017\/09\/elektromos-autotoltes-arazasa-ime-az-uj-magyar-szabalyozas\/\"},\"wordCount\":1259,\"publisher\":{\"@id\":\"https:\/\/blogs.dlapiper.com\/advocatus\/#organization\"},\"image\":{\"@id\":\"https:\/\/blogs.dlapiper.com\/advocatus\/2017\/09\/elektromos-autotoltes-arazasa-ime-az-uj-magyar-szabalyozas\/#primaryimage\"},\"thumbnailUrl\":\"https:\/\/blogs.dlapiper.com\/advocatus\/files\/2021\/11\/13.png\",\"keywords\":[\"alternat\u00edv \u00fczemanyagok\",\"\u00e1raz\u00e1s\",\"aut\u00f3t\u00f6lt\u00e9s\",\"E-mobilit\u00e1s\",\"elektromos j\u00e1rm\u0171vek\",\"elektromos t\u00f6lt\u0151pont\",\"ir\u00e1nyelv\",\"korm\u00e1nyrendelet\",\"nyilv\u00e1nos elektromos t\u00f6lt\u0151pont\",\"szerz\u0151d\u00e9sek konstrukci\u00f3i\",\"t\u00f6lt\u00e9s\",\"\u00fczleti modell\"],\"articleSection\":[\"E-mobility | E-mobilit\u00e1s\"],\"inLanguage\":\"en-GB\"},{\"@type\":\"WebPage\",\"@id\":\"https:\/\/blogs.dlapiper.com\/advocatus\/2017\/09\/elektromos-autotoltes-arazasa-ime-az-uj-magyar-szabalyozas\/\",\"url\":\"https:\/\/blogs.dlapiper.com\/advocatus\/2017\/09\/elektromos-autotoltes-arazasa-ime-az-uj-magyar-szabalyozas\/\",\"name\":\"Elektromos aut\u00f3t\u00f6lt\u00e9s \u00e1raz\u00e1sa \u2013 \u00edme az \u00faj magyar szab\u00e1lyoz\u00e1s\",\"isPartOf\":{\"@id\":\"https:\/\/blogs.dlapiper.com\/advocatus\/#website\"},\"primaryImageOfPage\":{\"@id\":\"https:\/\/blogs.dlapiper.com\/advocatus\/2017\/09\/elektromos-autotoltes-arazasa-ime-az-uj-magyar-szabalyozas\/#primaryimage\"},\"image\":{\"@id\":\"https:\/\/blogs.dlapiper.com\/advocatus\/2017\/09\/elektromos-autotoltes-arazasa-ime-az-uj-magyar-szabalyozas\/#primaryimage\"},\"thumbnailUrl\":\"https:\/\/blogs.dlapiper.com\/advocatus\/files\/2021\/11\/13.png\",\"datePublished\":\"2017-09-06T07:41:33+00:00\",\"dateModified\":\"2022-03-21T14:16:18+00:00\",\"description\":\"Az elektromos aut\u00f3z\u00e1s terjed\u00e9s\u00e9vel p\u00e1rhuzamosan nyilv\u00e1nval\u00f3v\u00e1 v\u00e1lik, hogy a t\u00f6lt\u0151\u00e1llom\u00e1sok \u00fczemeltet\u00e9s\u00e9nek jelenlegi, ingyeness\u00e9gre \u00e9p\u00fcl\u0151 rendszer\u00e9t fel kell v\u00e1ltaniuk a rent\u00e1bilis \u00fczleti modelleknek.\",\"breadcrumb\":{\"@id\":\"https:\/\/blogs.dlapiper.com\/advocatus\/2017\/09\/elektromos-autotoltes-arazasa-ime-az-uj-magyar-szabalyozas\/#breadcrumb\"},\"inLanguage\":\"en-GB\",\"potentialAction\":[{\"@type\":\"ReadAction\",\"target\":[\"https:\/\/blogs.dlapiper.com\/advocatus\/2017\/09\/elektromos-autotoltes-arazasa-ime-az-uj-magyar-szabalyozas\/\"]}]},{\"@type\":\"ImageObject\",\"inLanguage\":\"en-GB\",\"@id\":\"https:\/\/blogs.dlapiper.com\/advocatus\/2017\/09\/elektromos-autotoltes-arazasa-ime-az-uj-magyar-szabalyozas\/#primaryimage\",\"url\":\"https:\/\/blogs.dlapiper.com\/advocatus\/files\/2021\/11\/13.png\",\"contentUrl\":\"https:\/\/blogs.dlapiper.com\/advocatus\/files\/2021\/11\/13.png\",\"width\":1200,\"height\":300,\"caption\":\"general-header\"},{\"@type\":\"BreadcrumbList\",\"@id\":\"https:\/\/blogs.dlapiper.com\/advocatus\/2017\/09\/elektromos-autotoltes-arazasa-ime-az-uj-magyar-szabalyozas\/#breadcrumb\",\"itemListElement\":[{\"@type\":\"ListItem\",\"position\":1,\"name\":\"Home\",\"item\":\"https:\/\/blogs.dlapiper.com\/advocatus\/\"},{\"@type\":\"ListItem\",\"position\":2,\"name\":\"Elektromos aut\u00f3t\u00f6lt\u00e9s \u00e1raz\u00e1sa &#8211; \u00edme az \u00faj magyar szab\u00e1lyoz\u00e1s\"}]},{\"@type\":\"WebSite\",\"@id\":\"https:\/\/blogs.dlapiper.com\/advocatus\/#website\",\"url\":\"https:\/\/blogs.dlapiper.com\/advocatus\/\",\"name\":\"Advocatus\",\"description\":\"A DLA Piper Jogi Blogja\",\"publisher\":{\"@id\":\"https:\/\/blogs.dlapiper.com\/advocatus\/#organization\"},\"potentialAction\":[{\"@type\":\"SearchAction\",\"target\":{\"@type\":\"EntryPoint\",\"urlTemplate\":\"https:\/\/blogs.dlapiper.com\/advocatus\/?s={search_term_string}\"},\"query-input\":{\"@type\":\"PropertyValueSpecification\",\"valueRequired\":true,\"valueName\":\"search_term_string\"}}],\"inLanguage\":\"en-GB\"},{\"@type\":\"Organization\",\"@id\":\"https:\/\/blogs.dlapiper.com\/advocatus\/#organization\",\"name\":\"Advocatus\",\"url\":\"https:\/\/blogs.dlapiper.com\/advocatus\/\",\"logo\":{\"@type\":\"ImageObject\",\"inLanguage\":\"en-GB\",\"@id\":\"https:\/\/blogs.dlapiper.com\/advocatus\/#\/schema\/logo\/image\/\",\"url\":\"https:\/\/blogs.dlapiper.com\/advocatus\/files\/2019\/06\/cropped-logo-144-1.png\",\"contentUrl\":\"https:\/\/blogs.dlapiper.com\/advocatus\/files\/2019\/06\/cropped-logo-144-1.png\",\"width\":223,\"height\":130,\"caption\":\"Advocatus\"},\"image\":{\"@id\":\"https:\/\/blogs.dlapiper.com\/advocatus\/#\/schema\/logo\/image\/\"},\"sameAs\":[\"https:\/\/www.linkedin.com\/showcase\/dla-piper-hungary\/\"]},{\"@type\":\"Person\",\"@id\":\"https:\/\/blogs.dlapiper.com\/advocatus\/#\/schema\/person\/ed358fe94d7e92470f141cd7fa7b7072\",\"name\":\"Simon G\u00e1bor\",\"url\":\"https:\/\/blogs.dlapiper.com\/advocatus\/author\/gsimon\/\"}]}<\/script>\n<!-- \/ Yoast SEO plugin. -->","yoast_head_json":{"title":"Elektromos aut\u00f3t\u00f6lt\u00e9s \u00e1raz\u00e1sa \u2013 \u00edme az \u00faj magyar szab\u00e1lyoz\u00e1s","description":"Az elektromos aut\u00f3z\u00e1s terjed\u00e9s\u00e9vel p\u00e1rhuzamosan nyilv\u00e1nval\u00f3v\u00e1 v\u00e1lik, hogy a t\u00f6lt\u0151\u00e1llom\u00e1sok \u00fczemeltet\u00e9s\u00e9nek jelenlegi, ingyeness\u00e9gre \u00e9p\u00fcl\u0151 rendszer\u00e9t fel kell v\u00e1ltaniuk a rent\u00e1bilis \u00fczleti modelleknek.","robots":{"index":"index","follow":"follow","max-snippet":"max-snippet:-1","max-image-preview":"max-image-preview:large","max-video-preview":"max-video-preview:-1"},"canonical":"https:\/\/blogs.dlapiper.com\/advocatus\/2017\/09\/elektromos-autotoltes-arazasa-ime-az-uj-magyar-szabalyozas\/","og_locale":"en_GB","og_type":"article","og_title":"Elektromos aut\u00f3t\u00f6lt\u00e9s \u00e1raz\u00e1sa \u2013 \u00edme az \u00faj magyar szab\u00e1lyoz\u00e1s","og_description":"Az elektromos aut\u00f3z\u00e1s terjed\u00e9s\u00e9vel p\u00e1rhuzamosan nyilv\u00e1nval\u00f3v\u00e1 v\u00e1lik, hogy a t\u00f6lt\u0151\u00e1llom\u00e1sok \u00fczemeltet\u00e9s\u00e9nek jelenlegi, ingyeness\u00e9gre \u00e9p\u00fcl\u0151 rendszer\u00e9t fel kell v\u00e1ltaniuk a rent\u00e1bilis \u00fczleti modelleknek.","og_url":"https:\/\/blogs.dlapiper.com\/advocatus\/2017\/09\/elektromos-autotoltes-arazasa-ime-az-uj-magyar-szabalyozas\/","og_site_name":"Advocatus","article_published_time":"2017-09-06T07:41:33+00:00","article_modified_time":"2022-03-21T14:16:18+00:00","og_image":[{"width":1200,"height":300,"url":"https:\/\/blogs.dlapiper.com\/advocatus\/files\/2021\/11\/13.png","type":"image\/png"}],"author":"Simon G\u00e1bor","twitter_card":"summary_large_image","twitter_misc":{"Written by":"Simon G\u00e1bor","Estimated reading time":"4 minutes"},"schema":{"@context":"https:\/\/schema.org","@graph":[{"@type":"Article","@id":"https:\/\/blogs.dlapiper.com\/advocatus\/2017\/09\/elektromos-autotoltes-arazasa-ime-az-uj-magyar-szabalyozas\/#article","isPartOf":{"@id":"https:\/\/blogs.dlapiper.com\/advocatus\/2017\/09\/elektromos-autotoltes-arazasa-ime-az-uj-magyar-szabalyozas\/"},"author":{"name":"Simon G\u00e1bor","@id":"https:\/\/blogs.dlapiper.com\/advocatus\/#\/schema\/person\/ed358fe94d7e92470f141cd7fa7b7072"},"headline":"Elektromos aut\u00f3t\u00f6lt\u00e9s \u00e1raz\u00e1sa &#8211; \u00edme az \u00faj magyar szab\u00e1lyoz\u00e1s","datePublished":"2017-09-06T07:41:33+00:00","dateModified":"2022-03-21T14:16:18+00:00","mainEntityOfPage":{"@id":"https:\/\/blogs.dlapiper.com\/advocatus\/2017\/09\/elektromos-autotoltes-arazasa-ime-az-uj-magyar-szabalyozas\/"},"wordCount":1259,"publisher":{"@id":"https:\/\/blogs.dlapiper.com\/advocatus\/#organization"},"image":{"@id":"https:\/\/blogs.dlapiper.com\/advocatus\/2017\/09\/elektromos-autotoltes-arazasa-ime-az-uj-magyar-szabalyozas\/#primaryimage"},"thumbnailUrl":"https:\/\/blogs.dlapiper.com\/advocatus\/files\/2021\/11\/13.png","keywords":["alternat\u00edv \u00fczemanyagok","\u00e1raz\u00e1s","aut\u00f3t\u00f6lt\u00e9s","E-mobilit\u00e1s","elektromos j\u00e1rm\u0171vek","elektromos t\u00f6lt\u0151pont","ir\u00e1nyelv","korm\u00e1nyrendelet","nyilv\u00e1nos elektromos t\u00f6lt\u0151pont","szerz\u0151d\u00e9sek konstrukci\u00f3i","t\u00f6lt\u00e9s","\u00fczleti modell"],"articleSection":["E-mobility | E-mobilit\u00e1s"],"inLanguage":"en-GB"},{"@type":"WebPage","@id":"https:\/\/blogs.dlapiper.com\/advocatus\/2017\/09\/elektromos-autotoltes-arazasa-ime-az-uj-magyar-szabalyozas\/","url":"https:\/\/blogs.dlapiper.com\/advocatus\/2017\/09\/elektromos-autotoltes-arazasa-ime-az-uj-magyar-szabalyozas\/","name":"Elektromos aut\u00f3t\u00f6lt\u00e9s \u00e1raz\u00e1sa \u2013 \u00edme az \u00faj magyar szab\u00e1lyoz\u00e1s","isPartOf":{"@id":"https:\/\/blogs.dlapiper.com\/advocatus\/#website"},"primaryImageOfPage":{"@id":"https:\/\/blogs.dlapiper.com\/advocatus\/2017\/09\/elektromos-autotoltes-arazasa-ime-az-uj-magyar-szabalyozas\/#primaryimage"},"image":{"@id":"https:\/\/blogs.dlapiper.com\/advocatus\/2017\/09\/elektromos-autotoltes-arazasa-ime-az-uj-magyar-szabalyozas\/#primaryimage"},"thumbnailUrl":"https:\/\/blogs.dlapiper.com\/advocatus\/files\/2021\/11\/13.png","datePublished":"2017-09-06T07:41:33+00:00","dateModified":"2022-03-21T14:16:18+00:00","description":"Az elektromos aut\u00f3z\u00e1s terjed\u00e9s\u00e9vel p\u00e1rhuzamosan nyilv\u00e1nval\u00f3v\u00e1 v\u00e1lik, hogy a t\u00f6lt\u0151\u00e1llom\u00e1sok \u00fczemeltet\u00e9s\u00e9nek jelenlegi, ingyeness\u00e9gre \u00e9p\u00fcl\u0151 rendszer\u00e9t fel kell v\u00e1ltaniuk a rent\u00e1bilis \u00fczleti modelleknek.","breadcrumb":{"@id":"https:\/\/blogs.dlapiper.com\/advocatus\/2017\/09\/elektromos-autotoltes-arazasa-ime-az-uj-magyar-szabalyozas\/#breadcrumb"},"inLanguage":"en-GB","potentialAction":[{"@type":"ReadAction","target":["https:\/\/blogs.dlapiper.com\/advocatus\/2017\/09\/elektromos-autotoltes-arazasa-ime-az-uj-magyar-szabalyozas\/"]}]},{"@type":"ImageObject","inLanguage":"en-GB","@id":"https:\/\/blogs.dlapiper.com\/advocatus\/2017\/09\/elektromos-autotoltes-arazasa-ime-az-uj-magyar-szabalyozas\/#primaryimage","url":"https:\/\/blogs.dlapiper.com\/advocatus\/files\/2021\/11\/13.png","contentUrl":"https:\/\/blogs.dlapiper.com\/advocatus\/files\/2021\/11\/13.png","width":1200,"height":300,"caption":"general-header"},{"@type":"BreadcrumbList","@id":"https:\/\/blogs.dlapiper.com\/advocatus\/2017\/09\/elektromos-autotoltes-arazasa-ime-az-uj-magyar-szabalyozas\/#breadcrumb","itemListElement":[{"@type":"ListItem","position":1,"name":"Home","item":"https:\/\/blogs.dlapiper.com\/advocatus\/"},{"@type":"ListItem","position":2,"name":"Elektromos aut\u00f3t\u00f6lt\u00e9s \u00e1raz\u00e1sa &#8211; \u00edme az \u00faj magyar szab\u00e1lyoz\u00e1s"}]},{"@type":"WebSite","@id":"https:\/\/blogs.dlapiper.com\/advocatus\/#website","url":"https:\/\/blogs.dlapiper.com\/advocatus\/","name":"Advocatus","description":"A DLA Piper Jogi Blogja","publisher":{"@id":"https:\/\/blogs.dlapiper.com\/advocatus\/#organization"},"potentialAction":[{"@type":"SearchAction","target":{"@type":"EntryPoint","urlTemplate":"https:\/\/blogs.dlapiper.com\/advocatus\/?s={search_term_string}"},"query-input":{"@type":"PropertyValueSpecification","valueRequired":true,"valueName":"search_term_string"}}],"inLanguage":"en-GB"},{"@type":"Organization","@id":"https:\/\/blogs.dlapiper.com\/advocatus\/#organization","name":"Advocatus","url":"https:\/\/blogs.dlapiper.com\/advocatus\/","logo":{"@type":"ImageObject","inLanguage":"en-GB","@id":"https:\/\/blogs.dlapiper.com\/advocatus\/#\/schema\/logo\/image\/","url":"https:\/\/blogs.dlapiper.com\/advocatus\/files\/2019\/06\/cropped-logo-144-1.png","contentUrl":"https:\/\/blogs.dlapiper.com\/advocatus\/files\/2019\/06\/cropped-logo-144-1.png","width":223,"height":130,"caption":"Advocatus"},"image":{"@id":"https:\/\/blogs.dlapiper.com\/advocatus\/#\/schema\/logo\/image\/"},"sameAs":["https:\/\/www.linkedin.com\/showcase\/dla-piper-hungary\/"]},{"@type":"Person","@id":"https:\/\/blogs.dlapiper.com\/advocatus\/#\/schema\/person\/ed358fe94d7e92470f141cd7fa7b7072","name":"Simon G\u00e1bor","url":"https:\/\/blogs.dlapiper.com\/advocatus\/author\/gsimon\/"}]}},"_links":{"self":[{"href":"https:\/\/blogs.dlapiper.com\/advocatus\/wp-json\/wp\/v2\/posts\/2062","targetHints":{"allow":["GET"]}}],"collection":[{"href":"https:\/\/blogs.dlapiper.com\/advocatus\/wp-json\/wp\/v2\/posts"}],"about":[{"href":"https:\/\/blogs.dlapiper.com\/advocatus\/wp-json\/wp\/v2\/types\/post"}],"author":[{"embeddable":true,"href":"https:\/\/blogs.dlapiper.com\/advocatus\/wp-json\/wp\/v2\/users\/443"}],"replies":[{"embeddable":true,"href":"https:\/\/blogs.dlapiper.com\/advocatus\/wp-json\/wp\/v2\/comments?post=2062"}],"version-history":[{"count":0,"href":"https:\/\/blogs.dlapiper.com\/advocatus\/wp-json\/wp\/v2\/posts\/2062\/revisions"}],"wp:featuredmedia":[{"embeddable":true,"href":"https:\/\/blogs.dlapiper.com\/advocatus\/wp-json\/wp\/v2\/media\/2881"}],"wp:attachment":[{"href":"https:\/\/blogs.dlapiper.com\/advocatus\/wp-json\/wp\/v2\/media?parent=2062"}],"wp:term":[{"taxonomy":"category","embeddable":true,"href":"https:\/\/blogs.dlapiper.com\/advocatus\/wp-json\/wp\/v2\/categories?post=2062"},{"taxonomy":"post_tag","embeddable":true,"href":"https:\/\/blogs.dlapiper.com\/advocatus\/wp-json\/wp\/v2\/tags?post=2062"},{"taxonomy":"author","embeddable":true,"href":"https:\/\/blogs.dlapiper.com\/advocatus\/wp-json\/wp\/v2\/coauthors?post=2062"}],"curies":[{"name":"wp","href":"https:\/\/api.w.org\/{rel}","templated":true}]}}