{"id":1986,"date":"2017-02-15T11:00:16","date_gmt":"2017-02-15T10:00:16","guid":{"rendered":"https:\/\/blogs.dlapiper.com\/advocatus\/?p=1986"},"modified":"2022-03-08T09:53:19","modified_gmt":"2022-03-08T08:53:19","slug":"modosult-a-versenytorveny-ii-resz-uj-szabalyok-a-versenyjogi-karteritesi-igenyek-ervenyesitesere","status":"publish","type":"post","link":"https:\/\/blogs.dlapiper.com\/advocatus\/2017\/02\/modosult-a-versenytorveny-ii-resz-uj-szabalyok-a-versenyjogi-karteritesi-igenyek-ervenyesitesere\/","title":{"rendered":"M\u00f3dosult a versenyt\u00f6rv\u00e9ny (II. r\u00e9sz) &#8211; \u00faj szab\u00e1lyok a versenyjogi k\u00e1rt\u00e9r\u00edt\u00e9si ig\u00e9nyek \u00e9rv\u00e9nyes\u00edt\u00e9s\u00e9re"},"content":{"rendered":"\t\t<div data-elementor-type=\"wp-post\" data-elementor-id=\"1986\" class=\"elementor elementor-1986\" data-elementor-post-type=\"post\">\n\t\t\t\t\t\t<section class=\"elementor-section elementor-top-section elementor-element elementor-element-1d82671b elementor-section-boxed elementor-section-height-default elementor-section-height-default\" data-id=\"1d82671b\" data-element_type=\"section\">\n\t\t\t\t\t\t<div class=\"elementor-container elementor-column-gap-default\">\n\t\t\t\t\t<div class=\"elementor-column elementor-col-100 elementor-top-column elementor-element elementor-element-610782ee\" data-id=\"610782ee\" data-element_type=\"column\">\n\t\t\t<div class=\"elementor-widget-wrap elementor-element-populated\">\n\t\t\t\t\t\t<div class=\"elementor-element elementor-element-71387bac elementor-widget elementor-widget-text-editor\" data-id=\"71387bac\" data-element_type=\"widget\" data-widget_type=\"text-editor.default\">\n\t\t\t\t<div class=\"elementor-widget-container\">\n\t\t\t\t\t\t\t\t\t<p><strong style=\"font-size: 16px\">B\u00e1r kisebb nyilv\u00e1noss\u00e1got kapott, mint a felv\u00e1s\u00e1rl\u00e1sokat m\u00f3dos\u00edt\u00f3 szab\u00e1lyok, szint\u00e9n \u00e9v elej\u00e9n l\u00e9pett hat\u00e1lyba a versenyjogi k\u00e1rt\u00e9r\u00edt\u00e9si ig\u00e9nyek \u00e9rv\u00e9nyes\u00edt\u00e9s\u00e9t alapjaiban m\u00f3dos\u00edt\u00f3 szab\u00e1lyoz\u00e1s. El\u0151z\u0151 bejegyz\u00e9s\u00fcnkben m\u00e1r utaltunk r\u00e1, hogy a m\u00f3dos\u00edt\u00e1sok v\u00e1rhat\u00f3 hat\u00e1sait egy k\u00fcl\u00f6n posztban fogjuk elemezni, most ez k\u00f6vetkezik.<\/strong><\/p>\n<p>Az \u00faj szab\u00e1lyok h\u00e1tter\u00e9ben egy eur\u00f3pai uni\u00f3s ir\u00e1nyelv \u00e1ll, amelyet m\u00e1r 2014-ben elfogadtak a tag\u00e1llamok, de amelynek nemzeti jogba t\u00f6rt\u00e9n\u0151 \u00e1t\u00fcltet\u00e9se ezid\u00e1ig v\u00e1ratott mag\u00e1ra. Nem volt egyszer\u0171 a magyar jogalkot\u00f3 dolga: a k\u00e1rt\u00e9r\u00edt\u00e9s ter\u00fclete ugyanis az ir\u00e1nyelvi v\u00e1ltoz\u00e1sokt\u00f3l f\u00fcggetlen\u00fcl is komoly \u00e1talakul\u00e1son ment kereszt\u00fcl az \u00faj Polg\u00e1ri T\u00f6rv\u00e9nyk\u00f6nyv hat\u00e1lybal\u00e9p\u00e9s\u00e9vel &#8211; ebben a keretben kellett teh\u00e1t megfelel\u0151 helyet tal\u00e1lni az ir\u00e1nyelv \u00e1ltal megk\u00f6vetelt szab\u00e1lyoknak. Az implement\u00e1ci\u00f3 sor\u00e1n arra is figyelemmel kellett lenni, hogy a magyar jognak &#8211; az ir\u00e1nyelv megalkot\u00e1s\u00e1t megel\u0151z\u0151en is hat\u00e1lyos &#8211; a versenyjogi jogs\u00e9rt\u00e9ssel okozott k\u00e1rok megt\u00e9r\u00edt\u00e9s\u00e9t el\u0151seg\u00edt\u0151 szab\u00e1lyai az \u00faj jogszab\u00e1lyi keretben is bet\u00f6lthess\u00e9k szerep\u00fcket.<\/p>\n<p><\/p><\/div><\/div><\/div><\/div><\/div><\/section><\/div> &hellip;<p class=\"ast-the-content-more-link\"> <a class=\"\" href=\"https:\/\/blogs.dlapiper.com\/advocatus\/2017\/02\/modosult-a-versenytorveny-ii-resz-uj-szabalyok-a-versenyjogi-karteritesi-igenyek-ervenyesitesere\/\"> <span class=\"screen-reader-text\">M\u00f3dosult a versenyt\u00f6rv\u00e9ny (II. r\u00e9sz) &#8211; \u00faj szab\u00e1lyok a versenyjogi k\u00e1rt\u00e9r\u00edt\u00e9si ig\u00e9nyek \u00e9rv\u00e9nyes\u00edt\u00e9s\u00e9re<\/span>Read More &raquo;<\/a><\/p>","protected":false},"excerpt":{"rendered":"<p>\u00c9v elej\u00e9n l\u00e9pett hat\u00e1lyba a felv\u00e1s\u00e1rl\u00e1sokat \u00e9s a versenyjogi k\u00e1rt\u00e9r\u00edt\u00e9si ig\u00e9nyek \u00e9rv\u00e9nyes\u00edt\u00e9s\u00e9t alapjaiban m\u00f3dos\u00edt\u00f3 szab\u00e1lyoz\u00e1s, amelynek v\u00e1rhat\u00f3 hat\u00e1sait tekinti \u00e1t szak\u00e9rt\u0151nk, Vir\u00e1g P\u00e9ter.<\/p>\n","protected":false},"author":468,"featured_media":3004,"comment_status":"closed","ping_status":"closed","sticky":false,"template":"","format":"standard","meta":{"site-sidebar-layout":"default","site-content-layout":"default","ast-site-content-layout":"default","site-content-style":"default","site-sidebar-style":"default","ast-global-header-display":"","ast-banner-title-visibility":"","ast-main-header-display":"","ast-hfb-above-header-display":"","ast-hfb-below-header-display":"","ast-hfb-mobile-header-display":"","site-post-title":"","ast-breadcrumbs-content":"","ast-featured-img":"","footer-sml-layout":"","theme-transparent-header-meta":"default","adv-header-id-meta":"","stick-header-meta":"","header-above-stick-meta":"","header-main-stick-meta":"","header-below-stick-meta":"","astra-migrate-meta-layouts":"default","ast-page-background-enabled":"default","ast-page-background-meta":{"desktop":{"background-color":"","background-image":"","background-repeat":"repeat","background-position":"center center","background-size":"auto","background-attachment":"scroll","background-type":"","background-media":"","overlay-type":"","overlay-color":"","overlay-opacity":"","overlay-gradient":""},"tablet":{"background-color":"","background-image":"","background-repeat":"repeat","background-position":"center center","background-size":"auto","background-attachment":"scroll","background-type":"","background-media":"","overlay-type":"","overlay-color":"","overlay-opacity":"","overlay-gradient":""},"mobile":{"background-color":"","background-image":"","background-repeat":"repeat","background-position":"center center","background-size":"auto","background-attachment":"scroll","background-type":"","background-media":"","overlay-type":"","overlay-color":"","overlay-opacity":"","overlay-gradient":""}},"ast-content-background-meta":{"desktop":{"background-color":"var(--ast-global-color-5)","background-image":"","background-repeat":"repeat","background-position":"center center","background-size":"auto","background-attachment":"scroll","background-type":"","background-media":"","overlay-type":"","overlay-color":"","overlay-opacity":"","overlay-gradient":""},"tablet":{"background-color":"var(--ast-global-color-5)","background-image":"","background-repeat":"repeat","background-position":"center center","background-size":"auto","background-attachment":"scroll","background-type":"","background-media":"","overlay-type":"","overlay-color":"","overlay-opacity":"","overlay-gradient":""},"mobile":{"background-color":"var(--ast-global-color-5)","background-image":"","background-repeat":"repeat","background-position":"center center","background-size":"auto","background-attachment":"scroll","background-type":"","background-media":"","overlay-type":"","overlay-color":"","overlay-opacity":"","overlay-gradient":""}},"footnotes":""},"categories":[393],"tags":[1028,222,296,417,54,190,277,1027,185],"coauthors":[709],"class_list":["post-1986","post","type-post","status-publish","format-standard","has-post-thumbnail","hentry","category-versenyjog","tag-class-action","tag-eu","tag-gvh","tag-iranyelv","tag-karterites","tag-ptk","tag-uj-ptk","tag-versenyjogi-karteritesi-igeny","tag-versenytorveny"],"yoast_head":"<!-- This site is optimized with the Yoast SEO plugin v26.1 - https:\/\/yoast.com\/wordpress\/plugins\/seo\/ -->\n<title>\u00daj szab\u00e1lyok a versenyjogi k\u00e1rt\u00e9r\u00edt\u00e9si ig\u00e9nyek \u00e9rv\u00e9nyes\u00edt\u00e9s\u00e9re<\/title>\n<meta name=\"description\" content=\"\u00c9v elej\u00e9n l\u00e9pett hat\u00e1lyba a versenyjogi k\u00e1rt\u00e9r\u00edt\u00e9si ig\u00e9nyek \u00e9rv\u00e9nyes\u00edt\u00e9s\u00e9t alapjaiban m\u00f3dos\u00edt\u00f3 szab\u00e1lyoz\u00e1s.\" \/>\n<meta name=\"robots\" content=\"index, follow, max-snippet:-1, max-image-preview:large, max-video-preview:-1\" \/>\n<link rel=\"canonical\" href=\"https:\/\/blogs.dlapiper.com\/advocatus\/2017\/02\/modosult-a-versenytorveny-ii-resz-uj-szabalyok-a-versenyjogi-karteritesi-igenyek-ervenyesitesere\/\" \/>\n<meta property=\"og:locale\" content=\"en_GB\" \/>\n<meta property=\"og:type\" content=\"article\" \/>\n<meta property=\"og:title\" content=\"\u00daj szab\u00e1lyok a versenyjogi k\u00e1rt\u00e9r\u00edt\u00e9si ig\u00e9nyek \u00e9rv\u00e9nyes\u00edt\u00e9s\u00e9re\" \/>\n<meta property=\"og:description\" content=\"\u00c9v elej\u00e9n l\u00e9pett hat\u00e1lyba a versenyjogi k\u00e1rt\u00e9r\u00edt\u00e9si ig\u00e9nyek \u00e9rv\u00e9nyes\u00edt\u00e9s\u00e9t alapjaiban m\u00f3dos\u00edt\u00f3 szab\u00e1lyoz\u00e1s.\" \/>\n<meta property=\"og:url\" content=\"https:\/\/blogs.dlapiper.com\/advocatus\/2017\/02\/modosult-a-versenytorveny-ii-resz-uj-szabalyok-a-versenyjogi-karteritesi-igenyek-ervenyesitesere\/\" \/>\n<meta property=\"og:site_name\" content=\"Advocatus\" \/>\n<meta property=\"article:published_time\" content=\"2017-02-15T10:00:16+00:00\" \/>\n<meta property=\"article:modified_time\" content=\"2022-03-08T08:53:19+00:00\" \/>\n<meta property=\"og:image\" content=\"https:\/\/blogs.dlapiper.com\/advocatus\/files\/2021\/11\/Versenyjog1.jpg\" \/>\n\t<meta property=\"og:image:width\" content=\"1200\" \/>\n\t<meta property=\"og:image:height\" content=\"300\" \/>\n\t<meta property=\"og:image:type\" content=\"image\/jpeg\" \/>\n<meta name=\"author\" content=\"Vir\u00e1g P\u00e9ter\" \/>\n<meta name=\"twitter:card\" content=\"summary_large_image\" \/>\n<meta name=\"twitter:label1\" content=\"Written by\" \/>\n\t<meta name=\"twitter:data1\" content=\"Vir\u00e1g P\u00e9ter\" \/>\n\t<meta name=\"twitter:label2\" content=\"Estimated reading time\" \/>\n\t<meta name=\"twitter:data2\" content=\"4 minutes\" \/>\n<script type=\"application\/ld+json\" class=\"yoast-schema-graph\">{\"@context\":\"https:\/\/schema.org\",\"@graph\":[{\"@type\":\"Article\",\"@id\":\"https:\/\/blogs.dlapiper.com\/advocatus\/2017\/02\/modosult-a-versenytorveny-ii-resz-uj-szabalyok-a-versenyjogi-karteritesi-igenyek-ervenyesitesere\/#article\",\"isPartOf\":{\"@id\":\"https:\/\/blogs.dlapiper.com\/advocatus\/2017\/02\/modosult-a-versenytorveny-ii-resz-uj-szabalyok-a-versenyjogi-karteritesi-igenyek-ervenyesitesere\/\"},\"author\":{\"name\":\"Vir\u00e1g P\u00e9ter\",\"@id\":\"https:\/\/blogs.dlapiper.com\/advocatus\/#\/schema\/person\/a100e23177f82a2171f6d7a3609c6edc\"},\"headline\":\"M\u00f3dosult a versenyt\u00f6rv\u00e9ny (II. r\u00e9sz) &#8211; \u00faj szab\u00e1lyok a versenyjogi k\u00e1rt\u00e9r\u00edt\u00e9si ig\u00e9nyek \u00e9rv\u00e9nyes\u00edt\u00e9s\u00e9re\",\"datePublished\":\"2017-02-15T10:00:16+00:00\",\"dateModified\":\"2022-03-08T08:53:19+00:00\",\"mainEntityOfPage\":{\"@id\":\"https:\/\/blogs.dlapiper.com\/advocatus\/2017\/02\/modosult-a-versenytorveny-ii-resz-uj-szabalyok-a-versenyjogi-karteritesi-igenyek-ervenyesitesere\/\"},\"wordCount\":1454,\"publisher\":{\"@id\":\"https:\/\/blogs.dlapiper.com\/advocatus\/#organization\"},\"image\":{\"@id\":\"https:\/\/blogs.dlapiper.com\/advocatus\/2017\/02\/modosult-a-versenytorveny-ii-resz-uj-szabalyok-a-versenyjogi-karteritesi-igenyek-ervenyesitesere\/#primaryimage\"},\"thumbnailUrl\":\"https:\/\/blogs.dlapiper.com\/advocatus\/files\/2021\/11\/Versenyjog1.jpg\",\"keywords\":[\"class action\",\"EU\",\"GVH\",\"ir\u00e1nyelv\",\"k\u00e1rt\u00e9r\u00edt\u00e9s\",\"Ptk\",\"\u00faj Ptk\",\"versenyjogi k\u00e1rt\u00e9r\u00edt\u00e9si ig\u00e9ny\",\"versenyt\u00f6rv\u00e9ny\"],\"articleSection\":[\"Versenyjog | Competition\"],\"inLanguage\":\"en-GB\"},{\"@type\":\"WebPage\",\"@id\":\"https:\/\/blogs.dlapiper.com\/advocatus\/2017\/02\/modosult-a-versenytorveny-ii-resz-uj-szabalyok-a-versenyjogi-karteritesi-igenyek-ervenyesitesere\/\",\"url\":\"https:\/\/blogs.dlapiper.com\/advocatus\/2017\/02\/modosult-a-versenytorveny-ii-resz-uj-szabalyok-a-versenyjogi-karteritesi-igenyek-ervenyesitesere\/\",\"name\":\"\u00daj szab\u00e1lyok a versenyjogi k\u00e1rt\u00e9r\u00edt\u00e9si ig\u00e9nyek \u00e9rv\u00e9nyes\u00edt\u00e9s\u00e9re\",\"isPartOf\":{\"@id\":\"https:\/\/blogs.dlapiper.com\/advocatus\/#website\"},\"primaryImageOfPage\":{\"@id\":\"https:\/\/blogs.dlapiper.com\/advocatus\/2017\/02\/modosult-a-versenytorveny-ii-resz-uj-szabalyok-a-versenyjogi-karteritesi-igenyek-ervenyesitesere\/#primaryimage\"},\"image\":{\"@id\":\"https:\/\/blogs.dlapiper.com\/advocatus\/2017\/02\/modosult-a-versenytorveny-ii-resz-uj-szabalyok-a-versenyjogi-karteritesi-igenyek-ervenyesitesere\/#primaryimage\"},\"thumbnailUrl\":\"https:\/\/blogs.dlapiper.com\/advocatus\/files\/2021\/11\/Versenyjog1.jpg\",\"datePublished\":\"2017-02-15T10:00:16+00:00\",\"dateModified\":\"2022-03-08T08:53:19+00:00\",\"description\":\"\u00c9v elej\u00e9n l\u00e9pett hat\u00e1lyba a versenyjogi k\u00e1rt\u00e9r\u00edt\u00e9si ig\u00e9nyek \u00e9rv\u00e9nyes\u00edt\u00e9s\u00e9t alapjaiban m\u00f3dos\u00edt\u00f3 szab\u00e1lyoz\u00e1s.\",\"breadcrumb\":{\"@id\":\"https:\/\/blogs.dlapiper.com\/advocatus\/2017\/02\/modosult-a-versenytorveny-ii-resz-uj-szabalyok-a-versenyjogi-karteritesi-igenyek-ervenyesitesere\/#breadcrumb\"},\"inLanguage\":\"en-GB\",\"potentialAction\":[{\"@type\":\"ReadAction\",\"target\":[\"https:\/\/blogs.dlapiper.com\/advocatus\/2017\/02\/modosult-a-versenytorveny-ii-resz-uj-szabalyok-a-versenyjogi-karteritesi-igenyek-ervenyesitesere\/\"]}]},{\"@type\":\"ImageObject\",\"inLanguage\":\"en-GB\",\"@id\":\"https:\/\/blogs.dlapiper.com\/advocatus\/2017\/02\/modosult-a-versenytorveny-ii-resz-uj-szabalyok-a-versenyjogi-karteritesi-igenyek-ervenyesitesere\/#primaryimage\",\"url\":\"https:\/\/blogs.dlapiper.com\/advocatus\/files\/2021\/11\/Versenyjog1.jpg\",\"contentUrl\":\"https:\/\/blogs.dlapiper.com\/advocatus\/files\/2021\/11\/Versenyjog1.jpg\",\"width\":1200,\"height\":300},{\"@type\":\"BreadcrumbList\",\"@id\":\"https:\/\/blogs.dlapiper.com\/advocatus\/2017\/02\/modosult-a-versenytorveny-ii-resz-uj-szabalyok-a-versenyjogi-karteritesi-igenyek-ervenyesitesere\/#breadcrumb\",\"itemListElement\":[{\"@type\":\"ListItem\",\"position\":1,\"name\":\"Home\",\"item\":\"https:\/\/blogs.dlapiper.com\/advocatus\/\"},{\"@type\":\"ListItem\",\"position\":2,\"name\":\"M\u00f3dosult a versenyt\u00f6rv\u00e9ny (II. r\u00e9sz) &#8211; \u00faj szab\u00e1lyok a versenyjogi k\u00e1rt\u00e9r\u00edt\u00e9si ig\u00e9nyek \u00e9rv\u00e9nyes\u00edt\u00e9s\u00e9re\"}]},{\"@type\":\"WebSite\",\"@id\":\"https:\/\/blogs.dlapiper.com\/advocatus\/#website\",\"url\":\"https:\/\/blogs.dlapiper.com\/advocatus\/\",\"name\":\"Advocatus\",\"description\":\"A DLA Piper Jogi Blogja\",\"publisher\":{\"@id\":\"https:\/\/blogs.dlapiper.com\/advocatus\/#organization\"},\"potentialAction\":[{\"@type\":\"SearchAction\",\"target\":{\"@type\":\"EntryPoint\",\"urlTemplate\":\"https:\/\/blogs.dlapiper.com\/advocatus\/?s={search_term_string}\"},\"query-input\":{\"@type\":\"PropertyValueSpecification\",\"valueRequired\":true,\"valueName\":\"search_term_string\"}}],\"inLanguage\":\"en-GB\"},{\"@type\":\"Organization\",\"@id\":\"https:\/\/blogs.dlapiper.com\/advocatus\/#organization\",\"name\":\"Advocatus\",\"url\":\"https:\/\/blogs.dlapiper.com\/advocatus\/\",\"logo\":{\"@type\":\"ImageObject\",\"inLanguage\":\"en-GB\",\"@id\":\"https:\/\/blogs.dlapiper.com\/advocatus\/#\/schema\/logo\/image\/\",\"url\":\"https:\/\/blogs.dlapiper.com\/advocatus\/files\/2019\/06\/cropped-logo-144-1.png\",\"contentUrl\":\"https:\/\/blogs.dlapiper.com\/advocatus\/files\/2019\/06\/cropped-logo-144-1.png\",\"width\":223,\"height\":130,\"caption\":\"Advocatus\"},\"image\":{\"@id\":\"https:\/\/blogs.dlapiper.com\/advocatus\/#\/schema\/logo\/image\/\"},\"sameAs\":[\"https:\/\/www.linkedin.com\/showcase\/dla-piper-hungary\/\"]},{\"@type\":\"Person\",\"@id\":\"https:\/\/blogs.dlapiper.com\/advocatus\/#\/schema\/person\/a100e23177f82a2171f6d7a3609c6edc\",\"name\":\"Vir\u00e1g P\u00e9ter\",\"description\":\"P\u00e9ter a budapesti iroda Versenyjogi csoportj\u00e1nak \u00fcgyv\u00e9dje. Jelent\u0151s szakmai tapasztalattal rendelkezik a versenyjog sz\u00e1mos ter\u00fclet\u00e9n, \u00edgy az antitr\u00f6szt (kartell \u00e9s er\u0151f\u00f6l\u00e9ny), a f\u00fazi\u00f3kontroll, \u00e9s \u00e1llami t\u00e1mogat\u00e1si (state aid) \u00fcgyekben t\u00f6rt\u00e9n\u0151 tan\u00e1csad\u00e1sban, valamint a hat\u00f3s\u00e1gok \u00e9s b\u00edr\u00f3s\u00e1gok el\u0151tti elj\u00e1r\u00e1sban. P\u00e9ter a budapesti irod\u00e1hoz t\u00f6rt\u00e9n\u0151 2016-os csatlakoz\u00e1s\u00e1t megel\u0151z\u0151en t\u00f6bb \u00e9ven \u00e1t a Gazdas\u00e1gi Versenyhivatal Antitr\u00f6szt Irod\u00e1j\u00e1nak vizsg\u00e1l\u00f3jak\u00e9nt dolgozott, \u00edgy a versenyjogi elj\u00e1r\u00e1sokban a hat\u00f3s\u00e1gi oldalr\u00f3l is komoly tapasztalatot szerzett.\",\"url\":\"https:\/\/blogs.dlapiper.com\/advocatus\/author\/viragp\/\"}]}<\/script>\n<!-- \/ Yoast SEO plugin. -->","yoast_head_json":{"title":"\u00daj szab\u00e1lyok a versenyjogi k\u00e1rt\u00e9r\u00edt\u00e9si ig\u00e9nyek \u00e9rv\u00e9nyes\u00edt\u00e9s\u00e9re","description":"\u00c9v elej\u00e9n l\u00e9pett hat\u00e1lyba a versenyjogi k\u00e1rt\u00e9r\u00edt\u00e9si ig\u00e9nyek \u00e9rv\u00e9nyes\u00edt\u00e9s\u00e9t alapjaiban m\u00f3dos\u00edt\u00f3 szab\u00e1lyoz\u00e1s.","robots":{"index":"index","follow":"follow","max-snippet":"max-snippet:-1","max-image-preview":"max-image-preview:large","max-video-preview":"max-video-preview:-1"},"canonical":"https:\/\/blogs.dlapiper.com\/advocatus\/2017\/02\/modosult-a-versenytorveny-ii-resz-uj-szabalyok-a-versenyjogi-karteritesi-igenyek-ervenyesitesere\/","og_locale":"en_GB","og_type":"article","og_title":"\u00daj szab\u00e1lyok a versenyjogi k\u00e1rt\u00e9r\u00edt\u00e9si ig\u00e9nyek \u00e9rv\u00e9nyes\u00edt\u00e9s\u00e9re","og_description":"\u00c9v elej\u00e9n l\u00e9pett hat\u00e1lyba a versenyjogi k\u00e1rt\u00e9r\u00edt\u00e9si ig\u00e9nyek \u00e9rv\u00e9nyes\u00edt\u00e9s\u00e9t alapjaiban m\u00f3dos\u00edt\u00f3 szab\u00e1lyoz\u00e1s.","og_url":"https:\/\/blogs.dlapiper.com\/advocatus\/2017\/02\/modosult-a-versenytorveny-ii-resz-uj-szabalyok-a-versenyjogi-karteritesi-igenyek-ervenyesitesere\/","og_site_name":"Advocatus","article_published_time":"2017-02-15T10:00:16+00:00","article_modified_time":"2022-03-08T08:53:19+00:00","og_image":[{"width":1200,"height":300,"url":"https:\/\/blogs.dlapiper.com\/advocatus\/files\/2021\/11\/Versenyjog1.jpg","type":"image\/jpeg"}],"author":"Vir\u00e1g P\u00e9ter","twitter_card":"summary_large_image","twitter_misc":{"Written by":"Vir\u00e1g P\u00e9ter","Estimated reading time":"4 minutes"},"schema":{"@context":"https:\/\/schema.org","@graph":[{"@type":"Article","@id":"https:\/\/blogs.dlapiper.com\/advocatus\/2017\/02\/modosult-a-versenytorveny-ii-resz-uj-szabalyok-a-versenyjogi-karteritesi-igenyek-ervenyesitesere\/#article","isPartOf":{"@id":"https:\/\/blogs.dlapiper.com\/advocatus\/2017\/02\/modosult-a-versenytorveny-ii-resz-uj-szabalyok-a-versenyjogi-karteritesi-igenyek-ervenyesitesere\/"},"author":{"name":"Vir\u00e1g P\u00e9ter","@id":"https:\/\/blogs.dlapiper.com\/advocatus\/#\/schema\/person\/a100e23177f82a2171f6d7a3609c6edc"},"headline":"M\u00f3dosult a versenyt\u00f6rv\u00e9ny (II. r\u00e9sz) &#8211; \u00faj szab\u00e1lyok a versenyjogi k\u00e1rt\u00e9r\u00edt\u00e9si ig\u00e9nyek \u00e9rv\u00e9nyes\u00edt\u00e9s\u00e9re","datePublished":"2017-02-15T10:00:16+00:00","dateModified":"2022-03-08T08:53:19+00:00","mainEntityOfPage":{"@id":"https:\/\/blogs.dlapiper.com\/advocatus\/2017\/02\/modosult-a-versenytorveny-ii-resz-uj-szabalyok-a-versenyjogi-karteritesi-igenyek-ervenyesitesere\/"},"wordCount":1454,"publisher":{"@id":"https:\/\/blogs.dlapiper.com\/advocatus\/#organization"},"image":{"@id":"https:\/\/blogs.dlapiper.com\/advocatus\/2017\/02\/modosult-a-versenytorveny-ii-resz-uj-szabalyok-a-versenyjogi-karteritesi-igenyek-ervenyesitesere\/#primaryimage"},"thumbnailUrl":"https:\/\/blogs.dlapiper.com\/advocatus\/files\/2021\/11\/Versenyjog1.jpg","keywords":["class action","EU","GVH","ir\u00e1nyelv","k\u00e1rt\u00e9r\u00edt\u00e9s","Ptk","\u00faj Ptk","versenyjogi k\u00e1rt\u00e9r\u00edt\u00e9si ig\u00e9ny","versenyt\u00f6rv\u00e9ny"],"articleSection":["Versenyjog | Competition"],"inLanguage":"en-GB"},{"@type":"WebPage","@id":"https:\/\/blogs.dlapiper.com\/advocatus\/2017\/02\/modosult-a-versenytorveny-ii-resz-uj-szabalyok-a-versenyjogi-karteritesi-igenyek-ervenyesitesere\/","url":"https:\/\/blogs.dlapiper.com\/advocatus\/2017\/02\/modosult-a-versenytorveny-ii-resz-uj-szabalyok-a-versenyjogi-karteritesi-igenyek-ervenyesitesere\/","name":"\u00daj szab\u00e1lyok a versenyjogi k\u00e1rt\u00e9r\u00edt\u00e9si ig\u00e9nyek \u00e9rv\u00e9nyes\u00edt\u00e9s\u00e9re","isPartOf":{"@id":"https:\/\/blogs.dlapiper.com\/advocatus\/#website"},"primaryImageOfPage":{"@id":"https:\/\/blogs.dlapiper.com\/advocatus\/2017\/02\/modosult-a-versenytorveny-ii-resz-uj-szabalyok-a-versenyjogi-karteritesi-igenyek-ervenyesitesere\/#primaryimage"},"image":{"@id":"https:\/\/blogs.dlapiper.com\/advocatus\/2017\/02\/modosult-a-versenytorveny-ii-resz-uj-szabalyok-a-versenyjogi-karteritesi-igenyek-ervenyesitesere\/#primaryimage"},"thumbnailUrl":"https:\/\/blogs.dlapiper.com\/advocatus\/files\/2021\/11\/Versenyjog1.jpg","datePublished":"2017-02-15T10:00:16+00:00","dateModified":"2022-03-08T08:53:19+00:00","description":"\u00c9v elej\u00e9n l\u00e9pett hat\u00e1lyba a versenyjogi k\u00e1rt\u00e9r\u00edt\u00e9si ig\u00e9nyek \u00e9rv\u00e9nyes\u00edt\u00e9s\u00e9t alapjaiban m\u00f3dos\u00edt\u00f3 szab\u00e1lyoz\u00e1s.","breadcrumb":{"@id":"https:\/\/blogs.dlapiper.com\/advocatus\/2017\/02\/modosult-a-versenytorveny-ii-resz-uj-szabalyok-a-versenyjogi-karteritesi-igenyek-ervenyesitesere\/#breadcrumb"},"inLanguage":"en-GB","potentialAction":[{"@type":"ReadAction","target":["https:\/\/blogs.dlapiper.com\/advocatus\/2017\/02\/modosult-a-versenytorveny-ii-resz-uj-szabalyok-a-versenyjogi-karteritesi-igenyek-ervenyesitesere\/"]}]},{"@type":"ImageObject","inLanguage":"en-GB","@id":"https:\/\/blogs.dlapiper.com\/advocatus\/2017\/02\/modosult-a-versenytorveny-ii-resz-uj-szabalyok-a-versenyjogi-karteritesi-igenyek-ervenyesitesere\/#primaryimage","url":"https:\/\/blogs.dlapiper.com\/advocatus\/files\/2021\/11\/Versenyjog1.jpg","contentUrl":"https:\/\/blogs.dlapiper.com\/advocatus\/files\/2021\/11\/Versenyjog1.jpg","width":1200,"height":300},{"@type":"BreadcrumbList","@id":"https:\/\/blogs.dlapiper.com\/advocatus\/2017\/02\/modosult-a-versenytorveny-ii-resz-uj-szabalyok-a-versenyjogi-karteritesi-igenyek-ervenyesitesere\/#breadcrumb","itemListElement":[{"@type":"ListItem","position":1,"name":"Home","item":"https:\/\/blogs.dlapiper.com\/advocatus\/"},{"@type":"ListItem","position":2,"name":"M\u00f3dosult a versenyt\u00f6rv\u00e9ny (II. r\u00e9sz) &#8211; \u00faj szab\u00e1lyok a versenyjogi k\u00e1rt\u00e9r\u00edt\u00e9si ig\u00e9nyek \u00e9rv\u00e9nyes\u00edt\u00e9s\u00e9re"}]},{"@type":"WebSite","@id":"https:\/\/blogs.dlapiper.com\/advocatus\/#website","url":"https:\/\/blogs.dlapiper.com\/advocatus\/","name":"Advocatus","description":"A DLA Piper Jogi Blogja","publisher":{"@id":"https:\/\/blogs.dlapiper.com\/advocatus\/#organization"},"potentialAction":[{"@type":"SearchAction","target":{"@type":"EntryPoint","urlTemplate":"https:\/\/blogs.dlapiper.com\/advocatus\/?s={search_term_string}"},"query-input":{"@type":"PropertyValueSpecification","valueRequired":true,"valueName":"search_term_string"}}],"inLanguage":"en-GB"},{"@type":"Organization","@id":"https:\/\/blogs.dlapiper.com\/advocatus\/#organization","name":"Advocatus","url":"https:\/\/blogs.dlapiper.com\/advocatus\/","logo":{"@type":"ImageObject","inLanguage":"en-GB","@id":"https:\/\/blogs.dlapiper.com\/advocatus\/#\/schema\/logo\/image\/","url":"https:\/\/blogs.dlapiper.com\/advocatus\/files\/2019\/06\/cropped-logo-144-1.png","contentUrl":"https:\/\/blogs.dlapiper.com\/advocatus\/files\/2019\/06\/cropped-logo-144-1.png","width":223,"height":130,"caption":"Advocatus"},"image":{"@id":"https:\/\/blogs.dlapiper.com\/advocatus\/#\/schema\/logo\/image\/"},"sameAs":["https:\/\/www.linkedin.com\/showcase\/dla-piper-hungary\/"]},{"@type":"Person","@id":"https:\/\/blogs.dlapiper.com\/advocatus\/#\/schema\/person\/a100e23177f82a2171f6d7a3609c6edc","name":"Vir\u00e1g P\u00e9ter","description":"P\u00e9ter a budapesti iroda Versenyjogi csoportj\u00e1nak \u00fcgyv\u00e9dje. Jelent\u0151s szakmai tapasztalattal rendelkezik a versenyjog sz\u00e1mos ter\u00fclet\u00e9n, \u00edgy az antitr\u00f6szt (kartell \u00e9s er\u0151f\u00f6l\u00e9ny), a f\u00fazi\u00f3kontroll, \u00e9s \u00e1llami t\u00e1mogat\u00e1si (state aid) \u00fcgyekben t\u00f6rt\u00e9n\u0151 tan\u00e1csad\u00e1sban, valamint a hat\u00f3s\u00e1gok \u00e9s b\u00edr\u00f3s\u00e1gok el\u0151tti elj\u00e1r\u00e1sban. P\u00e9ter a budapesti irod\u00e1hoz t\u00f6rt\u00e9n\u0151 2016-os csatlakoz\u00e1s\u00e1t megel\u0151z\u0151en t\u00f6bb \u00e9ven \u00e1t a Gazdas\u00e1gi Versenyhivatal Antitr\u00f6szt Irod\u00e1j\u00e1nak vizsg\u00e1l\u00f3jak\u00e9nt dolgozott, \u00edgy a versenyjogi elj\u00e1r\u00e1sokban a hat\u00f3s\u00e1gi oldalr\u00f3l is komoly tapasztalatot szerzett.","url":"https:\/\/blogs.dlapiper.com\/advocatus\/author\/viragp\/"}]}},"_links":{"self":[{"href":"https:\/\/blogs.dlapiper.com\/advocatus\/wp-json\/wp\/v2\/posts\/1986","targetHints":{"allow":["GET"]}}],"collection":[{"href":"https:\/\/blogs.dlapiper.com\/advocatus\/wp-json\/wp\/v2\/posts"}],"about":[{"href":"https:\/\/blogs.dlapiper.com\/advocatus\/wp-json\/wp\/v2\/types\/post"}],"author":[{"embeddable":true,"href":"https:\/\/blogs.dlapiper.com\/advocatus\/wp-json\/wp\/v2\/users\/468"}],"replies":[{"embeddable":true,"href":"https:\/\/blogs.dlapiper.com\/advocatus\/wp-json\/wp\/v2\/comments?post=1986"}],"version-history":[{"count":0,"href":"https:\/\/blogs.dlapiper.com\/advocatus\/wp-json\/wp\/v2\/posts\/1986\/revisions"}],"wp:featuredmedia":[{"embeddable":true,"href":"https:\/\/blogs.dlapiper.com\/advocatus\/wp-json\/wp\/v2\/media\/3004"}],"wp:attachment":[{"href":"https:\/\/blogs.dlapiper.com\/advocatus\/wp-json\/wp\/v2\/media?parent=1986"}],"wp:term":[{"taxonomy":"category","embeddable":true,"href":"https:\/\/blogs.dlapiper.com\/advocatus\/wp-json\/wp\/v2\/categories?post=1986"},{"taxonomy":"post_tag","embeddable":true,"href":"https:\/\/blogs.dlapiper.com\/advocatus\/wp-json\/wp\/v2\/tags?post=1986"},{"taxonomy":"author","embeddable":true,"href":"https:\/\/blogs.dlapiper.com\/advocatus\/wp-json\/wp\/v2\/coauthors?post=1986"}],"curies":[{"name":"wp","href":"https:\/\/api.w.org\/{rel}","templated":true}]}}