{"id":1891,"date":"2016-09-28T09:30:34","date_gmt":"2016-09-28T07:30:34","guid":{"rendered":"https:\/\/blogs.dlapiper.com\/advocatus\/?p=1891"},"modified":"2022-02-28T10:57:11","modified_gmt":"2022-02-28T09:57:11","slug":"europa-ujra-beszall-a-klinikai-kutatasi-versenybe","status":"publish","type":"post","link":"https:\/\/blogs.dlapiper.com\/advocatus\/2016\/09\/europa-ujra-beszall-a-klinikai-kutatasi-versenybe\/","title":{"rendered":"Eur\u00f3pa \u00fajra besz\u00e1ll a klinikai kutat\u00e1si versenybe?"},"content":{"rendered":"\t\t<div data-elementor-type=\"wp-post\" data-elementor-id=\"1891\" class=\"elementor elementor-1891\" data-elementor-post-type=\"post\">\n\t\t\t\t\t\t<section class=\"elementor-section elementor-top-section elementor-element elementor-element-4bddba91 elementor-section-boxed elementor-section-height-default elementor-section-height-default\" data-id=\"4bddba91\" data-element_type=\"section\">\n\t\t\t\t\t\t<div class=\"elementor-container elementor-column-gap-default\">\n\t\t\t\t\t<div class=\"elementor-column elementor-col-100 elementor-top-column elementor-element elementor-element-13fb3516\" data-id=\"13fb3516\" data-element_type=\"column\">\n\t\t\t<div class=\"elementor-widget-wrap elementor-element-populated\">\n\t\t\t\t\t\t<div class=\"elementor-element elementor-element-1cfdda41 elementor-widget elementor-widget-text-editor\" data-id=\"1cfdda41\" data-element_type=\"widget\" data-widget_type=\"text-editor.default\">\n\t\t\t\t<div class=\"elementor-widget-container\">\n\t\t\t\t\t\t\t\t\t<p style=\"text-align: justify\"><strong>2018-t\u00f3l valamennyi eur\u00f3pai uni\u00f3s orsz\u00e1gban egys\u00e9ges szab\u00e1lyoz\u00e1s al\u00e1 ker\u00fcl a klinikai vizsg\u00e1latok enged\u00e9lyeztet\u00e9se \u00e9s folytat\u00e1sa. Az \u00faj szab\u00e1lyoz\u00e1s egys\u00e9ges piacot teremt az Eur\u00f3pai Uni\u00f3n bel\u00fcl a klinikai kutat\u00e1sok sz\u00e1m\u00e1ra. Legal\u00e1bbis ami a szab\u00e1lyoz\u00e1st illeti.<\/strong><br \/><\/p><\/div><\/div><\/div><\/div><\/div><\/section><\/div> &hellip;<p class=\"ast-the-content-more-link\"> <a class=\"\" href=\"https:\/\/blogs.dlapiper.com\/advocatus\/2016\/09\/europa-ujra-beszall-a-klinikai-kutatasi-versenybe\/\"> <span class=\"screen-reader-text\">Eur\u00f3pa \u00fajra besz\u00e1ll a klinikai kutat\u00e1si versenybe?<\/span>Read More &raquo;<\/a><\/p>","protected":false},"excerpt":{"rendered":"<p>2018-t\u00f3l valamennyi eur\u00f3pai uni\u00f3s orsz\u00e1gban egys\u00e9ges szab\u00e1lyoz\u00e1s al\u00e1 ker\u00fcl a klinikai vizsg\u00e1latok enged\u00e9lyeztet\u00e9se \u00e9s folytat\u00e1sa. Szak\u00e9rt\u0151nk, Papp G\u00e1bor elemz\u00e9se az \u00faj szab\u00e1lyz\u00e1sr\u00f3l.<\/p>\n","protected":false},"author":299,"featured_media":3015,"comment_status":"closed","ping_status":"closed","sticky":false,"template":"","format":"standard","meta":{"site-sidebar-layout":"default","site-content-layout":"default","ast-site-content-layout":"default","site-content-style":"default","site-sidebar-style":"default","ast-global-header-display":"","ast-banner-title-visibility":"","ast-main-header-display":"","ast-hfb-above-header-display":"","ast-hfb-below-header-display":"","ast-hfb-mobile-header-display":"","site-post-title":"","ast-breadcrumbs-content":"","ast-featured-img":"","footer-sml-layout":"","theme-transparent-header-meta":"default","adv-header-id-meta":"","stick-header-meta":"","header-above-stick-meta":"","header-main-stick-meta":"","header-below-stick-meta":"","astra-migrate-meta-layouts":"default","ast-page-background-enabled":"default","ast-page-background-meta":{"desktop":{"background-color":"","background-image":"","background-repeat":"repeat","background-position":"center center","background-size":"auto","background-attachment":"scroll","background-type":"","background-media":"","overlay-type":"","overlay-color":"","overlay-opacity":"","overlay-gradient":""},"tablet":{"background-color":"","background-image":"","background-repeat":"repeat","background-position":"center center","background-size":"auto","background-attachment":"scroll","background-type":"","background-media":"","overlay-type":"","overlay-color":"","overlay-opacity":"","overlay-gradient":""},"mobile":{"background-color":"","background-image":"","background-repeat":"repeat","background-position":"center center","background-size":"auto","background-attachment":"scroll","background-type":"","background-media":"","overlay-type":"","overlay-color":"","overlay-opacity":"","overlay-gradient":""}},"ast-content-background-meta":{"desktop":{"background-color":"var(--ast-global-color-5)","background-image":"","background-repeat":"repeat","background-position":"center center","background-size":"auto","background-attachment":"scroll","background-type":"","background-media":"","overlay-type":"","overlay-color":"","overlay-opacity":"","overlay-gradient":""},"tablet":{"background-color":"var(--ast-global-color-5)","background-image":"","background-repeat":"repeat","background-position":"center center","background-size":"auto","background-attachment":"scroll","background-type":"","background-media":"","overlay-type":"","overlay-color":"","overlay-opacity":"","overlay-gradient":""},"mobile":{"background-color":"var(--ast-global-color-5)","background-image":"","background-repeat":"repeat","background-position":"center center","background-size":"auto","background-attachment":"scroll","background-type":"","background-media":"","overlay-type":"","overlay-color":"","overlay-opacity":"","overlay-gradient":""}},"footnotes":""},"categories":[312],"tags":[57,210,1059,1057,1058,1060,875,32],"coauthors":[690],"class_list":["post-1891","post","type-post","status-publish","format-standard","has-post-thumbnail","hentry","category-pharmalife-science","tag-europai-bizottsag","tag-europai-parlament","tag-gyogyszerfejlesztes","tag-klinikai-vizsgalat","tag-klinikai-vizsgalati-rendelet","tag-ogyei","tag-rendelet","tag-szabalyozas"],"yoast_head":"<!-- This site is optimized with the Yoast SEO plugin v26.1 - https:\/\/yoast.com\/wordpress\/plugins\/seo\/ -->\n<title>Eur\u00f3pa \u00fajra besz\u00e1ll a klinikai kutat\u00e1si versenybe?<\/title>\n<meta name=\"description\" content=\"2018-t\u00f3l valamennyi eur\u00f3pai uni\u00f3s orsz\u00e1gban egys\u00e9ges szab\u00e1lyoz\u00e1s al\u00e1 ker\u00fcl a klinikai vizsg\u00e1latok enged\u00e9lyeztet\u00e9se \u00e9s folytat\u00e1sa.\" \/>\n<meta name=\"robots\" content=\"index, follow, max-snippet:-1, max-image-preview:large, max-video-preview:-1\" \/>\n<link rel=\"canonical\" href=\"https:\/\/blogs.dlapiper.com\/advocatus\/2016\/09\/europa-ujra-beszall-a-klinikai-kutatasi-versenybe\/\" \/>\n<meta property=\"og:locale\" content=\"en_GB\" \/>\n<meta property=\"og:type\" content=\"article\" \/>\n<meta property=\"og:title\" content=\"Eur\u00f3pa \u00fajra besz\u00e1ll a klinikai kutat\u00e1si versenybe?\" \/>\n<meta property=\"og:description\" content=\"2018-t\u00f3l valamennyi eur\u00f3pai uni\u00f3s orsz\u00e1gban egys\u00e9ges szab\u00e1lyoz\u00e1s al\u00e1 ker\u00fcl a klinikai vizsg\u00e1latok enged\u00e9lyeztet\u00e9se \u00e9s folytat\u00e1sa.\" \/>\n<meta property=\"og:url\" content=\"https:\/\/blogs.dlapiper.com\/advocatus\/2016\/09\/europa-ujra-beszall-a-klinikai-kutatasi-versenybe\/\" \/>\n<meta property=\"og:site_name\" content=\"Advocatus\" \/>\n<meta property=\"article:published_time\" content=\"2016-09-28T07:30:34+00:00\" \/>\n<meta property=\"article:modified_time\" content=\"2022-02-28T09:57:11+00:00\" \/>\n<meta property=\"og:image\" content=\"https:\/\/blogs.dlapiper.com\/advocatus\/files\/2021\/11\/LifeSciences4.jpg\" \/>\n\t<meta property=\"og:image:width\" content=\"1200\" \/>\n\t<meta property=\"og:image:height\" content=\"300\" \/>\n\t<meta property=\"og:image:type\" content=\"image\/jpeg\" \/>\n<meta name=\"author\" content=\"Papp G\u00e1bor\" \/>\n<meta name=\"twitter:card\" content=\"summary_large_image\" \/>\n<meta name=\"twitter:label1\" content=\"Written by\" \/>\n\t<meta name=\"twitter:data1\" content=\"Papp G\u00e1bor\" \/>\n\t<meta name=\"twitter:label2\" content=\"Estimated reading time\" \/>\n\t<meta name=\"twitter:data2\" content=\"5 minutes\" \/>\n<script type=\"application\/ld+json\" class=\"yoast-schema-graph\">{\"@context\":\"https:\/\/schema.org\",\"@graph\":[{\"@type\":\"Article\",\"@id\":\"https:\/\/blogs.dlapiper.com\/advocatus\/2016\/09\/europa-ujra-beszall-a-klinikai-kutatasi-versenybe\/#article\",\"isPartOf\":{\"@id\":\"https:\/\/blogs.dlapiper.com\/advocatus\/2016\/09\/europa-ujra-beszall-a-klinikai-kutatasi-versenybe\/\"},\"author\":{\"name\":\"Papp G\u00e1bor\",\"@id\":\"https:\/\/blogs.dlapiper.com\/advocatus\/#\/schema\/person\/68f940f0b81c4f5927556d6fe72c9f05\"},\"headline\":\"Eur\u00f3pa \u00fajra besz\u00e1ll a klinikai kutat\u00e1si versenybe?\",\"datePublished\":\"2016-09-28T07:30:34+00:00\",\"dateModified\":\"2022-02-28T09:57:11+00:00\",\"mainEntityOfPage\":{\"@id\":\"https:\/\/blogs.dlapiper.com\/advocatus\/2016\/09\/europa-ujra-beszall-a-klinikai-kutatasi-versenybe\/\"},\"wordCount\":1690,\"publisher\":{\"@id\":\"https:\/\/blogs.dlapiper.com\/advocatus\/#organization\"},\"image\":{\"@id\":\"https:\/\/blogs.dlapiper.com\/advocatus\/2016\/09\/europa-ujra-beszall-a-klinikai-kutatasi-versenybe\/#primaryimage\"},\"thumbnailUrl\":\"https:\/\/blogs.dlapiper.com\/advocatus\/files\/2021\/11\/LifeSciences4.jpg\",\"keywords\":[\"eur\u00f3pai bizotts\u00e1g\",\"Eur\u00f3pai Parlament\",\"gy\u00f3gyszerfejleszt\u00e9s\",\"klinikai vizsg\u00e1lat\",\"klinikai vizsg\u00e1lati rendelet\",\"OGY\u00c9I\",\"rendelet\",\"szab\u00e1lyoz\u00e1s\"],\"articleSection\":[\"\u00c9lettudom\u00e1nyok | Life Sciences\"],\"inLanguage\":\"en-GB\"},{\"@type\":\"WebPage\",\"@id\":\"https:\/\/blogs.dlapiper.com\/advocatus\/2016\/09\/europa-ujra-beszall-a-klinikai-kutatasi-versenybe\/\",\"url\":\"https:\/\/blogs.dlapiper.com\/advocatus\/2016\/09\/europa-ujra-beszall-a-klinikai-kutatasi-versenybe\/\",\"name\":\"Eur\u00f3pa \u00fajra besz\u00e1ll a klinikai kutat\u00e1si versenybe?\",\"isPartOf\":{\"@id\":\"https:\/\/blogs.dlapiper.com\/advocatus\/#website\"},\"primaryImageOfPage\":{\"@id\":\"https:\/\/blogs.dlapiper.com\/advocatus\/2016\/09\/europa-ujra-beszall-a-klinikai-kutatasi-versenybe\/#primaryimage\"},\"image\":{\"@id\":\"https:\/\/blogs.dlapiper.com\/advocatus\/2016\/09\/europa-ujra-beszall-a-klinikai-kutatasi-versenybe\/#primaryimage\"},\"thumbnailUrl\":\"https:\/\/blogs.dlapiper.com\/advocatus\/files\/2021\/11\/LifeSciences4.jpg\",\"datePublished\":\"2016-09-28T07:30:34+00:00\",\"dateModified\":\"2022-02-28T09:57:11+00:00\",\"description\":\"2018-t\u00f3l valamennyi eur\u00f3pai uni\u00f3s orsz\u00e1gban egys\u00e9ges szab\u00e1lyoz\u00e1s al\u00e1 ker\u00fcl a klinikai vizsg\u00e1latok enged\u00e9lyeztet\u00e9se \u00e9s folytat\u00e1sa.\",\"breadcrumb\":{\"@id\":\"https:\/\/blogs.dlapiper.com\/advocatus\/2016\/09\/europa-ujra-beszall-a-klinikai-kutatasi-versenybe\/#breadcrumb\"},\"inLanguage\":\"en-GB\",\"potentialAction\":[{\"@type\":\"ReadAction\",\"target\":[\"https:\/\/blogs.dlapiper.com\/advocatus\/2016\/09\/europa-ujra-beszall-a-klinikai-kutatasi-versenybe\/\"]}]},{\"@type\":\"ImageObject\",\"inLanguage\":\"en-GB\",\"@id\":\"https:\/\/blogs.dlapiper.com\/advocatus\/2016\/09\/europa-ujra-beszall-a-klinikai-kutatasi-versenybe\/#primaryimage\",\"url\":\"https:\/\/blogs.dlapiper.com\/advocatus\/files\/2021\/11\/LifeSciences4.jpg\",\"contentUrl\":\"https:\/\/blogs.dlapiper.com\/advocatus\/files\/2021\/11\/LifeSciences4.jpg\",\"width\":1200,\"height\":300,\"caption\":\"Drug Abuse, Addiction, Antibiotic, Birth Control Pill\"},{\"@type\":\"BreadcrumbList\",\"@id\":\"https:\/\/blogs.dlapiper.com\/advocatus\/2016\/09\/europa-ujra-beszall-a-klinikai-kutatasi-versenybe\/#breadcrumb\",\"itemListElement\":[{\"@type\":\"ListItem\",\"position\":1,\"name\":\"Home\",\"item\":\"https:\/\/blogs.dlapiper.com\/advocatus\/\"},{\"@type\":\"ListItem\",\"position\":2,\"name\":\"Eur\u00f3pa \u00fajra besz\u00e1ll a klinikai kutat\u00e1si versenybe?\"}]},{\"@type\":\"WebSite\",\"@id\":\"https:\/\/blogs.dlapiper.com\/advocatus\/#website\",\"url\":\"https:\/\/blogs.dlapiper.com\/advocatus\/\",\"name\":\"Advocatus\",\"description\":\"A DLA Piper Jogi Blogja\",\"publisher\":{\"@id\":\"https:\/\/blogs.dlapiper.com\/advocatus\/#organization\"},\"potentialAction\":[{\"@type\":\"SearchAction\",\"target\":{\"@type\":\"EntryPoint\",\"urlTemplate\":\"https:\/\/blogs.dlapiper.com\/advocatus\/?s={search_term_string}\"},\"query-input\":{\"@type\":\"PropertyValueSpecification\",\"valueRequired\":true,\"valueName\":\"search_term_string\"}}],\"inLanguage\":\"en-GB\"},{\"@type\":\"Organization\",\"@id\":\"https:\/\/blogs.dlapiper.com\/advocatus\/#organization\",\"name\":\"Advocatus\",\"url\":\"https:\/\/blogs.dlapiper.com\/advocatus\/\",\"logo\":{\"@type\":\"ImageObject\",\"inLanguage\":\"en-GB\",\"@id\":\"https:\/\/blogs.dlapiper.com\/advocatus\/#\/schema\/logo\/image\/\",\"url\":\"https:\/\/blogs.dlapiper.com\/advocatus\/files\/2019\/06\/cropped-logo-144-1.png\",\"contentUrl\":\"https:\/\/blogs.dlapiper.com\/advocatus\/files\/2019\/06\/cropped-logo-144-1.png\",\"width\":223,\"height\":130,\"caption\":\"Advocatus\"},\"image\":{\"@id\":\"https:\/\/blogs.dlapiper.com\/advocatus\/#\/schema\/logo\/image\/\"},\"sameAs\":[\"https:\/\/www.linkedin.com\/showcase\/dla-piper-hungary\/\"]},{\"@type\":\"Person\",\"@id\":\"https:\/\/blogs.dlapiper.com\/advocatus\/#\/schema\/person\/68f940f0b81c4f5927556d6fe72c9f05\",\"name\":\"Papp G\u00e1bor\",\"url\":\"https:\/\/blogs.dlapiper.com\/advocatus\/author\/gaborp\/\"}]}<\/script>\n<!-- \/ Yoast SEO plugin. -->","yoast_head_json":{"title":"Eur\u00f3pa \u00fajra besz\u00e1ll a klinikai kutat\u00e1si versenybe?","description":"2018-t\u00f3l valamennyi eur\u00f3pai uni\u00f3s orsz\u00e1gban egys\u00e9ges szab\u00e1lyoz\u00e1s al\u00e1 ker\u00fcl a klinikai vizsg\u00e1latok enged\u00e9lyeztet\u00e9se \u00e9s folytat\u00e1sa.","robots":{"index":"index","follow":"follow","max-snippet":"max-snippet:-1","max-image-preview":"max-image-preview:large","max-video-preview":"max-video-preview:-1"},"canonical":"https:\/\/blogs.dlapiper.com\/advocatus\/2016\/09\/europa-ujra-beszall-a-klinikai-kutatasi-versenybe\/","og_locale":"en_GB","og_type":"article","og_title":"Eur\u00f3pa \u00fajra besz\u00e1ll a klinikai kutat\u00e1si versenybe?","og_description":"2018-t\u00f3l valamennyi eur\u00f3pai uni\u00f3s orsz\u00e1gban egys\u00e9ges szab\u00e1lyoz\u00e1s al\u00e1 ker\u00fcl a klinikai vizsg\u00e1latok enged\u00e9lyeztet\u00e9se \u00e9s folytat\u00e1sa.","og_url":"https:\/\/blogs.dlapiper.com\/advocatus\/2016\/09\/europa-ujra-beszall-a-klinikai-kutatasi-versenybe\/","og_site_name":"Advocatus","article_published_time":"2016-09-28T07:30:34+00:00","article_modified_time":"2022-02-28T09:57:11+00:00","og_image":[{"width":1200,"height":300,"url":"https:\/\/blogs.dlapiper.com\/advocatus\/files\/2021\/11\/LifeSciences4.jpg","type":"image\/jpeg"}],"author":"Papp G\u00e1bor","twitter_card":"summary_large_image","twitter_misc":{"Written by":"Papp G\u00e1bor","Estimated reading time":"5 minutes"},"schema":{"@context":"https:\/\/schema.org","@graph":[{"@type":"Article","@id":"https:\/\/blogs.dlapiper.com\/advocatus\/2016\/09\/europa-ujra-beszall-a-klinikai-kutatasi-versenybe\/#article","isPartOf":{"@id":"https:\/\/blogs.dlapiper.com\/advocatus\/2016\/09\/europa-ujra-beszall-a-klinikai-kutatasi-versenybe\/"},"author":{"name":"Papp G\u00e1bor","@id":"https:\/\/blogs.dlapiper.com\/advocatus\/#\/schema\/person\/68f940f0b81c4f5927556d6fe72c9f05"},"headline":"Eur\u00f3pa \u00fajra besz\u00e1ll a klinikai kutat\u00e1si versenybe?","datePublished":"2016-09-28T07:30:34+00:00","dateModified":"2022-02-28T09:57:11+00:00","mainEntityOfPage":{"@id":"https:\/\/blogs.dlapiper.com\/advocatus\/2016\/09\/europa-ujra-beszall-a-klinikai-kutatasi-versenybe\/"},"wordCount":1690,"publisher":{"@id":"https:\/\/blogs.dlapiper.com\/advocatus\/#organization"},"image":{"@id":"https:\/\/blogs.dlapiper.com\/advocatus\/2016\/09\/europa-ujra-beszall-a-klinikai-kutatasi-versenybe\/#primaryimage"},"thumbnailUrl":"https:\/\/blogs.dlapiper.com\/advocatus\/files\/2021\/11\/LifeSciences4.jpg","keywords":["eur\u00f3pai bizotts\u00e1g","Eur\u00f3pai Parlament","gy\u00f3gyszerfejleszt\u00e9s","klinikai vizsg\u00e1lat","klinikai vizsg\u00e1lati rendelet","OGY\u00c9I","rendelet","szab\u00e1lyoz\u00e1s"],"articleSection":["\u00c9lettudom\u00e1nyok | Life Sciences"],"inLanguage":"en-GB"},{"@type":"WebPage","@id":"https:\/\/blogs.dlapiper.com\/advocatus\/2016\/09\/europa-ujra-beszall-a-klinikai-kutatasi-versenybe\/","url":"https:\/\/blogs.dlapiper.com\/advocatus\/2016\/09\/europa-ujra-beszall-a-klinikai-kutatasi-versenybe\/","name":"Eur\u00f3pa \u00fajra besz\u00e1ll a klinikai kutat\u00e1si versenybe?","isPartOf":{"@id":"https:\/\/blogs.dlapiper.com\/advocatus\/#website"},"primaryImageOfPage":{"@id":"https:\/\/blogs.dlapiper.com\/advocatus\/2016\/09\/europa-ujra-beszall-a-klinikai-kutatasi-versenybe\/#primaryimage"},"image":{"@id":"https:\/\/blogs.dlapiper.com\/advocatus\/2016\/09\/europa-ujra-beszall-a-klinikai-kutatasi-versenybe\/#primaryimage"},"thumbnailUrl":"https:\/\/blogs.dlapiper.com\/advocatus\/files\/2021\/11\/LifeSciences4.jpg","datePublished":"2016-09-28T07:30:34+00:00","dateModified":"2022-02-28T09:57:11+00:00","description":"2018-t\u00f3l valamennyi eur\u00f3pai uni\u00f3s orsz\u00e1gban egys\u00e9ges szab\u00e1lyoz\u00e1s al\u00e1 ker\u00fcl a klinikai vizsg\u00e1latok enged\u00e9lyeztet\u00e9se \u00e9s folytat\u00e1sa.","breadcrumb":{"@id":"https:\/\/blogs.dlapiper.com\/advocatus\/2016\/09\/europa-ujra-beszall-a-klinikai-kutatasi-versenybe\/#breadcrumb"},"inLanguage":"en-GB","potentialAction":[{"@type":"ReadAction","target":["https:\/\/blogs.dlapiper.com\/advocatus\/2016\/09\/europa-ujra-beszall-a-klinikai-kutatasi-versenybe\/"]}]},{"@type":"ImageObject","inLanguage":"en-GB","@id":"https:\/\/blogs.dlapiper.com\/advocatus\/2016\/09\/europa-ujra-beszall-a-klinikai-kutatasi-versenybe\/#primaryimage","url":"https:\/\/blogs.dlapiper.com\/advocatus\/files\/2021\/11\/LifeSciences4.jpg","contentUrl":"https:\/\/blogs.dlapiper.com\/advocatus\/files\/2021\/11\/LifeSciences4.jpg","width":1200,"height":300,"caption":"Drug Abuse, Addiction, Antibiotic, Birth Control Pill"},{"@type":"BreadcrumbList","@id":"https:\/\/blogs.dlapiper.com\/advocatus\/2016\/09\/europa-ujra-beszall-a-klinikai-kutatasi-versenybe\/#breadcrumb","itemListElement":[{"@type":"ListItem","position":1,"name":"Home","item":"https:\/\/blogs.dlapiper.com\/advocatus\/"},{"@type":"ListItem","position":2,"name":"Eur\u00f3pa \u00fajra besz\u00e1ll a klinikai kutat\u00e1si versenybe?"}]},{"@type":"WebSite","@id":"https:\/\/blogs.dlapiper.com\/advocatus\/#website","url":"https:\/\/blogs.dlapiper.com\/advocatus\/","name":"Advocatus","description":"A DLA Piper Jogi Blogja","publisher":{"@id":"https:\/\/blogs.dlapiper.com\/advocatus\/#organization"},"potentialAction":[{"@type":"SearchAction","target":{"@type":"EntryPoint","urlTemplate":"https:\/\/blogs.dlapiper.com\/advocatus\/?s={search_term_string}"},"query-input":{"@type":"PropertyValueSpecification","valueRequired":true,"valueName":"search_term_string"}}],"inLanguage":"en-GB"},{"@type":"Organization","@id":"https:\/\/blogs.dlapiper.com\/advocatus\/#organization","name":"Advocatus","url":"https:\/\/blogs.dlapiper.com\/advocatus\/","logo":{"@type":"ImageObject","inLanguage":"en-GB","@id":"https:\/\/blogs.dlapiper.com\/advocatus\/#\/schema\/logo\/image\/","url":"https:\/\/blogs.dlapiper.com\/advocatus\/files\/2019\/06\/cropped-logo-144-1.png","contentUrl":"https:\/\/blogs.dlapiper.com\/advocatus\/files\/2019\/06\/cropped-logo-144-1.png","width":223,"height":130,"caption":"Advocatus"},"image":{"@id":"https:\/\/blogs.dlapiper.com\/advocatus\/#\/schema\/logo\/image\/"},"sameAs":["https:\/\/www.linkedin.com\/showcase\/dla-piper-hungary\/"]},{"@type":"Person","@id":"https:\/\/blogs.dlapiper.com\/advocatus\/#\/schema\/person\/68f940f0b81c4f5927556d6fe72c9f05","name":"Papp G\u00e1bor","url":"https:\/\/blogs.dlapiper.com\/advocatus\/author\/gaborp\/"}]}},"_links":{"self":[{"href":"https:\/\/blogs.dlapiper.com\/advocatus\/wp-json\/wp\/v2\/posts\/1891","targetHints":{"allow":["GET"]}}],"collection":[{"href":"https:\/\/blogs.dlapiper.com\/advocatus\/wp-json\/wp\/v2\/posts"}],"about":[{"href":"https:\/\/blogs.dlapiper.com\/advocatus\/wp-json\/wp\/v2\/types\/post"}],"author":[{"embeddable":true,"href":"https:\/\/blogs.dlapiper.com\/advocatus\/wp-json\/wp\/v2\/users\/299"}],"replies":[{"embeddable":true,"href":"https:\/\/blogs.dlapiper.com\/advocatus\/wp-json\/wp\/v2\/comments?post=1891"}],"version-history":[{"count":0,"href":"https:\/\/blogs.dlapiper.com\/advocatus\/wp-json\/wp\/v2\/posts\/1891\/revisions"}],"wp:featuredmedia":[{"embeddable":true,"href":"https:\/\/blogs.dlapiper.com\/advocatus\/wp-json\/wp\/v2\/media\/3015"}],"wp:attachment":[{"href":"https:\/\/blogs.dlapiper.com\/advocatus\/wp-json\/wp\/v2\/media?parent=1891"}],"wp:term":[{"taxonomy":"category","embeddable":true,"href":"https:\/\/blogs.dlapiper.com\/advocatus\/wp-json\/wp\/v2\/categories?post=1891"},{"taxonomy":"post_tag","embeddable":true,"href":"https:\/\/blogs.dlapiper.com\/advocatus\/wp-json\/wp\/v2\/tags?post=1891"},{"taxonomy":"author","embeddable":true,"href":"https:\/\/blogs.dlapiper.com\/advocatus\/wp-json\/wp\/v2\/coauthors?post=1891"}],"curies":[{"name":"wp","href":"https:\/\/api.w.org\/{rel}","templated":true}]}}