{"id":1731,"date":"2015-12-14T11:11:27","date_gmt":"2015-12-14T10:11:27","guid":{"rendered":"https:\/\/blogs.dlapiper.com\/advocatus\/?p=1731"},"modified":"2022-03-21T17:34:52","modified_gmt":"2022-03-21T16:34:52","slug":"europa-mar-dolgozik-a-safe-harbor-2-0-an-mit-tehetnek-addig-a-vallalatok","status":"publish","type":"post","link":"https:\/\/blogs.dlapiper.com\/advocatus\/2015\/12\/europa-mar-dolgozik-a-safe-harbor-2-0-an-mit-tehetnek-addig-a-vallalatok\/","title":{"rendered":"Eur\u00f3pa m\u00e1r dolgozik a Safe Harbor 2.0-\u00e1n \u2013 Mit tehetnek addig a v\u00e1llalatok?"},"content":{"rendered":"\t\t<div data-elementor-type=\"wp-post\" data-elementor-id=\"1731\" class=\"elementor elementor-1731\" data-elementor-post-type=\"post\">\n\t\t\t\t\t\t<section class=\"elementor-section elementor-top-section elementor-element elementor-element-27a02f85 elementor-section-boxed elementor-section-height-default elementor-section-height-default\" data-id=\"27a02f85\" data-element_type=\"section\">\n\t\t\t\t\t\t<div class=\"elementor-container elementor-column-gap-default\">\n\t\t\t\t\t<div class=\"elementor-column elementor-col-100 elementor-top-column elementor-element elementor-element-6998e03f\" data-id=\"6998e03f\" data-element_type=\"column\">\n\t\t\t<div class=\"elementor-widget-wrap elementor-element-populated\">\n\t\t\t\t\t\t<div class=\"elementor-element elementor-element-7ed2f298 elementor-widget elementor-widget-text-editor\" data-id=\"7ed2f298\" data-element_type=\"widget\" data-widget_type=\"text-editor.default\">\n\t\t\t\t<div class=\"elementor-widget-container\">\n\t\t\t\t\t\t\t\t\t<p style=\"text-align: justify\"><strong>Annak ellen\u00e9re, hogy az Eur\u00f3pai Uni\u00f3 B\u00edr\u00f3s\u00e1ga m\u00e1r k\u00e9t h\u00f3napja \u00e9rv\u00e9nytelen\u00edtette a kor\u00e1bban 15 \u00e9vig alkalmazott jogszab\u00e1lyt, amely lehet\u0151v\u00e9 tette szem\u00e9lyes adatok tov\u00e1bb\u00edt\u00e1s\u00e1t az USA-ba, Eur\u00f3pa m\u00e9g nem ny\u00fajtott komoly alternat\u00edv\u00e1t a t\u00f6bb ezer \u00e9rintett v\u00e1llalkoz\u00e1snak. Ennek hi\u00e1ny\u00e1ban a c\u00e9gek k\u00e9nytelenek egy\u00e9b jogszab\u00e1lyok \u00e9s el\u0151\u00edr\u00e1sok szerint elj\u00e1rni az USA-ba t\u00f6rt\u00e9n\u0151 adattov\u00e1bb\u00edt\u00e1s sor\u00e1n, \u00e1m az \u00e1tmeneti megold\u00e1sok nem alkalmazhat\u00f3k mindenki \u00e1ltal, illetve nem is teljesk\u00f6r\u0171ek. Az EU most janu\u00e1rig adott mag\u00e1nak hat\u00e1rid\u0151t a \u201esafe harbor\u201d hat\u00e1rozat meg\u00faj\u00edt\u00e1s\u00e1ra. <\/strong><\/p><\/div><\/div><\/div><\/div><\/div><\/section><\/div> &hellip;<p class=\"ast-the-content-more-link\"> <a class=\"\" href=\"https:\/\/blogs.dlapiper.com\/advocatus\/2015\/12\/europa-mar-dolgozik-a-safe-harbor-2-0-an-mit-tehetnek-addig-a-vallalatok\/\"> <span class=\"screen-reader-text\">Eur\u00f3pa m\u00e1r dolgozik a Safe Harbor 2.0-\u00e1n \u2013 Mit tehetnek addig a v\u00e1llalatok?<\/span>Read More &raquo;<\/a><\/p>","protected":false},"excerpt":{"rendered":"<p>Annak ellen\u00e9re, hogy az Eur\u00f3pai Uni\u00f3 B\u00edr\u00f3s\u00e1ga m\u00e1r k\u00e9t h\u00f3napja \u00e9rv\u00e9nytelen\u00edtette a kor\u00e1bban 15 \u00e9vig alkalmazott jogszab\u00e1lyt, amely lehet\u0151v\u00e9 tette szem\u00e9lyes adatok tov\u00e1bb\u00edt\u00e1s\u00e1t az USA-ba, Eur\u00f3pa m\u00e9g nem ny\u00fajtott komoly alternat\u00edv\u00e1t a t\u00f6bb ezer \u00e9rintett v\u00e1llalkoz\u00e1snak. <\/p>\n","protected":false},"author":10,"featured_media":2999,"comment_status":"closed","ping_status":"closed","sticky":false,"template":"","format":"standard","meta":{"site-sidebar-layout":"default","site-content-layout":"default","ast-site-content-layout":"default","site-content-style":"default","site-sidebar-style":"default","ast-global-header-display":"","ast-banner-title-visibility":"","ast-main-header-display":"","ast-hfb-above-header-display":"","ast-hfb-below-header-display":"","ast-hfb-mobile-header-display":"","site-post-title":"","ast-breadcrumbs-content":"","ast-featured-img":"","footer-sml-layout":"","theme-transparent-header-meta":"default","adv-header-id-meta":"","stick-header-meta":"","header-above-stick-meta":"","header-main-stick-meta":"","header-below-stick-meta":"","astra-migrate-meta-layouts":"default","ast-page-background-enabled":"default","ast-page-background-meta":{"desktop":{"background-color":"","background-image":"","background-repeat":"repeat","background-position":"center center","background-size":"auto","background-attachment":"scroll","background-type":"","background-media":"","overlay-type":"","overlay-color":"","overlay-opacity":"","overlay-gradient":""},"tablet":{"background-color":"","background-image":"","background-repeat":"repeat","background-position":"center center","background-size":"auto","background-attachment":"scroll","background-type":"","background-media":"","overlay-type":"","overlay-color":"","overlay-opacity":"","overlay-gradient":""},"mobile":{"background-color":"","background-image":"","background-repeat":"repeat","background-position":"center center","background-size":"auto","background-attachment":"scroll","background-type":"","background-media":"","overlay-type":"","overlay-color":"","overlay-opacity":"","overlay-gradient":""}},"ast-content-background-meta":{"desktop":{"background-color":"var(--ast-global-color-5)","background-image":"","background-repeat":"repeat","background-position":"center center","background-size":"auto","background-attachment":"scroll","background-type":"","background-media":"","overlay-type":"","overlay-color":"","overlay-opacity":"","overlay-gradient":""},"tablet":{"background-color":"var(--ast-global-color-5)","background-image":"","background-repeat":"repeat","background-position":"center center","background-size":"auto","background-attachment":"scroll","background-type":"","background-media":"","overlay-type":"","overlay-color":"","overlay-opacity":"","overlay-gradient":""},"mobile":{"background-color":"var(--ast-global-color-5)","background-image":"","background-repeat":"repeat","background-position":"center center","background-size":"auto","background-attachment":"scroll","background-type":"","background-media":"","overlay-type":"","overlay-color":"","overlay-opacity":"","overlay-gradient":""}},"footnotes":""},"categories":[5],"tags":[326,40,325,293,57,896,1080,1177,338],"coauthors":[707],"class_list":["post-1731","post","type-post","status-publish","format-standard","has-post-thumbnail","hentry","category-adatvedelem","tag-adattovabbitas","tag-adatvedelem-2","tag-bcr","tag-europai-birosag","tag-europai-bizottsag","tag-jogszabaly","tag-kkv","tag-kozlemeny","tag-safe-harbor"],"yoast_head":"<!-- This site is optimized with the Yoast SEO plugin v26.1 - https:\/\/yoast.com\/wordpress\/plugins\/seo\/ -->\n<title>Eur\u00f3pa m\u00e1r dolgozik a Safe Harbor 2.0-\u00e1n<\/title>\n<meta name=\"description\" content=\"Annak ellen\u00e9re, hogy az Eur\u00f3pai Uni\u00f3 B\u00edr\u00f3s\u00e1ga m\u00e1r k\u00e9t h\u00f3napja \u00e9rv\u00e9nytelen\u00edtette a kor\u00e1bban 15 \u00e9vig alkalmazott jogszab\u00e1lyt, amely lehet\u0151v\u00e9 tette szem\u00e9lyes adatok tov\u00e1bb\u00edt\u00e1s\u00e1t az USA-ba, Eur\u00f3pa m\u00e9g nem ny\u00fajtott komoly alternat\u00edv\u00e1t a t\u00f6bb ezer \u00e9rintett v\u00e1llalkoz\u00e1snak.\" \/>\n<meta name=\"robots\" content=\"index, follow, max-snippet:-1, max-image-preview:large, max-video-preview:-1\" \/>\n<link rel=\"canonical\" href=\"https:\/\/blogs.dlapiper.com\/advocatus\/2015\/12\/europa-mar-dolgozik-a-safe-harbor-2-0-an-mit-tehetnek-addig-a-vallalatok\/\" \/>\n<meta property=\"og:locale\" content=\"en_GB\" \/>\n<meta property=\"og:type\" content=\"article\" \/>\n<meta property=\"og:title\" content=\"Eur\u00f3pa m\u00e1r dolgozik a Safe Harbor 2.0-\u00e1n\" \/>\n<meta property=\"og:description\" content=\"Annak ellen\u00e9re, hogy az Eur\u00f3pai Uni\u00f3 B\u00edr\u00f3s\u00e1ga m\u00e1r k\u00e9t h\u00f3napja \u00e9rv\u00e9nytelen\u00edtette a kor\u00e1bban 15 \u00e9vig alkalmazott jogszab\u00e1lyt, amely lehet\u0151v\u00e9 tette szem\u00e9lyes adatok tov\u00e1bb\u00edt\u00e1s\u00e1t az USA-ba, Eur\u00f3pa m\u00e9g nem ny\u00fajtott komoly alternat\u00edv\u00e1t a t\u00f6bb ezer \u00e9rintett v\u00e1llalkoz\u00e1snak.\" \/>\n<meta property=\"og:url\" content=\"https:\/\/blogs.dlapiper.com\/advocatus\/2015\/12\/europa-mar-dolgozik-a-safe-harbor-2-0-an-mit-tehetnek-addig-a-vallalatok\/\" \/>\n<meta property=\"og:site_name\" content=\"Advocatus\" \/>\n<meta property=\"article:published_time\" content=\"2015-12-14T10:11:27+00:00\" \/>\n<meta property=\"article:modified_time\" content=\"2022-03-21T16:34:52+00:00\" \/>\n<meta property=\"og:image\" content=\"https:\/\/blogs.dlapiper.com\/advocatus\/files\/2021\/11\/DataProtection3.jpg\" \/>\n\t<meta property=\"og:image:width\" content=\"1200\" \/>\n\t<meta property=\"og:image:height\" content=\"300\" \/>\n\t<meta property=\"og:image:type\" content=\"image\/jpeg\" \/>\n<meta name=\"author\" content=\"Kozma Zolt\u00e1n\" \/>\n<meta name=\"twitter:card\" content=\"summary_large_image\" \/>\n<meta name=\"twitter:label1\" content=\"Written by\" \/>\n\t<meta name=\"twitter:data1\" content=\"Kozma Zolt\u00e1n\" \/>\n\t<meta name=\"twitter:label2\" content=\"Estimated reading time\" \/>\n\t<meta name=\"twitter:data2\" content=\"4 minutes\" \/>\n<script type=\"application\/ld+json\" class=\"yoast-schema-graph\">{\"@context\":\"https:\/\/schema.org\",\"@graph\":[{\"@type\":\"Article\",\"@id\":\"https:\/\/blogs.dlapiper.com\/advocatus\/2015\/12\/europa-mar-dolgozik-a-safe-harbor-2-0-an-mit-tehetnek-addig-a-vallalatok\/#article\",\"isPartOf\":{\"@id\":\"https:\/\/blogs.dlapiper.com\/advocatus\/2015\/12\/europa-mar-dolgozik-a-safe-harbor-2-0-an-mit-tehetnek-addig-a-vallalatok\/\"},\"author\":{\"name\":\"Kozma Zolt\u00e1n\",\"@id\":\"https:\/\/blogs.dlapiper.com\/advocatus\/#\/schema\/person\/217ac84deeb406e7bf0c303ce7a3f022\"},\"headline\":\"Eur\u00f3pa m\u00e1r dolgozik a Safe Harbor 2.0-\u00e1n \u2013 Mit tehetnek addig a v\u00e1llalatok?\",\"datePublished\":\"2015-12-14T10:11:27+00:00\",\"dateModified\":\"2022-03-21T16:34:52+00:00\",\"mainEntityOfPage\":{\"@id\":\"https:\/\/blogs.dlapiper.com\/advocatus\/2015\/12\/europa-mar-dolgozik-a-safe-harbor-2-0-an-mit-tehetnek-addig-a-vallalatok\/\"},\"wordCount\":1183,\"publisher\":{\"@id\":\"https:\/\/blogs.dlapiper.com\/advocatus\/#organization\"},\"image\":{\"@id\":\"https:\/\/blogs.dlapiper.com\/advocatus\/2015\/12\/europa-mar-dolgozik-a-safe-harbor-2-0-an-mit-tehetnek-addig-a-vallalatok\/#primaryimage\"},\"thumbnailUrl\":\"https:\/\/blogs.dlapiper.com\/advocatus\/files\/2021\/11\/DataProtection3.jpg\",\"keywords\":[\"adattov\u00e1bb\u00edt\u00e1s\",\"adatv\u00e9delem\",\"BCR\",\"Eur\u00f3pai B\u00edr\u00f3s\u00e1g\",\"eur\u00f3pai bizotts\u00e1g\",\"jogszab\u00e1ly\",\"KKV\",\"k\u00f6zlem\u00e9ny\",\"safe harbor\"],\"articleSection\":[\"Szellemi tulajdon, Adatv\u00e9delem | IPT, Data Protection\"],\"inLanguage\":\"en-GB\"},{\"@type\":\"WebPage\",\"@id\":\"https:\/\/blogs.dlapiper.com\/advocatus\/2015\/12\/europa-mar-dolgozik-a-safe-harbor-2-0-an-mit-tehetnek-addig-a-vallalatok\/\",\"url\":\"https:\/\/blogs.dlapiper.com\/advocatus\/2015\/12\/europa-mar-dolgozik-a-safe-harbor-2-0-an-mit-tehetnek-addig-a-vallalatok\/\",\"name\":\"Eur\u00f3pa m\u00e1r dolgozik a Safe Harbor 2.0-\u00e1n\",\"isPartOf\":{\"@id\":\"https:\/\/blogs.dlapiper.com\/advocatus\/#website\"},\"primaryImageOfPage\":{\"@id\":\"https:\/\/blogs.dlapiper.com\/advocatus\/2015\/12\/europa-mar-dolgozik-a-safe-harbor-2-0-an-mit-tehetnek-addig-a-vallalatok\/#primaryimage\"},\"image\":{\"@id\":\"https:\/\/blogs.dlapiper.com\/advocatus\/2015\/12\/europa-mar-dolgozik-a-safe-harbor-2-0-an-mit-tehetnek-addig-a-vallalatok\/#primaryimage\"},\"thumbnailUrl\":\"https:\/\/blogs.dlapiper.com\/advocatus\/files\/2021\/11\/DataProtection3.jpg\",\"datePublished\":\"2015-12-14T10:11:27+00:00\",\"dateModified\":\"2022-03-21T16:34:52+00:00\",\"description\":\"Annak ellen\u00e9re, hogy az Eur\u00f3pai Uni\u00f3 B\u00edr\u00f3s\u00e1ga m\u00e1r k\u00e9t h\u00f3napja \u00e9rv\u00e9nytelen\u00edtette a kor\u00e1bban 15 \u00e9vig alkalmazott jogszab\u00e1lyt, amely lehet\u0151v\u00e9 tette szem\u00e9lyes adatok tov\u00e1bb\u00edt\u00e1s\u00e1t az USA-ba, Eur\u00f3pa m\u00e9g nem ny\u00fajtott komoly alternat\u00edv\u00e1t a t\u00f6bb ezer \u00e9rintett v\u00e1llalkoz\u00e1snak.\",\"breadcrumb\":{\"@id\":\"https:\/\/blogs.dlapiper.com\/advocatus\/2015\/12\/europa-mar-dolgozik-a-safe-harbor-2-0-an-mit-tehetnek-addig-a-vallalatok\/#breadcrumb\"},\"inLanguage\":\"en-GB\",\"potentialAction\":[{\"@type\":\"ReadAction\",\"target\":[\"https:\/\/blogs.dlapiper.com\/advocatus\/2015\/12\/europa-mar-dolgozik-a-safe-harbor-2-0-an-mit-tehetnek-addig-a-vallalatok\/\"]}]},{\"@type\":\"ImageObject\",\"inLanguage\":\"en-GB\",\"@id\":\"https:\/\/blogs.dlapiper.com\/advocatus\/2015\/12\/europa-mar-dolgozik-a-safe-harbor-2-0-an-mit-tehetnek-addig-a-vallalatok\/#primaryimage\",\"url\":\"https:\/\/blogs.dlapiper.com\/advocatus\/files\/2021\/11\/DataProtection3.jpg\",\"contentUrl\":\"https:\/\/blogs.dlapiper.com\/advocatus\/files\/2021\/11\/DataProtection3.jpg\",\"width\":1200,\"height\":300,\"caption\":\"The padlock and chains isolated on a white background\"},{\"@type\":\"BreadcrumbList\",\"@id\":\"https:\/\/blogs.dlapiper.com\/advocatus\/2015\/12\/europa-mar-dolgozik-a-safe-harbor-2-0-an-mit-tehetnek-addig-a-vallalatok\/#breadcrumb\",\"itemListElement\":[{\"@type\":\"ListItem\",\"position\":1,\"name\":\"Home\",\"item\":\"https:\/\/blogs.dlapiper.com\/advocatus\/\"},{\"@type\":\"ListItem\",\"position\":2,\"name\":\"Eur\u00f3pa m\u00e1r dolgozik a Safe Harbor 2.0-\u00e1n \u2013 Mit tehetnek addig a v\u00e1llalatok?\"}]},{\"@type\":\"WebSite\",\"@id\":\"https:\/\/blogs.dlapiper.com\/advocatus\/#website\",\"url\":\"https:\/\/blogs.dlapiper.com\/advocatus\/\",\"name\":\"Advocatus\",\"description\":\"A DLA Piper Jogi Blogja\",\"publisher\":{\"@id\":\"https:\/\/blogs.dlapiper.com\/advocatus\/#organization\"},\"potentialAction\":[{\"@type\":\"SearchAction\",\"target\":{\"@type\":\"EntryPoint\",\"urlTemplate\":\"https:\/\/blogs.dlapiper.com\/advocatus\/?s={search_term_string}\"},\"query-input\":{\"@type\":\"PropertyValueSpecification\",\"valueRequired\":true,\"valueName\":\"search_term_string\"}}],\"inLanguage\":\"en-GB\"},{\"@type\":\"Organization\",\"@id\":\"https:\/\/blogs.dlapiper.com\/advocatus\/#organization\",\"name\":\"Advocatus\",\"url\":\"https:\/\/blogs.dlapiper.com\/advocatus\/\",\"logo\":{\"@type\":\"ImageObject\",\"inLanguage\":\"en-GB\",\"@id\":\"https:\/\/blogs.dlapiper.com\/advocatus\/#\/schema\/logo\/image\/\",\"url\":\"https:\/\/blogs.dlapiper.com\/advocatus\/files\/2019\/06\/cropped-logo-144-1.png\",\"contentUrl\":\"https:\/\/blogs.dlapiper.com\/advocatus\/files\/2019\/06\/cropped-logo-144-1.png\",\"width\":223,\"height\":130,\"caption\":\"Advocatus\"},\"image\":{\"@id\":\"https:\/\/blogs.dlapiper.com\/advocatus\/#\/schema\/logo\/image\/\"},\"sameAs\":[\"https:\/\/www.linkedin.com\/showcase\/dla-piper-hungary\/\"]},{\"@type\":\"Person\",\"@id\":\"https:\/\/blogs.dlapiper.com\/advocatus\/#\/schema\/person\/217ac84deeb406e7bf0c303ce7a3f022\",\"name\":\"Kozma Zolt\u00e1n\",\"url\":\"https:\/\/blogs.dlapiper.com\/advocatus\/author\/kozmaz\/\"}]}<\/script>\n<!-- \/ Yoast SEO plugin. -->","yoast_head_json":{"title":"Eur\u00f3pa m\u00e1r dolgozik a Safe Harbor 2.0-\u00e1n","description":"Annak ellen\u00e9re, hogy az Eur\u00f3pai Uni\u00f3 B\u00edr\u00f3s\u00e1ga m\u00e1r k\u00e9t h\u00f3napja \u00e9rv\u00e9nytelen\u00edtette a kor\u00e1bban 15 \u00e9vig alkalmazott jogszab\u00e1lyt, amely lehet\u0151v\u00e9 tette szem\u00e9lyes adatok tov\u00e1bb\u00edt\u00e1s\u00e1t az USA-ba, Eur\u00f3pa m\u00e9g nem ny\u00fajtott komoly alternat\u00edv\u00e1t a t\u00f6bb ezer \u00e9rintett v\u00e1llalkoz\u00e1snak.","robots":{"index":"index","follow":"follow","max-snippet":"max-snippet:-1","max-image-preview":"max-image-preview:large","max-video-preview":"max-video-preview:-1"},"canonical":"https:\/\/blogs.dlapiper.com\/advocatus\/2015\/12\/europa-mar-dolgozik-a-safe-harbor-2-0-an-mit-tehetnek-addig-a-vallalatok\/","og_locale":"en_GB","og_type":"article","og_title":"Eur\u00f3pa m\u00e1r dolgozik a Safe Harbor 2.0-\u00e1n","og_description":"Annak ellen\u00e9re, hogy az Eur\u00f3pai Uni\u00f3 B\u00edr\u00f3s\u00e1ga m\u00e1r k\u00e9t h\u00f3napja \u00e9rv\u00e9nytelen\u00edtette a kor\u00e1bban 15 \u00e9vig alkalmazott jogszab\u00e1lyt, amely lehet\u0151v\u00e9 tette szem\u00e9lyes adatok tov\u00e1bb\u00edt\u00e1s\u00e1t az USA-ba, Eur\u00f3pa m\u00e9g nem ny\u00fajtott komoly alternat\u00edv\u00e1t a t\u00f6bb ezer \u00e9rintett v\u00e1llalkoz\u00e1snak.","og_url":"https:\/\/blogs.dlapiper.com\/advocatus\/2015\/12\/europa-mar-dolgozik-a-safe-harbor-2-0-an-mit-tehetnek-addig-a-vallalatok\/","og_site_name":"Advocatus","article_published_time":"2015-12-14T10:11:27+00:00","article_modified_time":"2022-03-21T16:34:52+00:00","og_image":[{"width":1200,"height":300,"url":"https:\/\/blogs.dlapiper.com\/advocatus\/files\/2021\/11\/DataProtection3.jpg","type":"image\/jpeg"}],"author":"Kozma Zolt\u00e1n","twitter_card":"summary_large_image","twitter_misc":{"Written by":"Kozma Zolt\u00e1n","Estimated reading time":"4 minutes"},"schema":{"@context":"https:\/\/schema.org","@graph":[{"@type":"Article","@id":"https:\/\/blogs.dlapiper.com\/advocatus\/2015\/12\/europa-mar-dolgozik-a-safe-harbor-2-0-an-mit-tehetnek-addig-a-vallalatok\/#article","isPartOf":{"@id":"https:\/\/blogs.dlapiper.com\/advocatus\/2015\/12\/europa-mar-dolgozik-a-safe-harbor-2-0-an-mit-tehetnek-addig-a-vallalatok\/"},"author":{"name":"Kozma Zolt\u00e1n","@id":"https:\/\/blogs.dlapiper.com\/advocatus\/#\/schema\/person\/217ac84deeb406e7bf0c303ce7a3f022"},"headline":"Eur\u00f3pa m\u00e1r dolgozik a Safe Harbor 2.0-\u00e1n \u2013 Mit tehetnek addig a v\u00e1llalatok?","datePublished":"2015-12-14T10:11:27+00:00","dateModified":"2022-03-21T16:34:52+00:00","mainEntityOfPage":{"@id":"https:\/\/blogs.dlapiper.com\/advocatus\/2015\/12\/europa-mar-dolgozik-a-safe-harbor-2-0-an-mit-tehetnek-addig-a-vallalatok\/"},"wordCount":1183,"publisher":{"@id":"https:\/\/blogs.dlapiper.com\/advocatus\/#organization"},"image":{"@id":"https:\/\/blogs.dlapiper.com\/advocatus\/2015\/12\/europa-mar-dolgozik-a-safe-harbor-2-0-an-mit-tehetnek-addig-a-vallalatok\/#primaryimage"},"thumbnailUrl":"https:\/\/blogs.dlapiper.com\/advocatus\/files\/2021\/11\/DataProtection3.jpg","keywords":["adattov\u00e1bb\u00edt\u00e1s","adatv\u00e9delem","BCR","Eur\u00f3pai B\u00edr\u00f3s\u00e1g","eur\u00f3pai bizotts\u00e1g","jogszab\u00e1ly","KKV","k\u00f6zlem\u00e9ny","safe harbor"],"articleSection":["Szellemi tulajdon, Adatv\u00e9delem | IPT, Data Protection"],"inLanguage":"en-GB"},{"@type":"WebPage","@id":"https:\/\/blogs.dlapiper.com\/advocatus\/2015\/12\/europa-mar-dolgozik-a-safe-harbor-2-0-an-mit-tehetnek-addig-a-vallalatok\/","url":"https:\/\/blogs.dlapiper.com\/advocatus\/2015\/12\/europa-mar-dolgozik-a-safe-harbor-2-0-an-mit-tehetnek-addig-a-vallalatok\/","name":"Eur\u00f3pa m\u00e1r dolgozik a Safe Harbor 2.0-\u00e1n","isPartOf":{"@id":"https:\/\/blogs.dlapiper.com\/advocatus\/#website"},"primaryImageOfPage":{"@id":"https:\/\/blogs.dlapiper.com\/advocatus\/2015\/12\/europa-mar-dolgozik-a-safe-harbor-2-0-an-mit-tehetnek-addig-a-vallalatok\/#primaryimage"},"image":{"@id":"https:\/\/blogs.dlapiper.com\/advocatus\/2015\/12\/europa-mar-dolgozik-a-safe-harbor-2-0-an-mit-tehetnek-addig-a-vallalatok\/#primaryimage"},"thumbnailUrl":"https:\/\/blogs.dlapiper.com\/advocatus\/files\/2021\/11\/DataProtection3.jpg","datePublished":"2015-12-14T10:11:27+00:00","dateModified":"2022-03-21T16:34:52+00:00","description":"Annak ellen\u00e9re, hogy az Eur\u00f3pai Uni\u00f3 B\u00edr\u00f3s\u00e1ga m\u00e1r k\u00e9t h\u00f3napja \u00e9rv\u00e9nytelen\u00edtette a kor\u00e1bban 15 \u00e9vig alkalmazott jogszab\u00e1lyt, amely lehet\u0151v\u00e9 tette szem\u00e9lyes adatok tov\u00e1bb\u00edt\u00e1s\u00e1t az USA-ba, Eur\u00f3pa m\u00e9g nem ny\u00fajtott komoly alternat\u00edv\u00e1t a t\u00f6bb ezer \u00e9rintett v\u00e1llalkoz\u00e1snak.","breadcrumb":{"@id":"https:\/\/blogs.dlapiper.com\/advocatus\/2015\/12\/europa-mar-dolgozik-a-safe-harbor-2-0-an-mit-tehetnek-addig-a-vallalatok\/#breadcrumb"},"inLanguage":"en-GB","potentialAction":[{"@type":"ReadAction","target":["https:\/\/blogs.dlapiper.com\/advocatus\/2015\/12\/europa-mar-dolgozik-a-safe-harbor-2-0-an-mit-tehetnek-addig-a-vallalatok\/"]}]},{"@type":"ImageObject","inLanguage":"en-GB","@id":"https:\/\/blogs.dlapiper.com\/advocatus\/2015\/12\/europa-mar-dolgozik-a-safe-harbor-2-0-an-mit-tehetnek-addig-a-vallalatok\/#primaryimage","url":"https:\/\/blogs.dlapiper.com\/advocatus\/files\/2021\/11\/DataProtection3.jpg","contentUrl":"https:\/\/blogs.dlapiper.com\/advocatus\/files\/2021\/11\/DataProtection3.jpg","width":1200,"height":300,"caption":"The padlock and chains isolated on a white background"},{"@type":"BreadcrumbList","@id":"https:\/\/blogs.dlapiper.com\/advocatus\/2015\/12\/europa-mar-dolgozik-a-safe-harbor-2-0-an-mit-tehetnek-addig-a-vallalatok\/#breadcrumb","itemListElement":[{"@type":"ListItem","position":1,"name":"Home","item":"https:\/\/blogs.dlapiper.com\/advocatus\/"},{"@type":"ListItem","position":2,"name":"Eur\u00f3pa m\u00e1r dolgozik a Safe Harbor 2.0-\u00e1n \u2013 Mit tehetnek addig a v\u00e1llalatok?"}]},{"@type":"WebSite","@id":"https:\/\/blogs.dlapiper.com\/advocatus\/#website","url":"https:\/\/blogs.dlapiper.com\/advocatus\/","name":"Advocatus","description":"A DLA Piper Jogi Blogja","publisher":{"@id":"https:\/\/blogs.dlapiper.com\/advocatus\/#organization"},"potentialAction":[{"@type":"SearchAction","target":{"@type":"EntryPoint","urlTemplate":"https:\/\/blogs.dlapiper.com\/advocatus\/?s={search_term_string}"},"query-input":{"@type":"PropertyValueSpecification","valueRequired":true,"valueName":"search_term_string"}}],"inLanguage":"en-GB"},{"@type":"Organization","@id":"https:\/\/blogs.dlapiper.com\/advocatus\/#organization","name":"Advocatus","url":"https:\/\/blogs.dlapiper.com\/advocatus\/","logo":{"@type":"ImageObject","inLanguage":"en-GB","@id":"https:\/\/blogs.dlapiper.com\/advocatus\/#\/schema\/logo\/image\/","url":"https:\/\/blogs.dlapiper.com\/advocatus\/files\/2019\/06\/cropped-logo-144-1.png","contentUrl":"https:\/\/blogs.dlapiper.com\/advocatus\/files\/2019\/06\/cropped-logo-144-1.png","width":223,"height":130,"caption":"Advocatus"},"image":{"@id":"https:\/\/blogs.dlapiper.com\/advocatus\/#\/schema\/logo\/image\/"},"sameAs":["https:\/\/www.linkedin.com\/showcase\/dla-piper-hungary\/"]},{"@type":"Person","@id":"https:\/\/blogs.dlapiper.com\/advocatus\/#\/schema\/person\/217ac84deeb406e7bf0c303ce7a3f022","name":"Kozma Zolt\u00e1n","url":"https:\/\/blogs.dlapiper.com\/advocatus\/author\/kozmaz\/"}]}},"_links":{"self":[{"href":"https:\/\/blogs.dlapiper.com\/advocatus\/wp-json\/wp\/v2\/posts\/1731","targetHints":{"allow":["GET"]}}],"collection":[{"href":"https:\/\/blogs.dlapiper.com\/advocatus\/wp-json\/wp\/v2\/posts"}],"about":[{"href":"https:\/\/blogs.dlapiper.com\/advocatus\/wp-json\/wp\/v2\/types\/post"}],"author":[{"embeddable":true,"href":"https:\/\/blogs.dlapiper.com\/advocatus\/wp-json\/wp\/v2\/users\/10"}],"replies":[{"embeddable":true,"href":"https:\/\/blogs.dlapiper.com\/advocatus\/wp-json\/wp\/v2\/comments?post=1731"}],"version-history":[{"count":0,"href":"https:\/\/blogs.dlapiper.com\/advocatus\/wp-json\/wp\/v2\/posts\/1731\/revisions"}],"wp:featuredmedia":[{"embeddable":true,"href":"https:\/\/blogs.dlapiper.com\/advocatus\/wp-json\/wp\/v2\/media\/2999"}],"wp:attachment":[{"href":"https:\/\/blogs.dlapiper.com\/advocatus\/wp-json\/wp\/v2\/media?parent=1731"}],"wp:term":[{"taxonomy":"category","embeddable":true,"href":"https:\/\/blogs.dlapiper.com\/advocatus\/wp-json\/wp\/v2\/categories?post=1731"},{"taxonomy":"post_tag","embeddable":true,"href":"https:\/\/blogs.dlapiper.com\/advocatus\/wp-json\/wp\/v2\/tags?post=1731"},{"taxonomy":"author","embeddable":true,"href":"https:\/\/blogs.dlapiper.com\/advocatus\/wp-json\/wp\/v2\/coauthors?post=1731"}],"curies":[{"name":"wp","href":"https:\/\/api.w.org\/{rel}","templated":true}]}}